{"id":11440,"date":"2023-01-17T20:56:00","date_gmt":"2023-01-17T20:56:00","guid":{"rendered":"https:\/\/www.africa-press.net\/guinee-conakry\/politique\/affaire-fonike-mangue-et-cie-leurs-avocats-expriment-leur-regret-sur-la-lenteur-de-la-procedure"},"modified":"2023-01-17T20:56:00","modified_gmt":"2023-01-17T20:56:00","slug":"affaire-fonike-mangue-et-cie-leurs-avocats-expriment-leur-regret-sur-la-lenteur-de-la-procedure","status":"publish","type":"post","link":"https:\/\/www.africa-press.net\/guinee-conakry\/politique\/affaire-fonike-mangue-et-cie-leurs-avocats-expriment-leur-regret-sur-la-lenteur-de-la-procedure","title":{"rendered":"Affaire Fonik\u00e9 Mangu\u00e8 et Cie : leurs avocats expriment leur \u00ab regret \u00bb sur la lenteur de la proc\u00e9dure"},"content":{"rendered":"<p><span style=\"color: #ff6600\"><strong>Africa-Press &#8211; Guin\u00e9e. <\/strong><\/span>Dans une de\u0301claration en date d\u2019hier, lundi 16 janvier 2023, le Collectif d\u2019avocats charge\u0301s de la de\u0301fense d\u2019Oumar Sylla alias \u2018\u2019Fonike\u0301 Mangue\u0301\u2019\u2019 (le coordinateur national du FNDC), Ibrahima Diallo (le charge\u0301 des ope\u0301rations du FNDC) et Sai\u0308kou Yaya Barry (secre\u0301taire exe\u0301cutif de l\u2019UFR et ancien de\u0301pute\u0301) a exprime\u0301 son \u00ab regret \u00bb sur la lenteur de la proce\u0301dure dans cette affaire.<\/p>\n<p>Ledit Collectif a aussi de\u0301nonce\u0301 \u00ab le pourvoi hors de\u0301lai \u00bb introduit par le parquet ge\u0301ne\u0301ral de la Cour d\u2019Appel aupre\u0300s de la Cour Supre\u0302me pour s\u2019opposer a\u0300 l\u2019arre\u0302t de \u00ab non-lieu partiel \u00bb du 25 novembre 2022 par la deuxie\u0300me chambre de contro\u0302le de l\u2019instruction de la Cour d\u2019Appel en faveur de Fonike\u0301 Mangue\u0301\u2019\u2019 et Ibrahima Diallo et Sai\u0308kou Yaya Barry.<\/p>\n<p>\u00ab A l\u2019analyse, il ressort aise\u0301ment que le pourvoi du parquet ge\u0301ne\u0301ral de Conakry a e\u0301te\u0301 introduit hors de\u0301lai, su\u0302rement dans le seul but de maintenir en de\u0301tention aussi longtemps que possible messieurs Oumar Sylla et Ibrahima Diallo. Pour preuve, le pourvoi du parquet ge\u0301ne\u0301ral a e\u0301te\u0301 introduit 11 jours apre\u0300s le 25 novembre 2022, date du prononce\u0301 de l\u2019arre\u0302t de la deuxie\u0300me chambre, alors que la loi exige six (6) jours&#8230; Le Collectif est au regret de constater la non-transmission du dossier de la proce\u0301dure au Greffe de la Cour Supre\u0302me par le Greffe de la Cour d\u2019Appel de Conakry. Pourtant, le pourvoi du parquet ge\u0301ne\u0301ral date du 05 de\u0301cembre 2022 \u00bb, a de\u0301nonce\u0301 le Collectif d\u2019avocats charge\u0301s de la de\u0301fense de ces leaders du FNDC.<\/p>\n<p>A noter que Oumar Sylla alias \u2018\u2019Fonike\u0301 Mangue\u0301\u2019\u2019 (le coordinateur national du FNDC), Ibrahima Diallo (le charge\u0301 des ope\u0301rations du FNDC) et Sai\u0308kou Yaya Barry (secre\u0301taire exe\u0301cutif de l\u2019UFR et ancien de\u0301pute\u0301) sont sous mandat de de\u0301po\u0302t depuis le 1er aou\u0302t 2022. Ils sont poursuivis pour \u00ab participation de\u0301lictueuse a\u0300 un attroupement et complicite\u0301 de destruction d\u2019e\u0301difices publics et prive\u0301s, coups et blessures volontaires, incendie volontaire, pillage&#8230; \u00bb.<\/p>\n<p><strong>Pour plus d&rsquo;informations et d&rsquo;analyses sur la <a href=\"https:\/\/www.africa-press.net\/guinee-conakry\">Guin\u00e9e<\/a>, suivez <a href=\"https:\/\/www.africa-press.net\/\">Africa-Press<\/a><\/strong><\/p>\n","protected":false},"excerpt":{"rendered":"<p>Africa-Press &#8211; Guin\u00e9e. Dans une de\u0301claration en date d\u2019hier, lundi 16 janvier 2023, le Collectif d\u2019avocats charge\u0301s de la de\u0301fense d\u2019Oumar Sylla alias \u2018\u2019Fonike\u0301 Mangue\u0301\u2019\u2019 (le coordinateur national du FNDC), Ibrahima Diallo (le charge\u0301 des ope\u0301rations du FNDC) et Sai\u0308kou Yaya Barry (secre\u0301taire exe\u0301cutif de l\u2019UFR et ancien de\u0301pute\u0301) a exprime\u0301 son \u00ab regret \u00bb [&hellip;]<\/p>\n","protected":false},"author":82,"featured_media":11439,"comment_status":"open","ping_status":"closed","sticky":false,"template":"","format":"standard","meta":{"footnotes":""},"categories":[2,10],"tags":[36,57,58],"class_list":["post-11440","post","type-post","status-publish","format-standard","has-post-thumbnail","hentry","category-politique","category-toutes-les-actualites","tag-africa-press","tag-africa-press-guinee","tag-guinee"],"yoast_head":"<!-- This site is optimized with the Yoast SEO Premium plugin v26.1 (Yoast SEO v27.0) - https:\/\/yoast.com\/product\/yoast-seo-premium-wordpress\/ -->\n<title>Affaire Fonik\u00e9 Mangu\u00e8 et Cie : leurs avocats expriment leur \u00ab regret \u00bb sur la lenteur de la proc\u00e9dure - guinee Conakry<\/title>\n<meta name=\"robots\" content=\"index, follow, max-snippet:-1, max-image-preview:large, max-video-preview:-1\" \/>\n<link rel=\"canonical\" href=\"https:\/\/www.africa-press.net\/guinee-conakry\/politique\/affaire-fonike-mangue-et-cie-leurs-avocats-expriment-leur-regret-sur-la-lenteur-de-la-procedure\" \/>\n<meta property=\"og:locale\" content=\"fr_FR\" \/>\n<meta property=\"og:type\" content=\"article\" \/>\n<meta property=\"og:title\" content=\"Affaire Fonik\u00e9 Mangu\u00e8 et Cie : leurs avocats expriment leur \u00ab regret \u00bb sur la lenteur de la proc\u00e9dure\" \/>\n<meta property=\"og:description\" content=\"Africa-Press &#8211; Guin\u00e9e. Dans une de\u0301claration en date d\u2019hier, lundi 16 janvier 2023, le Collectif d\u2019avocats charge\u0301s de la de\u0301fense d\u2019Oumar Sylla alias \u2018\u2019Fonike\u0301 Mangue\u0301\u2019\u2019 (le coordinateur national du FNDC), Ibrahima Diallo (le charge\u0301 des ope\u0301rations du FNDC) et Sai\u0308kou Yaya Barry (secre\u0301taire exe\u0301cutif de l\u2019UFR et ancien de\u0301pute\u0301) a exprime\u0301 son \u00ab regret \u00bb [&hellip;]\" \/>\n<meta property=\"og:url\" content=\"https:\/\/www.africa-press.net\/guinee-conakry\/politique\/affaire-fonike-mangue-et-cie-leurs-avocats-expriment-leur-regret-sur-la-lenteur-de-la-procedure\" \/>\n<meta property=\"og:site_name\" content=\"guinee Conakry\" \/>\n<meta property=\"article:published_time\" content=\"2023-01-17T20:56:00+00:00\" \/>\n<meta name=\"author\" content=\"cfeditorfr\" \/>\n<meta name=\"twitter:card\" content=\"summary_large_image\" \/>\n<meta name=\"twitter:label1\" content=\"\u00c9crit par\" \/>\n\t<meta name=\"twitter:data1\" content=\"cfeditorfr\" \/>\n\t<meta name=\"twitter:label2\" content=\"Dur\u00e9e de lecture estim\u00e9e\" \/>\n\t<meta name=\"twitter:data2\" content=\"2 minutes\" \/>\n<script type=\"application\/ld+json\" class=\"yoast-schema-graph\">{\"@context\":\"https:\/\/schema.org\",\"@graph\":[{\"@type\":\"Article\",\"@id\":\"https:\/\/www.africa-press.net\/guinee-conakry\/politique\/affaire-fonike-mangue-et-cie-leurs-avocats-expriment-leur-regret-sur-la-lenteur-de-la-procedure#article\",\"isPartOf\":{\"@id\":\"https:\/\/www.africa-press.net\/guinee-conakry\/politique\/affaire-fonike-mangue-et-cie-leurs-avocats-expriment-leur-regret-sur-la-lenteur-de-la-procedure\"},\"author\":{\"name\":\"cfeditorfr\",\"@id\":\"https:\/\/www.africa-press.net\/guinee-conakry\/#\/schema\/person\/2b1cf3cd81a31e3cd26889ca66d677f1\"},\"headline\":\"Affaire Fonik\u00e9 Mangu\u00e8 et Cie : leurs avocats expriment leur \u00ab regret \u00bb sur la lenteur de la proc\u00e9dure\",\"datePublished\":\"2023-01-17T20:56:00+00:00\",\"mainEntityOfPage\":{\"@id\":\"https:\/\/www.africa-press.net\/guinee-conakry\/politique\/affaire-fonike-mangue-et-cie-leurs-avocats-expriment-leur-regret-sur-la-lenteur-de-la-procedure\"},\"wordCount\":397,\"commentCount\":0,\"image\":{\"@id\":\"https:\/\/www.africa-press.net\/guinee-conakry\/politique\/affaire-fonike-mangue-et-cie-leurs-avocats-expriment-leur-regret-sur-la-lenteur-de-la-procedure#primaryimage\"},\"thumbnailUrl\":\"https:\/\/static.africa-press.net\/conakry\/sites\/63\/2023\/01\/Jokar1673976406.04505.jpg\",\"keywords\":[\"Africa Press\",\"Africa Press-Guin\u00e9e\",\"Guin\u00e9e\"],\"articleSection\":[\"Politique\",\"Toutes les actualit\u00e9s\"],\"inLanguage\":\"fr-FR\",\"potentialAction\":[{\"@type\":\"CommentAction\",\"name\":\"Comment\",\"target\":[\"https:\/\/www.africa-press.net\/guinee-conakry\/politique\/affaire-fonike-mangue-et-cie-leurs-avocats-expriment-leur-regret-sur-la-lenteur-de-la-procedure#respond\"]}]},{\"@type\":\"WebPage\",\"@id\":\"https:\/\/www.africa-press.net\/guinee-conakry\/politique\/affaire-fonike-mangue-et-cie-leurs-avocats-expriment-leur-regret-sur-la-lenteur-de-la-procedure\",\"url\":\"https:\/\/www.africa-press.net\/guinee-conakry\/politique\/affaire-fonike-mangue-et-cie-leurs-avocats-expriment-leur-regret-sur-la-lenteur-de-la-procedure\",\"name\":\"Affaire Fonik\u00e9 Mangu\u00e8 et Cie : leurs avocats expriment leur \u00ab regret \u00bb sur la lenteur de la proc\u00e9dure - guinee Conakry\",\"isPartOf\":{\"@id\":\"https:\/\/www.africa-press.net\/guinee-conakry\/#website\"},\"primaryImageOfPage\":{\"@id\":\"https:\/\/www.africa-press.net\/guinee-conakry\/politique\/affaire-fonike-mangue-et-cie-leurs-avocats-expriment-leur-regret-sur-la-lenteur-de-la-procedure#primaryimage\"},\"image\":{\"@id\":\"https:\/\/www.africa-press.net\/guinee-conakry\/politique\/affaire-fonike-mangue-et-cie-leurs-avocats-expriment-leur-regret-sur-la-lenteur-de-la-procedure#primaryimage\"},\"thumbnailUrl\":\"https:\/\/static.africa-press.net\/conakry\/sites\/63\/2023\/01\/Jokar1673976406.04505.jpg\",\"datePublished\":\"2023-01-17T20:56:00+00:00\",\"author\":{\"@id\":\"https:\/\/www.africa-press.net\/guinee-conakry\/#\/schema\/person\/2b1cf3cd81a31e3cd26889ca66d677f1\"},\"breadcrumb\":{\"@id\":\"https:\/\/www.africa-press.net\/guinee-conakry\/politique\/affaire-fonike-mangue-et-cie-leurs-avocats-expriment-leur-regret-sur-la-lenteur-de-la-procedure#breadcrumb\"},\"inLanguage\":\"fr-FR\",\"potentialAction\":[{\"@type\":\"ReadAction\",\"target\":[\"https:\/\/www.africa-press.net\/guinee-conakry\/politique\/affaire-fonike-mangue-et-cie-leurs-avocats-expriment-leur-regret-sur-la-lenteur-de-la-procedure\"]}]},{\"@type\":\"ImageObject\",\"inLanguage\":\"fr-FR\",\"@id\":\"https:\/\/www.africa-press.net\/guinee-conakry\/politique\/affaire-fonike-mangue-et-cie-leurs-avocats-expriment-leur-regret-sur-la-lenteur-de-la-procedure#primaryimage\",\"url\":\"https:\/\/static.africa-press.net\/conakry\/sites\/63\/2023\/01\/Jokar1673976406.04505.jpg\",\"contentUrl\":\"https:\/\/static.africa-press.net\/conakry\/sites\/63\/2023\/01\/Jokar1673976406.04505.jpg\",\"width\":550,\"height\":426,\"caption\":\"Affaire Fonik\u00e9 Mangu\u00e8 et Cie : leurs avocats expriment leur \u00ab regret \u00bb sur la lenteur de la proc\u00e9dure\"},{\"@type\":\"BreadcrumbList\",\"@id\":\"https:\/\/www.africa-press.net\/guinee-conakry\/politique\/affaire-fonike-mangue-et-cie-leurs-avocats-expriment-leur-regret-sur-la-lenteur-de-la-procedure#breadcrumb\",\"itemListElement\":[{\"@type\":\"ListItem\",\"position\":1,\"name\":\"Accueil\",\"item\":\"https:\/\/www.africa-press.net\/guinee-conakry\/\"},{\"@type\":\"ListItem\",\"position\":2,\"name\":\"Affaire Fonik\u00e9 Mangu\u00e8 et Cie : leurs avocats expriment leur \u00ab regret \u00bb sur la lenteur de la proc\u00e9dure\"}]},{\"@type\":\"WebSite\",\"@id\":\"https:\/\/www.africa-press.net\/guinee-conakry\/#website\",\"url\":\"https:\/\/www.africa-press.net\/guinee-conakry\/\",\"name\":\"guinee Conakry\",\"description\":\"Just another Africa News Agency Sites site\",\"potentialAction\":[{\"@type\":\"SearchAction\",\"target\":{\"@type\":\"EntryPoint\",\"urlTemplate\":\"https:\/\/www.africa-press.net\/guinee-conakry\/?s={search_term_string}\"},\"query-input\":{\"@type\":\"PropertyValueSpecification\",\"valueRequired\":true,\"valueName\":\"search_term_string\"}}],\"inLanguage\":\"fr-FR\"},{\"@type\":\"Person\",\"@id\":\"https:\/\/www.africa-press.net\/guinee-conakry\/#\/schema\/person\/2b1cf3cd81a31e3cd26889ca66d677f1\",\"name\":\"cfeditorfr\"}]}<\/script>\n<!-- \/ Yoast SEO Premium plugin. -->","yoast_head_json":{"title":"Affaire Fonik\u00e9 Mangu\u00e8 et Cie : leurs avocats expriment leur \u00ab regret \u00bb sur la lenteur de la proc\u00e9dure - guinee Conakry","robots":{"index":"index","follow":"follow","max-snippet":"max-snippet:-1","max-image-preview":"max-image-preview:large","max-video-preview":"max-video-preview:-1"},"canonical":"https:\/\/www.africa-press.net\/guinee-conakry\/politique\/affaire-fonike-mangue-et-cie-leurs-avocats-expriment-leur-regret-sur-la-lenteur-de-la-procedure","og_locale":"fr_FR","og_type":"article","og_title":"Affaire Fonik\u00e9 Mangu\u00e8 et Cie : leurs avocats expriment leur \u00ab regret \u00bb sur la lenteur de la proc\u00e9dure","og_description":"Africa-Press &#8211; Guin\u00e9e. Dans une de\u0301claration en date d\u2019hier, lundi 16 janvier 2023, le Collectif d\u2019avocats charge\u0301s de la de\u0301fense d\u2019Oumar Sylla alias \u2018\u2019Fonike\u0301 Mangue\u0301\u2019\u2019 (le coordinateur national du FNDC), Ibrahima Diallo (le charge\u0301 des ope\u0301rations du FNDC) et Sai\u0308kou Yaya Barry (secre\u0301taire exe\u0301cutif de l\u2019UFR et ancien de\u0301pute\u0301) a exprime\u0301 son \u00ab regret \u00bb [&hellip;]","og_url":"https:\/\/www.africa-press.net\/guinee-conakry\/politique\/affaire-fonike-mangue-et-cie-leurs-avocats-expriment-leur-regret-sur-la-lenteur-de-la-procedure","og_site_name":"guinee Conakry","article_published_time":"2023-01-17T20:56:00+00:00","author":"cfeditorfr","twitter_card":"summary_large_image","twitter_misc":{"\u00c9crit par":"cfeditorfr","Dur\u00e9e de lecture estim\u00e9e":"2 minutes"},"schema":{"@context":"https:\/\/schema.org","@graph":[{"@type":"Article","@id":"https:\/\/www.africa-press.net\/guinee-conakry\/politique\/affaire-fonike-mangue-et-cie-leurs-avocats-expriment-leur-regret-sur-la-lenteur-de-la-procedure#article","isPartOf":{"@id":"https:\/\/www.africa-press.net\/guinee-conakry\/politique\/affaire-fonike-mangue-et-cie-leurs-avocats-expriment-leur-regret-sur-la-lenteur-de-la-procedure"},"author":{"name":"cfeditorfr","@id":"https:\/\/www.africa-press.net\/guinee-conakry\/#\/schema\/person\/2b1cf3cd81a31e3cd26889ca66d677f1"},"headline":"Affaire Fonik\u00e9 Mangu\u00e8 et Cie : leurs avocats expriment leur \u00ab regret \u00bb sur la lenteur de la proc\u00e9dure","datePublished":"2023-01-17T20:56:00+00:00","mainEntityOfPage":{"@id":"https:\/\/www.africa-press.net\/guinee-conakry\/politique\/affaire-fonike-mangue-et-cie-leurs-avocats-expriment-leur-regret-sur-la-lenteur-de-la-procedure"},"wordCount":397,"commentCount":0,"image":{"@id":"https:\/\/www.africa-press.net\/guinee-conakry\/politique\/affaire-fonike-mangue-et-cie-leurs-avocats-expriment-leur-regret-sur-la-lenteur-de-la-procedure#primaryimage"},"thumbnailUrl":"https:\/\/static.africa-press.net\/conakry\/sites\/63\/2023\/01\/Jokar1673976406.04505.jpg","keywords":["Africa Press","Africa Press-Guin\u00e9e","Guin\u00e9e"],"articleSection":["Politique","Toutes les actualit\u00e9s"],"inLanguage":"fr-FR","potentialAction":[{"@type":"CommentAction","name":"Comment","target":["https:\/\/www.africa-press.net\/guinee-conakry\/politique\/affaire-fonike-mangue-et-cie-leurs-avocats-expriment-leur-regret-sur-la-lenteur-de-la-procedure#respond"]}]},{"@type":"WebPage","@id":"https:\/\/www.africa-press.net\/guinee-conakry\/politique\/affaire-fonike-mangue-et-cie-leurs-avocats-expriment-leur-regret-sur-la-lenteur-de-la-procedure","url":"https:\/\/www.africa-press.net\/guinee-conakry\/politique\/affaire-fonike-mangue-et-cie-leurs-avocats-expriment-leur-regret-sur-la-lenteur-de-la-procedure","name":"Affaire Fonik\u00e9 Mangu\u00e8 et Cie : leurs avocats expriment leur \u00ab regret \u00bb sur la lenteur de la proc\u00e9dure - guinee Conakry","isPartOf":{"@id":"https:\/\/www.africa-press.net\/guinee-conakry\/#website"},"primaryImageOfPage":{"@id":"https:\/\/www.africa-press.net\/guinee-conakry\/politique\/affaire-fonike-mangue-et-cie-leurs-avocats-expriment-leur-regret-sur-la-lenteur-de-la-procedure#primaryimage"},"image":{"@id":"https:\/\/www.africa-press.net\/guinee-conakry\/politique\/affaire-fonike-mangue-et-cie-leurs-avocats-expriment-leur-regret-sur-la-lenteur-de-la-procedure#primaryimage"},"thumbnailUrl":"https:\/\/static.africa-press.net\/conakry\/sites\/63\/2023\/01\/Jokar1673976406.04505.jpg","datePublished":"2023-01-17T20:56:00+00:00","author":{"@id":"https:\/\/www.africa-press.net\/guinee-conakry\/#\/schema\/person\/2b1cf3cd81a31e3cd26889ca66d677f1"},"breadcrumb":{"@id":"https:\/\/www.africa-press.net\/guinee-conakry\/politique\/affaire-fonike-mangue-et-cie-leurs-avocats-expriment-leur-regret-sur-la-lenteur-de-la-procedure#breadcrumb"},"inLanguage":"fr-FR","potentialAction":[{"@type":"ReadAction","target":["https:\/\/www.africa-press.net\/guinee-conakry\/politique\/affaire-fonike-mangue-et-cie-leurs-avocats-expriment-leur-regret-sur-la-lenteur-de-la-procedure"]}]},{"@type":"ImageObject","inLanguage":"fr-FR","@id":"https:\/\/www.africa-press.net\/guinee-conakry\/politique\/affaire-fonike-mangue-et-cie-leurs-avocats-expriment-leur-regret-sur-la-lenteur-de-la-procedure#primaryimage","url":"https:\/\/static.africa-press.net\/conakry\/sites\/63\/2023\/01\/Jokar1673976406.04505.jpg","contentUrl":"https:\/\/static.africa-press.net\/conakry\/sites\/63\/2023\/01\/Jokar1673976406.04505.jpg","width":550,"height":426,"caption":"Affaire Fonik\u00e9 Mangu\u00e8 et Cie : leurs avocats expriment leur \u00ab regret \u00bb sur la lenteur de la proc\u00e9dure"},{"@type":"BreadcrumbList","@id":"https:\/\/www.africa-press.net\/guinee-conakry\/politique\/affaire-fonike-mangue-et-cie-leurs-avocats-expriment-leur-regret-sur-la-lenteur-de-la-procedure#breadcrumb","itemListElement":[{"@type":"ListItem","position":1,"name":"Accueil","item":"https:\/\/www.africa-press.net\/guinee-conakry\/"},{"@type":"ListItem","position":2,"name":"Affaire Fonik\u00e9 Mangu\u00e8 et Cie : leurs avocats expriment leur \u00ab regret \u00bb sur la lenteur de la proc\u00e9dure"}]},{"@type":"WebSite","@id":"https:\/\/www.africa-press.net\/guinee-conakry\/#website","url":"https:\/\/www.africa-press.net\/guinee-conakry\/","name":"guinee Conakry","description":"Just another Africa News Agency Sites site","potentialAction":[{"@type":"SearchAction","target":{"@type":"EntryPoint","urlTemplate":"https:\/\/www.africa-press.net\/guinee-conakry\/?s={search_term_string}"},"query-input":{"@type":"PropertyValueSpecification","valueRequired":true,"valueName":"search_term_string"}}],"inLanguage":"fr-FR"},{"@type":"Person","@id":"https:\/\/www.africa-press.net\/guinee-conakry\/#\/schema\/person\/2b1cf3cd81a31e3cd26889ca66d677f1","name":"cfeditorfr"}]}},"_links":{"self":[{"href":"https:\/\/www.africa-press.net\/guinee-conakry\/wp-json\/wp\/v2\/posts\/11440","targetHints":{"allow":["GET"]}}],"collection":[{"href":"https:\/\/www.africa-press.net\/guinee-conakry\/wp-json\/wp\/v2\/posts"}],"about":[{"href":"https:\/\/www.africa-press.net\/guinee-conakry\/wp-json\/wp\/v2\/types\/post"}],"author":[{"embeddable":true,"href":"https:\/\/www.africa-press.net\/guinee-conakry\/wp-json\/wp\/v2\/users\/82"}],"replies":[{"embeddable":true,"href":"https:\/\/www.africa-press.net\/guinee-conakry\/wp-json\/wp\/v2\/comments?post=11440"}],"version-history":[{"count":0,"href":"https:\/\/www.africa-press.net\/guinee-conakry\/wp-json\/wp\/v2\/posts\/11440\/revisions"}],"wp:featuredmedia":[{"embeddable":true,"href":"https:\/\/www.africa-press.net\/guinee-conakry\/wp-json\/wp\/v2\/media\/11439"}],"wp:attachment":[{"href":"https:\/\/www.africa-press.net\/guinee-conakry\/wp-json\/wp\/v2\/media?parent=11440"}],"wp:term":[{"taxonomy":"category","embeddable":true,"href":"https:\/\/www.africa-press.net\/guinee-conakry\/wp-json\/wp\/v2\/categories?post=11440"},{"taxonomy":"post_tag","embeddable":true,"href":"https:\/\/www.africa-press.net\/guinee-conakry\/wp-json\/wp\/v2\/tags?post=11440"}],"curies":[{"name":"wp","href":"https:\/\/api.w.org\/{rel}","templated":true}]}}