{"id":11444,"date":"2023-01-18T18:14:00","date_gmt":"2023-01-18T18:14:00","guid":{"rendered":"https:\/\/www.africa-press.net\/guinee-conakry\/politique\/nimba-dor-2023-les-organisateurs-annoncent-les-couleurs-de-levenement"},"modified":"2023-01-18T18:14:00","modified_gmt":"2023-01-18T18:14:00","slug":"nimba-dor-2023-les-organisateurs-annoncent-les-couleurs-de-levenement","status":"publish","type":"post","link":"https:\/\/www.africa-press.net\/guinee-conakry\/sports\/nimba-dor-2023-les-organisateurs-annoncent-les-couleurs-de-levenement","title":{"rendered":"Nimba d\u2019Or 2023 : les organisateurs annoncent les couleurs de l\u2019\u00e9v\u00e9nement"},"content":{"rendered":"<p><span style=\"color: #ff6600\"><strong>Africa-Press &#8211; Guin\u00e9e. <\/strong><\/span>Pour annoncer les couleurs de la 14e\u0300me e\u0301dition du Nimba d\u2019or, l\u2019Association de la presse sportive de Guine\u0301e (APSG) a anime\u0301 une confe\u0301rence de presse ce mercredi, 18 janvier 2023, a\u0300 Conakry. Apre\u0300s deux ans d\u2019interruption a\u0300 cause de la COVID 19, cette association, en collaboration avec le Ministe\u0300re de la Jeunesse et des Sports, a de\u0301cide\u0301 d\u2019organiser la 14e\u0300me e\u0301dition du Nimba d\u2019or. La ce\u0301re\u0301monie, qui vise a\u0300 re\u0301compenser les meilleurs sportifs et les meilleurs dirigeants sportifs du pays au cours de l\u2019anne\u0301e e\u0301coule\u0301e, aura lieu le vendredi 10 fe\u0301vrier prochain.<\/p>\n<p>Pour Amadou Tham Camara, pre\u0301sident de la Commission d\u2019organisation, il faut marquer le coup puisque les activite\u0301s sportives ont repris. \u00ab Je pense que c\u2019est un e\u0301ve\u0301nement majeur, parce que cela mobilise non seulement l\u2019ensemble de la presse sportive. Ce sont des choix qui sont ope\u0301re\u0301s, les journalistes sportifs, en toute objectivite\u0301, et les nomine\u0301s, en amont par les fe\u0301de\u0301rations, c\u2019est a\u0300 dire ce sont des directions techniques des diffe\u0301rentes fe\u0301de\u0301rations qui choisissent les meilleurs acteurs chez eux et ces meilleurs acteurs la\u0300 sont soumis aux votes, les journalistes sportifs que vous e\u0302tes pour e\u0301lire le meilleur sportif. Donc, c\u2019est une simple compe\u0301tition et cela, gra\u0302ce au soutien du Ministe\u0300re de la Jeunesse et des Sports, mais e\u0301galement des partenaires tre\u0300s importants qui nous accompagnent depuis maintenant plusieurs anne\u0301es. Donc, nous les remercions tous pour leur contribution de qualite\u0301 pour la re\u0301ussite de cet e\u0301ve\u0301nement qui sera retransmis en direct sur la RTG2 de 10 fe\u0301vrier a\u0300 17 heures \u00bb, a explique\u0301 Amadou Tham Camara.<\/p>\n<p>Selon Thierno Saidou Diakite\u0301, le Coordinateur national du Nimba d\u2019or, cette distinction a e\u0301te\u0301 cre\u0301e\u0301e pour instaurer une atmosphe\u0300re d\u2019e\u0301mulation entre les sportifs et les acteurs du sport. \u00ab A chaque fois qu\u2019un sportif est re\u0301compense\u0301, il sert de mode\u0300le et il inspire les autres a\u0300 faire comme lui. Les managers aussi qui s\u2019investissent dans le de\u0301veloppement et la promotion du sport sont re\u0301compense\u0301s par le Nimba d\u2019or. Donc, je vous informe que depuis son instauration, j\u2019ai e\u0301te\u0301 de\u0301signe\u0301 pre\u0301sident du jury&#8230; La ce\u0301re\u0301monie va avoir lieu le 10 fe\u0301vrier. Le Nimba d\u2019or, a\u0300 l\u2019instar des autres pays, est organise\u0301 pour encourager ceux qui re\u0301alisent les performances, encourager et remercier ceux qui acceptent d\u2019investir leur fortune dans la promotion du de\u0301veloppement du sport \u00bb, a indique\u0301 monsieur Diakite\u0301.<\/p>\n<p>A rappeler que la particularite\u0301 de cette 14e\u0300me e\u0301dition sera la qualite\u0301 des trophe\u0301es. Selon les organisateurs, les trophe\u0301es seront pour la premie\u0300re fois confectionne\u0301s a\u0300 l\u2019e\u0301tranger. Il y aura e\u0301galement de nouvelles distinctions, tels que les meilleurs investisseurs, le meilleur manager. Il y aura e\u0301galement des re\u0301compenses pour les anciens sportifs.<\/p>\n<p><strong>Pour plus d&rsquo;informations et d&rsquo;analyses sur la <a href=\"https:\/\/www.africa-press.net\/guinee-conakry\">Guin\u00e9e<\/a>, suivez <a href=\"https:\/\/www.africa-press.net\/\">Africa-Press<\/a><\/strong><\/p>\n","protected":false},"excerpt":{"rendered":"<p>Africa-Press &#8211; Guin\u00e9e. Pour annoncer les couleurs de la 14e\u0300me e\u0301dition du Nimba d\u2019or, l\u2019Association de la presse sportive de Guine\u0301e (APSG) a anime\u0301 une confe\u0301rence de presse ce mercredi, 18 janvier 2023, a\u0300 Conakry. Apre\u0300s deux ans d\u2019interruption a\u0300 cause de la COVID 19, cette association, en collaboration avec le Ministe\u0300re de la Jeunesse [&hellip;]<\/p>\n","protected":false},"author":82,"featured_media":11443,"comment_status":"open","ping_status":"closed","sticky":false,"template":"","format":"standard","meta":{"footnotes":""},"categories":[6,56,10],"tags":[36,57,58],"class_list":["post-11444","post","type-post","status-publish","format-standard","has-post-thumbnail","hentry","category-sports","category-to-homepage","category-toutes-les-actualites","tag-africa-press","tag-africa-press-guinee","tag-guinee"],"yoast_head":"<!-- This site is optimized with the Yoast SEO Premium plugin v26.1 (Yoast SEO v27.0) - https:\/\/yoast.com\/product\/yoast-seo-premium-wordpress\/ -->\n<title>Nimba d\u2019Or 2023 : les organisateurs annoncent les couleurs de l\u2019\u00e9v\u00e9nement - guinee Conakry<\/title>\n<meta name=\"robots\" content=\"index, follow, max-snippet:-1, max-image-preview:large, max-video-preview:-1\" \/>\n<link rel=\"canonical\" href=\"https:\/\/www.africa-press.net\/guinee-conakry\/politique\/nimba-dor-2023-les-organisateurs-annoncent-les-couleurs-de-levenement\" \/>\n<meta property=\"og:locale\" content=\"fr_FR\" \/>\n<meta property=\"og:type\" content=\"article\" \/>\n<meta property=\"og:title\" content=\"Nimba d\u2019Or 2023 : les organisateurs annoncent les couleurs de l\u2019\u00e9v\u00e9nement\" \/>\n<meta property=\"og:description\" content=\"Africa-Press &#8211; Guin\u00e9e. Pour annoncer les couleurs de la 14e\u0300me e\u0301dition du Nimba d\u2019or, l\u2019Association de la presse sportive de Guine\u0301e (APSG) a anime\u0301 une confe\u0301rence de presse ce mercredi, 18 janvier 2023, a\u0300 Conakry. Apre\u0300s deux ans d\u2019interruption a\u0300 cause de la COVID 19, cette association, en collaboration avec le Ministe\u0300re de la Jeunesse [&hellip;]\" \/>\n<meta property=\"og:url\" content=\"https:\/\/www.africa-press.net\/guinee-conakry\/politique\/nimba-dor-2023-les-organisateurs-annoncent-les-couleurs-de-levenement\" \/>\n<meta property=\"og:site_name\" content=\"guinee Conakry\" \/>\n<meta property=\"article:published_time\" content=\"2023-01-18T18:14:00+00:00\" \/>\n<meta name=\"author\" content=\"cfeditorfr\" \/>\n<meta name=\"twitter:card\" content=\"summary_large_image\" \/>\n<meta name=\"twitter:label1\" content=\"\u00c9crit par\" \/>\n\t<meta name=\"twitter:data1\" content=\"cfeditorfr\" \/>\n\t<meta name=\"twitter:label2\" content=\"Dur\u00e9e de lecture estim\u00e9e\" \/>\n\t<meta name=\"twitter:data2\" content=\"3 minutes\" \/>\n<script type=\"application\/ld+json\" class=\"yoast-schema-graph\">{\"@context\":\"https:\/\/schema.org\",\"@graph\":[{\"@type\":\"Article\",\"@id\":\"https:\/\/www.africa-press.net\/guinee-conakry\/politique\/nimba-dor-2023-les-organisateurs-annoncent-les-couleurs-de-levenement#article\",\"isPartOf\":{\"@id\":\"https:\/\/www.africa-press.net\/guinee-conakry\/politique\/nimba-dor-2023-les-organisateurs-annoncent-les-couleurs-de-levenement\"},\"author\":{\"name\":\"cfeditorfr\",\"@id\":\"https:\/\/www.africa-press.net\/guinee-conakry\/#\/schema\/person\/2b1cf3cd81a31e3cd26889ca66d677f1\"},\"headline\":\"Nimba d\u2019Or 2023 : les organisateurs annoncent les couleurs de l\u2019\u00e9v\u00e9nement\",\"datePublished\":\"2023-01-18T18:14:00+00:00\",\"mainEntityOfPage\":{\"@id\":\"https:\/\/www.africa-press.net\/guinee-conakry\/politique\/nimba-dor-2023-les-organisateurs-annoncent-les-couleurs-de-levenement\"},\"wordCount\":544,\"commentCount\":0,\"image\":{\"@id\":\"https:\/\/www.africa-press.net\/guinee-conakry\/politique\/nimba-dor-2023-les-organisateurs-annoncent-les-couleurs-de-levenement#primaryimage\"},\"thumbnailUrl\":\"https:\/\/static.africa-press.net\/conakry\/sites\/63\/2023\/01\/Jokar1674053078.006585.jpg\",\"keywords\":[\"Africa Press\",\"Africa Press-Guin\u00e9e\",\"Guin\u00e9e\"],\"articleSection\":[\"Sports\",\"to-homepage\",\"Toutes les actualit\u00e9s\"],\"inLanguage\":\"fr-FR\",\"potentialAction\":[{\"@type\":\"CommentAction\",\"name\":\"Comment\",\"target\":[\"https:\/\/www.africa-press.net\/guinee-conakry\/politique\/nimba-dor-2023-les-organisateurs-annoncent-les-couleurs-de-levenement#respond\"]}]},{\"@type\":\"WebPage\",\"@id\":\"https:\/\/www.africa-press.net\/guinee-conakry\/politique\/nimba-dor-2023-les-organisateurs-annoncent-les-couleurs-de-levenement\",\"url\":\"https:\/\/www.africa-press.net\/guinee-conakry\/politique\/nimba-dor-2023-les-organisateurs-annoncent-les-couleurs-de-levenement\",\"name\":\"Nimba d\u2019Or 2023 : les organisateurs annoncent les couleurs de l\u2019\u00e9v\u00e9nement - guinee Conakry\",\"isPartOf\":{\"@id\":\"https:\/\/www.africa-press.net\/guinee-conakry\/#website\"},\"primaryImageOfPage\":{\"@id\":\"https:\/\/www.africa-press.net\/guinee-conakry\/politique\/nimba-dor-2023-les-organisateurs-annoncent-les-couleurs-de-levenement#primaryimage\"},\"image\":{\"@id\":\"https:\/\/www.africa-press.net\/guinee-conakry\/politique\/nimba-dor-2023-les-organisateurs-annoncent-les-couleurs-de-levenement#primaryimage\"},\"thumbnailUrl\":\"https:\/\/static.africa-press.net\/conakry\/sites\/63\/2023\/01\/Jokar1674053078.006585.jpg\",\"datePublished\":\"2023-01-18T18:14:00+00:00\",\"author\":{\"@id\":\"https:\/\/www.africa-press.net\/guinee-conakry\/#\/schema\/person\/2b1cf3cd81a31e3cd26889ca66d677f1\"},\"breadcrumb\":{\"@id\":\"https:\/\/www.africa-press.net\/guinee-conakry\/politique\/nimba-dor-2023-les-organisateurs-annoncent-les-couleurs-de-levenement#breadcrumb\"},\"inLanguage\":\"fr-FR\",\"potentialAction\":[{\"@type\":\"ReadAction\",\"target\":[\"https:\/\/www.africa-press.net\/guinee-conakry\/politique\/nimba-dor-2023-les-organisateurs-annoncent-les-couleurs-de-levenement\"]}]},{\"@type\":\"ImageObject\",\"inLanguage\":\"fr-FR\",\"@id\":\"https:\/\/www.africa-press.net\/guinee-conakry\/politique\/nimba-dor-2023-les-organisateurs-annoncent-les-couleurs-de-levenement#primaryimage\",\"url\":\"https:\/\/static.africa-press.net\/conakry\/sites\/63\/2023\/01\/Jokar1674053078.006585.jpg\",\"contentUrl\":\"https:\/\/static.africa-press.net\/conakry\/sites\/63\/2023\/01\/Jokar1674053078.006585.jpg\",\"width\":1280,\"height\":594,\"caption\":\"Nimba d\u2019Or 2023 : les organisateurs annoncent les couleurs de l\u2019\u00e9v\u00e9nement\"},{\"@type\":\"BreadcrumbList\",\"@id\":\"https:\/\/www.africa-press.net\/guinee-conakry\/politique\/nimba-dor-2023-les-organisateurs-annoncent-les-couleurs-de-levenement#breadcrumb\",\"itemListElement\":[{\"@type\":\"ListItem\",\"position\":1,\"name\":\"Accueil\",\"item\":\"https:\/\/www.africa-press.net\/guinee-conakry\/\"},{\"@type\":\"ListItem\",\"position\":2,\"name\":\"Nimba d\u2019Or 2023 : les organisateurs annoncent les couleurs de l\u2019\u00e9v\u00e9nement\"}]},{\"@type\":\"WebSite\",\"@id\":\"https:\/\/www.africa-press.net\/guinee-conakry\/#website\",\"url\":\"https:\/\/www.africa-press.net\/guinee-conakry\/\",\"name\":\"guinee Conakry\",\"description\":\"Just another Africa News Agency Sites site\",\"potentialAction\":[{\"@type\":\"SearchAction\",\"target\":{\"@type\":\"EntryPoint\",\"urlTemplate\":\"https:\/\/www.africa-press.net\/guinee-conakry\/?s={search_term_string}\"},\"query-input\":{\"@type\":\"PropertyValueSpecification\",\"valueRequired\":true,\"valueName\":\"search_term_string\"}}],\"inLanguage\":\"fr-FR\"},{\"@type\":\"Person\",\"@id\":\"https:\/\/www.africa-press.net\/guinee-conakry\/#\/schema\/person\/2b1cf3cd81a31e3cd26889ca66d677f1\",\"name\":\"cfeditorfr\"}]}<\/script>\n<!-- \/ Yoast SEO Premium plugin. -->","yoast_head_json":{"title":"Nimba d\u2019Or 2023 : les organisateurs annoncent les couleurs de l\u2019\u00e9v\u00e9nement - guinee Conakry","robots":{"index":"index","follow":"follow","max-snippet":"max-snippet:-1","max-image-preview":"max-image-preview:large","max-video-preview":"max-video-preview:-1"},"canonical":"https:\/\/www.africa-press.net\/guinee-conakry\/politique\/nimba-dor-2023-les-organisateurs-annoncent-les-couleurs-de-levenement","og_locale":"fr_FR","og_type":"article","og_title":"Nimba d\u2019Or 2023 : les organisateurs annoncent les couleurs de l\u2019\u00e9v\u00e9nement","og_description":"Africa-Press &#8211; Guin\u00e9e. Pour annoncer les couleurs de la 14e\u0300me e\u0301dition du Nimba d\u2019or, l\u2019Association de la presse sportive de Guine\u0301e (APSG) a anime\u0301 une confe\u0301rence de presse ce mercredi, 18 janvier 2023, a\u0300 Conakry. Apre\u0300s deux ans d\u2019interruption a\u0300 cause de la COVID 19, cette association, en collaboration avec le Ministe\u0300re de la Jeunesse [&hellip;]","og_url":"https:\/\/www.africa-press.net\/guinee-conakry\/politique\/nimba-dor-2023-les-organisateurs-annoncent-les-couleurs-de-levenement","og_site_name":"guinee Conakry","article_published_time":"2023-01-18T18:14:00+00:00","author":"cfeditorfr","twitter_card":"summary_large_image","twitter_misc":{"\u00c9crit par":"cfeditorfr","Dur\u00e9e de lecture estim\u00e9e":"3 minutes"},"schema":{"@context":"https:\/\/schema.org","@graph":[{"@type":"Article","@id":"https:\/\/www.africa-press.net\/guinee-conakry\/politique\/nimba-dor-2023-les-organisateurs-annoncent-les-couleurs-de-levenement#article","isPartOf":{"@id":"https:\/\/www.africa-press.net\/guinee-conakry\/politique\/nimba-dor-2023-les-organisateurs-annoncent-les-couleurs-de-levenement"},"author":{"name":"cfeditorfr","@id":"https:\/\/www.africa-press.net\/guinee-conakry\/#\/schema\/person\/2b1cf3cd81a31e3cd26889ca66d677f1"},"headline":"Nimba d\u2019Or 2023 : les organisateurs annoncent les couleurs de l\u2019\u00e9v\u00e9nement","datePublished":"2023-01-18T18:14:00+00:00","mainEntityOfPage":{"@id":"https:\/\/www.africa-press.net\/guinee-conakry\/politique\/nimba-dor-2023-les-organisateurs-annoncent-les-couleurs-de-levenement"},"wordCount":544,"commentCount":0,"image":{"@id":"https:\/\/www.africa-press.net\/guinee-conakry\/politique\/nimba-dor-2023-les-organisateurs-annoncent-les-couleurs-de-levenement#primaryimage"},"thumbnailUrl":"https:\/\/static.africa-press.net\/conakry\/sites\/63\/2023\/01\/Jokar1674053078.006585.jpg","keywords":["Africa Press","Africa Press-Guin\u00e9e","Guin\u00e9e"],"articleSection":["Sports","to-homepage","Toutes les actualit\u00e9s"],"inLanguage":"fr-FR","potentialAction":[{"@type":"CommentAction","name":"Comment","target":["https:\/\/www.africa-press.net\/guinee-conakry\/politique\/nimba-dor-2023-les-organisateurs-annoncent-les-couleurs-de-levenement#respond"]}]},{"@type":"WebPage","@id":"https:\/\/www.africa-press.net\/guinee-conakry\/politique\/nimba-dor-2023-les-organisateurs-annoncent-les-couleurs-de-levenement","url":"https:\/\/www.africa-press.net\/guinee-conakry\/politique\/nimba-dor-2023-les-organisateurs-annoncent-les-couleurs-de-levenement","name":"Nimba d\u2019Or 2023 : les organisateurs annoncent les couleurs de l\u2019\u00e9v\u00e9nement - guinee Conakry","isPartOf":{"@id":"https:\/\/www.africa-press.net\/guinee-conakry\/#website"},"primaryImageOfPage":{"@id":"https:\/\/www.africa-press.net\/guinee-conakry\/politique\/nimba-dor-2023-les-organisateurs-annoncent-les-couleurs-de-levenement#primaryimage"},"image":{"@id":"https:\/\/www.africa-press.net\/guinee-conakry\/politique\/nimba-dor-2023-les-organisateurs-annoncent-les-couleurs-de-levenement#primaryimage"},"thumbnailUrl":"https:\/\/static.africa-press.net\/conakry\/sites\/63\/2023\/01\/Jokar1674053078.006585.jpg","datePublished":"2023-01-18T18:14:00+00:00","author":{"@id":"https:\/\/www.africa-press.net\/guinee-conakry\/#\/schema\/person\/2b1cf3cd81a31e3cd26889ca66d677f1"},"breadcrumb":{"@id":"https:\/\/www.africa-press.net\/guinee-conakry\/politique\/nimba-dor-2023-les-organisateurs-annoncent-les-couleurs-de-levenement#breadcrumb"},"inLanguage":"fr-FR","potentialAction":[{"@type":"ReadAction","target":["https:\/\/www.africa-press.net\/guinee-conakry\/politique\/nimba-dor-2023-les-organisateurs-annoncent-les-couleurs-de-levenement"]}]},{"@type":"ImageObject","inLanguage":"fr-FR","@id":"https:\/\/www.africa-press.net\/guinee-conakry\/politique\/nimba-dor-2023-les-organisateurs-annoncent-les-couleurs-de-levenement#primaryimage","url":"https:\/\/static.africa-press.net\/conakry\/sites\/63\/2023\/01\/Jokar1674053078.006585.jpg","contentUrl":"https:\/\/static.africa-press.net\/conakry\/sites\/63\/2023\/01\/Jokar1674053078.006585.jpg","width":1280,"height":594,"caption":"Nimba d\u2019Or 2023 : les organisateurs annoncent les couleurs de l\u2019\u00e9v\u00e9nement"},{"@type":"BreadcrumbList","@id":"https:\/\/www.africa-press.net\/guinee-conakry\/politique\/nimba-dor-2023-les-organisateurs-annoncent-les-couleurs-de-levenement#breadcrumb","itemListElement":[{"@type":"ListItem","position":1,"name":"Accueil","item":"https:\/\/www.africa-press.net\/guinee-conakry\/"},{"@type":"ListItem","position":2,"name":"Nimba d\u2019Or 2023 : les organisateurs annoncent les couleurs de l\u2019\u00e9v\u00e9nement"}]},{"@type":"WebSite","@id":"https:\/\/www.africa-press.net\/guinee-conakry\/#website","url":"https:\/\/www.africa-press.net\/guinee-conakry\/","name":"guinee Conakry","description":"Just another Africa News Agency Sites site","potentialAction":[{"@type":"SearchAction","target":{"@type":"EntryPoint","urlTemplate":"https:\/\/www.africa-press.net\/guinee-conakry\/?s={search_term_string}"},"query-input":{"@type":"PropertyValueSpecification","valueRequired":true,"valueName":"search_term_string"}}],"inLanguage":"fr-FR"},{"@type":"Person","@id":"https:\/\/www.africa-press.net\/guinee-conakry\/#\/schema\/person\/2b1cf3cd81a31e3cd26889ca66d677f1","name":"cfeditorfr"}]}},"_links":{"self":[{"href":"https:\/\/www.africa-press.net\/guinee-conakry\/wp-json\/wp\/v2\/posts\/11444","targetHints":{"allow":["GET"]}}],"collection":[{"href":"https:\/\/www.africa-press.net\/guinee-conakry\/wp-json\/wp\/v2\/posts"}],"about":[{"href":"https:\/\/www.africa-press.net\/guinee-conakry\/wp-json\/wp\/v2\/types\/post"}],"author":[{"embeddable":true,"href":"https:\/\/www.africa-press.net\/guinee-conakry\/wp-json\/wp\/v2\/users\/82"}],"replies":[{"embeddable":true,"href":"https:\/\/www.africa-press.net\/guinee-conakry\/wp-json\/wp\/v2\/comments?post=11444"}],"version-history":[{"count":0,"href":"https:\/\/www.africa-press.net\/guinee-conakry\/wp-json\/wp\/v2\/posts\/11444\/revisions"}],"wp:featuredmedia":[{"embeddable":true,"href":"https:\/\/www.africa-press.net\/guinee-conakry\/wp-json\/wp\/v2\/media\/11443"}],"wp:attachment":[{"href":"https:\/\/www.africa-press.net\/guinee-conakry\/wp-json\/wp\/v2\/media?parent=11444"}],"wp:term":[{"taxonomy":"category","embeddable":true,"href":"https:\/\/www.africa-press.net\/guinee-conakry\/wp-json\/wp\/v2\/categories?post=11444"},{"taxonomy":"post_tag","embeddable":true,"href":"https:\/\/www.africa-press.net\/guinee-conakry\/wp-json\/wp\/v2\/tags?post=11444"}],"curies":[{"name":"wp","href":"https:\/\/api.w.org\/{rel}","templated":true}]}}