{"id":11446,"date":"2023-01-18T18:22:00","date_gmt":"2023-01-18T18:22:00","guid":{"rendered":"https:\/\/www.africa-press.net\/guinee-conakry\/politique\/labe-une-candidate-pour-lintegration-dans-larmee-meurt-pendant-la-course"},"modified":"2023-01-18T18:22:00","modified_gmt":"2023-01-18T18:22:00","slug":"labe-une-candidate-pour-lintegration-dans-larmee-meurt-pendant-la-course","status":"publish","type":"post","link":"https:\/\/www.africa-press.net\/guinee-conakry\/toutes-les-actualites\/labe-une-candidate-pour-lintegration-dans-larmee-meurt-pendant-la-course","title":{"rendered":"Lab\u00e9 : une candidate pour l\u2019int\u00e9gration dans l\u2019arm\u00e9e meurt pendant la course"},"content":{"rendered":"<p><span style=\"color: #ff6600\"><strong>Africa-Press &#8211; Guin\u00e9e. <\/strong><\/span>La phase pratique pour l\u2019inte\u0301gration dans l\u2019arme\u0301e guine\u0301enne a de\u0301bute\u0301 cette semaine a\u0300 Labe\u0301 avec le de\u0301ce\u0300s d\u2019une candidate. Les faits se sont produits dans la matine\u0301e de ce mercredi, 18 janvier 2023, lors de la course a\u0300 pieds entre le camp Elhadj Oumar Tall et la 4e\u0300me compagnie militaire situe\u0301e au quartier Tata. La victime s\u2019appelle Aminata Kanko Savane\u0301, a\u0302ge\u0301e de 26 ans, de\u0301ce\u0301de\u0301e pendant la course a\u0300 pied.<\/p>\n<p>Des centaines de jeunes sont soumis aux e\u0301preuves pratiques de recrutement dans les effectifs des forces arme\u0301es guine\u0301ennes. Dans la matine\u0301e de ce mercredi, 18 janvier 2023, une candidate a\u0300 ce recrutement, du nom d\u2019Aminata Kanko Savane\u0301, a rendu l\u2019a\u0302me dans une course entre le camp Elhadj Oumar Tall et la 4e\u0300me compagnie de l\u2019ae\u0301roport, a\u0300 Tata1.<\/p>\n<p>Selon le directeur ge\u0301ne\u0301ral adjoint de l\u2019ho\u0302pital re\u0301gional de Labe\u0301, c\u2019est un de\u0301po\u0302t de corps qui a e\u0301te\u0301 fait aux environs de 9 heures 45 minutes. Aussito\u0302t, le service de la me\u0301decine le\u0301gale a e\u0301te\u0301 associe\u0301 et le corps de\u0301pose\u0301 a\u0300 la morgue, pre\u0301cise la me\u0302me source.<\/p>\n<p>Trouve\u0301 a\u0300 l\u2019ho\u0302pital re\u0301gional de Labe\u0301, le mari de la femme, en larmes, te\u0301moigne. \u00ab On est tous venus de Faranah pour l\u2019inte\u0301gration dans l\u2019arme\u0301e. Elle est ma femme. Pourtant, je lui ai dit de ne forcer cette course. Si elle est fatigue\u0301e, de marcher, que je suis derrie\u0300re elle, je viendrai l\u2019aider dans la course. Eux, ils ont bouge\u0301 en premie\u0300re position. Quand on a bouge\u0301, tout au long de la route, je regardai si je pouvais la voir. Je suis venu a\u0300 un certain niveau, je l\u2019ai vue, elle e\u0301tait couche\u0301e a\u0300 terre, au bord de la route. Elle se remuait en ce temps. Je me suis arre\u0302te\u0301 pour voir l\u2019e\u0301tat de ma femme. Mais, on m\u2019a sensibilise\u0301 de continuer, pour ne pas que nous perdions tous. Que c\u0327a va mieux pour elle. J\u2019ai continue\u0301 ma course. C\u2019est entre temps que mon grand fre\u0300re m\u2019a appele\u0301, pour me dire qu\u2019il faut e\u0302tre homme, ce qui est arrive\u0301 est arrive\u0301, je ne peux pas te cacher, ta femme a rendu l\u2019a\u0302me. Elle s\u2019appelle Aminata Kanko Savane\u0301, elle est a\u0302ge\u0301e de 26 ans, et faisait la Terminale Sciences Mathe\u0301matiques a\u0300 Faranah. Nous sommes tous venu a\u0300 Labe\u0301 pour ce test. Elle a laisse\u0301 une fille a\u0302ge\u0301e de 7 ans. Cette femme m\u2019a beaucoup soutenu. Je prie Dieu lui accorder le paradis \u00bb, a dit Ibrahima Sory Camara, mari de la de\u0301funte.<\/p>\n<p>Sur les circonstances de ce de\u0301ce\u0300s, un officier militaire, parent de la victime, affirme que la dame ne souffrait d\u2019aucune maladie. Il a pre\u0301cise\u0301 que c\u2019est juste apre\u0300s avoir bu de l\u2019eau dans sa course, qu\u2019elle est tombe\u0301e. \u00ab C\u2019est moi qui ai appele\u0301 mon petit fre\u0300re et sa femme pour qu\u2019ils viennent tenter leur chance dans l\u2019arme\u0301e. Ce drame s\u2019est passe\u0301 devant moi. Elle e\u0301tait en train de courir, c\u2019est dans c\u0327a que quelqu\u2019un lui a donne\u0301 de l\u2019eau en guise de soutien. Moi, je suis militaire. Quand on est dans une course, on ne doit pas prendre de l\u2019eau a\u0300 boire. Apre\u0300s avoir bu, elle a continue\u0301. Mais, elle n\u2019a pas re\u0301siste\u0301 ; elle est tombe\u0301e. C\u2019est apre\u0300s que le service militaire l\u2019a envoye\u0301e au camp, puis a\u0300 l\u2019ho\u0302pital re\u0301gional de Labe\u0301. Mais, elle e\u0301tait de\u0301ja\u0300 de\u0301ce\u0301de\u0301e. Elle ne pre\u0301sentait aucune maladie. C\u2019est la volonte\u0301 de Dieu \u00bb, a dit le Sous-lieutenant Khalifa Camara, en mission a\u0300 Labe\u0301, fre\u0300re du mari de la de\u0301funte.<\/p>\n<p>Aux dernie\u0300res nouvelles, on apprend que le corps d\u2019Aminata Kanko Savane\u0301 sera ramene\u0301 a\u0300 Faranah pour l\u2019inhumation.<\/p>\n<p><strong>Pour plus d&rsquo;informations et d&rsquo;analyses sur la <a href=\"https:\/\/www.africa-press.net\/guinee-conakry\">Guin\u00e9e<\/a>, suivez <a href=\"https:\/\/www.africa-press.net\/\">Africa-Press<\/a><\/strong><\/p>\n","protected":false},"excerpt":{"rendered":"<p>Africa-Press &#8211; Guin\u00e9e. La phase pratique pour l\u2019inte\u0301gration dans l\u2019arme\u0301e guine\u0301enne a de\u0301bute\u0301 cette semaine a\u0300 Labe\u0301 avec le de\u0301ce\u0300s d\u2019une candidate. Les faits se sont produits dans la matine\u0301e de ce mercredi, 18 janvier 2023, lors de la course a\u0300 pieds entre le camp Elhadj Oumar Tall et la 4e\u0300me compagnie militaire situe\u0301e au [&hellip;]<\/p>\n","protected":false},"author":82,"featured_media":11445,"comment_status":"open","ping_status":"closed","sticky":false,"template":"","format":"standard","meta":{"footnotes":""},"categories":[21,10],"tags":[36,57,58],"class_list":["post-11446","post","type-post","status-publish","format-standard","has-post-thumbnail","hentry","category-communaute","category-toutes-les-actualites","tag-africa-press","tag-africa-press-guinee","tag-guinee"],"yoast_head":"<!-- This site is optimized with the Yoast SEO Premium plugin v26.1 (Yoast SEO v27.0) - https:\/\/yoast.com\/product\/yoast-seo-premium-wordpress\/ -->\n<title>Lab\u00e9 : une candidate pour l\u2019int\u00e9gration dans l\u2019arm\u00e9e meurt pendant la course - guinee Conakry<\/title>\n<meta name=\"robots\" content=\"index, follow, max-snippet:-1, max-image-preview:large, max-video-preview:-1\" \/>\n<link rel=\"canonical\" href=\"https:\/\/www.africa-press.net\/guinee-conakry\/politique\/labe-une-candidate-pour-lintegration-dans-larmee-meurt-pendant-la-course\" \/>\n<meta property=\"og:locale\" content=\"fr_FR\" \/>\n<meta property=\"og:type\" content=\"article\" \/>\n<meta property=\"og:title\" content=\"Lab\u00e9 : une candidate pour l\u2019int\u00e9gration dans l\u2019arm\u00e9e meurt pendant la course\" \/>\n<meta property=\"og:description\" content=\"Africa-Press &#8211; Guin\u00e9e. La phase pratique pour l\u2019inte\u0301gration dans l\u2019arme\u0301e guine\u0301enne a de\u0301bute\u0301 cette semaine a\u0300 Labe\u0301 avec le de\u0301ce\u0300s d\u2019une candidate. Les faits se sont produits dans la matine\u0301e de ce mercredi, 18 janvier 2023, lors de la course a\u0300 pieds entre le camp Elhadj Oumar Tall et la 4e\u0300me compagnie militaire situe\u0301e au [&hellip;]\" \/>\n<meta property=\"og:url\" content=\"https:\/\/www.africa-press.net\/guinee-conakry\/politique\/labe-une-candidate-pour-lintegration-dans-larmee-meurt-pendant-la-course\" \/>\n<meta property=\"og:site_name\" content=\"guinee Conakry\" \/>\n<meta property=\"article:published_time\" content=\"2023-01-18T18:22:00+00:00\" \/>\n<meta name=\"author\" content=\"cfeditorfr\" \/>\n<meta name=\"twitter:card\" content=\"summary_large_image\" \/>\n<meta name=\"twitter:label1\" content=\"\u00c9crit par\" \/>\n\t<meta name=\"twitter:data1\" content=\"cfeditorfr\" \/>\n\t<meta name=\"twitter:label2\" content=\"Dur\u00e9e de lecture estim\u00e9e\" \/>\n\t<meta name=\"twitter:data2\" content=\"4 minutes\" \/>\n<script type=\"application\/ld+json\" class=\"yoast-schema-graph\">{\"@context\":\"https:\/\/schema.org\",\"@graph\":[{\"@type\":\"Article\",\"@id\":\"https:\/\/www.africa-press.net\/guinee-conakry\/politique\/labe-une-candidate-pour-lintegration-dans-larmee-meurt-pendant-la-course#article\",\"isPartOf\":{\"@id\":\"https:\/\/www.africa-press.net\/guinee-conakry\/politique\/labe-une-candidate-pour-lintegration-dans-larmee-meurt-pendant-la-course\"},\"author\":{\"name\":\"cfeditorfr\",\"@id\":\"https:\/\/www.africa-press.net\/guinee-conakry\/#\/schema\/person\/2b1cf3cd81a31e3cd26889ca66d677f1\"},\"headline\":\"Lab\u00e9 : une candidate pour l\u2019int\u00e9gration dans l\u2019arm\u00e9e meurt pendant la course\",\"datePublished\":\"2023-01-18T18:22:00+00:00\",\"mainEntityOfPage\":{\"@id\":\"https:\/\/www.africa-press.net\/guinee-conakry\/politique\/labe-une-candidate-pour-lintegration-dans-larmee-meurt-pendant-la-course\"},\"wordCount\":730,\"commentCount\":0,\"image\":{\"@id\":\"https:\/\/www.africa-press.net\/guinee-conakry\/politique\/labe-une-candidate-pour-lintegration-dans-larmee-meurt-pendant-la-course#primaryimage\"},\"thumbnailUrl\":\"https:\/\/static.africa-press.net\/conakry\/sites\/63\/2023\/01\/Jokar1674053528.336323.jpg\",\"keywords\":[\"Africa Press\",\"Africa Press-Guin\u00e9e\",\"Guin\u00e9e\"],\"articleSection\":[\"Communaut\u00e9\",\"Toutes les actualit\u00e9s\"],\"inLanguage\":\"fr-FR\",\"potentialAction\":[{\"@type\":\"CommentAction\",\"name\":\"Comment\",\"target\":[\"https:\/\/www.africa-press.net\/guinee-conakry\/politique\/labe-une-candidate-pour-lintegration-dans-larmee-meurt-pendant-la-course#respond\"]}]},{\"@type\":\"WebPage\",\"@id\":\"https:\/\/www.africa-press.net\/guinee-conakry\/politique\/labe-une-candidate-pour-lintegration-dans-larmee-meurt-pendant-la-course\",\"url\":\"https:\/\/www.africa-press.net\/guinee-conakry\/politique\/labe-une-candidate-pour-lintegration-dans-larmee-meurt-pendant-la-course\",\"name\":\"Lab\u00e9 : une candidate pour l\u2019int\u00e9gration dans l\u2019arm\u00e9e meurt pendant la course - guinee Conakry\",\"isPartOf\":{\"@id\":\"https:\/\/www.africa-press.net\/guinee-conakry\/#website\"},\"primaryImageOfPage\":{\"@id\":\"https:\/\/www.africa-press.net\/guinee-conakry\/politique\/labe-une-candidate-pour-lintegration-dans-larmee-meurt-pendant-la-course#primaryimage\"},\"image\":{\"@id\":\"https:\/\/www.africa-press.net\/guinee-conakry\/politique\/labe-une-candidate-pour-lintegration-dans-larmee-meurt-pendant-la-course#primaryimage\"},\"thumbnailUrl\":\"https:\/\/static.africa-press.net\/conakry\/sites\/63\/2023\/01\/Jokar1674053528.336323.jpg\",\"datePublished\":\"2023-01-18T18:22:00+00:00\",\"author\":{\"@id\":\"https:\/\/www.africa-press.net\/guinee-conakry\/#\/schema\/person\/2b1cf3cd81a31e3cd26889ca66d677f1\"},\"breadcrumb\":{\"@id\":\"https:\/\/www.africa-press.net\/guinee-conakry\/politique\/labe-une-candidate-pour-lintegration-dans-larmee-meurt-pendant-la-course#breadcrumb\"},\"inLanguage\":\"fr-FR\",\"potentialAction\":[{\"@type\":\"ReadAction\",\"target\":[\"https:\/\/www.africa-press.net\/guinee-conakry\/politique\/labe-une-candidate-pour-lintegration-dans-larmee-meurt-pendant-la-course\"]}]},{\"@type\":\"ImageObject\",\"inLanguage\":\"fr-FR\",\"@id\":\"https:\/\/www.africa-press.net\/guinee-conakry\/politique\/labe-une-candidate-pour-lintegration-dans-larmee-meurt-pendant-la-course#primaryimage\",\"url\":\"https:\/\/static.africa-press.net\/conakry\/sites\/63\/2023\/01\/Jokar1674053528.336323.jpg\",\"contentUrl\":\"https:\/\/static.africa-press.net\/conakry\/sites\/63\/2023\/01\/Jokar1674053528.336323.jpg\",\"width\":1280,\"height\":739,\"caption\":\"Lab\u00e9 : une candidate pour l\u2019int\u00e9gration dans l\u2019arm\u00e9e meurt pendant la course\"},{\"@type\":\"BreadcrumbList\",\"@id\":\"https:\/\/www.africa-press.net\/guinee-conakry\/politique\/labe-une-candidate-pour-lintegration-dans-larmee-meurt-pendant-la-course#breadcrumb\",\"itemListElement\":[{\"@type\":\"ListItem\",\"position\":1,\"name\":\"Accueil\",\"item\":\"https:\/\/www.africa-press.net\/guinee-conakry\/\"},{\"@type\":\"ListItem\",\"position\":2,\"name\":\"Lab\u00e9 : une candidate pour l\u2019int\u00e9gration dans l\u2019arm\u00e9e meurt pendant la course\"}]},{\"@type\":\"WebSite\",\"@id\":\"https:\/\/www.africa-press.net\/guinee-conakry\/#website\",\"url\":\"https:\/\/www.africa-press.net\/guinee-conakry\/\",\"name\":\"guinee Conakry\",\"description\":\"Just another Africa News Agency Sites site\",\"potentialAction\":[{\"@type\":\"SearchAction\",\"target\":{\"@type\":\"EntryPoint\",\"urlTemplate\":\"https:\/\/www.africa-press.net\/guinee-conakry\/?s={search_term_string}\"},\"query-input\":{\"@type\":\"PropertyValueSpecification\",\"valueRequired\":true,\"valueName\":\"search_term_string\"}}],\"inLanguage\":\"fr-FR\"},{\"@type\":\"Person\",\"@id\":\"https:\/\/www.africa-press.net\/guinee-conakry\/#\/schema\/person\/2b1cf3cd81a31e3cd26889ca66d677f1\",\"name\":\"cfeditorfr\"}]}<\/script>\n<!-- \/ Yoast SEO Premium plugin. -->","yoast_head_json":{"title":"Lab\u00e9 : une candidate pour l\u2019int\u00e9gration dans l\u2019arm\u00e9e meurt pendant la course - guinee Conakry","robots":{"index":"index","follow":"follow","max-snippet":"max-snippet:-1","max-image-preview":"max-image-preview:large","max-video-preview":"max-video-preview:-1"},"canonical":"https:\/\/www.africa-press.net\/guinee-conakry\/politique\/labe-une-candidate-pour-lintegration-dans-larmee-meurt-pendant-la-course","og_locale":"fr_FR","og_type":"article","og_title":"Lab\u00e9 : une candidate pour l\u2019int\u00e9gration dans l\u2019arm\u00e9e meurt pendant la course","og_description":"Africa-Press &#8211; Guin\u00e9e. La phase pratique pour l\u2019inte\u0301gration dans l\u2019arme\u0301e guine\u0301enne a de\u0301bute\u0301 cette semaine a\u0300 Labe\u0301 avec le de\u0301ce\u0300s d\u2019une candidate. Les faits se sont produits dans la matine\u0301e de ce mercredi, 18 janvier 2023, lors de la course a\u0300 pieds entre le camp Elhadj Oumar Tall et la 4e\u0300me compagnie militaire situe\u0301e au [&hellip;]","og_url":"https:\/\/www.africa-press.net\/guinee-conakry\/politique\/labe-une-candidate-pour-lintegration-dans-larmee-meurt-pendant-la-course","og_site_name":"guinee Conakry","article_published_time":"2023-01-18T18:22:00+00:00","author":"cfeditorfr","twitter_card":"summary_large_image","twitter_misc":{"\u00c9crit par":"cfeditorfr","Dur\u00e9e de lecture estim\u00e9e":"4 minutes"},"schema":{"@context":"https:\/\/schema.org","@graph":[{"@type":"Article","@id":"https:\/\/www.africa-press.net\/guinee-conakry\/politique\/labe-une-candidate-pour-lintegration-dans-larmee-meurt-pendant-la-course#article","isPartOf":{"@id":"https:\/\/www.africa-press.net\/guinee-conakry\/politique\/labe-une-candidate-pour-lintegration-dans-larmee-meurt-pendant-la-course"},"author":{"name":"cfeditorfr","@id":"https:\/\/www.africa-press.net\/guinee-conakry\/#\/schema\/person\/2b1cf3cd81a31e3cd26889ca66d677f1"},"headline":"Lab\u00e9 : une candidate pour l\u2019int\u00e9gration dans l\u2019arm\u00e9e meurt pendant la course","datePublished":"2023-01-18T18:22:00+00:00","mainEntityOfPage":{"@id":"https:\/\/www.africa-press.net\/guinee-conakry\/politique\/labe-une-candidate-pour-lintegration-dans-larmee-meurt-pendant-la-course"},"wordCount":730,"commentCount":0,"image":{"@id":"https:\/\/www.africa-press.net\/guinee-conakry\/politique\/labe-une-candidate-pour-lintegration-dans-larmee-meurt-pendant-la-course#primaryimage"},"thumbnailUrl":"https:\/\/static.africa-press.net\/conakry\/sites\/63\/2023\/01\/Jokar1674053528.336323.jpg","keywords":["Africa Press","Africa Press-Guin\u00e9e","Guin\u00e9e"],"articleSection":["Communaut\u00e9","Toutes les actualit\u00e9s"],"inLanguage":"fr-FR","potentialAction":[{"@type":"CommentAction","name":"Comment","target":["https:\/\/www.africa-press.net\/guinee-conakry\/politique\/labe-une-candidate-pour-lintegration-dans-larmee-meurt-pendant-la-course#respond"]}]},{"@type":"WebPage","@id":"https:\/\/www.africa-press.net\/guinee-conakry\/politique\/labe-une-candidate-pour-lintegration-dans-larmee-meurt-pendant-la-course","url":"https:\/\/www.africa-press.net\/guinee-conakry\/politique\/labe-une-candidate-pour-lintegration-dans-larmee-meurt-pendant-la-course","name":"Lab\u00e9 : une candidate pour l\u2019int\u00e9gration dans l\u2019arm\u00e9e meurt pendant la course - guinee Conakry","isPartOf":{"@id":"https:\/\/www.africa-press.net\/guinee-conakry\/#website"},"primaryImageOfPage":{"@id":"https:\/\/www.africa-press.net\/guinee-conakry\/politique\/labe-une-candidate-pour-lintegration-dans-larmee-meurt-pendant-la-course#primaryimage"},"image":{"@id":"https:\/\/www.africa-press.net\/guinee-conakry\/politique\/labe-une-candidate-pour-lintegration-dans-larmee-meurt-pendant-la-course#primaryimage"},"thumbnailUrl":"https:\/\/static.africa-press.net\/conakry\/sites\/63\/2023\/01\/Jokar1674053528.336323.jpg","datePublished":"2023-01-18T18:22:00+00:00","author":{"@id":"https:\/\/www.africa-press.net\/guinee-conakry\/#\/schema\/person\/2b1cf3cd81a31e3cd26889ca66d677f1"},"breadcrumb":{"@id":"https:\/\/www.africa-press.net\/guinee-conakry\/politique\/labe-une-candidate-pour-lintegration-dans-larmee-meurt-pendant-la-course#breadcrumb"},"inLanguage":"fr-FR","potentialAction":[{"@type":"ReadAction","target":["https:\/\/www.africa-press.net\/guinee-conakry\/politique\/labe-une-candidate-pour-lintegration-dans-larmee-meurt-pendant-la-course"]}]},{"@type":"ImageObject","inLanguage":"fr-FR","@id":"https:\/\/www.africa-press.net\/guinee-conakry\/politique\/labe-une-candidate-pour-lintegration-dans-larmee-meurt-pendant-la-course#primaryimage","url":"https:\/\/static.africa-press.net\/conakry\/sites\/63\/2023\/01\/Jokar1674053528.336323.jpg","contentUrl":"https:\/\/static.africa-press.net\/conakry\/sites\/63\/2023\/01\/Jokar1674053528.336323.jpg","width":1280,"height":739,"caption":"Lab\u00e9 : une candidate pour l\u2019int\u00e9gration dans l\u2019arm\u00e9e meurt pendant la course"},{"@type":"BreadcrumbList","@id":"https:\/\/www.africa-press.net\/guinee-conakry\/politique\/labe-une-candidate-pour-lintegration-dans-larmee-meurt-pendant-la-course#breadcrumb","itemListElement":[{"@type":"ListItem","position":1,"name":"Accueil","item":"https:\/\/www.africa-press.net\/guinee-conakry\/"},{"@type":"ListItem","position":2,"name":"Lab\u00e9 : une candidate pour l\u2019int\u00e9gration dans l\u2019arm\u00e9e meurt pendant la course"}]},{"@type":"WebSite","@id":"https:\/\/www.africa-press.net\/guinee-conakry\/#website","url":"https:\/\/www.africa-press.net\/guinee-conakry\/","name":"guinee Conakry","description":"Just another Africa News Agency Sites site","potentialAction":[{"@type":"SearchAction","target":{"@type":"EntryPoint","urlTemplate":"https:\/\/www.africa-press.net\/guinee-conakry\/?s={search_term_string}"},"query-input":{"@type":"PropertyValueSpecification","valueRequired":true,"valueName":"search_term_string"}}],"inLanguage":"fr-FR"},{"@type":"Person","@id":"https:\/\/www.africa-press.net\/guinee-conakry\/#\/schema\/person\/2b1cf3cd81a31e3cd26889ca66d677f1","name":"cfeditorfr"}]}},"_links":{"self":[{"href":"https:\/\/www.africa-press.net\/guinee-conakry\/wp-json\/wp\/v2\/posts\/11446","targetHints":{"allow":["GET"]}}],"collection":[{"href":"https:\/\/www.africa-press.net\/guinee-conakry\/wp-json\/wp\/v2\/posts"}],"about":[{"href":"https:\/\/www.africa-press.net\/guinee-conakry\/wp-json\/wp\/v2\/types\/post"}],"author":[{"embeddable":true,"href":"https:\/\/www.africa-press.net\/guinee-conakry\/wp-json\/wp\/v2\/users\/82"}],"replies":[{"embeddable":true,"href":"https:\/\/www.africa-press.net\/guinee-conakry\/wp-json\/wp\/v2\/comments?post=11446"}],"version-history":[{"count":0,"href":"https:\/\/www.africa-press.net\/guinee-conakry\/wp-json\/wp\/v2\/posts\/11446\/revisions"}],"wp:featuredmedia":[{"embeddable":true,"href":"https:\/\/www.africa-press.net\/guinee-conakry\/wp-json\/wp\/v2\/media\/11445"}],"wp:attachment":[{"href":"https:\/\/www.africa-press.net\/guinee-conakry\/wp-json\/wp\/v2\/media?parent=11446"}],"wp:term":[{"taxonomy":"category","embeddable":true,"href":"https:\/\/www.africa-press.net\/guinee-conakry\/wp-json\/wp\/v2\/categories?post=11446"},{"taxonomy":"post_tag","embeddable":true,"href":"https:\/\/www.africa-press.net\/guinee-conakry\/wp-json\/wp\/v2\/tags?post=11446"}],"curies":[{"name":"wp","href":"https:\/\/api.w.org\/{rel}","templated":true}]}}