{"id":11448,"date":"2023-01-18T18:28:00","date_gmt":"2023-01-18T18:28:00","guid":{"rendered":"https:\/\/www.africa-press.net\/guinee-conakry\/politique\/marine-le-pen-au-senegal-je-ne-lui-souhaite-absolument-pas-la-bienvenue-dit-aminata-toure"},"modified":"2023-01-18T18:28:00","modified_gmt":"2023-01-18T18:28:00","slug":"marine-le-pen-au-senegal-je-ne-lui-souhaite-absolument-pas-la-bienvenue-dit-aminata-toure","status":"publish","type":"post","link":"https:\/\/www.africa-press.net\/guinee-conakry\/politique\/marine-le-pen-au-senegal-je-ne-lui-souhaite-absolument-pas-la-bienvenue-dit-aminata-toure","title":{"rendered":"Marine Le Pen au S\u00e9n\u00e9gal : \u00ab je ne lui souhaite absolument pas la bienvenue \u00bb, dit Aminata Tour\u00e9"},"content":{"rendered":"<p><span style=\"color: #ff6600\"><strong>Africa-Press &#8211; Guin\u00e9e. <\/strong><\/span>La de\u0301pute\u0301e franc\u0327aise et pre\u0301sidente des Rassemblement national (RN), Marine Le Pen, est en se\u0301jour au Se\u0301ne\u0301gal depuis lundi dernier, 16 janvier 2023. La candidate malheureuse au second tour de la pre\u0301sidentielle de 2022 en France est dans le pays de la Teranga pour une visite de trois jours. Une visite au cours de laquelle elle devrait rencontrer certains acteurs de la vie sociopolitique et e\u0301conomique se\u0301ne\u0301galaise. Mais, cette visite est tre\u0300s critique\u0301e au Se\u0301ne\u0301gal. L\u2019ancienne Premier ministre et actuelle de\u0301pute\u0301e, Aminata Toure\u0301, a promis ce mercredi de ne pas de\u0301rouler le tapis rouge a\u0300 \u00ab la politicienne la plus raciste de France (Marine Le Pen) depuis des de\u0301cennies \u00bb.<\/p>\n<p>Le programme se\u0301ne\u0301galais de Marine Le Pen est tre\u0300s peu (ou pas du tout) connu du grand public. La couverture de sa visite au pays de la Teranga a e\u0301te\u0301 exclusivement re\u0301serve\u0301e a\u0300 son e\u0301quipe de communication. Mais, on sait qu\u2019elle a tout de me\u0302me visite\u0301 la Compagnie sucrie\u0300re se\u0301ne\u0301galaise (premier employeur prive\u0301 du pays) ou\u0300 elle s\u2019est d\u2019ailleurs exerce\u0301e a\u0300 la machette pour couper des cannes a\u0300 sucre.<\/p>\n<p>\u00ab Ici, l\u2019entreprise mai\u0302trise toute la chai\u0302ne industrielle du sucre de canne. De la re\u0301colte a\u0300 la production, de sucre mais aussi de me\u0301lasse et d\u2019e\u0301thanol. Un ve\u0301ritable savoir-faire, au be\u0301ne\u0301fice de l\u2019e\u0301conomie du Se\u0301ne\u0301gal et qui cre\u0301e de nombreux emplois \u00bb, a-t-elle e\u0301crit dans un tweet.<\/p>\n<p>Mais, ce se\u0301jour se\u0301ne\u0301galais de Marine Le Pen n\u2019enchante pas toute la classe politique du Se\u0301ne\u0301gal, me\u0302me si le pre\u0301sident Macky Sall lui a de\u0301ja\u0300 souhaite\u0301 la \u00ab bienvenue \u00bb a\u0300 la de\u0301pute\u0301e franc\u0327aise. Dans une se\u0301rie de tweets ce mercredi, Aminata Toure\u0301, ancienne Premier ministre se\u0301ne\u0301galais, s\u2019est interroge\u0301e sur les raisons de cette visite de la patronne du Rassemblement national au pays de la Te\u0301ranga.<\/p>\n<p>\u00ab Que vient faire au #Se\u0301ne\u0301gal qui incarne en #France le racisme et la #xe\u0301nophobie depuis des de\u0301cennies ? Comme militante anti-racisme, je ne lui souhaite absolument pas la bienvenue au #Se\u0301ne\u0301gal! La politicienne la plus raciste de France depuis des de\u0301cennies, Marine Le Pen, n\u2019aurait jamais du\u0302 e\u0302tre autorise\u0301e a\u0300 fouler le sol se\u0301ne\u0301galais \u00bb, a e\u0301crit la de\u0301pute\u0301e.<\/p>\n<p>Au-dela\u0300 des frontie\u0300res du Se\u0301ne\u0301gal, la visite au pays de la Te\u0301ranga de Marine Le Pen a aussi indigne\u0301 l\u2019activiste et panafricain Ke\u0301mi Seba.<\/p>\n<p>\u00ab Marine Le Pen autorise\u0301e a\u0300 entrer au Se\u0301ne\u0301gal, pendant que je suis interdit d\u2019y fouler le sol&#8230;.Tellement d\u2019amour pour ce pays, mais tant de blessures \u00bb, a de\u0301plore\u0301 Ke\u0301mi Seba.<\/p>\n<p><strong>Pour plus d&rsquo;informations et d&rsquo;analyses sur la <a href=\"https:\/\/www.africa-press.net\/guinee-conakry\">Guin\u00e9e<\/a>, suivez <a href=\"https:\/\/www.africa-press.net\/\">Africa-Press<\/a><\/strong><\/p>\n","protected":false},"excerpt":{"rendered":"<p>Africa-Press &#8211; Guin\u00e9e. La de\u0301pute\u0301e franc\u0327aise et pre\u0301sidente des Rassemblement national (RN), Marine Le Pen, est en se\u0301jour au Se\u0301ne\u0301gal depuis lundi dernier, 16 janvier 2023. La candidate malheureuse au second tour de la pre\u0301sidentielle de 2022 en France est dans le pays de la Teranga pour une visite de trois jours. Une visite au [&hellip;]<\/p>\n","protected":false},"author":82,"featured_media":11447,"comment_status":"open","ping_status":"closed","sticky":false,"template":"","format":"standard","meta":{"footnotes":""},"categories":[2,10],"tags":[36,57,58],"class_list":["post-11448","post","type-post","status-publish","format-standard","has-post-thumbnail","hentry","category-politique","category-toutes-les-actualites","tag-africa-press","tag-africa-press-guinee","tag-guinee"],"yoast_head":"<!-- This site is optimized with the Yoast SEO Premium plugin v26.1 (Yoast SEO v27.0) - https:\/\/yoast.com\/product\/yoast-seo-premium-wordpress\/ -->\n<title>Marine Le Pen au S\u00e9n\u00e9gal : \u00ab je ne lui souhaite absolument pas la bienvenue \u00bb, dit Aminata Tour\u00e9 - guinee Conakry<\/title>\n<meta name=\"robots\" content=\"index, follow, max-snippet:-1, max-image-preview:large, max-video-preview:-1\" \/>\n<link rel=\"canonical\" href=\"https:\/\/www.africa-press.net\/guinee-conakry\/politique\/marine-le-pen-au-senegal-je-ne-lui-souhaite-absolument-pas-la-bienvenue-dit-aminata-toure\" \/>\n<meta property=\"og:locale\" content=\"fr_FR\" \/>\n<meta property=\"og:type\" content=\"article\" \/>\n<meta property=\"og:title\" content=\"Marine Le Pen au S\u00e9n\u00e9gal : \u00ab je ne lui souhaite absolument pas la bienvenue \u00bb, dit Aminata Tour\u00e9\" \/>\n<meta property=\"og:description\" content=\"Africa-Press &#8211; Guin\u00e9e. La de\u0301pute\u0301e franc\u0327aise et pre\u0301sidente des Rassemblement national (RN), Marine Le Pen, est en se\u0301jour au Se\u0301ne\u0301gal depuis lundi dernier, 16 janvier 2023. La candidate malheureuse au second tour de la pre\u0301sidentielle de 2022 en France est dans le pays de la Teranga pour une visite de trois jours. Une visite au [&hellip;]\" \/>\n<meta property=\"og:url\" content=\"https:\/\/www.africa-press.net\/guinee-conakry\/politique\/marine-le-pen-au-senegal-je-ne-lui-souhaite-absolument-pas-la-bienvenue-dit-aminata-toure\" \/>\n<meta property=\"og:site_name\" content=\"guinee Conakry\" \/>\n<meta property=\"article:published_time\" content=\"2023-01-18T18:28:00+00:00\" \/>\n<meta name=\"author\" content=\"cfeditorfr\" \/>\n<meta name=\"twitter:card\" content=\"summary_large_image\" \/>\n<meta name=\"twitter:label1\" content=\"\u00c9crit par\" \/>\n\t<meta name=\"twitter:data1\" content=\"cfeditorfr\" \/>\n\t<meta name=\"twitter:label2\" content=\"Dur\u00e9e de lecture estim\u00e9e\" \/>\n\t<meta name=\"twitter:data2\" content=\"3 minutes\" \/>\n<script type=\"application\/ld+json\" class=\"yoast-schema-graph\">{\"@context\":\"https:\/\/schema.org\",\"@graph\":[{\"@type\":\"Article\",\"@id\":\"https:\/\/www.africa-press.net\/guinee-conakry\/politique\/marine-le-pen-au-senegal-je-ne-lui-souhaite-absolument-pas-la-bienvenue-dit-aminata-toure#article\",\"isPartOf\":{\"@id\":\"https:\/\/www.africa-press.net\/guinee-conakry\/politique\/marine-le-pen-au-senegal-je-ne-lui-souhaite-absolument-pas-la-bienvenue-dit-aminata-toure\"},\"author\":{\"name\":\"cfeditorfr\",\"@id\":\"https:\/\/www.africa-press.net\/guinee-conakry\/#\/schema\/person\/2b1cf3cd81a31e3cd26889ca66d677f1\"},\"headline\":\"Marine Le Pen au S\u00e9n\u00e9gal : \u00ab je ne lui souhaite absolument pas la bienvenue \u00bb, dit Aminata Tour\u00e9\",\"datePublished\":\"2023-01-18T18:28:00+00:00\",\"mainEntityOfPage\":{\"@id\":\"https:\/\/www.africa-press.net\/guinee-conakry\/politique\/marine-le-pen-au-senegal-je-ne-lui-souhaite-absolument-pas-la-bienvenue-dit-aminata-toure\"},\"wordCount\":526,\"commentCount\":0,\"image\":{\"@id\":\"https:\/\/www.africa-press.net\/guinee-conakry\/politique\/marine-le-pen-au-senegal-je-ne-lui-souhaite-absolument-pas-la-bienvenue-dit-aminata-toure#primaryimage\"},\"thumbnailUrl\":\"https:\/\/static.africa-press.net\/conakry\/sites\/63\/2023\/01\/Jokar1674053913.924742.jpg\",\"keywords\":[\"Africa Press\",\"Africa Press-Guin\u00e9e\",\"Guin\u00e9e\"],\"articleSection\":[\"Politique\",\"Toutes les actualit\u00e9s\"],\"inLanguage\":\"fr-FR\",\"potentialAction\":[{\"@type\":\"CommentAction\",\"name\":\"Comment\",\"target\":[\"https:\/\/www.africa-press.net\/guinee-conakry\/politique\/marine-le-pen-au-senegal-je-ne-lui-souhaite-absolument-pas-la-bienvenue-dit-aminata-toure#respond\"]}]},{\"@type\":\"WebPage\",\"@id\":\"https:\/\/www.africa-press.net\/guinee-conakry\/politique\/marine-le-pen-au-senegal-je-ne-lui-souhaite-absolument-pas-la-bienvenue-dit-aminata-toure\",\"url\":\"https:\/\/www.africa-press.net\/guinee-conakry\/politique\/marine-le-pen-au-senegal-je-ne-lui-souhaite-absolument-pas-la-bienvenue-dit-aminata-toure\",\"name\":\"Marine Le Pen au S\u00e9n\u00e9gal : \u00ab je ne lui souhaite absolument pas la bienvenue \u00bb, dit Aminata Tour\u00e9 - guinee Conakry\",\"isPartOf\":{\"@id\":\"https:\/\/www.africa-press.net\/guinee-conakry\/#website\"},\"primaryImageOfPage\":{\"@id\":\"https:\/\/www.africa-press.net\/guinee-conakry\/politique\/marine-le-pen-au-senegal-je-ne-lui-souhaite-absolument-pas-la-bienvenue-dit-aminata-toure#primaryimage\"},\"image\":{\"@id\":\"https:\/\/www.africa-press.net\/guinee-conakry\/politique\/marine-le-pen-au-senegal-je-ne-lui-souhaite-absolument-pas-la-bienvenue-dit-aminata-toure#primaryimage\"},\"thumbnailUrl\":\"https:\/\/static.africa-press.net\/conakry\/sites\/63\/2023\/01\/Jokar1674053913.924742.jpg\",\"datePublished\":\"2023-01-18T18:28:00+00:00\",\"author\":{\"@id\":\"https:\/\/www.africa-press.net\/guinee-conakry\/#\/schema\/person\/2b1cf3cd81a31e3cd26889ca66d677f1\"},\"breadcrumb\":{\"@id\":\"https:\/\/www.africa-press.net\/guinee-conakry\/politique\/marine-le-pen-au-senegal-je-ne-lui-souhaite-absolument-pas-la-bienvenue-dit-aminata-toure#breadcrumb\"},\"inLanguage\":\"fr-FR\",\"potentialAction\":[{\"@type\":\"ReadAction\",\"target\":[\"https:\/\/www.africa-press.net\/guinee-conakry\/politique\/marine-le-pen-au-senegal-je-ne-lui-souhaite-absolument-pas-la-bienvenue-dit-aminata-toure\"]}]},{\"@type\":\"ImageObject\",\"inLanguage\":\"fr-FR\",\"@id\":\"https:\/\/www.africa-press.net\/guinee-conakry\/politique\/marine-le-pen-au-senegal-je-ne-lui-souhaite-absolument-pas-la-bienvenue-dit-aminata-toure#primaryimage\",\"url\":\"https:\/\/static.africa-press.net\/conakry\/sites\/63\/2023\/01\/Jokar1674053913.924742.jpg\",\"contentUrl\":\"https:\/\/static.africa-press.net\/conakry\/sites\/63\/2023\/01\/Jokar1674053913.924742.jpg\",\"width\":1271,\"height\":852,\"caption\":\"Marine Le Pen au S\u00e9n\u00e9gal : \u00ab je ne lui souhaite absolument pas la bienvenue \u00bb, dit Aminata Tour\u00e9\"},{\"@type\":\"BreadcrumbList\",\"@id\":\"https:\/\/www.africa-press.net\/guinee-conakry\/politique\/marine-le-pen-au-senegal-je-ne-lui-souhaite-absolument-pas-la-bienvenue-dit-aminata-toure#breadcrumb\",\"itemListElement\":[{\"@type\":\"ListItem\",\"position\":1,\"name\":\"Accueil\",\"item\":\"https:\/\/www.africa-press.net\/guinee-conakry\/\"},{\"@type\":\"ListItem\",\"position\":2,\"name\":\"Marine Le Pen au S\u00e9n\u00e9gal : \u00ab je ne lui souhaite absolument pas la bienvenue \u00bb, dit Aminata Tour\u00e9\"}]},{\"@type\":\"WebSite\",\"@id\":\"https:\/\/www.africa-press.net\/guinee-conakry\/#website\",\"url\":\"https:\/\/www.africa-press.net\/guinee-conakry\/\",\"name\":\"guinee Conakry\",\"description\":\"Just another Africa News Agency Sites site\",\"potentialAction\":[{\"@type\":\"SearchAction\",\"target\":{\"@type\":\"EntryPoint\",\"urlTemplate\":\"https:\/\/www.africa-press.net\/guinee-conakry\/?s={search_term_string}\"},\"query-input\":{\"@type\":\"PropertyValueSpecification\",\"valueRequired\":true,\"valueName\":\"search_term_string\"}}],\"inLanguage\":\"fr-FR\"},{\"@type\":\"Person\",\"@id\":\"https:\/\/www.africa-press.net\/guinee-conakry\/#\/schema\/person\/2b1cf3cd81a31e3cd26889ca66d677f1\",\"name\":\"cfeditorfr\"}]}<\/script>\n<!-- \/ Yoast SEO Premium plugin. -->","yoast_head_json":{"title":"Marine Le Pen au S\u00e9n\u00e9gal : \u00ab je ne lui souhaite absolument pas la bienvenue \u00bb, dit Aminata Tour\u00e9 - guinee Conakry","robots":{"index":"index","follow":"follow","max-snippet":"max-snippet:-1","max-image-preview":"max-image-preview:large","max-video-preview":"max-video-preview:-1"},"canonical":"https:\/\/www.africa-press.net\/guinee-conakry\/politique\/marine-le-pen-au-senegal-je-ne-lui-souhaite-absolument-pas-la-bienvenue-dit-aminata-toure","og_locale":"fr_FR","og_type":"article","og_title":"Marine Le Pen au S\u00e9n\u00e9gal : \u00ab je ne lui souhaite absolument pas la bienvenue \u00bb, dit Aminata Tour\u00e9","og_description":"Africa-Press &#8211; Guin\u00e9e. La de\u0301pute\u0301e franc\u0327aise et pre\u0301sidente des Rassemblement national (RN), Marine Le Pen, est en se\u0301jour au Se\u0301ne\u0301gal depuis lundi dernier, 16 janvier 2023. La candidate malheureuse au second tour de la pre\u0301sidentielle de 2022 en France est dans le pays de la Teranga pour une visite de trois jours. Une visite au [&hellip;]","og_url":"https:\/\/www.africa-press.net\/guinee-conakry\/politique\/marine-le-pen-au-senegal-je-ne-lui-souhaite-absolument-pas-la-bienvenue-dit-aminata-toure","og_site_name":"guinee Conakry","article_published_time":"2023-01-18T18:28:00+00:00","author":"cfeditorfr","twitter_card":"summary_large_image","twitter_misc":{"\u00c9crit par":"cfeditorfr","Dur\u00e9e de lecture estim\u00e9e":"3 minutes"},"schema":{"@context":"https:\/\/schema.org","@graph":[{"@type":"Article","@id":"https:\/\/www.africa-press.net\/guinee-conakry\/politique\/marine-le-pen-au-senegal-je-ne-lui-souhaite-absolument-pas-la-bienvenue-dit-aminata-toure#article","isPartOf":{"@id":"https:\/\/www.africa-press.net\/guinee-conakry\/politique\/marine-le-pen-au-senegal-je-ne-lui-souhaite-absolument-pas-la-bienvenue-dit-aminata-toure"},"author":{"name":"cfeditorfr","@id":"https:\/\/www.africa-press.net\/guinee-conakry\/#\/schema\/person\/2b1cf3cd81a31e3cd26889ca66d677f1"},"headline":"Marine Le Pen au S\u00e9n\u00e9gal : \u00ab je ne lui souhaite absolument pas la bienvenue \u00bb, dit Aminata Tour\u00e9","datePublished":"2023-01-18T18:28:00+00:00","mainEntityOfPage":{"@id":"https:\/\/www.africa-press.net\/guinee-conakry\/politique\/marine-le-pen-au-senegal-je-ne-lui-souhaite-absolument-pas-la-bienvenue-dit-aminata-toure"},"wordCount":526,"commentCount":0,"image":{"@id":"https:\/\/www.africa-press.net\/guinee-conakry\/politique\/marine-le-pen-au-senegal-je-ne-lui-souhaite-absolument-pas-la-bienvenue-dit-aminata-toure#primaryimage"},"thumbnailUrl":"https:\/\/static.africa-press.net\/conakry\/sites\/63\/2023\/01\/Jokar1674053913.924742.jpg","keywords":["Africa Press","Africa Press-Guin\u00e9e","Guin\u00e9e"],"articleSection":["Politique","Toutes les actualit\u00e9s"],"inLanguage":"fr-FR","potentialAction":[{"@type":"CommentAction","name":"Comment","target":["https:\/\/www.africa-press.net\/guinee-conakry\/politique\/marine-le-pen-au-senegal-je-ne-lui-souhaite-absolument-pas-la-bienvenue-dit-aminata-toure#respond"]}]},{"@type":"WebPage","@id":"https:\/\/www.africa-press.net\/guinee-conakry\/politique\/marine-le-pen-au-senegal-je-ne-lui-souhaite-absolument-pas-la-bienvenue-dit-aminata-toure","url":"https:\/\/www.africa-press.net\/guinee-conakry\/politique\/marine-le-pen-au-senegal-je-ne-lui-souhaite-absolument-pas-la-bienvenue-dit-aminata-toure","name":"Marine Le Pen au S\u00e9n\u00e9gal : \u00ab je ne lui souhaite absolument pas la bienvenue \u00bb, dit Aminata Tour\u00e9 - guinee Conakry","isPartOf":{"@id":"https:\/\/www.africa-press.net\/guinee-conakry\/#website"},"primaryImageOfPage":{"@id":"https:\/\/www.africa-press.net\/guinee-conakry\/politique\/marine-le-pen-au-senegal-je-ne-lui-souhaite-absolument-pas-la-bienvenue-dit-aminata-toure#primaryimage"},"image":{"@id":"https:\/\/www.africa-press.net\/guinee-conakry\/politique\/marine-le-pen-au-senegal-je-ne-lui-souhaite-absolument-pas-la-bienvenue-dit-aminata-toure#primaryimage"},"thumbnailUrl":"https:\/\/static.africa-press.net\/conakry\/sites\/63\/2023\/01\/Jokar1674053913.924742.jpg","datePublished":"2023-01-18T18:28:00+00:00","author":{"@id":"https:\/\/www.africa-press.net\/guinee-conakry\/#\/schema\/person\/2b1cf3cd81a31e3cd26889ca66d677f1"},"breadcrumb":{"@id":"https:\/\/www.africa-press.net\/guinee-conakry\/politique\/marine-le-pen-au-senegal-je-ne-lui-souhaite-absolument-pas-la-bienvenue-dit-aminata-toure#breadcrumb"},"inLanguage":"fr-FR","potentialAction":[{"@type":"ReadAction","target":["https:\/\/www.africa-press.net\/guinee-conakry\/politique\/marine-le-pen-au-senegal-je-ne-lui-souhaite-absolument-pas-la-bienvenue-dit-aminata-toure"]}]},{"@type":"ImageObject","inLanguage":"fr-FR","@id":"https:\/\/www.africa-press.net\/guinee-conakry\/politique\/marine-le-pen-au-senegal-je-ne-lui-souhaite-absolument-pas-la-bienvenue-dit-aminata-toure#primaryimage","url":"https:\/\/static.africa-press.net\/conakry\/sites\/63\/2023\/01\/Jokar1674053913.924742.jpg","contentUrl":"https:\/\/static.africa-press.net\/conakry\/sites\/63\/2023\/01\/Jokar1674053913.924742.jpg","width":1271,"height":852,"caption":"Marine Le Pen au S\u00e9n\u00e9gal : \u00ab je ne lui souhaite absolument pas la bienvenue \u00bb, dit Aminata Tour\u00e9"},{"@type":"BreadcrumbList","@id":"https:\/\/www.africa-press.net\/guinee-conakry\/politique\/marine-le-pen-au-senegal-je-ne-lui-souhaite-absolument-pas-la-bienvenue-dit-aminata-toure#breadcrumb","itemListElement":[{"@type":"ListItem","position":1,"name":"Accueil","item":"https:\/\/www.africa-press.net\/guinee-conakry\/"},{"@type":"ListItem","position":2,"name":"Marine Le Pen au S\u00e9n\u00e9gal : \u00ab je ne lui souhaite absolument pas la bienvenue \u00bb, dit Aminata Tour\u00e9"}]},{"@type":"WebSite","@id":"https:\/\/www.africa-press.net\/guinee-conakry\/#website","url":"https:\/\/www.africa-press.net\/guinee-conakry\/","name":"guinee Conakry","description":"Just another Africa News Agency Sites site","potentialAction":[{"@type":"SearchAction","target":{"@type":"EntryPoint","urlTemplate":"https:\/\/www.africa-press.net\/guinee-conakry\/?s={search_term_string}"},"query-input":{"@type":"PropertyValueSpecification","valueRequired":true,"valueName":"search_term_string"}}],"inLanguage":"fr-FR"},{"@type":"Person","@id":"https:\/\/www.africa-press.net\/guinee-conakry\/#\/schema\/person\/2b1cf3cd81a31e3cd26889ca66d677f1","name":"cfeditorfr"}]}},"_links":{"self":[{"href":"https:\/\/www.africa-press.net\/guinee-conakry\/wp-json\/wp\/v2\/posts\/11448","targetHints":{"allow":["GET"]}}],"collection":[{"href":"https:\/\/www.africa-press.net\/guinee-conakry\/wp-json\/wp\/v2\/posts"}],"about":[{"href":"https:\/\/www.africa-press.net\/guinee-conakry\/wp-json\/wp\/v2\/types\/post"}],"author":[{"embeddable":true,"href":"https:\/\/www.africa-press.net\/guinee-conakry\/wp-json\/wp\/v2\/users\/82"}],"replies":[{"embeddable":true,"href":"https:\/\/www.africa-press.net\/guinee-conakry\/wp-json\/wp\/v2\/comments?post=11448"}],"version-history":[{"count":0,"href":"https:\/\/www.africa-press.net\/guinee-conakry\/wp-json\/wp\/v2\/posts\/11448\/revisions"}],"wp:featuredmedia":[{"embeddable":true,"href":"https:\/\/www.africa-press.net\/guinee-conakry\/wp-json\/wp\/v2\/media\/11447"}],"wp:attachment":[{"href":"https:\/\/www.africa-press.net\/guinee-conakry\/wp-json\/wp\/v2\/media?parent=11448"}],"wp:term":[{"taxonomy":"category","embeddable":true,"href":"https:\/\/www.africa-press.net\/guinee-conakry\/wp-json\/wp\/v2\/categories?post=11448"},{"taxonomy":"post_tag","embeddable":true,"href":"https:\/\/www.africa-press.net\/guinee-conakry\/wp-json\/wp\/v2\/tags?post=11448"}],"curies":[{"name":"wp","href":"https:\/\/api.w.org\/{rel}","templated":true}]}}