{"id":11456,"date":"2023-01-18T19:06:00","date_gmt":"2023-01-18T19:06:00","guid":{"rendered":"https:\/\/www.africa-press.net\/guinee-conakry\/politique\/vers-une-crise-de-pain-en-guinee-en-colere-les-boulangers-menacent-daller-en-greve"},"modified":"2023-01-18T19:06:00","modified_gmt":"2023-01-18T19:06:00","slug":"vers-une-crise-de-pain-en-guinee-en-colere-les-boulangers-menacent-daller-en-greve","status":"publish","type":"post","link":"https:\/\/www.africa-press.net\/guinee-conakry\/toutes-les-actualites\/vers-une-crise-de-pain-en-guinee-en-colere-les-boulangers-menacent-daller-en-greve","title":{"rendered":"Vers une crise de pain en Guin\u00e9e ? En col\u00e8re, les boulangers menacent d\u2019aller en gr\u00e8ve"},"content":{"rendered":"<p><span style=\"color: #ff6600\"><strong>Africa-Press &#8211; Guin\u00e9e. <\/strong><\/span>C\u2019est Elhadj Alpha Oumar Sacko, le pre\u0301sident de l\u2019Union nationale professionnelle des Boulangers et pa\u0302tissiers de Guine\u0301e (UNPGBPG),a fait l\u2019annonce dans la matine\u0301e de ce mercredi, 18 janvier 2023. Les boulangers menacent d\u2019entrer en gre\u0300ve et de cesser de faire le pain. Et pour cause, ils accusent le ministe\u0300re du Commerce, de l\u2019Industrie, des Petites et Moyenne entreprises de vouloir cre\u0301er une fe\u0301de\u0301ration des boulangers et d\u2019y installer un certain Adama Diallo qui ne serait pas du domaine de la boulangerie.<\/p>\n<p>Le pre\u0301sident de l\u2019Union nationale professionnelle des boulangers et pa\u0302tissiers de Guine\u0301e estime que le me\u0301tier de la boulangerie rele\u0300ve pluto\u0302t du ministe\u0300re de l\u2019artisanat et non de celui du commerce. Elhadj Alpha Oumar Sacko dit ne pas e\u0302tre contre la mise en place de la fe\u0301de\u0301ration, mais il demande que le ministre du Commerce se mette en rapport avec celui de l\u2019Industrie et l\u2019Union des boulangers pour le faire.<\/p>\n<p>A de\u0301faut, si le ministe\u0300re du Commerce, de l\u2019Industrie, et PME persiste tout seul a\u0300 installer la fe\u0301de\u0301ration, le pre\u0301sident de l\u2019UNPGBPG annonce que les boulangers vont s\u2019y opposer vigoureusement en baissant purement et simplement les rideaux.<\/p>\n<p><strong>Pour plus d&rsquo;informations et d&rsquo;analyses sur la <a href=\"https:\/\/www.africa-press.net\/guinee-conakry\">Guin\u00e9e<\/a>, suivez <a href=\"https:\/\/www.africa-press.net\/\">Africa-Press<\/a><\/strong><\/p>\n","protected":false},"excerpt":{"rendered":"<p>Africa-Press &#8211; Guin\u00e9e. C\u2019est Elhadj Alpha Oumar Sacko, le pre\u0301sident de l\u2019Union nationale professionnelle des Boulangers et pa\u0302tissiers de Guine\u0301e (UNPGBPG),a fait l\u2019annonce dans la matine\u0301e de ce mercredi, 18 janvier 2023. Les boulangers menacent d\u2019entrer en gre\u0300ve et de cesser de faire le pain. Et pour cause, ils accusent le ministe\u0300re du Commerce, de [&hellip;]<\/p>\n","protected":false},"author":82,"featured_media":11455,"comment_status":"open","ping_status":"closed","sticky":false,"template":"","format":"standard","meta":{"footnotes":""},"categories":[21,10],"tags":[36,57,58],"class_list":["post-11456","post","type-post","status-publish","format-standard","has-post-thumbnail","hentry","category-communaute","category-toutes-les-actualites","tag-africa-press","tag-africa-press-guinee","tag-guinee"],"yoast_head":"<!-- This site is optimized with the Yoast SEO Premium plugin v26.1 (Yoast SEO v27.0) - https:\/\/yoast.com\/product\/yoast-seo-premium-wordpress\/ -->\n<title>Vers une crise de pain en Guin\u00e9e ? En col\u00e8re, les boulangers menacent d\u2019aller en gr\u00e8ve - guinee Conakry<\/title>\n<meta name=\"robots\" content=\"index, follow, max-snippet:-1, max-image-preview:large, max-video-preview:-1\" \/>\n<link rel=\"canonical\" href=\"https:\/\/www.africa-press.net\/guinee-conakry\/politique\/vers-une-crise-de-pain-en-guinee-en-colere-les-boulangers-menacent-daller-en-greve\" \/>\n<meta property=\"og:locale\" content=\"fr_FR\" \/>\n<meta property=\"og:type\" content=\"article\" \/>\n<meta property=\"og:title\" content=\"Vers une crise de pain en Guin\u00e9e ? En col\u00e8re, les boulangers menacent d\u2019aller en gr\u00e8ve\" \/>\n<meta property=\"og:description\" content=\"Africa-Press &#8211; Guin\u00e9e. C\u2019est Elhadj Alpha Oumar Sacko, le pre\u0301sident de l\u2019Union nationale professionnelle des Boulangers et pa\u0302tissiers de Guine\u0301e (UNPGBPG),a fait l\u2019annonce dans la matine\u0301e de ce mercredi, 18 janvier 2023. Les boulangers menacent d\u2019entrer en gre\u0300ve et de cesser de faire le pain. Et pour cause, ils accusent le ministe\u0300re du Commerce, de [&hellip;]\" \/>\n<meta property=\"og:url\" content=\"https:\/\/www.africa-press.net\/guinee-conakry\/politique\/vers-une-crise-de-pain-en-guinee-en-colere-les-boulangers-menacent-daller-en-greve\" \/>\n<meta property=\"og:site_name\" content=\"guinee Conakry\" \/>\n<meta property=\"article:published_time\" content=\"2023-01-18T19:06:00+00:00\" \/>\n<meta name=\"author\" content=\"cfeditorfr\" \/>\n<meta name=\"twitter:card\" content=\"summary_large_image\" \/>\n<meta name=\"twitter:label1\" content=\"\u00c9crit par\" \/>\n\t<meta name=\"twitter:data1\" content=\"cfeditorfr\" \/>\n\t<meta name=\"twitter:label2\" content=\"Dur\u00e9e de lecture estim\u00e9e\" \/>\n\t<meta name=\"twitter:data2\" content=\"1 minute\" \/>\n<script type=\"application\/ld+json\" class=\"yoast-schema-graph\">{\"@context\":\"https:\/\/schema.org\",\"@graph\":[{\"@type\":\"Article\",\"@id\":\"https:\/\/www.africa-press.net\/guinee-conakry\/politique\/vers-une-crise-de-pain-en-guinee-en-colere-les-boulangers-menacent-daller-en-greve#article\",\"isPartOf\":{\"@id\":\"https:\/\/www.africa-press.net\/guinee-conakry\/politique\/vers-une-crise-de-pain-en-guinee-en-colere-les-boulangers-menacent-daller-en-greve\"},\"author\":{\"name\":\"cfeditorfr\",\"@id\":\"https:\/\/www.africa-press.net\/guinee-conakry\/#\/schema\/person\/2b1cf3cd81a31e3cd26889ca66d677f1\"},\"headline\":\"Vers une crise de pain en Guin\u00e9e ? En col\u00e8re, les boulangers menacent d\u2019aller en gr\u00e8ve\",\"datePublished\":\"2023-01-18T19:06:00+00:00\",\"mainEntityOfPage\":{\"@id\":\"https:\/\/www.africa-press.net\/guinee-conakry\/politique\/vers-une-crise-de-pain-en-guinee-en-colere-les-boulangers-menacent-daller-en-greve\"},\"wordCount\":260,\"commentCount\":0,\"image\":{\"@id\":\"https:\/\/www.africa-press.net\/guinee-conakry\/politique\/vers-une-crise-de-pain-en-guinee-en-colere-les-boulangers-menacent-daller-en-greve#primaryimage\"},\"thumbnailUrl\":\"https:\/\/static.africa-press.net\/conakry\/sites\/63\/2023\/01\/Jokar1674056172.496469.jpg\",\"keywords\":[\"Africa Press\",\"Africa Press-Guin\u00e9e\",\"Guin\u00e9e\"],\"articleSection\":[\"Communaut\u00e9\",\"Toutes les actualit\u00e9s\"],\"inLanguage\":\"fr-FR\",\"potentialAction\":[{\"@type\":\"CommentAction\",\"name\":\"Comment\",\"target\":[\"https:\/\/www.africa-press.net\/guinee-conakry\/politique\/vers-une-crise-de-pain-en-guinee-en-colere-les-boulangers-menacent-daller-en-greve#respond\"]}]},{\"@type\":\"WebPage\",\"@id\":\"https:\/\/www.africa-press.net\/guinee-conakry\/politique\/vers-une-crise-de-pain-en-guinee-en-colere-les-boulangers-menacent-daller-en-greve\",\"url\":\"https:\/\/www.africa-press.net\/guinee-conakry\/politique\/vers-une-crise-de-pain-en-guinee-en-colere-les-boulangers-menacent-daller-en-greve\",\"name\":\"Vers une crise de pain en Guin\u00e9e ? En col\u00e8re, les boulangers menacent d\u2019aller en gr\u00e8ve - guinee Conakry\",\"isPartOf\":{\"@id\":\"https:\/\/www.africa-press.net\/guinee-conakry\/#website\"},\"primaryImageOfPage\":{\"@id\":\"https:\/\/www.africa-press.net\/guinee-conakry\/politique\/vers-une-crise-de-pain-en-guinee-en-colere-les-boulangers-menacent-daller-en-greve#primaryimage\"},\"image\":{\"@id\":\"https:\/\/www.africa-press.net\/guinee-conakry\/politique\/vers-une-crise-de-pain-en-guinee-en-colere-les-boulangers-menacent-daller-en-greve#primaryimage\"},\"thumbnailUrl\":\"https:\/\/static.africa-press.net\/conakry\/sites\/63\/2023\/01\/Jokar1674056172.496469.jpg\",\"datePublished\":\"2023-01-18T19:06:00+00:00\",\"author\":{\"@id\":\"https:\/\/www.africa-press.net\/guinee-conakry\/#\/schema\/person\/2b1cf3cd81a31e3cd26889ca66d677f1\"},\"breadcrumb\":{\"@id\":\"https:\/\/www.africa-press.net\/guinee-conakry\/politique\/vers-une-crise-de-pain-en-guinee-en-colere-les-boulangers-menacent-daller-en-greve#breadcrumb\"},\"inLanguage\":\"fr-FR\",\"potentialAction\":[{\"@type\":\"ReadAction\",\"target\":[\"https:\/\/www.africa-press.net\/guinee-conakry\/politique\/vers-une-crise-de-pain-en-guinee-en-colere-les-boulangers-menacent-daller-en-greve\"]}]},{\"@type\":\"ImageObject\",\"inLanguage\":\"fr-FR\",\"@id\":\"https:\/\/www.africa-press.net\/guinee-conakry\/politique\/vers-une-crise-de-pain-en-guinee-en-colere-les-boulangers-menacent-daller-en-greve#primaryimage\",\"url\":\"https:\/\/static.africa-press.net\/conakry\/sites\/63\/2023\/01\/Jokar1674056172.496469.jpg\",\"contentUrl\":\"https:\/\/static.africa-press.net\/conakry\/sites\/63\/2023\/01\/Jokar1674056172.496469.jpg\",\"width\":1280,\"height\":889,\"caption\":\"Vers une crise de pain en Guin\u00e9e ? En col\u00e8re, les boulangers menacent d\u2019aller en gr\u00e8ve\"},{\"@type\":\"BreadcrumbList\",\"@id\":\"https:\/\/www.africa-press.net\/guinee-conakry\/politique\/vers-une-crise-de-pain-en-guinee-en-colere-les-boulangers-menacent-daller-en-greve#breadcrumb\",\"itemListElement\":[{\"@type\":\"ListItem\",\"position\":1,\"name\":\"Accueil\",\"item\":\"https:\/\/www.africa-press.net\/guinee-conakry\/\"},{\"@type\":\"ListItem\",\"position\":2,\"name\":\"Vers une crise de pain en Guin\u00e9e ? En col\u00e8re, les boulangers menacent d\u2019aller en gr\u00e8ve\"}]},{\"@type\":\"WebSite\",\"@id\":\"https:\/\/www.africa-press.net\/guinee-conakry\/#website\",\"url\":\"https:\/\/www.africa-press.net\/guinee-conakry\/\",\"name\":\"guinee Conakry\",\"description\":\"Just another Africa News Agency Sites site\",\"potentialAction\":[{\"@type\":\"SearchAction\",\"target\":{\"@type\":\"EntryPoint\",\"urlTemplate\":\"https:\/\/www.africa-press.net\/guinee-conakry\/?s={search_term_string}\"},\"query-input\":{\"@type\":\"PropertyValueSpecification\",\"valueRequired\":true,\"valueName\":\"search_term_string\"}}],\"inLanguage\":\"fr-FR\"},{\"@type\":\"Person\",\"@id\":\"https:\/\/www.africa-press.net\/guinee-conakry\/#\/schema\/person\/2b1cf3cd81a31e3cd26889ca66d677f1\",\"name\":\"cfeditorfr\"}]}<\/script>\n<!-- \/ Yoast SEO Premium plugin. -->","yoast_head_json":{"title":"Vers une crise de pain en Guin\u00e9e ? En col\u00e8re, les boulangers menacent d\u2019aller en gr\u00e8ve - guinee Conakry","robots":{"index":"index","follow":"follow","max-snippet":"max-snippet:-1","max-image-preview":"max-image-preview:large","max-video-preview":"max-video-preview:-1"},"canonical":"https:\/\/www.africa-press.net\/guinee-conakry\/politique\/vers-une-crise-de-pain-en-guinee-en-colere-les-boulangers-menacent-daller-en-greve","og_locale":"fr_FR","og_type":"article","og_title":"Vers une crise de pain en Guin\u00e9e ? En col\u00e8re, les boulangers menacent d\u2019aller en gr\u00e8ve","og_description":"Africa-Press &#8211; Guin\u00e9e. C\u2019est Elhadj Alpha Oumar Sacko, le pre\u0301sident de l\u2019Union nationale professionnelle des Boulangers et pa\u0302tissiers de Guine\u0301e (UNPGBPG),a fait l\u2019annonce dans la matine\u0301e de ce mercredi, 18 janvier 2023. Les boulangers menacent d\u2019entrer en gre\u0300ve et de cesser de faire le pain. Et pour cause, ils accusent le ministe\u0300re du Commerce, de [&hellip;]","og_url":"https:\/\/www.africa-press.net\/guinee-conakry\/politique\/vers-une-crise-de-pain-en-guinee-en-colere-les-boulangers-menacent-daller-en-greve","og_site_name":"guinee Conakry","article_published_time":"2023-01-18T19:06:00+00:00","author":"cfeditorfr","twitter_card":"summary_large_image","twitter_misc":{"\u00c9crit par":"cfeditorfr","Dur\u00e9e de lecture estim\u00e9e":"1 minute"},"schema":{"@context":"https:\/\/schema.org","@graph":[{"@type":"Article","@id":"https:\/\/www.africa-press.net\/guinee-conakry\/politique\/vers-une-crise-de-pain-en-guinee-en-colere-les-boulangers-menacent-daller-en-greve#article","isPartOf":{"@id":"https:\/\/www.africa-press.net\/guinee-conakry\/politique\/vers-une-crise-de-pain-en-guinee-en-colere-les-boulangers-menacent-daller-en-greve"},"author":{"name":"cfeditorfr","@id":"https:\/\/www.africa-press.net\/guinee-conakry\/#\/schema\/person\/2b1cf3cd81a31e3cd26889ca66d677f1"},"headline":"Vers une crise de pain en Guin\u00e9e ? En col\u00e8re, les boulangers menacent d\u2019aller en gr\u00e8ve","datePublished":"2023-01-18T19:06:00+00:00","mainEntityOfPage":{"@id":"https:\/\/www.africa-press.net\/guinee-conakry\/politique\/vers-une-crise-de-pain-en-guinee-en-colere-les-boulangers-menacent-daller-en-greve"},"wordCount":260,"commentCount":0,"image":{"@id":"https:\/\/www.africa-press.net\/guinee-conakry\/politique\/vers-une-crise-de-pain-en-guinee-en-colere-les-boulangers-menacent-daller-en-greve#primaryimage"},"thumbnailUrl":"https:\/\/static.africa-press.net\/conakry\/sites\/63\/2023\/01\/Jokar1674056172.496469.jpg","keywords":["Africa Press","Africa Press-Guin\u00e9e","Guin\u00e9e"],"articleSection":["Communaut\u00e9","Toutes les actualit\u00e9s"],"inLanguage":"fr-FR","potentialAction":[{"@type":"CommentAction","name":"Comment","target":["https:\/\/www.africa-press.net\/guinee-conakry\/politique\/vers-une-crise-de-pain-en-guinee-en-colere-les-boulangers-menacent-daller-en-greve#respond"]}]},{"@type":"WebPage","@id":"https:\/\/www.africa-press.net\/guinee-conakry\/politique\/vers-une-crise-de-pain-en-guinee-en-colere-les-boulangers-menacent-daller-en-greve","url":"https:\/\/www.africa-press.net\/guinee-conakry\/politique\/vers-une-crise-de-pain-en-guinee-en-colere-les-boulangers-menacent-daller-en-greve","name":"Vers une crise de pain en Guin\u00e9e ? En col\u00e8re, les boulangers menacent d\u2019aller en gr\u00e8ve - guinee Conakry","isPartOf":{"@id":"https:\/\/www.africa-press.net\/guinee-conakry\/#website"},"primaryImageOfPage":{"@id":"https:\/\/www.africa-press.net\/guinee-conakry\/politique\/vers-une-crise-de-pain-en-guinee-en-colere-les-boulangers-menacent-daller-en-greve#primaryimage"},"image":{"@id":"https:\/\/www.africa-press.net\/guinee-conakry\/politique\/vers-une-crise-de-pain-en-guinee-en-colere-les-boulangers-menacent-daller-en-greve#primaryimage"},"thumbnailUrl":"https:\/\/static.africa-press.net\/conakry\/sites\/63\/2023\/01\/Jokar1674056172.496469.jpg","datePublished":"2023-01-18T19:06:00+00:00","author":{"@id":"https:\/\/www.africa-press.net\/guinee-conakry\/#\/schema\/person\/2b1cf3cd81a31e3cd26889ca66d677f1"},"breadcrumb":{"@id":"https:\/\/www.africa-press.net\/guinee-conakry\/politique\/vers-une-crise-de-pain-en-guinee-en-colere-les-boulangers-menacent-daller-en-greve#breadcrumb"},"inLanguage":"fr-FR","potentialAction":[{"@type":"ReadAction","target":["https:\/\/www.africa-press.net\/guinee-conakry\/politique\/vers-une-crise-de-pain-en-guinee-en-colere-les-boulangers-menacent-daller-en-greve"]}]},{"@type":"ImageObject","inLanguage":"fr-FR","@id":"https:\/\/www.africa-press.net\/guinee-conakry\/politique\/vers-une-crise-de-pain-en-guinee-en-colere-les-boulangers-menacent-daller-en-greve#primaryimage","url":"https:\/\/static.africa-press.net\/conakry\/sites\/63\/2023\/01\/Jokar1674056172.496469.jpg","contentUrl":"https:\/\/static.africa-press.net\/conakry\/sites\/63\/2023\/01\/Jokar1674056172.496469.jpg","width":1280,"height":889,"caption":"Vers une crise de pain en Guin\u00e9e ? En col\u00e8re, les boulangers menacent d\u2019aller en gr\u00e8ve"},{"@type":"BreadcrumbList","@id":"https:\/\/www.africa-press.net\/guinee-conakry\/politique\/vers-une-crise-de-pain-en-guinee-en-colere-les-boulangers-menacent-daller-en-greve#breadcrumb","itemListElement":[{"@type":"ListItem","position":1,"name":"Accueil","item":"https:\/\/www.africa-press.net\/guinee-conakry\/"},{"@type":"ListItem","position":2,"name":"Vers une crise de pain en Guin\u00e9e ? En col\u00e8re, les boulangers menacent d\u2019aller en gr\u00e8ve"}]},{"@type":"WebSite","@id":"https:\/\/www.africa-press.net\/guinee-conakry\/#website","url":"https:\/\/www.africa-press.net\/guinee-conakry\/","name":"guinee Conakry","description":"Just another Africa News Agency Sites site","potentialAction":[{"@type":"SearchAction","target":{"@type":"EntryPoint","urlTemplate":"https:\/\/www.africa-press.net\/guinee-conakry\/?s={search_term_string}"},"query-input":{"@type":"PropertyValueSpecification","valueRequired":true,"valueName":"search_term_string"}}],"inLanguage":"fr-FR"},{"@type":"Person","@id":"https:\/\/www.africa-press.net\/guinee-conakry\/#\/schema\/person\/2b1cf3cd81a31e3cd26889ca66d677f1","name":"cfeditorfr"}]}},"_links":{"self":[{"href":"https:\/\/www.africa-press.net\/guinee-conakry\/wp-json\/wp\/v2\/posts\/11456","targetHints":{"allow":["GET"]}}],"collection":[{"href":"https:\/\/www.africa-press.net\/guinee-conakry\/wp-json\/wp\/v2\/posts"}],"about":[{"href":"https:\/\/www.africa-press.net\/guinee-conakry\/wp-json\/wp\/v2\/types\/post"}],"author":[{"embeddable":true,"href":"https:\/\/www.africa-press.net\/guinee-conakry\/wp-json\/wp\/v2\/users\/82"}],"replies":[{"embeddable":true,"href":"https:\/\/www.africa-press.net\/guinee-conakry\/wp-json\/wp\/v2\/comments?post=11456"}],"version-history":[{"count":0,"href":"https:\/\/www.africa-press.net\/guinee-conakry\/wp-json\/wp\/v2\/posts\/11456\/revisions"}],"wp:featuredmedia":[{"embeddable":true,"href":"https:\/\/www.africa-press.net\/guinee-conakry\/wp-json\/wp\/v2\/media\/11455"}],"wp:attachment":[{"href":"https:\/\/www.africa-press.net\/guinee-conakry\/wp-json\/wp\/v2\/media?parent=11456"}],"wp:term":[{"taxonomy":"category","embeddable":true,"href":"https:\/\/www.africa-press.net\/guinee-conakry\/wp-json\/wp\/v2\/categories?post=11456"},{"taxonomy":"post_tag","embeddable":true,"href":"https:\/\/www.africa-press.net\/guinee-conakry\/wp-json\/wp\/v2\/tags?post=11456"}],"curies":[{"name":"wp","href":"https:\/\/api.w.org\/{rel}","templated":true}]}}