{"id":11458,"date":"2023-01-18T19:12:00","date_gmt":"2023-01-18T19:12:00","guid":{"rendered":"https:\/\/www.africa-press.net\/guinee-conakry\/politique\/kindia-ce-que-le-ministre-de-la-justice-alphonse-charles-wight-et-les-citoyens-se-sont-dit"},"modified":"2023-01-18T19:12:00","modified_gmt":"2023-01-18T19:12:00","slug":"kindia-ce-que-le-ministre-de-la-justice-alphonse-charles-wight-et-les-citoyens-se-sont-dit","status":"publish","type":"post","link":"https:\/\/www.africa-press.net\/guinee-conakry\/politique\/kindia-ce-que-le-ministre-de-la-justice-alphonse-charles-wight-et-les-citoyens-se-sont-dit","title":{"rendered":"Kindia : ce que le ministre de la Justice, Alphonse Charles Wight, et les citoyens se sont dit"},"content":{"rendered":"<p><span style=\"color: #ff6600\"><strong>Africa-Press &#8211; Guin\u00e9e. <\/strong><\/span>Le ministre de la Justice et des Droit de l\u2019Homme, Alphonse Charles Wight, accompagne\u0301 d\u2019une forte de\u0301le\u0301gation a boucle\u0301 sa visite de travail a\u0300 Kindia dans la journe\u0301e d\u2019hier, mardi 17 janvier 2023. Le Garde des Sceaux a eu une rencontre avec les sages, les e\u0301lus locaux, les administrateurs territoriaux et les forces vives. La lenteur des proce\u0301dures judiciaires et la non mai\u0302trise des textes juridiques par les citoyens e\u0301taient au menu. C\u2019est la maison des jeunes locale qui a servi de cadre a\u0300 la rencontre dans une ambiance .<\/p>\n<p>Comme on l\u2019annonc\u0327ait pre\u0301ce\u0301demment, Alphonse Charles Wright a entame\u0301 une tourne\u0301e a\u0300 l\u2019inte\u0301rieur du pays pour s\u2019enque\u0301rir des re\u0301alite\u0301s, notamment le fonctionnement des tribunaux dans le cadre de la refondation de l\u2019Etat. Le ministre de la Justice devait e\u0301galement avoir des rencontres avec toutes les couches sociales.<\/p>\n<p>C\u2019est dans cette dynamique qu\u2019Alphonse Charles Wight a rencontre\u0301 de nombreuses personnalite\u0301s et autres couches socioprofessionnelles a\u0300 Kindia. A la maison des jeunes, le Garde des Sceaux est revenu sur le sens de cette immersion. \u00ab Nous sommes ici dans le cadre de la refondation de l\u2019Etat et de la rectification institutionnelle. Comme l\u2019a dit Mr le Pre\u0301sident de la transition, chef de l\u2019E\u0301tat, chef supre\u0302me des arme\u0301es, il faut que la justice soit la boussole pour tous les citoyens. Mais il se trouve que tre\u0300s malheureusement, a\u0300 travers cette tourne\u0301e, nous nous en rendons compte qu\u2019il y a des difficulte\u0301s que les citoyens rencontrent au quotidien. Ces difficulte\u0301s sont dues, d\u2019une part, a\u0300 la non mai\u0302trise des textes juridiques qui posent assez des difficulte\u0301s dans leurs rapports au quotidien. La deuxie\u0300me chose, c\u2019est la lenteur du traitement des dossiers judiciaires. Kindia est un e\u0301le\u0301ment important pour nous. C\u2019est pourquoi, vu l\u2019engouement que cela a entrai\u0302ne\u0301, nous avons pris l\u2019engagement de nous retourner pour pouvoir prendre toutes les dispositions pour e\u0301couter les citoyens a\u0300 l\u2019effet de leur permettre de pouvoir exercer leurs droits devant les juridictions. Les procureurs ont e\u0301coute\u0301 les citoyens. C\u2019est ce qui est tre\u0300s re\u0301confortant. Le pre\u0301sident du tribunal e\u0301tait la\u0300. Ils ont e\u0301coute\u0301 les citoyens. Je crois qu\u2019ils prendront toutes les dispositions a\u0300 l\u2019effet que les dossiers les concernant soient traite\u0301s dans un de\u0301lai raisonnable. Il faut sensibiliser, il faut informer. C\u2019est aussi c\u0327a la refondation de l\u2019Etat \u00bb, a dit le ministre Charles Wight.<\/p>\n<p>Pour sa part Moussa Camara, maire de la Commune rurale de Molota, a dit tout le bien qu\u2019il a tire\u0301 de sa rencontre avec Alphonse Charles Wright. \u00ab La rencontre d\u2019aujourd\u2019hui a e\u0301te\u0301 une e\u0301cole pour nous, car on a appris beaucoup de choses en matie\u0300re de justice qui donne une nouvelle information et qui nous met dans un autre exercice en matie\u0300re judiciaire. Toutes les infractions qui ont e\u0301te\u0301 explique\u0301es par Mr le ministre existent bien dans nos collectivite\u0301s. Que ce soit les conflits entre e\u0301leveurs et agriculteurs ou conflits domaniaux et inter communautaires dans nos collectivite\u0301s. Mais on a eu la chance d\u2019e\u0302tre la\u0300 pour comprendre. Je vous assure qu\u2019au retour dans nos localite\u0301s respectives, la premie\u0300re des choses sera d\u2019organiser une rencontre avec les citoyens pour en faire la restitution, leur expliquer ce que la justice veut faire dans notre pays. Nous sentons un changement dans les localite\u0301s respectives dans le domaine de la justice&#8230; \u00bb.<\/p>\n<p>De son co\u0302te\u0301, madame Mamai\u0308ssata Camara, directrice pre\u0301fectorale par inte\u0301rim de la culture du tourisme et de l\u2019artisanat de Kindia, a remercie\u0301 les autorite\u0301s pour une nouvelle approche. \u00ab Je remercie les autorite\u0301s de la transition pour l\u2019approche qu\u2019elles sont en train de faire. C\u2019est une approche participative qui permet a\u0300 tous les citoyens de s\u2019impliquer et de parler re\u0301ellement des proble\u0300mes qui existent dans la ville de Kindia et en Guine\u0301e en ge\u0301ne\u0301ral. En matie\u0300re de justice a\u0300 Kindia, j\u2019ai eu deux soucis ; lorsque les handicape\u0301s ont perdu leurs mate\u0301riels, on a fait des de\u0301marches et monte\u0301 un projet pour la re\u0301novation du ba\u0302timent des handicape\u0301s dont l\u2019ambassade de la France a finance\u0301. Entre-temps, un particulier est venu dire que c\u2019est pour lui le ba\u0302timent. Donc, on est venu voir la justice. Ce que je peux dire au procureur ou au pre\u0301sident du tribunal de premie\u0300re instance qui sont ici, c\u2019est de voir d\u2019abord le bien public, de mettre normalement le bien public aux personnes concerne\u0301es. Les handicape\u0301s de Kindia sont abandonne\u0301s a\u0300 eux-me\u0302mes. Donc, la justice doit jouer son ro\u0302le. L\u2019approche que Mr le ministre est en train de faire est tre\u0300s bien parce qu\u2019aujourd\u2019hui, tout le monde dira les proble\u0300mes qui les concernent. Et chacun va trouver des solutions a\u0300 ses proble\u0300mes. Enfin, je dirai que pour que l\u2019approche soit beaucoup plus comprise par le citoyen lambda, il faut que les lois soient traduites en langues nationales et vulgarise\u0301es a\u0300 tous les niveaux \u00bb, a-t-elle sugge\u0301re\u0301.<\/p>\n<p>Avant la fin de la rencontre, le ministre Charles Wright a invite\u0301 tous les citoyens qui ont un dossier en souffrance a\u0300 la justice de se faire enregistrer chez le pre\u0301fet de Kindia, et qu\u2019une autre rencontre est pre\u0301vue le 12 fe\u0301vrier prochain.<\/p>\n<p><strong>Pour plus d&rsquo;informations et d&rsquo;analyses sur la <a href=\"https:\/\/www.africa-press.net\/guinee-conakry\">Guin\u00e9e<\/a>, suivez <a href=\"https:\/\/www.africa-press.net\/\">Africa-Press<\/a><\/strong><\/p>\n","protected":false},"excerpt":{"rendered":"<p>Africa-Press &#8211; Guin\u00e9e. Le ministre de la Justice et des Droit de l\u2019Homme, Alphonse Charles Wight, accompagne\u0301 d\u2019une forte de\u0301le\u0301gation a boucle\u0301 sa visite de travail a\u0300 Kindia dans la journe\u0301e d\u2019hier, mardi 17 janvier 2023. Le Garde des Sceaux a eu une rencontre avec les sages, les e\u0301lus locaux, les administrateurs territoriaux et les [&hellip;]<\/p>\n","protected":false},"author":82,"featured_media":11457,"comment_status":"open","ping_status":"closed","sticky":false,"template":"","format":"standard","meta":{"footnotes":""},"categories":[2,10],"tags":[36,57,58],"class_list":["post-11458","post","type-post","status-publish","format-standard","has-post-thumbnail","hentry","category-politique","category-toutes-les-actualites","tag-africa-press","tag-africa-press-guinee","tag-guinee"],"yoast_head":"<!-- This site is optimized with the Yoast SEO Premium plugin v26.1 (Yoast SEO v27.0) - https:\/\/yoast.com\/product\/yoast-seo-premium-wordpress\/ -->\n<title>Kindia : ce que le ministre de la Justice, Alphonse Charles Wight, et les citoyens se sont dit - guinee Conakry<\/title>\n<meta name=\"robots\" content=\"index, follow, max-snippet:-1, max-image-preview:large, max-video-preview:-1\" \/>\n<link rel=\"canonical\" href=\"https:\/\/www.africa-press.net\/guinee-conakry\/politique\/kindia-ce-que-le-ministre-de-la-justice-alphonse-charles-wight-et-les-citoyens-se-sont-dit\" \/>\n<meta property=\"og:locale\" content=\"fr_FR\" \/>\n<meta property=\"og:type\" content=\"article\" \/>\n<meta property=\"og:title\" content=\"Kindia : ce que le ministre de la Justice, Alphonse Charles Wight, et les citoyens se sont dit\" \/>\n<meta property=\"og:description\" content=\"Africa-Press &#8211; Guin\u00e9e. Le ministre de la Justice et des Droit de l\u2019Homme, Alphonse Charles Wight, accompagne\u0301 d\u2019une forte de\u0301le\u0301gation a boucle\u0301 sa visite de travail a\u0300 Kindia dans la journe\u0301e d\u2019hier, mardi 17 janvier 2023. Le Garde des Sceaux a eu une rencontre avec les sages, les e\u0301lus locaux, les administrateurs territoriaux et les [&hellip;]\" \/>\n<meta property=\"og:url\" content=\"https:\/\/www.africa-press.net\/guinee-conakry\/politique\/kindia-ce-que-le-ministre-de-la-justice-alphonse-charles-wight-et-les-citoyens-se-sont-dit\" \/>\n<meta property=\"og:site_name\" content=\"guinee Conakry\" \/>\n<meta property=\"article:published_time\" content=\"2023-01-18T19:12:00+00:00\" \/>\n<meta name=\"author\" content=\"cfeditorfr\" \/>\n<meta name=\"twitter:card\" content=\"summary_large_image\" \/>\n<meta name=\"twitter:label1\" content=\"\u00c9crit par\" \/>\n\t<meta name=\"twitter:data1\" content=\"cfeditorfr\" \/>\n\t<meta name=\"twitter:label2\" content=\"Dur\u00e9e de lecture estim\u00e9e\" \/>\n\t<meta name=\"twitter:data2\" content=\"5 minutes\" \/>\n<script type=\"application\/ld+json\" class=\"yoast-schema-graph\">{\"@context\":\"https:\/\/schema.org\",\"@graph\":[{\"@type\":\"Article\",\"@id\":\"https:\/\/www.africa-press.net\/guinee-conakry\/politique\/kindia-ce-que-le-ministre-de-la-justice-alphonse-charles-wight-et-les-citoyens-se-sont-dit#article\",\"isPartOf\":{\"@id\":\"https:\/\/www.africa-press.net\/guinee-conakry\/politique\/kindia-ce-que-le-ministre-de-la-justice-alphonse-charles-wight-et-les-citoyens-se-sont-dit\"},\"author\":{\"name\":\"cfeditorfr\",\"@id\":\"https:\/\/www.africa-press.net\/guinee-conakry\/#\/schema\/person\/2b1cf3cd81a31e3cd26889ca66d677f1\"},\"headline\":\"Kindia : ce que le ministre de la Justice, Alphonse Charles Wight, et les citoyens se sont dit\",\"datePublished\":\"2023-01-18T19:12:00+00:00\",\"mainEntityOfPage\":{\"@id\":\"https:\/\/www.africa-press.net\/guinee-conakry\/politique\/kindia-ce-que-le-ministre-de-la-justice-alphonse-charles-wight-et-les-citoyens-se-sont-dit\"},\"wordCount\":995,\"commentCount\":0,\"image\":{\"@id\":\"https:\/\/www.africa-press.net\/guinee-conakry\/politique\/kindia-ce-que-le-ministre-de-la-justice-alphonse-charles-wight-et-les-citoyens-se-sont-dit#primaryimage\"},\"thumbnailUrl\":\"https:\/\/static.africa-press.net\/conakry\/sites\/63\/2023\/01\/Jokar1674056539.6903.jpg\",\"keywords\":[\"Africa Press\",\"Africa Press-Guin\u00e9e\",\"Guin\u00e9e\"],\"articleSection\":[\"Politique\",\"Toutes les actualit\u00e9s\"],\"inLanguage\":\"fr-FR\",\"potentialAction\":[{\"@type\":\"CommentAction\",\"name\":\"Comment\",\"target\":[\"https:\/\/www.africa-press.net\/guinee-conakry\/politique\/kindia-ce-que-le-ministre-de-la-justice-alphonse-charles-wight-et-les-citoyens-se-sont-dit#respond\"]}]},{\"@type\":\"WebPage\",\"@id\":\"https:\/\/www.africa-press.net\/guinee-conakry\/politique\/kindia-ce-que-le-ministre-de-la-justice-alphonse-charles-wight-et-les-citoyens-se-sont-dit\",\"url\":\"https:\/\/www.africa-press.net\/guinee-conakry\/politique\/kindia-ce-que-le-ministre-de-la-justice-alphonse-charles-wight-et-les-citoyens-se-sont-dit\",\"name\":\"Kindia : ce que le ministre de la Justice, Alphonse Charles Wight, et les citoyens se sont dit - guinee Conakry\",\"isPartOf\":{\"@id\":\"https:\/\/www.africa-press.net\/guinee-conakry\/#website\"},\"primaryImageOfPage\":{\"@id\":\"https:\/\/www.africa-press.net\/guinee-conakry\/politique\/kindia-ce-que-le-ministre-de-la-justice-alphonse-charles-wight-et-les-citoyens-se-sont-dit#primaryimage\"},\"image\":{\"@id\":\"https:\/\/www.africa-press.net\/guinee-conakry\/politique\/kindia-ce-que-le-ministre-de-la-justice-alphonse-charles-wight-et-les-citoyens-se-sont-dit#primaryimage\"},\"thumbnailUrl\":\"https:\/\/static.africa-press.net\/conakry\/sites\/63\/2023\/01\/Jokar1674056539.6903.jpg\",\"datePublished\":\"2023-01-18T19:12:00+00:00\",\"author\":{\"@id\":\"https:\/\/www.africa-press.net\/guinee-conakry\/#\/schema\/person\/2b1cf3cd81a31e3cd26889ca66d677f1\"},\"breadcrumb\":{\"@id\":\"https:\/\/www.africa-press.net\/guinee-conakry\/politique\/kindia-ce-que-le-ministre-de-la-justice-alphonse-charles-wight-et-les-citoyens-se-sont-dit#breadcrumb\"},\"inLanguage\":\"fr-FR\",\"potentialAction\":[{\"@type\":\"ReadAction\",\"target\":[\"https:\/\/www.africa-press.net\/guinee-conakry\/politique\/kindia-ce-que-le-ministre-de-la-justice-alphonse-charles-wight-et-les-citoyens-se-sont-dit\"]}]},{\"@type\":\"ImageObject\",\"inLanguage\":\"fr-FR\",\"@id\":\"https:\/\/www.africa-press.net\/guinee-conakry\/politique\/kindia-ce-que-le-ministre-de-la-justice-alphonse-charles-wight-et-les-citoyens-se-sont-dit#primaryimage\",\"url\":\"https:\/\/static.africa-press.net\/conakry\/sites\/63\/2023\/01\/Jokar1674056539.6903.jpg\",\"contentUrl\":\"https:\/\/static.africa-press.net\/conakry\/sites\/63\/2023\/01\/Jokar1674056539.6903.jpg\",\"width\":1280,\"height\":645,\"caption\":\"Kindia : ce que le ministre de la Justice, Alphonse Charles Wight, et les citoyens se sont dit\"},{\"@type\":\"BreadcrumbList\",\"@id\":\"https:\/\/www.africa-press.net\/guinee-conakry\/politique\/kindia-ce-que-le-ministre-de-la-justice-alphonse-charles-wight-et-les-citoyens-se-sont-dit#breadcrumb\",\"itemListElement\":[{\"@type\":\"ListItem\",\"position\":1,\"name\":\"Accueil\",\"item\":\"https:\/\/www.africa-press.net\/guinee-conakry\/\"},{\"@type\":\"ListItem\",\"position\":2,\"name\":\"Kindia : ce que le ministre de la Justice, Alphonse Charles Wight, et les citoyens se sont dit\"}]},{\"@type\":\"WebSite\",\"@id\":\"https:\/\/www.africa-press.net\/guinee-conakry\/#website\",\"url\":\"https:\/\/www.africa-press.net\/guinee-conakry\/\",\"name\":\"guinee Conakry\",\"description\":\"Just another Africa News Agency Sites site\",\"potentialAction\":[{\"@type\":\"SearchAction\",\"target\":{\"@type\":\"EntryPoint\",\"urlTemplate\":\"https:\/\/www.africa-press.net\/guinee-conakry\/?s={search_term_string}\"},\"query-input\":{\"@type\":\"PropertyValueSpecification\",\"valueRequired\":true,\"valueName\":\"search_term_string\"}}],\"inLanguage\":\"fr-FR\"},{\"@type\":\"Person\",\"@id\":\"https:\/\/www.africa-press.net\/guinee-conakry\/#\/schema\/person\/2b1cf3cd81a31e3cd26889ca66d677f1\",\"name\":\"cfeditorfr\"}]}<\/script>\n<!-- \/ Yoast SEO Premium plugin. -->","yoast_head_json":{"title":"Kindia : ce que le ministre de la Justice, Alphonse Charles Wight, et les citoyens se sont dit - guinee Conakry","robots":{"index":"index","follow":"follow","max-snippet":"max-snippet:-1","max-image-preview":"max-image-preview:large","max-video-preview":"max-video-preview:-1"},"canonical":"https:\/\/www.africa-press.net\/guinee-conakry\/politique\/kindia-ce-que-le-ministre-de-la-justice-alphonse-charles-wight-et-les-citoyens-se-sont-dit","og_locale":"fr_FR","og_type":"article","og_title":"Kindia : ce que le ministre de la Justice, Alphonse Charles Wight, et les citoyens se sont dit","og_description":"Africa-Press &#8211; Guin\u00e9e. Le ministre de la Justice et des Droit de l\u2019Homme, Alphonse Charles Wight, accompagne\u0301 d\u2019une forte de\u0301le\u0301gation a boucle\u0301 sa visite de travail a\u0300 Kindia dans la journe\u0301e d\u2019hier, mardi 17 janvier 2023. Le Garde des Sceaux a eu une rencontre avec les sages, les e\u0301lus locaux, les administrateurs territoriaux et les [&hellip;]","og_url":"https:\/\/www.africa-press.net\/guinee-conakry\/politique\/kindia-ce-que-le-ministre-de-la-justice-alphonse-charles-wight-et-les-citoyens-se-sont-dit","og_site_name":"guinee Conakry","article_published_time":"2023-01-18T19:12:00+00:00","author":"cfeditorfr","twitter_card":"summary_large_image","twitter_misc":{"\u00c9crit par":"cfeditorfr","Dur\u00e9e de lecture estim\u00e9e":"5 minutes"},"schema":{"@context":"https:\/\/schema.org","@graph":[{"@type":"Article","@id":"https:\/\/www.africa-press.net\/guinee-conakry\/politique\/kindia-ce-que-le-ministre-de-la-justice-alphonse-charles-wight-et-les-citoyens-se-sont-dit#article","isPartOf":{"@id":"https:\/\/www.africa-press.net\/guinee-conakry\/politique\/kindia-ce-que-le-ministre-de-la-justice-alphonse-charles-wight-et-les-citoyens-se-sont-dit"},"author":{"name":"cfeditorfr","@id":"https:\/\/www.africa-press.net\/guinee-conakry\/#\/schema\/person\/2b1cf3cd81a31e3cd26889ca66d677f1"},"headline":"Kindia : ce que le ministre de la Justice, Alphonse Charles Wight, et les citoyens se sont dit","datePublished":"2023-01-18T19:12:00+00:00","mainEntityOfPage":{"@id":"https:\/\/www.africa-press.net\/guinee-conakry\/politique\/kindia-ce-que-le-ministre-de-la-justice-alphonse-charles-wight-et-les-citoyens-se-sont-dit"},"wordCount":995,"commentCount":0,"image":{"@id":"https:\/\/www.africa-press.net\/guinee-conakry\/politique\/kindia-ce-que-le-ministre-de-la-justice-alphonse-charles-wight-et-les-citoyens-se-sont-dit#primaryimage"},"thumbnailUrl":"https:\/\/static.africa-press.net\/conakry\/sites\/63\/2023\/01\/Jokar1674056539.6903.jpg","keywords":["Africa Press","Africa Press-Guin\u00e9e","Guin\u00e9e"],"articleSection":["Politique","Toutes les actualit\u00e9s"],"inLanguage":"fr-FR","potentialAction":[{"@type":"CommentAction","name":"Comment","target":["https:\/\/www.africa-press.net\/guinee-conakry\/politique\/kindia-ce-que-le-ministre-de-la-justice-alphonse-charles-wight-et-les-citoyens-se-sont-dit#respond"]}]},{"@type":"WebPage","@id":"https:\/\/www.africa-press.net\/guinee-conakry\/politique\/kindia-ce-que-le-ministre-de-la-justice-alphonse-charles-wight-et-les-citoyens-se-sont-dit","url":"https:\/\/www.africa-press.net\/guinee-conakry\/politique\/kindia-ce-que-le-ministre-de-la-justice-alphonse-charles-wight-et-les-citoyens-se-sont-dit","name":"Kindia : ce que le ministre de la Justice, Alphonse Charles Wight, et les citoyens se sont dit - guinee Conakry","isPartOf":{"@id":"https:\/\/www.africa-press.net\/guinee-conakry\/#website"},"primaryImageOfPage":{"@id":"https:\/\/www.africa-press.net\/guinee-conakry\/politique\/kindia-ce-que-le-ministre-de-la-justice-alphonse-charles-wight-et-les-citoyens-se-sont-dit#primaryimage"},"image":{"@id":"https:\/\/www.africa-press.net\/guinee-conakry\/politique\/kindia-ce-que-le-ministre-de-la-justice-alphonse-charles-wight-et-les-citoyens-se-sont-dit#primaryimage"},"thumbnailUrl":"https:\/\/static.africa-press.net\/conakry\/sites\/63\/2023\/01\/Jokar1674056539.6903.jpg","datePublished":"2023-01-18T19:12:00+00:00","author":{"@id":"https:\/\/www.africa-press.net\/guinee-conakry\/#\/schema\/person\/2b1cf3cd81a31e3cd26889ca66d677f1"},"breadcrumb":{"@id":"https:\/\/www.africa-press.net\/guinee-conakry\/politique\/kindia-ce-que-le-ministre-de-la-justice-alphonse-charles-wight-et-les-citoyens-se-sont-dit#breadcrumb"},"inLanguage":"fr-FR","potentialAction":[{"@type":"ReadAction","target":["https:\/\/www.africa-press.net\/guinee-conakry\/politique\/kindia-ce-que-le-ministre-de-la-justice-alphonse-charles-wight-et-les-citoyens-se-sont-dit"]}]},{"@type":"ImageObject","inLanguage":"fr-FR","@id":"https:\/\/www.africa-press.net\/guinee-conakry\/politique\/kindia-ce-que-le-ministre-de-la-justice-alphonse-charles-wight-et-les-citoyens-se-sont-dit#primaryimage","url":"https:\/\/static.africa-press.net\/conakry\/sites\/63\/2023\/01\/Jokar1674056539.6903.jpg","contentUrl":"https:\/\/static.africa-press.net\/conakry\/sites\/63\/2023\/01\/Jokar1674056539.6903.jpg","width":1280,"height":645,"caption":"Kindia : ce que le ministre de la Justice, Alphonse Charles Wight, et les citoyens se sont dit"},{"@type":"BreadcrumbList","@id":"https:\/\/www.africa-press.net\/guinee-conakry\/politique\/kindia-ce-que-le-ministre-de-la-justice-alphonse-charles-wight-et-les-citoyens-se-sont-dit#breadcrumb","itemListElement":[{"@type":"ListItem","position":1,"name":"Accueil","item":"https:\/\/www.africa-press.net\/guinee-conakry\/"},{"@type":"ListItem","position":2,"name":"Kindia : ce que le ministre de la Justice, Alphonse Charles Wight, et les citoyens se sont dit"}]},{"@type":"WebSite","@id":"https:\/\/www.africa-press.net\/guinee-conakry\/#website","url":"https:\/\/www.africa-press.net\/guinee-conakry\/","name":"guinee Conakry","description":"Just another Africa News Agency Sites site","potentialAction":[{"@type":"SearchAction","target":{"@type":"EntryPoint","urlTemplate":"https:\/\/www.africa-press.net\/guinee-conakry\/?s={search_term_string}"},"query-input":{"@type":"PropertyValueSpecification","valueRequired":true,"valueName":"search_term_string"}}],"inLanguage":"fr-FR"},{"@type":"Person","@id":"https:\/\/www.africa-press.net\/guinee-conakry\/#\/schema\/person\/2b1cf3cd81a31e3cd26889ca66d677f1","name":"cfeditorfr"}]}},"_links":{"self":[{"href":"https:\/\/www.africa-press.net\/guinee-conakry\/wp-json\/wp\/v2\/posts\/11458","targetHints":{"allow":["GET"]}}],"collection":[{"href":"https:\/\/www.africa-press.net\/guinee-conakry\/wp-json\/wp\/v2\/posts"}],"about":[{"href":"https:\/\/www.africa-press.net\/guinee-conakry\/wp-json\/wp\/v2\/types\/post"}],"author":[{"embeddable":true,"href":"https:\/\/www.africa-press.net\/guinee-conakry\/wp-json\/wp\/v2\/users\/82"}],"replies":[{"embeddable":true,"href":"https:\/\/www.africa-press.net\/guinee-conakry\/wp-json\/wp\/v2\/comments?post=11458"}],"version-history":[{"count":0,"href":"https:\/\/www.africa-press.net\/guinee-conakry\/wp-json\/wp\/v2\/posts\/11458\/revisions"}],"wp:featuredmedia":[{"embeddable":true,"href":"https:\/\/www.africa-press.net\/guinee-conakry\/wp-json\/wp\/v2\/media\/11457"}],"wp:attachment":[{"href":"https:\/\/www.africa-press.net\/guinee-conakry\/wp-json\/wp\/v2\/media?parent=11458"}],"wp:term":[{"taxonomy":"category","embeddable":true,"href":"https:\/\/www.africa-press.net\/guinee-conakry\/wp-json\/wp\/v2\/categories?post=11458"},{"taxonomy":"post_tag","embeddable":true,"href":"https:\/\/www.africa-press.net\/guinee-conakry\/wp-json\/wp\/v2\/tags?post=11458"}],"curies":[{"name":"wp","href":"https:\/\/api.w.org\/{rel}","templated":true}]}}