{"id":11460,"date":"2023-01-18T19:17:00","date_gmt":"2023-01-18T19:17:00","guid":{"rendered":"https:\/\/www.africa-press.net\/guinee-conakry\/politique\/proces-du-28-septembre-me-pepe-koulemou-avocat-de-dadis-demande-la-comparution-dalpha-conde-et-sekouba-konate"},"modified":"2023-01-18T19:17:00","modified_gmt":"2023-01-18T19:17:00","slug":"proces-du-28-septembre-me-pepe-koulemou-avocat-de-dadis-demande-la-comparution-dalpha-conde-et-sekouba-konate","status":"publish","type":"post","link":"https:\/\/www.africa-press.net\/guinee-conakry\/politique\/proces-du-28-septembre-me-pepe-koulemou-avocat-de-dadis-demande-la-comparution-dalpha-conde-et-sekouba-konate","title":{"rendered":"Proc\u00e8s du 28 septembre : Me P\u00e9p\u00e9 Koul\u00e9mou (avocat de Dadis) demande la comparution d\u2019Alpha Cond\u00e9 et S\u00e9kouba Konat\u00e9"},"content":{"rendered":"<p><span style=\"color: #ff6600\"><strong>Africa-Press &#8211; Guin\u00e9e. <\/strong><\/span>En ce 38e\u0300me jour de proce\u0300s, ce mercredi, 18 janvier 2023, Capitaine Moussa Dadis Camara, Pre\u0301sident de la Guine\u0301e a\u0300 l\u2019e\u0301poque des faits, est a\u0300 sa 12e\u0300me comparution devant le tribunal criminel de Dixinn de\u0301localise\u0301 a\u0300 Kaloum. Face a\u0300 ses avocats, l\u2019ancien chef de la junte du CNDD a re\u0301pondu aux questions (contre interrogatoire) de Mai\u0302tre Pe\u0301pe\u0301 Koule\u0301mou. L\u2019accuse\u0301 a\u0300 profite\u0301 de ces questions pour indiquer qu\u2019il e\u0301tait oblige\u0301 de soutenir le pre\u0301sident Alpha Conde\u0301, me\u0302me s\u2019il savait bien que ce dernier e\u0301tait un comploteur des massacres du 28 septembre.<br \/>\nle de\u0301cryptage de cet e\u0301change :<\/p>\n<p>Mai\u0302tre Pe\u0301pe\u0301 Koule\u0301mou : Dans l\u2019inte\u0301re\u0302t de ce proce\u0300s, vous avez toujours re\u0301clame\u0301 la tenue de ce proce\u0300s, vous avez toujours re\u0301clame\u0301 la justice, oui ou non ?<\/p>\n<p>Moussa Dadis Camara : Oui, Mai\u0302tre<\/p>\n<p>Mai\u0302tre Pe\u0301pe\u0301 Koule\u0301mou : Vous vous embarquez avec votre avocat, vous venez a\u0300 Abidjan. On de\u0301tourne l\u2019avion pour vous retourner d\u2019abord a\u0300 Accra, avant de revenir a\u0300 Ouaga. Oui ou non, vous ne pensez pas que c\u2019e\u0301tait la suite logique du complot dirige\u0301 contre votre personne ?<\/p>\n<p>Moussa Dadis Camara : Oui, Mai\u0302tre<\/p>\n<p>Mai\u0302tre Pe\u0301pe\u0301 Koule\u0301mou : On vous a e\u0301vince\u0301 du pouvoir. Les comploteurs disent que ce n\u2019est pas fini. Nous l\u2019avons e\u0301vince\u0301. Mais, nous devons le contraindre a\u0300 nous soutenir a\u0300 toutes les e\u0301tapes e\u0301lectorales. Je pose la question suivant : il y a un de mes confre\u0300res qui a dit pourquoi vous dites que monsieur Alpha Conde\u0301 e\u0301tait dans le complot alors que vous aviez vote\u0301 pour lui. Vous avez battu campagne pour lui. Est-ce que vous e\u0301tiez libre vis-a\u0300-vis de Alpha Conde\u0301 e\u0301tant a\u0300 Ouaga (Burkina Faso)<\/p>\n<p>Moussa Dadis Camara : Non !<\/p>\n<p>Mai\u0302tre Pe\u0301pe\u0301 Koule\u0301mou : Je crois Non ! Oui ou non ? Re\u0301pondez haut pour permettre au tribunal de comprendre<\/p>\n<p>Moussa Dadis Camara : Non ! Non ! Je n\u2019e\u0301tais pas libre !<\/p>\n<p>Mai\u0302tre Pe\u0301pe\u0301 Koule\u0301mou : Vous e\u0301tiez conside\u0301re\u0301 comme un sujet de monsieur Alpha Conde\u0301 a\u0300 Ouagadougou ? Oui ou non ?<\/p>\n<p>Moussa Dadis Camara : Oui, un attribut<\/p>\n<p>Mai\u0302tre Pe\u0301pe\u0301 Koule\u0301mou : Comment ?<\/p>\n<p>Moussa Dadis Camara : Un attribut.<\/p>\n<p>Mai\u0302tre Pe\u0301pe\u0301 Koule\u0301mou : Tre\u0300s bien. N\u2019a-t-il pas demande\u0301 a\u0300 vos proches de voter pour qu\u2019il accepte votre retour en Guine\u0301e ? Oui ou non ?<\/p>\n<p>Moussa Dadis Camara : Oui, Mai\u0302tre<\/p>\n<p>Mai\u0302tre Pe\u0301pe\u0301 Koule\u0301mou : C\u2019e\u0301tait devenu un moyen pour monsieur Alpha Conde\u0301 de vous contraindre au fait d\u2019avoir un e\u0301lectorat, une base e\u0301lectorale chez vous ? Oui ou non ?<\/p>\n<p>Moussa Dadis Camara : Oui Mai\u0302tre.<\/p>\n<p>Apre\u0300s ce contre interrogatoire de son client, mai\u0302tre Pe\u0301pe\u0301 Koule\u0301mou a demande\u0301 au pre\u0301sident du tribunal, Ibrahima Sory 2 Tounkara, d\u2019ordonner la comparution des deux anciens dirigeants guine\u0301ens, le Ge\u0301ne\u0301ral Se\u0301kouba Konate\u0301 (Pre\u0301sident de 2009 a\u0300 2010) et le professeur Alpha Conde\u0301 (Pre\u0301sident de la Re\u0301publique du 21 de\u0301cembre 2010 au 5 septembre 2021). \u00ab Dans l\u2019inte\u0301re\u0302t de la manifestation de la ve\u0301rite\u0301, qui a commence\u0301 a\u0300 jaillir dans votre tribunal, ordonnez la comparution des consorts Se\u0301kouba Konate\u0301 et Alpha Conde\u0301 par rapport a\u0300 toutes les questions que nous avons souleve\u0301es ici \u00bb, a-t-il sollicite\u0301, avant de passer la parole son colle\u0300gue, mai\u0302tre Jean Baptiste Jocamey Haba.<\/p>\n<p>A\u0300 pre\u0301ciser que le Capitaine Moussa Dadis Camara comparait dans ce dossier du massacre du 28 septembre 2009 avec des accusations de complicite\u0301 avec 11 autres dignitaires de son re\u0301gime. Il est d\u2019ailleurs le 9e\u0300me comparant a\u0300 la barre, apre\u0300s le passage du Colonel Moussa Thie\u0301gboro Camara, du Capitaine Marcel Guilavogui, du Commandant Aboubacar Sidiki Diakite\u0301 dit Toumba, du Capitaine Ce\u0301ce\u0301 Raphae\u0308l Haba, du Colonel Abdoulaye Che\u0301rif Diaby, du Colonel Ibrahima Kalonzo Camara, du Margis-Chef Mamadou Aliou Kei\u0308ta et du Colonel Claude Pivi.<\/p>\n<p>Ils sont accuse\u0301s de meurtres, assassinats, vols, pillages, incendies volontaires, vol a\u0300 main arme\u0301es, coups et blessures volontaires, outrage a\u0300 agents de la force publique, tortures, enle\u0300vements et se\u0301questrations, non assistance a\u0300 personnes en dangers, violences sexuelles, attentats a\u0300 la pudeur, de\u0301tention de mate\u0301riel de guerre de premie\u0300re cate\u0301gorie et complicite\u0301.<\/p>\n<p><strong>Pour plus d&rsquo;informations et d&rsquo;analyses sur la <a href=\"https:\/\/www.africa-press.net\/guinee-conakry\">Guin\u00e9e<\/a>, suivez <a href=\"https:\/\/www.africa-press.net\/\">Africa-Press<\/a><\/strong><\/p>\n","protected":false},"excerpt":{"rendered":"<p>Africa-Press &#8211; Guin\u00e9e. En ce 38e\u0300me jour de proce\u0300s, ce mercredi, 18 janvier 2023, Capitaine Moussa Dadis Camara, Pre\u0301sident de la Guine\u0301e a\u0300 l\u2019e\u0301poque des faits, est a\u0300 sa 12e\u0300me comparution devant le tribunal criminel de Dixinn de\u0301localise\u0301 a\u0300 Kaloum. Face a\u0300 ses avocats, l\u2019ancien chef de la junte du CNDD a re\u0301pondu aux questions [&hellip;]<\/p>\n","protected":false},"author":82,"featured_media":11459,"comment_status":"open","ping_status":"closed","sticky":false,"template":"","format":"standard","meta":{"footnotes":""},"categories":[2,10],"tags":[36,57,58],"class_list":["post-11460","post","type-post","status-publish","format-standard","has-post-thumbnail","hentry","category-politique","category-toutes-les-actualites","tag-africa-press","tag-africa-press-guinee","tag-guinee"],"yoast_head":"<!-- This site is optimized with the Yoast SEO Premium plugin v26.1 (Yoast SEO v27.0) - https:\/\/yoast.com\/product\/yoast-seo-premium-wordpress\/ -->\n<title>Proc\u00e8s du 28 septembre : Me P\u00e9p\u00e9 Koul\u00e9mou (avocat de Dadis) demande la comparution d\u2019Alpha Cond\u00e9 et S\u00e9kouba Konat\u00e9 - guinee Conakry<\/title>\n<meta name=\"robots\" content=\"index, follow, max-snippet:-1, max-image-preview:large, max-video-preview:-1\" \/>\n<link rel=\"canonical\" href=\"https:\/\/www.africa-press.net\/guinee-conakry\/politique\/proces-du-28-septembre-me-pepe-koulemou-avocat-de-dadis-demande-la-comparution-dalpha-conde-et-sekouba-konate\" \/>\n<meta property=\"og:locale\" content=\"fr_FR\" \/>\n<meta property=\"og:type\" content=\"article\" \/>\n<meta property=\"og:title\" content=\"Proc\u00e8s du 28 septembre : Me P\u00e9p\u00e9 Koul\u00e9mou (avocat de Dadis) demande la comparution d\u2019Alpha Cond\u00e9 et S\u00e9kouba Konat\u00e9\" \/>\n<meta property=\"og:description\" content=\"Africa-Press &#8211; Guin\u00e9e. En ce 38e\u0300me jour de proce\u0300s, ce mercredi, 18 janvier 2023, Capitaine Moussa Dadis Camara, Pre\u0301sident de la Guine\u0301e a\u0300 l\u2019e\u0301poque des faits, est a\u0300 sa 12e\u0300me comparution devant le tribunal criminel de Dixinn de\u0301localise\u0301 a\u0300 Kaloum. Face a\u0300 ses avocats, l\u2019ancien chef de la junte du CNDD a re\u0301pondu aux questions [&hellip;]\" \/>\n<meta property=\"og:url\" content=\"https:\/\/www.africa-press.net\/guinee-conakry\/politique\/proces-du-28-septembre-me-pepe-koulemou-avocat-de-dadis-demande-la-comparution-dalpha-conde-et-sekouba-konate\" \/>\n<meta property=\"og:site_name\" content=\"guinee Conakry\" \/>\n<meta property=\"article:published_time\" content=\"2023-01-18T19:17:00+00:00\" \/>\n<meta name=\"author\" content=\"cfeditorfr\" \/>\n<meta name=\"twitter:card\" content=\"summary_large_image\" \/>\n<meta name=\"twitter:label1\" content=\"\u00c9crit par\" \/>\n\t<meta name=\"twitter:data1\" content=\"cfeditorfr\" \/>\n\t<meta name=\"twitter:label2\" content=\"Dur\u00e9e de lecture estim\u00e9e\" \/>\n\t<meta name=\"twitter:data2\" content=\"4 minutes\" \/>\n<script type=\"application\/ld+json\" class=\"yoast-schema-graph\">{\"@context\":\"https:\/\/schema.org\",\"@graph\":[{\"@type\":\"Article\",\"@id\":\"https:\/\/www.africa-press.net\/guinee-conakry\/politique\/proces-du-28-septembre-me-pepe-koulemou-avocat-de-dadis-demande-la-comparution-dalpha-conde-et-sekouba-konate#article\",\"isPartOf\":{\"@id\":\"https:\/\/www.africa-press.net\/guinee-conakry\/politique\/proces-du-28-septembre-me-pepe-koulemou-avocat-de-dadis-demande-la-comparution-dalpha-conde-et-sekouba-konate\"},\"author\":{\"name\":\"cfeditorfr\",\"@id\":\"https:\/\/www.africa-press.net\/guinee-conakry\/#\/schema\/person\/2b1cf3cd81a31e3cd26889ca66d677f1\"},\"headline\":\"Proc\u00e8s du 28 septembre : Me P\u00e9p\u00e9 Koul\u00e9mou (avocat de Dadis) demande la comparution d\u2019Alpha Cond\u00e9 et S\u00e9kouba Konat\u00e9\",\"datePublished\":\"2023-01-18T19:17:00+00:00\",\"mainEntityOfPage\":{\"@id\":\"https:\/\/www.africa-press.net\/guinee-conakry\/politique\/proces-du-28-septembre-me-pepe-koulemou-avocat-de-dadis-demande-la-comparution-dalpha-conde-et-sekouba-konate\"},\"wordCount\":777,\"commentCount\":0,\"image\":{\"@id\":\"https:\/\/www.africa-press.net\/guinee-conakry\/politique\/proces-du-28-septembre-me-pepe-koulemou-avocat-de-dadis-demande-la-comparution-dalpha-conde-et-sekouba-konate#primaryimage\"},\"thumbnailUrl\":\"https:\/\/static.africa-press.net\/conakry\/sites\/63\/2023\/01\/Jokar1674056843.297369.jpg\",\"keywords\":[\"Africa Press\",\"Africa Press-Guin\u00e9e\",\"Guin\u00e9e\"],\"articleSection\":[\"Politique\",\"Toutes les actualit\u00e9s\"],\"inLanguage\":\"fr-FR\",\"potentialAction\":[{\"@type\":\"CommentAction\",\"name\":\"Comment\",\"target\":[\"https:\/\/www.africa-press.net\/guinee-conakry\/politique\/proces-du-28-septembre-me-pepe-koulemou-avocat-de-dadis-demande-la-comparution-dalpha-conde-et-sekouba-konate#respond\"]}]},{\"@type\":\"WebPage\",\"@id\":\"https:\/\/www.africa-press.net\/guinee-conakry\/politique\/proces-du-28-septembre-me-pepe-koulemou-avocat-de-dadis-demande-la-comparution-dalpha-conde-et-sekouba-konate\",\"url\":\"https:\/\/www.africa-press.net\/guinee-conakry\/politique\/proces-du-28-septembre-me-pepe-koulemou-avocat-de-dadis-demande-la-comparution-dalpha-conde-et-sekouba-konate\",\"name\":\"Proc\u00e8s du 28 septembre : Me P\u00e9p\u00e9 Koul\u00e9mou (avocat de Dadis) demande la comparution d\u2019Alpha Cond\u00e9 et S\u00e9kouba Konat\u00e9 - guinee Conakry\",\"isPartOf\":{\"@id\":\"https:\/\/www.africa-press.net\/guinee-conakry\/#website\"},\"primaryImageOfPage\":{\"@id\":\"https:\/\/www.africa-press.net\/guinee-conakry\/politique\/proces-du-28-septembre-me-pepe-koulemou-avocat-de-dadis-demande-la-comparution-dalpha-conde-et-sekouba-konate#primaryimage\"},\"image\":{\"@id\":\"https:\/\/www.africa-press.net\/guinee-conakry\/politique\/proces-du-28-septembre-me-pepe-koulemou-avocat-de-dadis-demande-la-comparution-dalpha-conde-et-sekouba-konate#primaryimage\"},\"thumbnailUrl\":\"https:\/\/static.africa-press.net\/conakry\/sites\/63\/2023\/01\/Jokar1674056843.297369.jpg\",\"datePublished\":\"2023-01-18T19:17:00+00:00\",\"author\":{\"@id\":\"https:\/\/www.africa-press.net\/guinee-conakry\/#\/schema\/person\/2b1cf3cd81a31e3cd26889ca66d677f1\"},\"breadcrumb\":{\"@id\":\"https:\/\/www.africa-press.net\/guinee-conakry\/politique\/proces-du-28-septembre-me-pepe-koulemou-avocat-de-dadis-demande-la-comparution-dalpha-conde-et-sekouba-konate#breadcrumb\"},\"inLanguage\":\"fr-FR\",\"potentialAction\":[{\"@type\":\"ReadAction\",\"target\":[\"https:\/\/www.africa-press.net\/guinee-conakry\/politique\/proces-du-28-septembre-me-pepe-koulemou-avocat-de-dadis-demande-la-comparution-dalpha-conde-et-sekouba-konate\"]}]},{\"@type\":\"ImageObject\",\"inLanguage\":\"fr-FR\",\"@id\":\"https:\/\/www.africa-press.net\/guinee-conakry\/politique\/proces-du-28-septembre-me-pepe-koulemou-avocat-de-dadis-demande-la-comparution-dalpha-conde-et-sekouba-konate#primaryimage\",\"url\":\"https:\/\/static.africa-press.net\/conakry\/sites\/63\/2023\/01\/Jokar1674056843.297369.jpg\",\"contentUrl\":\"https:\/\/static.africa-press.net\/conakry\/sites\/63\/2023\/01\/Jokar1674056843.297369.jpg\",\"width\":470,\"height\":354,\"caption\":\"Proc\u00e8s du 28 septembre : Me P\u00e9p\u00e9 Koul\u00e9mou (avocat de Dadis) demande la comparution d\u2019Alpha Cond\u00e9 et S\u00e9kouba Konat\u00e9\"},{\"@type\":\"BreadcrumbList\",\"@id\":\"https:\/\/www.africa-press.net\/guinee-conakry\/politique\/proces-du-28-septembre-me-pepe-koulemou-avocat-de-dadis-demande-la-comparution-dalpha-conde-et-sekouba-konate#breadcrumb\",\"itemListElement\":[{\"@type\":\"ListItem\",\"position\":1,\"name\":\"Accueil\",\"item\":\"https:\/\/www.africa-press.net\/guinee-conakry\/\"},{\"@type\":\"ListItem\",\"position\":2,\"name\":\"Proc\u00e8s du 28 septembre : Me P\u00e9p\u00e9 Koul\u00e9mou (avocat de Dadis) demande la comparution d\u2019Alpha Cond\u00e9 et S\u00e9kouba Konat\u00e9\"}]},{\"@type\":\"WebSite\",\"@id\":\"https:\/\/www.africa-press.net\/guinee-conakry\/#website\",\"url\":\"https:\/\/www.africa-press.net\/guinee-conakry\/\",\"name\":\"guinee Conakry\",\"description\":\"Just another Africa News Agency Sites site\",\"potentialAction\":[{\"@type\":\"SearchAction\",\"target\":{\"@type\":\"EntryPoint\",\"urlTemplate\":\"https:\/\/www.africa-press.net\/guinee-conakry\/?s={search_term_string}\"},\"query-input\":{\"@type\":\"PropertyValueSpecification\",\"valueRequired\":true,\"valueName\":\"search_term_string\"}}],\"inLanguage\":\"fr-FR\"},{\"@type\":\"Person\",\"@id\":\"https:\/\/www.africa-press.net\/guinee-conakry\/#\/schema\/person\/2b1cf3cd81a31e3cd26889ca66d677f1\",\"name\":\"cfeditorfr\"}]}<\/script>\n<!-- \/ Yoast SEO Premium plugin. -->","yoast_head_json":{"title":"Proc\u00e8s du 28 septembre : Me P\u00e9p\u00e9 Koul\u00e9mou (avocat de Dadis) demande la comparution d\u2019Alpha Cond\u00e9 et S\u00e9kouba Konat\u00e9 - guinee Conakry","robots":{"index":"index","follow":"follow","max-snippet":"max-snippet:-1","max-image-preview":"max-image-preview:large","max-video-preview":"max-video-preview:-1"},"canonical":"https:\/\/www.africa-press.net\/guinee-conakry\/politique\/proces-du-28-septembre-me-pepe-koulemou-avocat-de-dadis-demande-la-comparution-dalpha-conde-et-sekouba-konate","og_locale":"fr_FR","og_type":"article","og_title":"Proc\u00e8s du 28 septembre : Me P\u00e9p\u00e9 Koul\u00e9mou (avocat de Dadis) demande la comparution d\u2019Alpha Cond\u00e9 et S\u00e9kouba Konat\u00e9","og_description":"Africa-Press &#8211; Guin\u00e9e. En ce 38e\u0300me jour de proce\u0300s, ce mercredi, 18 janvier 2023, Capitaine Moussa Dadis Camara, Pre\u0301sident de la Guine\u0301e a\u0300 l\u2019e\u0301poque des faits, est a\u0300 sa 12e\u0300me comparution devant le tribunal criminel de Dixinn de\u0301localise\u0301 a\u0300 Kaloum. Face a\u0300 ses avocats, l\u2019ancien chef de la junte du CNDD a re\u0301pondu aux questions [&hellip;]","og_url":"https:\/\/www.africa-press.net\/guinee-conakry\/politique\/proces-du-28-septembre-me-pepe-koulemou-avocat-de-dadis-demande-la-comparution-dalpha-conde-et-sekouba-konate","og_site_name":"guinee Conakry","article_published_time":"2023-01-18T19:17:00+00:00","author":"cfeditorfr","twitter_card":"summary_large_image","twitter_misc":{"\u00c9crit par":"cfeditorfr","Dur\u00e9e de lecture estim\u00e9e":"4 minutes"},"schema":{"@context":"https:\/\/schema.org","@graph":[{"@type":"Article","@id":"https:\/\/www.africa-press.net\/guinee-conakry\/politique\/proces-du-28-septembre-me-pepe-koulemou-avocat-de-dadis-demande-la-comparution-dalpha-conde-et-sekouba-konate#article","isPartOf":{"@id":"https:\/\/www.africa-press.net\/guinee-conakry\/politique\/proces-du-28-septembre-me-pepe-koulemou-avocat-de-dadis-demande-la-comparution-dalpha-conde-et-sekouba-konate"},"author":{"name":"cfeditorfr","@id":"https:\/\/www.africa-press.net\/guinee-conakry\/#\/schema\/person\/2b1cf3cd81a31e3cd26889ca66d677f1"},"headline":"Proc\u00e8s du 28 septembre : Me P\u00e9p\u00e9 Koul\u00e9mou (avocat de Dadis) demande la comparution d\u2019Alpha Cond\u00e9 et S\u00e9kouba Konat\u00e9","datePublished":"2023-01-18T19:17:00+00:00","mainEntityOfPage":{"@id":"https:\/\/www.africa-press.net\/guinee-conakry\/politique\/proces-du-28-septembre-me-pepe-koulemou-avocat-de-dadis-demande-la-comparution-dalpha-conde-et-sekouba-konate"},"wordCount":777,"commentCount":0,"image":{"@id":"https:\/\/www.africa-press.net\/guinee-conakry\/politique\/proces-du-28-septembre-me-pepe-koulemou-avocat-de-dadis-demande-la-comparution-dalpha-conde-et-sekouba-konate#primaryimage"},"thumbnailUrl":"https:\/\/static.africa-press.net\/conakry\/sites\/63\/2023\/01\/Jokar1674056843.297369.jpg","keywords":["Africa Press","Africa Press-Guin\u00e9e","Guin\u00e9e"],"articleSection":["Politique","Toutes les actualit\u00e9s"],"inLanguage":"fr-FR","potentialAction":[{"@type":"CommentAction","name":"Comment","target":["https:\/\/www.africa-press.net\/guinee-conakry\/politique\/proces-du-28-septembre-me-pepe-koulemou-avocat-de-dadis-demande-la-comparution-dalpha-conde-et-sekouba-konate#respond"]}]},{"@type":"WebPage","@id":"https:\/\/www.africa-press.net\/guinee-conakry\/politique\/proces-du-28-septembre-me-pepe-koulemou-avocat-de-dadis-demande-la-comparution-dalpha-conde-et-sekouba-konate","url":"https:\/\/www.africa-press.net\/guinee-conakry\/politique\/proces-du-28-septembre-me-pepe-koulemou-avocat-de-dadis-demande-la-comparution-dalpha-conde-et-sekouba-konate","name":"Proc\u00e8s du 28 septembre : Me P\u00e9p\u00e9 Koul\u00e9mou (avocat de Dadis) demande la comparution d\u2019Alpha Cond\u00e9 et S\u00e9kouba Konat\u00e9 - guinee Conakry","isPartOf":{"@id":"https:\/\/www.africa-press.net\/guinee-conakry\/#website"},"primaryImageOfPage":{"@id":"https:\/\/www.africa-press.net\/guinee-conakry\/politique\/proces-du-28-septembre-me-pepe-koulemou-avocat-de-dadis-demande-la-comparution-dalpha-conde-et-sekouba-konate#primaryimage"},"image":{"@id":"https:\/\/www.africa-press.net\/guinee-conakry\/politique\/proces-du-28-septembre-me-pepe-koulemou-avocat-de-dadis-demande-la-comparution-dalpha-conde-et-sekouba-konate#primaryimage"},"thumbnailUrl":"https:\/\/static.africa-press.net\/conakry\/sites\/63\/2023\/01\/Jokar1674056843.297369.jpg","datePublished":"2023-01-18T19:17:00+00:00","author":{"@id":"https:\/\/www.africa-press.net\/guinee-conakry\/#\/schema\/person\/2b1cf3cd81a31e3cd26889ca66d677f1"},"breadcrumb":{"@id":"https:\/\/www.africa-press.net\/guinee-conakry\/politique\/proces-du-28-septembre-me-pepe-koulemou-avocat-de-dadis-demande-la-comparution-dalpha-conde-et-sekouba-konate#breadcrumb"},"inLanguage":"fr-FR","potentialAction":[{"@type":"ReadAction","target":["https:\/\/www.africa-press.net\/guinee-conakry\/politique\/proces-du-28-septembre-me-pepe-koulemou-avocat-de-dadis-demande-la-comparution-dalpha-conde-et-sekouba-konate"]}]},{"@type":"ImageObject","inLanguage":"fr-FR","@id":"https:\/\/www.africa-press.net\/guinee-conakry\/politique\/proces-du-28-septembre-me-pepe-koulemou-avocat-de-dadis-demande-la-comparution-dalpha-conde-et-sekouba-konate#primaryimage","url":"https:\/\/static.africa-press.net\/conakry\/sites\/63\/2023\/01\/Jokar1674056843.297369.jpg","contentUrl":"https:\/\/static.africa-press.net\/conakry\/sites\/63\/2023\/01\/Jokar1674056843.297369.jpg","width":470,"height":354,"caption":"Proc\u00e8s du 28 septembre : Me P\u00e9p\u00e9 Koul\u00e9mou (avocat de Dadis) demande la comparution d\u2019Alpha Cond\u00e9 et S\u00e9kouba Konat\u00e9"},{"@type":"BreadcrumbList","@id":"https:\/\/www.africa-press.net\/guinee-conakry\/politique\/proces-du-28-septembre-me-pepe-koulemou-avocat-de-dadis-demande-la-comparution-dalpha-conde-et-sekouba-konate#breadcrumb","itemListElement":[{"@type":"ListItem","position":1,"name":"Accueil","item":"https:\/\/www.africa-press.net\/guinee-conakry\/"},{"@type":"ListItem","position":2,"name":"Proc\u00e8s du 28 septembre : Me P\u00e9p\u00e9 Koul\u00e9mou (avocat de Dadis) demande la comparution d\u2019Alpha Cond\u00e9 et S\u00e9kouba Konat\u00e9"}]},{"@type":"WebSite","@id":"https:\/\/www.africa-press.net\/guinee-conakry\/#website","url":"https:\/\/www.africa-press.net\/guinee-conakry\/","name":"guinee Conakry","description":"Just another Africa News Agency Sites site","potentialAction":[{"@type":"SearchAction","target":{"@type":"EntryPoint","urlTemplate":"https:\/\/www.africa-press.net\/guinee-conakry\/?s={search_term_string}"},"query-input":{"@type":"PropertyValueSpecification","valueRequired":true,"valueName":"search_term_string"}}],"inLanguage":"fr-FR"},{"@type":"Person","@id":"https:\/\/www.africa-press.net\/guinee-conakry\/#\/schema\/person\/2b1cf3cd81a31e3cd26889ca66d677f1","name":"cfeditorfr"}]}},"_links":{"self":[{"href":"https:\/\/www.africa-press.net\/guinee-conakry\/wp-json\/wp\/v2\/posts\/11460","targetHints":{"allow":["GET"]}}],"collection":[{"href":"https:\/\/www.africa-press.net\/guinee-conakry\/wp-json\/wp\/v2\/posts"}],"about":[{"href":"https:\/\/www.africa-press.net\/guinee-conakry\/wp-json\/wp\/v2\/types\/post"}],"author":[{"embeddable":true,"href":"https:\/\/www.africa-press.net\/guinee-conakry\/wp-json\/wp\/v2\/users\/82"}],"replies":[{"embeddable":true,"href":"https:\/\/www.africa-press.net\/guinee-conakry\/wp-json\/wp\/v2\/comments?post=11460"}],"version-history":[{"count":0,"href":"https:\/\/www.africa-press.net\/guinee-conakry\/wp-json\/wp\/v2\/posts\/11460\/revisions"}],"wp:featuredmedia":[{"embeddable":true,"href":"https:\/\/www.africa-press.net\/guinee-conakry\/wp-json\/wp\/v2\/media\/11459"}],"wp:attachment":[{"href":"https:\/\/www.africa-press.net\/guinee-conakry\/wp-json\/wp\/v2\/media?parent=11460"}],"wp:term":[{"taxonomy":"category","embeddable":true,"href":"https:\/\/www.africa-press.net\/guinee-conakry\/wp-json\/wp\/v2\/categories?post=11460"},{"taxonomy":"post_tag","embeddable":true,"href":"https:\/\/www.africa-press.net\/guinee-conakry\/wp-json\/wp\/v2\/tags?post=11460"}],"curies":[{"name":"wp","href":"https:\/\/api.w.org\/{rel}","templated":true}]}}