{"id":11478,"date":"2023-01-19T22:43:00","date_gmt":"2023-01-19T22:43:00","guid":{"rendered":"https:\/\/www.africa-press.net\/guinee-conakry\/politique\/faranah-charles-wright-sidere-par-le-manque-de-formation-des-gardes-penitentiaires"},"modified":"2023-01-19T22:43:00","modified_gmt":"2023-01-19T22:43:00","slug":"faranah-charles-wright-sidere-par-le-manque-de-formation-des-gardes-penitentiaires","status":"publish","type":"post","link":"https:\/\/www.africa-press.net\/guinee-conakry\/politique\/faranah-charles-wright-sidere-par-le-manque-de-formation-des-gardes-penitentiaires","title":{"rendered":"Faranah : Charles Wright \u00ab sid\u00e9r\u00e9 \u00bb par le manque de formation des gardes p\u00e9nitentiaires"},"content":{"rendered":"<p><span style=\"color: #ff6600\"><strong>Africa-Press &#8211; Guin\u00e9e. <\/strong><\/span>En se\u0301jour dans la pre\u0301fecture de Faranah ou\u0300 il a e\u0301change\u0301 avec les populations locales ce jeudi, 19 janvier 2023, le ministre de la Justice et des Droits de l\u2019homme, Alphonse Charles Wright, a dit e\u0302tre \u00ab re\u0301volte\u0301 \u00bb et \u00ab side\u0301re\u0301 \u00bb par la situation des gardes pe\u0301nitentiaires. Le Garde des Sceaux a notamment de\u0301plore\u0301 le \u00ab manque de formation \u00bb de ces hommes en charge de la gestion des de\u0301tenus dans la prison civile du Sankaran.<\/p>\n<p>\u00ab Je suis re\u0301volte\u0301, side\u0301re\u0301. Depuis 1958, personne n\u2019a pense\u0301 a\u0300 la re\u0301glementation des e\u0301tablissements pe\u0301nitentiaires&#8230; Les re\u0301gisseurs qui sont la\u0300 ne sont me\u0302me pas forme\u0301s. Il n\u2019y a me\u0302me pas de dossier individuel pour chaque de\u0301tenu&#8230; Les citoyens qui sont la\u0300 ne sont pas des oublie\u0301s de la Re\u0301publique. Ils sont en conflit avec la loi, mais il est important que leurs droits soient respecte\u0301s. Je ne viens pas ici pour de\u0301noncer seulement, mais il faut corriger \u00bb, a indique\u0301 Alphonse Charles Right.<\/p>\n<p>La prison civile de Faranah a e\u0301te\u0301 construite pendant la pe\u0301riode coloniale. Et, aujourd\u2019hui, cette maison de de\u0301tention est surpeuple\u0301e. Actuellement, compte 70 pensionnaires, alors qu\u2019elle e\u0301tait destine\u0301e un nombre nettement infe\u0301rieur.<\/p>\n<p><strong>Pour plus d&rsquo;informations et d&rsquo;analyses sur la <a href=\"https:\/\/www.africa-press.net\/guinee-conakry\">Guin\u00e9e<\/a>, suivez <a href=\"https:\/\/www.africa-press.net\/\">Africa-Press<\/a><\/strong><\/p>\n","protected":false},"excerpt":{"rendered":"<p>Africa-Press &#8211; Guin\u00e9e. En se\u0301jour dans la pre\u0301fecture de Faranah ou\u0300 il a e\u0301change\u0301 avec les populations locales ce jeudi, 19 janvier 2023, le ministre de la Justice et des Droits de l\u2019homme, Alphonse Charles Wright, a dit e\u0302tre \u00ab re\u0301volte\u0301 \u00bb et \u00ab side\u0301re\u0301 \u00bb par la situation des gardes pe\u0301nitentiaires. Le Garde des [&hellip;]<\/p>\n","protected":false},"author":82,"featured_media":11477,"comment_status":"open","ping_status":"closed","sticky":false,"template":"","format":"standard","meta":{"footnotes":""},"categories":[2,10],"tags":[36,57,58],"class_list":["post-11478","post","type-post","status-publish","format-standard","has-post-thumbnail","hentry","category-politique","category-toutes-les-actualites","tag-africa-press","tag-africa-press-guinee","tag-guinee"],"yoast_head":"<!-- This site is optimized with the Yoast SEO Premium plugin v26.1 (Yoast SEO v27.0) - https:\/\/yoast.com\/product\/yoast-seo-premium-wordpress\/ -->\n<title>Faranah : Charles Wright \u00ab sid\u00e9r\u00e9 \u00bb par le manque de formation des gardes p\u00e9nitentiaires - guinee Conakry<\/title>\n<meta name=\"robots\" content=\"index, follow, max-snippet:-1, max-image-preview:large, max-video-preview:-1\" \/>\n<link rel=\"canonical\" href=\"https:\/\/www.africa-press.net\/guinee-conakry\/politique\/faranah-charles-wright-sidere-par-le-manque-de-formation-des-gardes-penitentiaires\" \/>\n<meta property=\"og:locale\" content=\"fr_FR\" \/>\n<meta property=\"og:type\" content=\"article\" \/>\n<meta property=\"og:title\" content=\"Faranah : Charles Wright \u00ab sid\u00e9r\u00e9 \u00bb par le manque de formation des gardes p\u00e9nitentiaires\" \/>\n<meta property=\"og:description\" content=\"Africa-Press &#8211; Guin\u00e9e. En se\u0301jour dans la pre\u0301fecture de Faranah ou\u0300 il a e\u0301change\u0301 avec les populations locales ce jeudi, 19 janvier 2023, le ministre de la Justice et des Droits de l\u2019homme, Alphonse Charles Wright, a dit e\u0302tre \u00ab re\u0301volte\u0301 \u00bb et \u00ab side\u0301re\u0301 \u00bb par la situation des gardes pe\u0301nitentiaires. Le Garde des [&hellip;]\" \/>\n<meta property=\"og:url\" content=\"https:\/\/www.africa-press.net\/guinee-conakry\/politique\/faranah-charles-wright-sidere-par-le-manque-de-formation-des-gardes-penitentiaires\" \/>\n<meta property=\"og:site_name\" content=\"guinee Conakry\" \/>\n<meta property=\"article:published_time\" content=\"2023-01-19T22:43:00+00:00\" \/>\n<meta name=\"author\" content=\"cfeditorfr\" \/>\n<meta name=\"twitter:card\" content=\"summary_large_image\" \/>\n<meta name=\"twitter:label1\" content=\"\u00c9crit par\" \/>\n\t<meta name=\"twitter:data1\" content=\"cfeditorfr\" \/>\n\t<meta name=\"twitter:label2\" content=\"Dur\u00e9e de lecture estim\u00e9e\" \/>\n\t<meta name=\"twitter:data2\" content=\"1 minute\" \/>\n<script type=\"application\/ld+json\" class=\"yoast-schema-graph\">{\"@context\":\"https:\/\/schema.org\",\"@graph\":[{\"@type\":\"Article\",\"@id\":\"https:\/\/www.africa-press.net\/guinee-conakry\/politique\/faranah-charles-wright-sidere-par-le-manque-de-formation-des-gardes-penitentiaires#article\",\"isPartOf\":{\"@id\":\"https:\/\/www.africa-press.net\/guinee-conakry\/politique\/faranah-charles-wright-sidere-par-le-manque-de-formation-des-gardes-penitentiaires\"},\"author\":{\"name\":\"cfeditorfr\",\"@id\":\"https:\/\/www.africa-press.net\/guinee-conakry\/#\/schema\/person\/2b1cf3cd81a31e3cd26889ca66d677f1\"},\"headline\":\"Faranah : Charles Wright \u00ab sid\u00e9r\u00e9 \u00bb par le manque de formation des gardes p\u00e9nitentiaires\",\"datePublished\":\"2023-01-19T22:43:00+00:00\",\"mainEntityOfPage\":{\"@id\":\"https:\/\/www.africa-press.net\/guinee-conakry\/politique\/faranah-charles-wright-sidere-par-le-manque-de-formation-des-gardes-penitentiaires\"},\"wordCount\":248,\"commentCount\":0,\"image\":{\"@id\":\"https:\/\/www.africa-press.net\/guinee-conakry\/politique\/faranah-charles-wright-sidere-par-le-manque-de-formation-des-gardes-penitentiaires#primaryimage\"},\"thumbnailUrl\":\"https:\/\/static.africa-press.net\/conakry\/sites\/63\/2023\/01\/Jokar1674155600.590585.jpg\",\"keywords\":[\"Africa Press\",\"Africa Press-Guin\u00e9e\",\"Guin\u00e9e\"],\"articleSection\":[\"Politique\",\"Toutes les actualit\u00e9s\"],\"inLanguage\":\"fr-FR\",\"potentialAction\":[{\"@type\":\"CommentAction\",\"name\":\"Comment\",\"target\":[\"https:\/\/www.africa-press.net\/guinee-conakry\/politique\/faranah-charles-wright-sidere-par-le-manque-de-formation-des-gardes-penitentiaires#respond\"]}]},{\"@type\":\"WebPage\",\"@id\":\"https:\/\/www.africa-press.net\/guinee-conakry\/politique\/faranah-charles-wright-sidere-par-le-manque-de-formation-des-gardes-penitentiaires\",\"url\":\"https:\/\/www.africa-press.net\/guinee-conakry\/politique\/faranah-charles-wright-sidere-par-le-manque-de-formation-des-gardes-penitentiaires\",\"name\":\"Faranah : Charles Wright \u00ab sid\u00e9r\u00e9 \u00bb par le manque de formation des gardes p\u00e9nitentiaires - guinee Conakry\",\"isPartOf\":{\"@id\":\"https:\/\/www.africa-press.net\/guinee-conakry\/#website\"},\"primaryImageOfPage\":{\"@id\":\"https:\/\/www.africa-press.net\/guinee-conakry\/politique\/faranah-charles-wright-sidere-par-le-manque-de-formation-des-gardes-penitentiaires#primaryimage\"},\"image\":{\"@id\":\"https:\/\/www.africa-press.net\/guinee-conakry\/politique\/faranah-charles-wright-sidere-par-le-manque-de-formation-des-gardes-penitentiaires#primaryimage\"},\"thumbnailUrl\":\"https:\/\/static.africa-press.net\/conakry\/sites\/63\/2023\/01\/Jokar1674155600.590585.jpg\",\"datePublished\":\"2023-01-19T22:43:00+00:00\",\"author\":{\"@id\":\"https:\/\/www.africa-press.net\/guinee-conakry\/#\/schema\/person\/2b1cf3cd81a31e3cd26889ca66d677f1\"},\"breadcrumb\":{\"@id\":\"https:\/\/www.africa-press.net\/guinee-conakry\/politique\/faranah-charles-wright-sidere-par-le-manque-de-formation-des-gardes-penitentiaires#breadcrumb\"},\"inLanguage\":\"fr-FR\",\"potentialAction\":[{\"@type\":\"ReadAction\",\"target\":[\"https:\/\/www.africa-press.net\/guinee-conakry\/politique\/faranah-charles-wright-sidere-par-le-manque-de-formation-des-gardes-penitentiaires\"]}]},{\"@type\":\"ImageObject\",\"inLanguage\":\"fr-FR\",\"@id\":\"https:\/\/www.africa-press.net\/guinee-conakry\/politique\/faranah-charles-wright-sidere-par-le-manque-de-formation-des-gardes-penitentiaires#primaryimage\",\"url\":\"https:\/\/static.africa-press.net\/conakry\/sites\/63\/2023\/01\/Jokar1674155600.590585.jpg\",\"contentUrl\":\"https:\/\/static.africa-press.net\/conakry\/sites\/63\/2023\/01\/Jokar1674155600.590585.jpg\",\"width\":1031,\"height\":539,\"caption\":\"Faranah : Charles Wright \u00ab sid\u00e9r\u00e9 \u00bb par le manque de formation des gardes p\u00e9nitentiaires\"},{\"@type\":\"BreadcrumbList\",\"@id\":\"https:\/\/www.africa-press.net\/guinee-conakry\/politique\/faranah-charles-wright-sidere-par-le-manque-de-formation-des-gardes-penitentiaires#breadcrumb\",\"itemListElement\":[{\"@type\":\"ListItem\",\"position\":1,\"name\":\"Accueil\",\"item\":\"https:\/\/www.africa-press.net\/guinee-conakry\/\"},{\"@type\":\"ListItem\",\"position\":2,\"name\":\"Faranah : Charles Wright \u00ab sid\u00e9r\u00e9 \u00bb par le manque de formation des gardes p\u00e9nitentiaires\"}]},{\"@type\":\"WebSite\",\"@id\":\"https:\/\/www.africa-press.net\/guinee-conakry\/#website\",\"url\":\"https:\/\/www.africa-press.net\/guinee-conakry\/\",\"name\":\"guinee Conakry\",\"description\":\"Just another Africa News Agency Sites site\",\"potentialAction\":[{\"@type\":\"SearchAction\",\"target\":{\"@type\":\"EntryPoint\",\"urlTemplate\":\"https:\/\/www.africa-press.net\/guinee-conakry\/?s={search_term_string}\"},\"query-input\":{\"@type\":\"PropertyValueSpecification\",\"valueRequired\":true,\"valueName\":\"search_term_string\"}}],\"inLanguage\":\"fr-FR\"},{\"@type\":\"Person\",\"@id\":\"https:\/\/www.africa-press.net\/guinee-conakry\/#\/schema\/person\/2b1cf3cd81a31e3cd26889ca66d677f1\",\"name\":\"cfeditorfr\"}]}<\/script>\n<!-- \/ Yoast SEO Premium plugin. -->","yoast_head_json":{"title":"Faranah : Charles Wright \u00ab sid\u00e9r\u00e9 \u00bb par le manque de formation des gardes p\u00e9nitentiaires - guinee Conakry","robots":{"index":"index","follow":"follow","max-snippet":"max-snippet:-1","max-image-preview":"max-image-preview:large","max-video-preview":"max-video-preview:-1"},"canonical":"https:\/\/www.africa-press.net\/guinee-conakry\/politique\/faranah-charles-wright-sidere-par-le-manque-de-formation-des-gardes-penitentiaires","og_locale":"fr_FR","og_type":"article","og_title":"Faranah : Charles Wright \u00ab sid\u00e9r\u00e9 \u00bb par le manque de formation des gardes p\u00e9nitentiaires","og_description":"Africa-Press &#8211; Guin\u00e9e. En se\u0301jour dans la pre\u0301fecture de Faranah ou\u0300 il a e\u0301change\u0301 avec les populations locales ce jeudi, 19 janvier 2023, le ministre de la Justice et des Droits de l\u2019homme, Alphonse Charles Wright, a dit e\u0302tre \u00ab re\u0301volte\u0301 \u00bb et \u00ab side\u0301re\u0301 \u00bb par la situation des gardes pe\u0301nitentiaires. Le Garde des [&hellip;]","og_url":"https:\/\/www.africa-press.net\/guinee-conakry\/politique\/faranah-charles-wright-sidere-par-le-manque-de-formation-des-gardes-penitentiaires","og_site_name":"guinee Conakry","article_published_time":"2023-01-19T22:43:00+00:00","author":"cfeditorfr","twitter_card":"summary_large_image","twitter_misc":{"\u00c9crit par":"cfeditorfr","Dur\u00e9e de lecture estim\u00e9e":"1 minute"},"schema":{"@context":"https:\/\/schema.org","@graph":[{"@type":"Article","@id":"https:\/\/www.africa-press.net\/guinee-conakry\/politique\/faranah-charles-wright-sidere-par-le-manque-de-formation-des-gardes-penitentiaires#article","isPartOf":{"@id":"https:\/\/www.africa-press.net\/guinee-conakry\/politique\/faranah-charles-wright-sidere-par-le-manque-de-formation-des-gardes-penitentiaires"},"author":{"name":"cfeditorfr","@id":"https:\/\/www.africa-press.net\/guinee-conakry\/#\/schema\/person\/2b1cf3cd81a31e3cd26889ca66d677f1"},"headline":"Faranah : Charles Wright \u00ab sid\u00e9r\u00e9 \u00bb par le manque de formation des gardes p\u00e9nitentiaires","datePublished":"2023-01-19T22:43:00+00:00","mainEntityOfPage":{"@id":"https:\/\/www.africa-press.net\/guinee-conakry\/politique\/faranah-charles-wright-sidere-par-le-manque-de-formation-des-gardes-penitentiaires"},"wordCount":248,"commentCount":0,"image":{"@id":"https:\/\/www.africa-press.net\/guinee-conakry\/politique\/faranah-charles-wright-sidere-par-le-manque-de-formation-des-gardes-penitentiaires#primaryimage"},"thumbnailUrl":"https:\/\/static.africa-press.net\/conakry\/sites\/63\/2023\/01\/Jokar1674155600.590585.jpg","keywords":["Africa Press","Africa Press-Guin\u00e9e","Guin\u00e9e"],"articleSection":["Politique","Toutes les actualit\u00e9s"],"inLanguage":"fr-FR","potentialAction":[{"@type":"CommentAction","name":"Comment","target":["https:\/\/www.africa-press.net\/guinee-conakry\/politique\/faranah-charles-wright-sidere-par-le-manque-de-formation-des-gardes-penitentiaires#respond"]}]},{"@type":"WebPage","@id":"https:\/\/www.africa-press.net\/guinee-conakry\/politique\/faranah-charles-wright-sidere-par-le-manque-de-formation-des-gardes-penitentiaires","url":"https:\/\/www.africa-press.net\/guinee-conakry\/politique\/faranah-charles-wright-sidere-par-le-manque-de-formation-des-gardes-penitentiaires","name":"Faranah : Charles Wright \u00ab sid\u00e9r\u00e9 \u00bb par le manque de formation des gardes p\u00e9nitentiaires - guinee Conakry","isPartOf":{"@id":"https:\/\/www.africa-press.net\/guinee-conakry\/#website"},"primaryImageOfPage":{"@id":"https:\/\/www.africa-press.net\/guinee-conakry\/politique\/faranah-charles-wright-sidere-par-le-manque-de-formation-des-gardes-penitentiaires#primaryimage"},"image":{"@id":"https:\/\/www.africa-press.net\/guinee-conakry\/politique\/faranah-charles-wright-sidere-par-le-manque-de-formation-des-gardes-penitentiaires#primaryimage"},"thumbnailUrl":"https:\/\/static.africa-press.net\/conakry\/sites\/63\/2023\/01\/Jokar1674155600.590585.jpg","datePublished":"2023-01-19T22:43:00+00:00","author":{"@id":"https:\/\/www.africa-press.net\/guinee-conakry\/#\/schema\/person\/2b1cf3cd81a31e3cd26889ca66d677f1"},"breadcrumb":{"@id":"https:\/\/www.africa-press.net\/guinee-conakry\/politique\/faranah-charles-wright-sidere-par-le-manque-de-formation-des-gardes-penitentiaires#breadcrumb"},"inLanguage":"fr-FR","potentialAction":[{"@type":"ReadAction","target":["https:\/\/www.africa-press.net\/guinee-conakry\/politique\/faranah-charles-wright-sidere-par-le-manque-de-formation-des-gardes-penitentiaires"]}]},{"@type":"ImageObject","inLanguage":"fr-FR","@id":"https:\/\/www.africa-press.net\/guinee-conakry\/politique\/faranah-charles-wright-sidere-par-le-manque-de-formation-des-gardes-penitentiaires#primaryimage","url":"https:\/\/static.africa-press.net\/conakry\/sites\/63\/2023\/01\/Jokar1674155600.590585.jpg","contentUrl":"https:\/\/static.africa-press.net\/conakry\/sites\/63\/2023\/01\/Jokar1674155600.590585.jpg","width":1031,"height":539,"caption":"Faranah : Charles Wright \u00ab sid\u00e9r\u00e9 \u00bb par le manque de formation des gardes p\u00e9nitentiaires"},{"@type":"BreadcrumbList","@id":"https:\/\/www.africa-press.net\/guinee-conakry\/politique\/faranah-charles-wright-sidere-par-le-manque-de-formation-des-gardes-penitentiaires#breadcrumb","itemListElement":[{"@type":"ListItem","position":1,"name":"Accueil","item":"https:\/\/www.africa-press.net\/guinee-conakry\/"},{"@type":"ListItem","position":2,"name":"Faranah : Charles Wright \u00ab sid\u00e9r\u00e9 \u00bb par le manque de formation des gardes p\u00e9nitentiaires"}]},{"@type":"WebSite","@id":"https:\/\/www.africa-press.net\/guinee-conakry\/#website","url":"https:\/\/www.africa-press.net\/guinee-conakry\/","name":"guinee Conakry","description":"Just another Africa News Agency Sites site","potentialAction":[{"@type":"SearchAction","target":{"@type":"EntryPoint","urlTemplate":"https:\/\/www.africa-press.net\/guinee-conakry\/?s={search_term_string}"},"query-input":{"@type":"PropertyValueSpecification","valueRequired":true,"valueName":"search_term_string"}}],"inLanguage":"fr-FR"},{"@type":"Person","@id":"https:\/\/www.africa-press.net\/guinee-conakry\/#\/schema\/person\/2b1cf3cd81a31e3cd26889ca66d677f1","name":"cfeditorfr"}]}},"_links":{"self":[{"href":"https:\/\/www.africa-press.net\/guinee-conakry\/wp-json\/wp\/v2\/posts\/11478","targetHints":{"allow":["GET"]}}],"collection":[{"href":"https:\/\/www.africa-press.net\/guinee-conakry\/wp-json\/wp\/v2\/posts"}],"about":[{"href":"https:\/\/www.africa-press.net\/guinee-conakry\/wp-json\/wp\/v2\/types\/post"}],"author":[{"embeddable":true,"href":"https:\/\/www.africa-press.net\/guinee-conakry\/wp-json\/wp\/v2\/users\/82"}],"replies":[{"embeddable":true,"href":"https:\/\/www.africa-press.net\/guinee-conakry\/wp-json\/wp\/v2\/comments?post=11478"}],"version-history":[{"count":0,"href":"https:\/\/www.africa-press.net\/guinee-conakry\/wp-json\/wp\/v2\/posts\/11478\/revisions"}],"wp:featuredmedia":[{"embeddable":true,"href":"https:\/\/www.africa-press.net\/guinee-conakry\/wp-json\/wp\/v2\/media\/11477"}],"wp:attachment":[{"href":"https:\/\/www.africa-press.net\/guinee-conakry\/wp-json\/wp\/v2\/media?parent=11478"}],"wp:term":[{"taxonomy":"category","embeddable":true,"href":"https:\/\/www.africa-press.net\/guinee-conakry\/wp-json\/wp\/v2\/categories?post=11478"},{"taxonomy":"post_tag","embeddable":true,"href":"https:\/\/www.africa-press.net\/guinee-conakry\/wp-json\/wp\/v2\/tags?post=11478"}],"curies":[{"name":"wp","href":"https:\/\/api.w.org\/{rel}","templated":true}]}}