{"id":11494,"date":"2023-01-21T21:23:00","date_gmt":"2023-01-21T21:23:00","guid":{"rendered":"https:\/\/www.africa-press.net\/guinee-conakry\/politique\/crimes-de-sang-des-citoyens-accusant-le-pr-alpha-conde-ont-ete-entendus"},"modified":"2023-01-21T21:23:00","modified_gmt":"2023-01-21T21:23:00","slug":"crimes-de-sang-des-citoyens-accusant-le-pr-alpha-conde-ont-ete-entendus","status":"publish","type":"post","link":"https:\/\/www.africa-press.net\/guinee-conakry\/politique\/crimes-de-sang-des-citoyens-accusant-le-pr-alpha-conde-ont-ete-entendus","title":{"rendered":"Crimes de sang\/ Des citoyens accusant le Pr Alpha Cond\u00e9 ont \u00e9t\u00e9 entendus"},"content":{"rendered":"<p><span style=\"color: #ff6600\"><strong>Africa-Press &#8211; Guin\u00e9e. <\/strong><\/span>Les victimes de violences et de crimes de sang sous le re\u0301gime d\u2019Alpha Conde\u0301 ont commence\u0301 a\u0300 e\u0302tre auditionne\u0301es ce vendredi a\u0300 la cour d\u2019appel de Conakry.<\/p>\n<p>Apre\u0300s son audition, Mamadou Kissi Barry l\u2019une des victimes est revenue sur cette journe\u0301e de violence qu\u2019il aurait subie en 2013 et dont il garderait les se\u0301quelles. \u00ab Je suis victime de coups et blessures en 2013. C\u2019e\u0301tait une journe\u0301e de manifestation de l\u2019opposition pour les le\u0301gislatives. J\u2019e\u0301tais a\u0300 la maison couche\u0301 et j\u2019ai entendu du bruit derrie\u0300re ma clo\u0302ture, de\u0300s que je suis sorti, les policiers sont rentre\u0301s, de\u0300s qu\u2019ils m\u2019ont vu, ils ont dit voila\u0300 un leader ici. L\u2019un m\u2019a terrasse\u0301 (&#8230;) J\u2019ai e\u0301te\u0301 tabasse\u0301 pendant toute la journe\u0301e; les photos sont la\u0300. On m\u2019a amene\u0301 a\u0300 l\u2019ho\u0302pital \u00ab me\u0300re et enfant \u00bb, on n\u2019a pas pu me soigner, parce que je saignais trop du nez. Je suis parti pour Dakar, j\u2019y ai passe\u0301 trois (3) mois. Jusqu\u2019a\u0300 pre\u0301sent j\u2019ai mal au nez, a\u0300 la te\u0302te et au pied aussi, parce qu\u2019ils ont casse\u0301 mon pied et mon nez. Ils ont arre\u0302te\u0301 mon fre\u0300re aussi, ils lui ont retire\u0301 son te\u0301le\u0301phone. Ils nous ont amene\u0301 a\u0300 la police. On nous a enferme\u0301 jusqu\u2019a\u0300 16h. Ils nous ont libe\u0301re\u0301 a\u0300 travers une caution de 650 mille francs guine\u0301ens. \u00bb<\/p>\n<p>Apparemment confiant que justice lui sera rendue, notre interlocuteur a appre\u0301cie\u0301 par ailleurs cette premie\u0300re audition. \u00ab Les officiers de la gendarmerie et de la police nous ont bien interroge\u0301 pendant deux heures de temps. On a tout dit. Ils ont e\u0301crit. Mais on a pas encore signe\u0301. Puisqu\u2019ils disent que le scanner n\u2019est pas bon. \u00bb<\/p>\n<p>\u00ab Les autres victimes n\u2019ont qu\u2019a\u0300 venir. On est nombreux. Dans mon quartier seulement a\u0300 Yattaya Focidet, il y a plus de dix (10) morts la\u0300-bas. Je leur ai explique\u0301 mais elles ne sont pas encore venues. Mais quand je rentre aujourd\u2019hui, je vais leur dire de venir \u00bb a-t-il promis.<\/p>\n<p>En charge de de\u0301fendre ces victimes, Me Thierno Souleymane Balde\u0301 a donne\u0301 des de\u0301tails. \u00ab Ce ne sont pas juste des victimes de crimes de sang. Il y a aussi ceux qui sont victimes de coups et blessures; de destruction de biens prive\u0301s, menaces&#8230; Il y a un groupe de personnes qui a e\u0301te\u0301 auditionne\u0301 aujourd\u2019hui. Chaque vendredi, on aura un groupe de personnes. Parce qu\u2019au niveau logistique, il n y a pas suffisamment d\u2019ordinateurs afin d\u2019avoir plusieurs e\u0301quipes pour les entendre. Nous allons voir si on peut aussi programmer certaines se\u0301ances d\u2019auditions les jeudis. \u00bb<\/p>\n<p>Avant d\u2019e\u0301voquer la suite de la proce\u0301dure qui doit de\u0301boucher sur des proce\u0300s. \u00ab A la fin, nous allons continuer avec les diffe\u0301rents te\u0301moins. Lorsque la proce\u0301dure des auditions sera boucle\u0301e au niveau de l\u2019enque\u0302te pre\u0301liminaire au niveau des officiers de police judiciaire, le dossier sera transmis au niveau du doyen des juges d\u2019instruction du tribunal de premie\u0300re instance de Dixinn. Il y aura une e\u0301tape qui consistera a\u0300 entendre les personnes qui seraient e\u0301ventuellement coupables de de\u0301lits ou de crimes, afin de de\u0301terminer s\u2019il y a des e\u0301le\u0301ments de preuves suffisants pour pouvoir les inculper et e\u0301ventuellement les traduire en justice. Aujourd\u2019hui ce n\u2019est que le de\u0301but. Le chemin sera long, mais nous allons y arriver. Puisque nous n\u2019allons pas abandonner. \u00bb<\/p>\n<p>Il a pre\u0301cise\u0301 qu\u2019il a, \u00ab une liste d\u2019a\u0300 peu pre\u0300s 260 personnes au niveau uniquement de la commune de Ratoma. \u00bb<\/p>\n<p><strong>Pour plus d&rsquo;informations et d&rsquo;analyses sur la <a href=\"https:\/\/www.africa-press.net\/guinee-conakry\">Guin\u00e9e<\/a>, suivez <a href=\"https:\/\/www.africa-press.net\/\">Africa-Press<\/a><\/strong><\/p>\n","protected":false},"excerpt":{"rendered":"<p>Africa-Press &#8211; Guin\u00e9e. Les victimes de violences et de crimes de sang sous le re\u0301gime d\u2019Alpha Conde\u0301 ont commence\u0301 a\u0300 e\u0302tre auditionne\u0301es ce vendredi a\u0300 la cour d\u2019appel de Conakry. Apre\u0300s son audition, Mamadou Kissi Barry l\u2019une des victimes est revenue sur cette journe\u0301e de violence qu\u2019il aurait subie en 2013 et dont il garderait [&hellip;]<\/p>\n","protected":false},"author":82,"featured_media":11493,"comment_status":"open","ping_status":"closed","sticky":false,"template":"","format":"standard","meta":{"footnotes":""},"categories":[2,10],"tags":[36,57,58],"class_list":["post-11494","post","type-post","status-publish","format-standard","has-post-thumbnail","hentry","category-politique","category-toutes-les-actualites","tag-africa-press","tag-africa-press-guinee","tag-guinee"],"yoast_head":"<!-- This site is optimized with the Yoast SEO Premium plugin v26.1 (Yoast SEO v27.0) - https:\/\/yoast.com\/product\/yoast-seo-premium-wordpress\/ -->\n<title>Crimes de sang\/ Des citoyens accusant le Pr Alpha Cond\u00e9 ont \u00e9t\u00e9 entendus - guinee Conakry<\/title>\n<meta name=\"robots\" content=\"index, follow, max-snippet:-1, max-image-preview:large, max-video-preview:-1\" \/>\n<link rel=\"canonical\" href=\"https:\/\/www.africa-press.net\/guinee-conakry\/politique\/crimes-de-sang-des-citoyens-accusant-le-pr-alpha-conde-ont-ete-entendus\" \/>\n<meta property=\"og:locale\" content=\"fr_FR\" \/>\n<meta property=\"og:type\" content=\"article\" \/>\n<meta property=\"og:title\" content=\"Crimes de sang\/ Des citoyens accusant le Pr Alpha Cond\u00e9 ont \u00e9t\u00e9 entendus\" \/>\n<meta property=\"og:description\" content=\"Africa-Press &#8211; Guin\u00e9e. Les victimes de violences et de crimes de sang sous le re\u0301gime d\u2019Alpha Conde\u0301 ont commence\u0301 a\u0300 e\u0302tre auditionne\u0301es ce vendredi a\u0300 la cour d\u2019appel de Conakry. Apre\u0300s son audition, Mamadou Kissi Barry l\u2019une des victimes est revenue sur cette journe\u0301e de violence qu\u2019il aurait subie en 2013 et dont il garderait [&hellip;]\" \/>\n<meta property=\"og:url\" content=\"https:\/\/www.africa-press.net\/guinee-conakry\/politique\/crimes-de-sang-des-citoyens-accusant-le-pr-alpha-conde-ont-ete-entendus\" \/>\n<meta property=\"og:site_name\" content=\"guinee Conakry\" \/>\n<meta property=\"article:published_time\" content=\"2023-01-21T21:23:00+00:00\" \/>\n<meta name=\"author\" content=\"cfeditorfr\" \/>\n<meta name=\"twitter:card\" content=\"summary_large_image\" \/>\n<meta name=\"twitter:label1\" content=\"\u00c9crit par\" \/>\n\t<meta name=\"twitter:data1\" content=\"cfeditorfr\" \/>\n\t<meta name=\"twitter:label2\" content=\"Dur\u00e9e de lecture estim\u00e9e\" \/>\n\t<meta name=\"twitter:data2\" content=\"3 minutes\" \/>\n<script type=\"application\/ld+json\" class=\"yoast-schema-graph\">{\"@context\":\"https:\/\/schema.org\",\"@graph\":[{\"@type\":\"Article\",\"@id\":\"https:\/\/www.africa-press.net\/guinee-conakry\/politique\/crimes-de-sang-des-citoyens-accusant-le-pr-alpha-conde-ont-ete-entendus#article\",\"isPartOf\":{\"@id\":\"https:\/\/www.africa-press.net\/guinee-conakry\/politique\/crimes-de-sang-des-citoyens-accusant-le-pr-alpha-conde-ont-ete-entendus\"},\"author\":{\"name\":\"cfeditorfr\",\"@id\":\"https:\/\/www.africa-press.net\/guinee-conakry\/#\/schema\/person\/2b1cf3cd81a31e3cd26889ca66d677f1\"},\"headline\":\"Crimes de sang\/ Des citoyens accusant le Pr Alpha Cond\u00e9 ont \u00e9t\u00e9 entendus\",\"datePublished\":\"2023-01-21T21:23:00+00:00\",\"mainEntityOfPage\":{\"@id\":\"https:\/\/www.africa-press.net\/guinee-conakry\/politique\/crimes-de-sang-des-citoyens-accusant-le-pr-alpha-conde-ont-ete-entendus\"},\"wordCount\":673,\"commentCount\":0,\"image\":{\"@id\":\"https:\/\/www.africa-press.net\/guinee-conakry\/politique\/crimes-de-sang-des-citoyens-accusant-le-pr-alpha-conde-ont-ete-entendus#primaryimage\"},\"thumbnailUrl\":\"https:\/\/static.africa-press.net\/conakry\/sites\/63\/2023\/01\/Jokar1674323624.267164.jpg\",\"keywords\":[\"Africa Press\",\"Africa Press-Guin\u00e9e\",\"Guin\u00e9e\"],\"articleSection\":[\"Politique\",\"Toutes les actualit\u00e9s\"],\"inLanguage\":\"fr-FR\",\"potentialAction\":[{\"@type\":\"CommentAction\",\"name\":\"Comment\",\"target\":[\"https:\/\/www.africa-press.net\/guinee-conakry\/politique\/crimes-de-sang-des-citoyens-accusant-le-pr-alpha-conde-ont-ete-entendus#respond\"]}]},{\"@type\":\"WebPage\",\"@id\":\"https:\/\/www.africa-press.net\/guinee-conakry\/politique\/crimes-de-sang-des-citoyens-accusant-le-pr-alpha-conde-ont-ete-entendus\",\"url\":\"https:\/\/www.africa-press.net\/guinee-conakry\/politique\/crimes-de-sang-des-citoyens-accusant-le-pr-alpha-conde-ont-ete-entendus\",\"name\":\"Crimes de sang\/ Des citoyens accusant le Pr Alpha Cond\u00e9 ont \u00e9t\u00e9 entendus - guinee Conakry\",\"isPartOf\":{\"@id\":\"https:\/\/www.africa-press.net\/guinee-conakry\/#website\"},\"primaryImageOfPage\":{\"@id\":\"https:\/\/www.africa-press.net\/guinee-conakry\/politique\/crimes-de-sang-des-citoyens-accusant-le-pr-alpha-conde-ont-ete-entendus#primaryimage\"},\"image\":{\"@id\":\"https:\/\/www.africa-press.net\/guinee-conakry\/politique\/crimes-de-sang-des-citoyens-accusant-le-pr-alpha-conde-ont-ete-entendus#primaryimage\"},\"thumbnailUrl\":\"https:\/\/static.africa-press.net\/conakry\/sites\/63\/2023\/01\/Jokar1674323624.267164.jpg\",\"datePublished\":\"2023-01-21T21:23:00+00:00\",\"author\":{\"@id\":\"https:\/\/www.africa-press.net\/guinee-conakry\/#\/schema\/person\/2b1cf3cd81a31e3cd26889ca66d677f1\"},\"breadcrumb\":{\"@id\":\"https:\/\/www.africa-press.net\/guinee-conakry\/politique\/crimes-de-sang-des-citoyens-accusant-le-pr-alpha-conde-ont-ete-entendus#breadcrumb\"},\"inLanguage\":\"fr-FR\",\"potentialAction\":[{\"@type\":\"ReadAction\",\"target\":[\"https:\/\/www.africa-press.net\/guinee-conakry\/politique\/crimes-de-sang-des-citoyens-accusant-le-pr-alpha-conde-ont-ete-entendus\"]}]},{\"@type\":\"ImageObject\",\"inLanguage\":\"fr-FR\",\"@id\":\"https:\/\/www.africa-press.net\/guinee-conakry\/politique\/crimes-de-sang-des-citoyens-accusant-le-pr-alpha-conde-ont-ete-entendus#primaryimage\",\"url\":\"https:\/\/static.africa-press.net\/conakry\/sites\/63\/2023\/01\/Jokar1674323624.267164.jpg\",\"contentUrl\":\"https:\/\/static.africa-press.net\/conakry\/sites\/63\/2023\/01\/Jokar1674323624.267164.jpg\",\"width\":960,\"height\":720,\"caption\":\"Crimes de sang\/ Des citoyens accusant le Pr Alpha Cond\u00e9 ont \u00e9t\u00e9 entendus\"},{\"@type\":\"BreadcrumbList\",\"@id\":\"https:\/\/www.africa-press.net\/guinee-conakry\/politique\/crimes-de-sang-des-citoyens-accusant-le-pr-alpha-conde-ont-ete-entendus#breadcrumb\",\"itemListElement\":[{\"@type\":\"ListItem\",\"position\":1,\"name\":\"Accueil\",\"item\":\"https:\/\/www.africa-press.net\/guinee-conakry\/\"},{\"@type\":\"ListItem\",\"position\":2,\"name\":\"Crimes de sang\/ Des citoyens accusant le Pr Alpha Cond\u00e9 ont \u00e9t\u00e9 entendus\"}]},{\"@type\":\"WebSite\",\"@id\":\"https:\/\/www.africa-press.net\/guinee-conakry\/#website\",\"url\":\"https:\/\/www.africa-press.net\/guinee-conakry\/\",\"name\":\"guinee Conakry\",\"description\":\"Just another Africa News Agency Sites site\",\"potentialAction\":[{\"@type\":\"SearchAction\",\"target\":{\"@type\":\"EntryPoint\",\"urlTemplate\":\"https:\/\/www.africa-press.net\/guinee-conakry\/?s={search_term_string}\"},\"query-input\":{\"@type\":\"PropertyValueSpecification\",\"valueRequired\":true,\"valueName\":\"search_term_string\"}}],\"inLanguage\":\"fr-FR\"},{\"@type\":\"Person\",\"@id\":\"https:\/\/www.africa-press.net\/guinee-conakry\/#\/schema\/person\/2b1cf3cd81a31e3cd26889ca66d677f1\",\"name\":\"cfeditorfr\"}]}<\/script>\n<!-- \/ Yoast SEO Premium plugin. -->","yoast_head_json":{"title":"Crimes de sang\/ Des citoyens accusant le Pr Alpha Cond\u00e9 ont \u00e9t\u00e9 entendus - guinee Conakry","robots":{"index":"index","follow":"follow","max-snippet":"max-snippet:-1","max-image-preview":"max-image-preview:large","max-video-preview":"max-video-preview:-1"},"canonical":"https:\/\/www.africa-press.net\/guinee-conakry\/politique\/crimes-de-sang-des-citoyens-accusant-le-pr-alpha-conde-ont-ete-entendus","og_locale":"fr_FR","og_type":"article","og_title":"Crimes de sang\/ Des citoyens accusant le Pr Alpha Cond\u00e9 ont \u00e9t\u00e9 entendus","og_description":"Africa-Press &#8211; Guin\u00e9e. Les victimes de violences et de crimes de sang sous le re\u0301gime d\u2019Alpha Conde\u0301 ont commence\u0301 a\u0300 e\u0302tre auditionne\u0301es ce vendredi a\u0300 la cour d\u2019appel de Conakry. Apre\u0300s son audition, Mamadou Kissi Barry l\u2019une des victimes est revenue sur cette journe\u0301e de violence qu\u2019il aurait subie en 2013 et dont il garderait [&hellip;]","og_url":"https:\/\/www.africa-press.net\/guinee-conakry\/politique\/crimes-de-sang-des-citoyens-accusant-le-pr-alpha-conde-ont-ete-entendus","og_site_name":"guinee Conakry","article_published_time":"2023-01-21T21:23:00+00:00","author":"cfeditorfr","twitter_card":"summary_large_image","twitter_misc":{"\u00c9crit par":"cfeditorfr","Dur\u00e9e de lecture estim\u00e9e":"3 minutes"},"schema":{"@context":"https:\/\/schema.org","@graph":[{"@type":"Article","@id":"https:\/\/www.africa-press.net\/guinee-conakry\/politique\/crimes-de-sang-des-citoyens-accusant-le-pr-alpha-conde-ont-ete-entendus#article","isPartOf":{"@id":"https:\/\/www.africa-press.net\/guinee-conakry\/politique\/crimes-de-sang-des-citoyens-accusant-le-pr-alpha-conde-ont-ete-entendus"},"author":{"name":"cfeditorfr","@id":"https:\/\/www.africa-press.net\/guinee-conakry\/#\/schema\/person\/2b1cf3cd81a31e3cd26889ca66d677f1"},"headline":"Crimes de sang\/ Des citoyens accusant le Pr Alpha Cond\u00e9 ont \u00e9t\u00e9 entendus","datePublished":"2023-01-21T21:23:00+00:00","mainEntityOfPage":{"@id":"https:\/\/www.africa-press.net\/guinee-conakry\/politique\/crimes-de-sang-des-citoyens-accusant-le-pr-alpha-conde-ont-ete-entendus"},"wordCount":673,"commentCount":0,"image":{"@id":"https:\/\/www.africa-press.net\/guinee-conakry\/politique\/crimes-de-sang-des-citoyens-accusant-le-pr-alpha-conde-ont-ete-entendus#primaryimage"},"thumbnailUrl":"https:\/\/static.africa-press.net\/conakry\/sites\/63\/2023\/01\/Jokar1674323624.267164.jpg","keywords":["Africa Press","Africa Press-Guin\u00e9e","Guin\u00e9e"],"articleSection":["Politique","Toutes les actualit\u00e9s"],"inLanguage":"fr-FR","potentialAction":[{"@type":"CommentAction","name":"Comment","target":["https:\/\/www.africa-press.net\/guinee-conakry\/politique\/crimes-de-sang-des-citoyens-accusant-le-pr-alpha-conde-ont-ete-entendus#respond"]}]},{"@type":"WebPage","@id":"https:\/\/www.africa-press.net\/guinee-conakry\/politique\/crimes-de-sang-des-citoyens-accusant-le-pr-alpha-conde-ont-ete-entendus","url":"https:\/\/www.africa-press.net\/guinee-conakry\/politique\/crimes-de-sang-des-citoyens-accusant-le-pr-alpha-conde-ont-ete-entendus","name":"Crimes de sang\/ Des citoyens accusant le Pr Alpha Cond\u00e9 ont \u00e9t\u00e9 entendus - guinee Conakry","isPartOf":{"@id":"https:\/\/www.africa-press.net\/guinee-conakry\/#website"},"primaryImageOfPage":{"@id":"https:\/\/www.africa-press.net\/guinee-conakry\/politique\/crimes-de-sang-des-citoyens-accusant-le-pr-alpha-conde-ont-ete-entendus#primaryimage"},"image":{"@id":"https:\/\/www.africa-press.net\/guinee-conakry\/politique\/crimes-de-sang-des-citoyens-accusant-le-pr-alpha-conde-ont-ete-entendus#primaryimage"},"thumbnailUrl":"https:\/\/static.africa-press.net\/conakry\/sites\/63\/2023\/01\/Jokar1674323624.267164.jpg","datePublished":"2023-01-21T21:23:00+00:00","author":{"@id":"https:\/\/www.africa-press.net\/guinee-conakry\/#\/schema\/person\/2b1cf3cd81a31e3cd26889ca66d677f1"},"breadcrumb":{"@id":"https:\/\/www.africa-press.net\/guinee-conakry\/politique\/crimes-de-sang-des-citoyens-accusant-le-pr-alpha-conde-ont-ete-entendus#breadcrumb"},"inLanguage":"fr-FR","potentialAction":[{"@type":"ReadAction","target":["https:\/\/www.africa-press.net\/guinee-conakry\/politique\/crimes-de-sang-des-citoyens-accusant-le-pr-alpha-conde-ont-ete-entendus"]}]},{"@type":"ImageObject","inLanguage":"fr-FR","@id":"https:\/\/www.africa-press.net\/guinee-conakry\/politique\/crimes-de-sang-des-citoyens-accusant-le-pr-alpha-conde-ont-ete-entendus#primaryimage","url":"https:\/\/static.africa-press.net\/conakry\/sites\/63\/2023\/01\/Jokar1674323624.267164.jpg","contentUrl":"https:\/\/static.africa-press.net\/conakry\/sites\/63\/2023\/01\/Jokar1674323624.267164.jpg","width":960,"height":720,"caption":"Crimes de sang\/ Des citoyens accusant le Pr Alpha Cond\u00e9 ont \u00e9t\u00e9 entendus"},{"@type":"BreadcrumbList","@id":"https:\/\/www.africa-press.net\/guinee-conakry\/politique\/crimes-de-sang-des-citoyens-accusant-le-pr-alpha-conde-ont-ete-entendus#breadcrumb","itemListElement":[{"@type":"ListItem","position":1,"name":"Accueil","item":"https:\/\/www.africa-press.net\/guinee-conakry\/"},{"@type":"ListItem","position":2,"name":"Crimes de sang\/ Des citoyens accusant le Pr Alpha Cond\u00e9 ont \u00e9t\u00e9 entendus"}]},{"@type":"WebSite","@id":"https:\/\/www.africa-press.net\/guinee-conakry\/#website","url":"https:\/\/www.africa-press.net\/guinee-conakry\/","name":"guinee Conakry","description":"Just another Africa News Agency Sites site","potentialAction":[{"@type":"SearchAction","target":{"@type":"EntryPoint","urlTemplate":"https:\/\/www.africa-press.net\/guinee-conakry\/?s={search_term_string}"},"query-input":{"@type":"PropertyValueSpecification","valueRequired":true,"valueName":"search_term_string"}}],"inLanguage":"fr-FR"},{"@type":"Person","@id":"https:\/\/www.africa-press.net\/guinee-conakry\/#\/schema\/person\/2b1cf3cd81a31e3cd26889ca66d677f1","name":"cfeditorfr"}]}},"_links":{"self":[{"href":"https:\/\/www.africa-press.net\/guinee-conakry\/wp-json\/wp\/v2\/posts\/11494","targetHints":{"allow":["GET"]}}],"collection":[{"href":"https:\/\/www.africa-press.net\/guinee-conakry\/wp-json\/wp\/v2\/posts"}],"about":[{"href":"https:\/\/www.africa-press.net\/guinee-conakry\/wp-json\/wp\/v2\/types\/post"}],"author":[{"embeddable":true,"href":"https:\/\/www.africa-press.net\/guinee-conakry\/wp-json\/wp\/v2\/users\/82"}],"replies":[{"embeddable":true,"href":"https:\/\/www.africa-press.net\/guinee-conakry\/wp-json\/wp\/v2\/comments?post=11494"}],"version-history":[{"count":0,"href":"https:\/\/www.africa-press.net\/guinee-conakry\/wp-json\/wp\/v2\/posts\/11494\/revisions"}],"wp:featuredmedia":[{"embeddable":true,"href":"https:\/\/www.africa-press.net\/guinee-conakry\/wp-json\/wp\/v2\/media\/11493"}],"wp:attachment":[{"href":"https:\/\/www.africa-press.net\/guinee-conakry\/wp-json\/wp\/v2\/media?parent=11494"}],"wp:term":[{"taxonomy":"category","embeddable":true,"href":"https:\/\/www.africa-press.net\/guinee-conakry\/wp-json\/wp\/v2\/categories?post=11494"},{"taxonomy":"post_tag","embeddable":true,"href":"https:\/\/www.africa-press.net\/guinee-conakry\/wp-json\/wp\/v2\/tags?post=11494"}],"curies":[{"name":"wp","href":"https:\/\/api.w.org\/{rel}","templated":true}]}}