{"id":11508,"date":"2023-01-21T21:37:00","date_gmt":"2023-01-21T21:37:00","guid":{"rendered":"https:\/\/www.africa-press.net\/guinee-conakry\/politique\/kalemodou-yansane-a-mamadi-doumbouya-les-veritables-ennemis-de-la-transition-sont-ceux-qui-viennent-lui-dire"},"modified":"2023-01-21T21:37:00","modified_gmt":"2023-01-21T21:37:00","slug":"kalemodou-yansane-a-mamadi-doumbouya-les-veritables-ennemis-de-la-transition-sont-ceux-qui-viennent-lui-dire","status":"publish","type":"post","link":"https:\/\/www.africa-press.net\/guinee-conakry\/politique\/kalemodou-yansane-a-mamadi-doumbouya-les-veritables-ennemis-de-la-transition-sont-ceux-qui-viennent-lui-dire","title":{"rendered":"Kal\u00e9modou Yansan\u00e9 \u00e0 Mamadi Doumbouya : \u00ab les v\u00e9ritables ennemis de la transition sont ceux qui viennent lui dire\u2026\u00bb"},"content":{"rendered":"<p><span style=\"color: #ff6600\"><strong>Africa-Press &#8211; Guin\u00e9e. <\/strong><\/span>Lors du Conseil des ministres d\u2019avant-hier, jeudi 19 janvier 2023, le pre\u0301sident de la Transition, Colonel Mamadi Doumbouya, a indique\u0301 que \u00ab certains qui ne souhaiteraient pas voir la Transition re\u0301ussir (&#8230;) sont parmi nous \u00bb. Le Chef de l\u2019Etat n\u2019a de\u0301signe\u0301 personne de fac\u0327on nominative, mais il a tout de me\u0302me pre\u0301cise\u0301 que \u00ab ces personnes peuvent e\u0302tre des collaborateurs, des amis, de la famille ou de simples connaissances \u00bb. Mais, pour Kale\u0301modou Yansane\u0301, le vice-pre\u0301sident de l\u2019Union des forces de\u0301mocratiques de Guine\u0301e (UFDG), les \u00ab ve\u0301ritables ennemis de la Transition \u00bb sont ceux qui colportent des ragots a\u0300 l\u2019actuel locataire du palais Mohamed V.<\/p>\n<p>\u00ab Il faut que je dise au pre\u0301sident Mamadi Doumbouya, puisque lui-me\u0302me il a dit qu\u2019il y a des gens a\u0300 co\u0302te\u0301 de lui qui ne veulent pas que la transition re\u0301ussisse, il faut qu\u2019il sache que ses ennemis, ceux qui ne veulent pas que la Transition marche, sont ceux-la\u0300 qui ont rec\u0327u Fode\u0301 Oussou a\u0300 l\u2019ae\u0301roport avec son passeport en main apre\u0300s un jugement du tribunal, qui ont appele\u0301 pour dire que Fode\u0301 Oussou est en train de fuir. La machine a e\u0301te\u0301 mise en branle pour l\u2019empe\u0302cher de sortir&#8230; Les ve\u0301ritables ennemis de la transition sont ceux qui viennent lui dire que Cellou Dalein est ton adversaire, Cellou est ton ennemi. Cellou n\u2019est pas l\u2019ennemi du CNRD, Cellou n\u2019est pas Mamadi Doumbouya. Cellou aime la Guine\u0301e, l\u2019UFDG aime la Guine\u0301e. Pourquoi nous aimons la Guine\u0301e ? C\u2019est parce que nous aspirons a\u0300 diriger la Guine\u0301e. On ne peut pas aspirer diriger un pays et essayer de de\u0301truire ce pays. Nous ne voulons pas bru\u0302ler ce pays. Et pour cela, Cellou Dalein a donne\u0301 suffisamment de preuves de bonne foi \u00bb, a indique\u0301 Kale\u0301modou Yansane\u0301.<\/p>\n<p><iframe loading=\"lazy\" title=\"Kal\u00e9modou Yansan\u00e9 \u00e0 Mamadi Doumbouya : \u00ab les v\u00e9ritables ennemis de la transition sont\u2026\u00bb\" width=\"696\" height=\"392\" src=\"https:\/\/www.youtube.com\/embed\/Xgpw9h7bEjQ?feature=oembed\" frameborder=\"0\" allow=\"accelerometer; autoplay; clipboard-write; encrypted-media; gyroscope; picture-in-picture; web-share\" allowfullscreen><\/iframe><\/p>\n<p><strong>Pour plus d&rsquo;informations et d&rsquo;analyses sur la <a href=\"https:\/\/www.africa-press.net\/guinee-conakry\">Guin\u00e9e<\/a>, suivez <a href=\"https:\/\/www.africa-press.net\/\">Africa-Press<\/a><\/strong><\/p>\n","protected":false},"excerpt":{"rendered":"<p>Africa-Press &#8211; Guin\u00e9e. Lors du Conseil des ministres d\u2019avant-hier, jeudi 19 janvier 2023, le pre\u0301sident de la Transition, Colonel Mamadi Doumbouya, a indique\u0301 que \u00ab certains qui ne souhaiteraient pas voir la Transition re\u0301ussir (&#8230;) sont parmi nous \u00bb. Le Chef de l\u2019Etat n\u2019a de\u0301signe\u0301 personne de fac\u0327on nominative, mais il a tout de me\u0302me [&hellip;]<\/p>\n","protected":false},"author":82,"featured_media":11507,"comment_status":"open","ping_status":"closed","sticky":false,"template":"","format":"standard","meta":{"footnotes":""},"categories":[2,10],"tags":[36,57,58],"class_list":["post-11508","post","type-post","status-publish","format-standard","has-post-thumbnail","hentry","category-politique","category-toutes-les-actualites","tag-africa-press","tag-africa-press-guinee","tag-guinee"],"yoast_head":"<!-- This site is optimized with the Yoast SEO Premium plugin v26.1 (Yoast SEO v27.0) - https:\/\/yoast.com\/product\/yoast-seo-premium-wordpress\/ -->\n<title>Kal\u00e9modou Yansan\u00e9 \u00e0 Mamadi Doumbouya : \u00ab les v\u00e9ritables ennemis de la transition sont ceux qui viennent lui dire\u2026\u00bb - guinee Conakry<\/title>\n<meta name=\"robots\" content=\"index, follow, max-snippet:-1, max-image-preview:large, max-video-preview:-1\" \/>\n<link rel=\"canonical\" href=\"https:\/\/www.africa-press.net\/guinee-conakry\/politique\/kalemodou-yansane-a-mamadi-doumbouya-les-veritables-ennemis-de-la-transition-sont-ceux-qui-viennent-lui-dire\" \/>\n<meta property=\"og:locale\" content=\"fr_FR\" \/>\n<meta property=\"og:type\" content=\"article\" \/>\n<meta property=\"og:title\" content=\"Kal\u00e9modou Yansan\u00e9 \u00e0 Mamadi Doumbouya : \u00ab les v\u00e9ritables ennemis de la transition sont ceux qui viennent lui dire\u2026\u00bb\" \/>\n<meta property=\"og:description\" content=\"Africa-Press &#8211; Guin\u00e9e. Lors du Conseil des ministres d\u2019avant-hier, jeudi 19 janvier 2023, le pre\u0301sident de la Transition, Colonel Mamadi Doumbouya, a indique\u0301 que \u00ab certains qui ne souhaiteraient pas voir la Transition re\u0301ussir (&#8230;) sont parmi nous \u00bb. Le Chef de l\u2019Etat n\u2019a de\u0301signe\u0301 personne de fac\u0327on nominative, mais il a tout de me\u0302me [&hellip;]\" \/>\n<meta property=\"og:url\" content=\"https:\/\/www.africa-press.net\/guinee-conakry\/politique\/kalemodou-yansane-a-mamadi-doumbouya-les-veritables-ennemis-de-la-transition-sont-ceux-qui-viennent-lui-dire\" \/>\n<meta property=\"og:site_name\" content=\"guinee Conakry\" \/>\n<meta property=\"article:published_time\" content=\"2023-01-21T21:37:00+00:00\" \/>\n<meta name=\"author\" content=\"cfeditorfr\" \/>\n<meta name=\"twitter:card\" content=\"summary_large_image\" \/>\n<meta name=\"twitter:label1\" content=\"\u00c9crit par\" \/>\n\t<meta name=\"twitter:data1\" content=\"cfeditorfr\" \/>\n\t<meta name=\"twitter:label2\" content=\"Dur\u00e9e de lecture estim\u00e9e\" \/>\n\t<meta name=\"twitter:data2\" content=\"2 minutes\" \/>\n<script type=\"application\/ld+json\" class=\"yoast-schema-graph\">{\"@context\":\"https:\/\/schema.org\",\"@graph\":[{\"@type\":\"Article\",\"@id\":\"https:\/\/www.africa-press.net\/guinee-conakry\/politique\/kalemodou-yansane-a-mamadi-doumbouya-les-veritables-ennemis-de-la-transition-sont-ceux-qui-viennent-lui-dire#article\",\"isPartOf\":{\"@id\":\"https:\/\/www.africa-press.net\/guinee-conakry\/politique\/kalemodou-yansane-a-mamadi-doumbouya-les-veritables-ennemis-de-la-transition-sont-ceux-qui-viennent-lui-dire\"},\"author\":{\"name\":\"cfeditorfr\",\"@id\":\"https:\/\/www.africa-press.net\/guinee-conakry\/#\/schema\/person\/2b1cf3cd81a31e3cd26889ca66d677f1\"},\"headline\":\"Kal\u00e9modou Yansan\u00e9 \u00e0 Mamadi Doumbouya : \u00ab les v\u00e9ritables ennemis de la transition sont ceux qui viennent lui dire\u2026\u00bb\",\"datePublished\":\"2023-01-21T21:37:00+00:00\",\"mainEntityOfPage\":{\"@id\":\"https:\/\/www.africa-press.net\/guinee-conakry\/politique\/kalemodou-yansane-a-mamadi-doumbouya-les-veritables-ennemis-de-la-transition-sont-ceux-qui-viennent-lui-dire\"},\"wordCount\":367,\"commentCount\":0,\"image\":{\"@id\":\"https:\/\/www.africa-press.net\/guinee-conakry\/politique\/kalemodou-yansane-a-mamadi-doumbouya-les-veritables-ennemis-de-la-transition-sont-ceux-qui-viennent-lui-dire#primaryimage\"},\"thumbnailUrl\":\"https:\/\/static.africa-press.net\/conakry\/sites\/63\/2023\/01\/Jokar1674324459.744881.jpg\",\"keywords\":[\"Africa Press\",\"Africa Press-Guin\u00e9e\",\"Guin\u00e9e\"],\"articleSection\":[\"Politique\",\"Toutes les actualit\u00e9s\"],\"inLanguage\":\"fr-FR\",\"potentialAction\":[{\"@type\":\"CommentAction\",\"name\":\"Comment\",\"target\":[\"https:\/\/www.africa-press.net\/guinee-conakry\/politique\/kalemodou-yansane-a-mamadi-doumbouya-les-veritables-ennemis-de-la-transition-sont-ceux-qui-viennent-lui-dire#respond\"]}]},{\"@type\":\"WebPage\",\"@id\":\"https:\/\/www.africa-press.net\/guinee-conakry\/politique\/kalemodou-yansane-a-mamadi-doumbouya-les-veritables-ennemis-de-la-transition-sont-ceux-qui-viennent-lui-dire\",\"url\":\"https:\/\/www.africa-press.net\/guinee-conakry\/politique\/kalemodou-yansane-a-mamadi-doumbouya-les-veritables-ennemis-de-la-transition-sont-ceux-qui-viennent-lui-dire\",\"name\":\"Kal\u00e9modou Yansan\u00e9 \u00e0 Mamadi Doumbouya : \u00ab les v\u00e9ritables ennemis de la transition sont ceux qui viennent lui dire\u2026\u00bb - guinee Conakry\",\"isPartOf\":{\"@id\":\"https:\/\/www.africa-press.net\/guinee-conakry\/#website\"},\"primaryImageOfPage\":{\"@id\":\"https:\/\/www.africa-press.net\/guinee-conakry\/politique\/kalemodou-yansane-a-mamadi-doumbouya-les-veritables-ennemis-de-la-transition-sont-ceux-qui-viennent-lui-dire#primaryimage\"},\"image\":{\"@id\":\"https:\/\/www.africa-press.net\/guinee-conakry\/politique\/kalemodou-yansane-a-mamadi-doumbouya-les-veritables-ennemis-de-la-transition-sont-ceux-qui-viennent-lui-dire#primaryimage\"},\"thumbnailUrl\":\"https:\/\/static.africa-press.net\/conakry\/sites\/63\/2023\/01\/Jokar1674324459.744881.jpg\",\"datePublished\":\"2023-01-21T21:37:00+00:00\",\"author\":{\"@id\":\"https:\/\/www.africa-press.net\/guinee-conakry\/#\/schema\/person\/2b1cf3cd81a31e3cd26889ca66d677f1\"},\"breadcrumb\":{\"@id\":\"https:\/\/www.africa-press.net\/guinee-conakry\/politique\/kalemodou-yansane-a-mamadi-doumbouya-les-veritables-ennemis-de-la-transition-sont-ceux-qui-viennent-lui-dire#breadcrumb\"},\"inLanguage\":\"fr-FR\",\"potentialAction\":[{\"@type\":\"ReadAction\",\"target\":[\"https:\/\/www.africa-press.net\/guinee-conakry\/politique\/kalemodou-yansane-a-mamadi-doumbouya-les-veritables-ennemis-de-la-transition-sont-ceux-qui-viennent-lui-dire\"]}]},{\"@type\":\"ImageObject\",\"inLanguage\":\"fr-FR\",\"@id\":\"https:\/\/www.africa-press.net\/guinee-conakry\/politique\/kalemodou-yansane-a-mamadi-doumbouya-les-veritables-ennemis-de-la-transition-sont-ceux-qui-viennent-lui-dire#primaryimage\",\"url\":\"https:\/\/static.africa-press.net\/conakry\/sites\/63\/2023\/01\/Jokar1674324459.744881.jpg\",\"contentUrl\":\"https:\/\/static.africa-press.net\/conakry\/sites\/63\/2023\/01\/Jokar1674324459.744881.jpg\",\"width\":764,\"height\":889,\"caption\":\"Kal\u00e9modou Yansan\u00e9 \u00e0 Mamadi Doumbouya : \u00ab les v\u00e9ritables ennemis de la transition sont ceux qui viennent lui dire\u2026\u00bb\"},{\"@type\":\"BreadcrumbList\",\"@id\":\"https:\/\/www.africa-press.net\/guinee-conakry\/politique\/kalemodou-yansane-a-mamadi-doumbouya-les-veritables-ennemis-de-la-transition-sont-ceux-qui-viennent-lui-dire#breadcrumb\",\"itemListElement\":[{\"@type\":\"ListItem\",\"position\":1,\"name\":\"Accueil\",\"item\":\"https:\/\/www.africa-press.net\/guinee-conakry\/\"},{\"@type\":\"ListItem\",\"position\":2,\"name\":\"Kal\u00e9modou Yansan\u00e9 \u00e0 Mamadi Doumbouya : \u00ab les v\u00e9ritables ennemis de la transition sont ceux qui viennent lui dire\u2026\u00bb\"}]},{\"@type\":\"WebSite\",\"@id\":\"https:\/\/www.africa-press.net\/guinee-conakry\/#website\",\"url\":\"https:\/\/www.africa-press.net\/guinee-conakry\/\",\"name\":\"guinee Conakry\",\"description\":\"Just another Africa News Agency Sites site\",\"potentialAction\":[{\"@type\":\"SearchAction\",\"target\":{\"@type\":\"EntryPoint\",\"urlTemplate\":\"https:\/\/www.africa-press.net\/guinee-conakry\/?s={search_term_string}\"},\"query-input\":{\"@type\":\"PropertyValueSpecification\",\"valueRequired\":true,\"valueName\":\"search_term_string\"}}],\"inLanguage\":\"fr-FR\"},{\"@type\":\"Person\",\"@id\":\"https:\/\/www.africa-press.net\/guinee-conakry\/#\/schema\/person\/2b1cf3cd81a31e3cd26889ca66d677f1\",\"name\":\"cfeditorfr\"}]}<\/script>\n<!-- \/ Yoast SEO Premium plugin. -->","yoast_head_json":{"title":"Kal\u00e9modou Yansan\u00e9 \u00e0 Mamadi Doumbouya : \u00ab les v\u00e9ritables ennemis de la transition sont ceux qui viennent lui dire\u2026\u00bb - guinee Conakry","robots":{"index":"index","follow":"follow","max-snippet":"max-snippet:-1","max-image-preview":"max-image-preview:large","max-video-preview":"max-video-preview:-1"},"canonical":"https:\/\/www.africa-press.net\/guinee-conakry\/politique\/kalemodou-yansane-a-mamadi-doumbouya-les-veritables-ennemis-de-la-transition-sont-ceux-qui-viennent-lui-dire","og_locale":"fr_FR","og_type":"article","og_title":"Kal\u00e9modou Yansan\u00e9 \u00e0 Mamadi Doumbouya : \u00ab les v\u00e9ritables ennemis de la transition sont ceux qui viennent lui dire\u2026\u00bb","og_description":"Africa-Press &#8211; Guin\u00e9e. Lors du Conseil des ministres d\u2019avant-hier, jeudi 19 janvier 2023, le pre\u0301sident de la Transition, Colonel Mamadi Doumbouya, a indique\u0301 que \u00ab certains qui ne souhaiteraient pas voir la Transition re\u0301ussir (&#8230;) sont parmi nous \u00bb. Le Chef de l\u2019Etat n\u2019a de\u0301signe\u0301 personne de fac\u0327on nominative, mais il a tout de me\u0302me [&hellip;]","og_url":"https:\/\/www.africa-press.net\/guinee-conakry\/politique\/kalemodou-yansane-a-mamadi-doumbouya-les-veritables-ennemis-de-la-transition-sont-ceux-qui-viennent-lui-dire","og_site_name":"guinee Conakry","article_published_time":"2023-01-21T21:37:00+00:00","author":"cfeditorfr","twitter_card":"summary_large_image","twitter_misc":{"\u00c9crit par":"cfeditorfr","Dur\u00e9e de lecture estim\u00e9e":"2 minutes"},"schema":{"@context":"https:\/\/schema.org","@graph":[{"@type":"Article","@id":"https:\/\/www.africa-press.net\/guinee-conakry\/politique\/kalemodou-yansane-a-mamadi-doumbouya-les-veritables-ennemis-de-la-transition-sont-ceux-qui-viennent-lui-dire#article","isPartOf":{"@id":"https:\/\/www.africa-press.net\/guinee-conakry\/politique\/kalemodou-yansane-a-mamadi-doumbouya-les-veritables-ennemis-de-la-transition-sont-ceux-qui-viennent-lui-dire"},"author":{"name":"cfeditorfr","@id":"https:\/\/www.africa-press.net\/guinee-conakry\/#\/schema\/person\/2b1cf3cd81a31e3cd26889ca66d677f1"},"headline":"Kal\u00e9modou Yansan\u00e9 \u00e0 Mamadi Doumbouya : \u00ab les v\u00e9ritables ennemis de la transition sont ceux qui viennent lui dire\u2026\u00bb","datePublished":"2023-01-21T21:37:00+00:00","mainEntityOfPage":{"@id":"https:\/\/www.africa-press.net\/guinee-conakry\/politique\/kalemodou-yansane-a-mamadi-doumbouya-les-veritables-ennemis-de-la-transition-sont-ceux-qui-viennent-lui-dire"},"wordCount":367,"commentCount":0,"image":{"@id":"https:\/\/www.africa-press.net\/guinee-conakry\/politique\/kalemodou-yansane-a-mamadi-doumbouya-les-veritables-ennemis-de-la-transition-sont-ceux-qui-viennent-lui-dire#primaryimage"},"thumbnailUrl":"https:\/\/static.africa-press.net\/conakry\/sites\/63\/2023\/01\/Jokar1674324459.744881.jpg","keywords":["Africa Press","Africa Press-Guin\u00e9e","Guin\u00e9e"],"articleSection":["Politique","Toutes les actualit\u00e9s"],"inLanguage":"fr-FR","potentialAction":[{"@type":"CommentAction","name":"Comment","target":["https:\/\/www.africa-press.net\/guinee-conakry\/politique\/kalemodou-yansane-a-mamadi-doumbouya-les-veritables-ennemis-de-la-transition-sont-ceux-qui-viennent-lui-dire#respond"]}]},{"@type":"WebPage","@id":"https:\/\/www.africa-press.net\/guinee-conakry\/politique\/kalemodou-yansane-a-mamadi-doumbouya-les-veritables-ennemis-de-la-transition-sont-ceux-qui-viennent-lui-dire","url":"https:\/\/www.africa-press.net\/guinee-conakry\/politique\/kalemodou-yansane-a-mamadi-doumbouya-les-veritables-ennemis-de-la-transition-sont-ceux-qui-viennent-lui-dire","name":"Kal\u00e9modou Yansan\u00e9 \u00e0 Mamadi Doumbouya : \u00ab les v\u00e9ritables ennemis de la transition sont ceux qui viennent lui dire\u2026\u00bb - guinee Conakry","isPartOf":{"@id":"https:\/\/www.africa-press.net\/guinee-conakry\/#website"},"primaryImageOfPage":{"@id":"https:\/\/www.africa-press.net\/guinee-conakry\/politique\/kalemodou-yansane-a-mamadi-doumbouya-les-veritables-ennemis-de-la-transition-sont-ceux-qui-viennent-lui-dire#primaryimage"},"image":{"@id":"https:\/\/www.africa-press.net\/guinee-conakry\/politique\/kalemodou-yansane-a-mamadi-doumbouya-les-veritables-ennemis-de-la-transition-sont-ceux-qui-viennent-lui-dire#primaryimage"},"thumbnailUrl":"https:\/\/static.africa-press.net\/conakry\/sites\/63\/2023\/01\/Jokar1674324459.744881.jpg","datePublished":"2023-01-21T21:37:00+00:00","author":{"@id":"https:\/\/www.africa-press.net\/guinee-conakry\/#\/schema\/person\/2b1cf3cd81a31e3cd26889ca66d677f1"},"breadcrumb":{"@id":"https:\/\/www.africa-press.net\/guinee-conakry\/politique\/kalemodou-yansane-a-mamadi-doumbouya-les-veritables-ennemis-de-la-transition-sont-ceux-qui-viennent-lui-dire#breadcrumb"},"inLanguage":"fr-FR","potentialAction":[{"@type":"ReadAction","target":["https:\/\/www.africa-press.net\/guinee-conakry\/politique\/kalemodou-yansane-a-mamadi-doumbouya-les-veritables-ennemis-de-la-transition-sont-ceux-qui-viennent-lui-dire"]}]},{"@type":"ImageObject","inLanguage":"fr-FR","@id":"https:\/\/www.africa-press.net\/guinee-conakry\/politique\/kalemodou-yansane-a-mamadi-doumbouya-les-veritables-ennemis-de-la-transition-sont-ceux-qui-viennent-lui-dire#primaryimage","url":"https:\/\/static.africa-press.net\/conakry\/sites\/63\/2023\/01\/Jokar1674324459.744881.jpg","contentUrl":"https:\/\/static.africa-press.net\/conakry\/sites\/63\/2023\/01\/Jokar1674324459.744881.jpg","width":764,"height":889,"caption":"Kal\u00e9modou Yansan\u00e9 \u00e0 Mamadi Doumbouya : \u00ab les v\u00e9ritables ennemis de la transition sont ceux qui viennent lui dire\u2026\u00bb"},{"@type":"BreadcrumbList","@id":"https:\/\/www.africa-press.net\/guinee-conakry\/politique\/kalemodou-yansane-a-mamadi-doumbouya-les-veritables-ennemis-de-la-transition-sont-ceux-qui-viennent-lui-dire#breadcrumb","itemListElement":[{"@type":"ListItem","position":1,"name":"Accueil","item":"https:\/\/www.africa-press.net\/guinee-conakry\/"},{"@type":"ListItem","position":2,"name":"Kal\u00e9modou Yansan\u00e9 \u00e0 Mamadi Doumbouya : \u00ab les v\u00e9ritables ennemis de la transition sont ceux qui viennent lui dire\u2026\u00bb"}]},{"@type":"WebSite","@id":"https:\/\/www.africa-press.net\/guinee-conakry\/#website","url":"https:\/\/www.africa-press.net\/guinee-conakry\/","name":"guinee Conakry","description":"Just another Africa News Agency Sites site","potentialAction":[{"@type":"SearchAction","target":{"@type":"EntryPoint","urlTemplate":"https:\/\/www.africa-press.net\/guinee-conakry\/?s={search_term_string}"},"query-input":{"@type":"PropertyValueSpecification","valueRequired":true,"valueName":"search_term_string"}}],"inLanguage":"fr-FR"},{"@type":"Person","@id":"https:\/\/www.africa-press.net\/guinee-conakry\/#\/schema\/person\/2b1cf3cd81a31e3cd26889ca66d677f1","name":"cfeditorfr"}]}},"_links":{"self":[{"href":"https:\/\/www.africa-press.net\/guinee-conakry\/wp-json\/wp\/v2\/posts\/11508","targetHints":{"allow":["GET"]}}],"collection":[{"href":"https:\/\/www.africa-press.net\/guinee-conakry\/wp-json\/wp\/v2\/posts"}],"about":[{"href":"https:\/\/www.africa-press.net\/guinee-conakry\/wp-json\/wp\/v2\/types\/post"}],"author":[{"embeddable":true,"href":"https:\/\/www.africa-press.net\/guinee-conakry\/wp-json\/wp\/v2\/users\/82"}],"replies":[{"embeddable":true,"href":"https:\/\/www.africa-press.net\/guinee-conakry\/wp-json\/wp\/v2\/comments?post=11508"}],"version-history":[{"count":0,"href":"https:\/\/www.africa-press.net\/guinee-conakry\/wp-json\/wp\/v2\/posts\/11508\/revisions"}],"wp:featuredmedia":[{"embeddable":true,"href":"https:\/\/www.africa-press.net\/guinee-conakry\/wp-json\/wp\/v2\/media\/11507"}],"wp:attachment":[{"href":"https:\/\/www.africa-press.net\/guinee-conakry\/wp-json\/wp\/v2\/media?parent=11508"}],"wp:term":[{"taxonomy":"category","embeddable":true,"href":"https:\/\/www.africa-press.net\/guinee-conakry\/wp-json\/wp\/v2\/categories?post=11508"},{"taxonomy":"post_tag","embeddable":true,"href":"https:\/\/www.africa-press.net\/guinee-conakry\/wp-json\/wp\/v2\/tags?post=11508"}],"curies":[{"name":"wp","href":"https:\/\/api.w.org\/{rel}","templated":true}]}}