{"id":11528,"date":"2023-01-23T20:45:00","date_gmt":"2023-01-23T20:45:00","guid":{"rendered":"https:\/\/www.africa-press.net\/guinee-conakry\/politique\/siguiri-les-etudiants-de-leram-dans-les-rues-pour-reclamer-des-formateurs-et-lelectricite"},"modified":"2023-01-23T20:45:00","modified_gmt":"2023-01-23T20:45:00","slug":"siguiri-les-etudiants-de-leram-dans-les-rues-pour-reclamer-des-formateurs-et-lelectricite","status":"publish","type":"post","link":"https:\/\/www.africa-press.net\/guinee-conakry\/toutes-les-actualites\/siguiri-les-etudiants-de-leram-dans-les-rues-pour-reclamer-des-formateurs-et-lelectricite","title":{"rendered":"Siguiri : les \u00e9tudiants de l\u2019ERAM dans les rues pour r\u00e9clamer des formateurs et l\u2019\u00e9lectricit\u00e9"},"content":{"rendered":"<p><span style=\"color: #ff6600\"><strong>Africa-Press &#8211; Guin\u00e9e. <\/strong><\/span>Le manque criard de formateurs et de courant e\u0301lectrique pour rendre ope\u0301rationnel l\u2019Ecole Re\u0301gionale des Arts et Me\u0301tiers (ERAM) de la pre\u0301fecture de Siguiri n\u2019est pas du gou\u0302t des e\u0301tudiants de cette e\u0301cole professionnelle. C\u2019est pour protester contre cette situation qu\u2019ils sont descendus dans les rues et e\u0301rige\u0301 des barricades pour se faire entendre dans la matine\u0301e de ce lundi, 23 janvier .<\/p>\n<p>Ouverte, il y a de cela deux ans, l\u2019Ecole Re\u0301gionale des Arts et Me\u0301tiers (ERAM) de Siguiri traverse une zone de turbulence. Le manque d\u2019enseignants compe\u0301tents, l\u2019absence d\u2019e\u0301lectricite\u0301 et la position ge\u0301ographique de l\u2019e\u0301cole par rapport a\u0300 la ville de\u0301couragent les apprenants. Ils l\u2019ont fait savoir ce lundi a\u0300 travers une manifestation dans la ville.<\/p>\n<p>Sidiki Diakite\u0301, pre\u0301sident des e\u0301tudiants de l\u2019ERAM de Siguiri, est revenu sur les difficulte\u0301s qui les assaillent. \u00ab Nous sommes aujourd\u2019hui dans les rues pour mettre des barricades parce que tout simplement, nous voulons nous faire entendre, car c\u0327a fait des anne\u0301es que nous sollicitons aupre\u0300s des autorite\u0301s pre\u0301fectorales et me\u0302me aupre\u0300s des responsables de cette e\u0301cole une assistance ne\u0301cessaire pour renforcer la capacite\u0301 de notre e\u0301cole. Imaginez-vous, une e\u0301cole professionnelle ou\u0300 il n\u2019y a me\u0302me pas de courant e\u0301lectrique alors que nous avons des filie\u0300res ici qui ont ne\u0301cessairement besoin du courant, notamment l\u2019Electricite\u0301 ba\u0302timent et l\u2019Electricite\u0301 industrielle. Donc, c\u2019est pour vous dire que rien ne va dans cette e\u0301cole, car on n\u2019a me\u0302me pas de formateurs dignes du nom pour assurer notre formation. Pour e\u0302tre clair avec vous, cette e\u0301cole professionnelle de Siguiri, depuis son ouverture, va du coq a\u0300 l\u2019a\u0302ne au vu et au su des responsables de l\u2019e\u0301cole. On a mene\u0301 plusieurs de\u0301marches, on a frappe\u0301 a\u0300 toutes les portes, mais jusqu\u2019a\u0300 pre\u0301sent, rien de potable, rien de concret sinon que des promesses. Nous comptons poursuivre nos manifestations dans les jours a\u0300 venir tant qu\u2019on ne sera pas satisfait \u00bb, promet-il.<\/p>\n<p>De son co\u0302te\u0301, le directeur ge\u0301ne\u0301ral de l\u2019ERAM de Siguiri a demande\u0301 aux e\u0301tudiants de garder la se\u0301re\u0301nite\u0301 pour attendre la re\u0301action de l\u2019E\u0301tat guine\u0301en. \u00ab Les e\u0301tudiants ont vraiment raison, mais ils n\u2019ont qu\u2019a\u0300 savoir qu\u2019il y a un manque criard aussi de formateurs dans les trois autres ERAM du pays, et me\u0302me au niveau du Ministe\u0300re de l\u2019Enseignement Technique. En ce qui concerne le proble\u0300me de courant, nous avons de\u0301ja\u0300 contacte\u0301 l\u2019EDG pour c\u0327a et on aura une suite favorable d\u2019ici la fin de l\u2019anne\u0301e. S\u2019agissant des moyens de de\u0301placement, parce que l\u2019e\u0301cole est a\u0300 quinze kilome\u0300tres de la ville, nous comptons aussi ne\u0301gocier avec un proprie\u0301taire de bus pour faciliter le de\u0301placement des e\u0301tudiants. Je vous pre\u0301cise aussi que nous avons dix formateurs titulaires pour plus de 200 apprenants et je me suis battu a\u0300 travers mes propres moyens pour amener e\u0301galement cinq formateurs contractuels pour que les cours se poursuivent \u00bb, a explique\u0301 Dore\u0301 Luopounan.<\/p>\n<p>Cinq filie\u0300res sont enseigne\u0301es a\u0300 l\u2019ERAM de Siguiri : Electricite\u0301 ba\u0302timent, Electricite\u0301 industrielle, Me\u0301canique ge\u0301ne\u0301rale, Me\u0301canique auto, Froid et climatisation.<\/p>\n<p>Environnement a\u0300 Te\u0301lime\u0301le\u0301 : le chef de la section fore\u0302t et faune fait le diagnostic et annonce des actions<\/p>\n<p>Lire la suite<\/p>\n<p><strong>Pour plus d&rsquo;informations et d&rsquo;analyses sur la <a href=\"https:\/\/www.africa-press.net\/guinee-conakry\">Guin\u00e9e<\/a>, suivez <a href=\"https:\/\/www.africa-press.net\/\">Africa-Press<\/a><\/strong><\/p>\n","protected":false},"excerpt":{"rendered":"<p>Africa-Press &#8211; Guin\u00e9e. Le manque criard de formateurs et de courant e\u0301lectrique pour rendre ope\u0301rationnel l\u2019Ecole Re\u0301gionale des Arts et Me\u0301tiers (ERAM) de la pre\u0301fecture de Siguiri n\u2019est pas du gou\u0302t des e\u0301tudiants de cette e\u0301cole professionnelle. C\u2019est pour protester contre cette situation qu\u2019ils sont descendus dans les rues et e\u0301rige\u0301 des barricades pour se [&hellip;]<\/p>\n","protected":false},"author":82,"featured_media":11527,"comment_status":"open","ping_status":"closed","sticky":false,"template":"","format":"standard","meta":{"footnotes":""},"categories":[21,56,10],"tags":[36,57,58],"class_list":["post-11528","post","type-post","status-publish","format-standard","has-post-thumbnail","hentry","category-communaute","category-to-homepage","category-toutes-les-actualites","tag-africa-press","tag-africa-press-guinee","tag-guinee"],"yoast_head":"<!-- This site is optimized with the Yoast SEO Premium plugin v26.1 (Yoast SEO v27.0) - https:\/\/yoast.com\/product\/yoast-seo-premium-wordpress\/ -->\n<title>Siguiri : les \u00e9tudiants de l\u2019ERAM dans les rues pour r\u00e9clamer des formateurs et l\u2019\u00e9lectricit\u00e9 - guinee Conakry<\/title>\n<meta name=\"robots\" content=\"index, follow, max-snippet:-1, max-image-preview:large, max-video-preview:-1\" \/>\n<link rel=\"canonical\" href=\"https:\/\/www.africa-press.net\/guinee-conakry\/politique\/siguiri-les-etudiants-de-leram-dans-les-rues-pour-reclamer-des-formateurs-et-lelectricite\" \/>\n<meta property=\"og:locale\" content=\"fr_FR\" \/>\n<meta property=\"og:type\" content=\"article\" \/>\n<meta property=\"og:title\" content=\"Siguiri : les \u00e9tudiants de l\u2019ERAM dans les rues pour r\u00e9clamer des formateurs et l\u2019\u00e9lectricit\u00e9\" \/>\n<meta property=\"og:description\" content=\"Africa-Press &#8211; Guin\u00e9e. Le manque criard de formateurs et de courant e\u0301lectrique pour rendre ope\u0301rationnel l\u2019Ecole Re\u0301gionale des Arts et Me\u0301tiers (ERAM) de la pre\u0301fecture de Siguiri n\u2019est pas du gou\u0302t des e\u0301tudiants de cette e\u0301cole professionnelle. C\u2019est pour protester contre cette situation qu\u2019ils sont descendus dans les rues et e\u0301rige\u0301 des barricades pour se [&hellip;]\" \/>\n<meta property=\"og:url\" content=\"https:\/\/www.africa-press.net\/guinee-conakry\/politique\/siguiri-les-etudiants-de-leram-dans-les-rues-pour-reclamer-des-formateurs-et-lelectricite\" \/>\n<meta property=\"og:site_name\" content=\"guinee Conakry\" \/>\n<meta property=\"article:published_time\" content=\"2023-01-23T20:45:00+00:00\" \/>\n<meta name=\"author\" content=\"cfeditorfr\" \/>\n<meta name=\"twitter:card\" content=\"summary_large_image\" \/>\n<meta name=\"twitter:label1\" content=\"\u00c9crit par\" \/>\n\t<meta name=\"twitter:data1\" content=\"cfeditorfr\" \/>\n\t<meta name=\"twitter:label2\" content=\"Dur\u00e9e de lecture estim\u00e9e\" \/>\n\t<meta name=\"twitter:data2\" content=\"3 minutes\" \/>\n<script type=\"application\/ld+json\" class=\"yoast-schema-graph\">{\"@context\":\"https:\/\/schema.org\",\"@graph\":[{\"@type\":\"Article\",\"@id\":\"https:\/\/www.africa-press.net\/guinee-conakry\/politique\/siguiri-les-etudiants-de-leram-dans-les-rues-pour-reclamer-des-formateurs-et-lelectricite#article\",\"isPartOf\":{\"@id\":\"https:\/\/www.africa-press.net\/guinee-conakry\/politique\/siguiri-les-etudiants-de-leram-dans-les-rues-pour-reclamer-des-formateurs-et-lelectricite\"},\"author\":{\"name\":\"cfeditorfr\",\"@id\":\"https:\/\/www.africa-press.net\/guinee-conakry\/#\/schema\/person\/2b1cf3cd81a31e3cd26889ca66d677f1\"},\"headline\":\"Siguiri : les \u00e9tudiants de l\u2019ERAM dans les rues pour r\u00e9clamer des formateurs et l\u2019\u00e9lectricit\u00e9\",\"datePublished\":\"2023-01-23T20:45:00+00:00\",\"mainEntityOfPage\":{\"@id\":\"https:\/\/www.africa-press.net\/guinee-conakry\/politique\/siguiri-les-etudiants-de-leram-dans-les-rues-pour-reclamer-des-formateurs-et-lelectricite\"},\"wordCount\":651,\"commentCount\":0,\"image\":{\"@id\":\"https:\/\/www.africa-press.net\/guinee-conakry\/politique\/siguiri-les-etudiants-de-leram-dans-les-rues-pour-reclamer-des-formateurs-et-lelectricite#primaryimage\"},\"thumbnailUrl\":\"https:\/\/static.africa-press.net\/conakry\/sites\/63\/2023\/01\/Jokar1674494112.736782.jpg\",\"keywords\":[\"Africa Press\",\"Africa Press-Guin\u00e9e\",\"Guin\u00e9e\"],\"articleSection\":[\"Communaut\u00e9\",\"to-homepage\",\"Toutes les actualit\u00e9s\"],\"inLanguage\":\"fr-FR\",\"potentialAction\":[{\"@type\":\"CommentAction\",\"name\":\"Comment\",\"target\":[\"https:\/\/www.africa-press.net\/guinee-conakry\/politique\/siguiri-les-etudiants-de-leram-dans-les-rues-pour-reclamer-des-formateurs-et-lelectricite#respond\"]}]},{\"@type\":\"WebPage\",\"@id\":\"https:\/\/www.africa-press.net\/guinee-conakry\/politique\/siguiri-les-etudiants-de-leram-dans-les-rues-pour-reclamer-des-formateurs-et-lelectricite\",\"url\":\"https:\/\/www.africa-press.net\/guinee-conakry\/politique\/siguiri-les-etudiants-de-leram-dans-les-rues-pour-reclamer-des-formateurs-et-lelectricite\",\"name\":\"Siguiri : les \u00e9tudiants de l\u2019ERAM dans les rues pour r\u00e9clamer des formateurs et l\u2019\u00e9lectricit\u00e9 - guinee Conakry\",\"isPartOf\":{\"@id\":\"https:\/\/www.africa-press.net\/guinee-conakry\/#website\"},\"primaryImageOfPage\":{\"@id\":\"https:\/\/www.africa-press.net\/guinee-conakry\/politique\/siguiri-les-etudiants-de-leram-dans-les-rues-pour-reclamer-des-formateurs-et-lelectricite#primaryimage\"},\"image\":{\"@id\":\"https:\/\/www.africa-press.net\/guinee-conakry\/politique\/siguiri-les-etudiants-de-leram-dans-les-rues-pour-reclamer-des-formateurs-et-lelectricite#primaryimage\"},\"thumbnailUrl\":\"https:\/\/static.africa-press.net\/conakry\/sites\/63\/2023\/01\/Jokar1674494112.736782.jpg\",\"datePublished\":\"2023-01-23T20:45:00+00:00\",\"author\":{\"@id\":\"https:\/\/www.africa-press.net\/guinee-conakry\/#\/schema\/person\/2b1cf3cd81a31e3cd26889ca66d677f1\"},\"breadcrumb\":{\"@id\":\"https:\/\/www.africa-press.net\/guinee-conakry\/politique\/siguiri-les-etudiants-de-leram-dans-les-rues-pour-reclamer-des-formateurs-et-lelectricite#breadcrumb\"},\"inLanguage\":\"fr-FR\",\"potentialAction\":[{\"@type\":\"ReadAction\",\"target\":[\"https:\/\/www.africa-press.net\/guinee-conakry\/politique\/siguiri-les-etudiants-de-leram-dans-les-rues-pour-reclamer-des-formateurs-et-lelectricite\"]}]},{\"@type\":\"ImageObject\",\"inLanguage\":\"fr-FR\",\"@id\":\"https:\/\/www.africa-press.net\/guinee-conakry\/politique\/siguiri-les-etudiants-de-leram-dans-les-rues-pour-reclamer-des-formateurs-et-lelectricite#primaryimage\",\"url\":\"https:\/\/static.africa-press.net\/conakry\/sites\/63\/2023\/01\/Jokar1674494112.736782.jpg\",\"contentUrl\":\"https:\/\/static.africa-press.net\/conakry\/sites\/63\/2023\/01\/Jokar1674494112.736782.jpg\",\"width\":1280,\"height\":533,\"caption\":\"Siguiri : les \u00e9tudiants de l\u2019ERAM dans les rues pour r\u00e9clamer des formateurs et l\u2019\u00e9lectricit\u00e9\"},{\"@type\":\"BreadcrumbList\",\"@id\":\"https:\/\/www.africa-press.net\/guinee-conakry\/politique\/siguiri-les-etudiants-de-leram-dans-les-rues-pour-reclamer-des-formateurs-et-lelectricite#breadcrumb\",\"itemListElement\":[{\"@type\":\"ListItem\",\"position\":1,\"name\":\"Accueil\",\"item\":\"https:\/\/www.africa-press.net\/guinee-conakry\/\"},{\"@type\":\"ListItem\",\"position\":2,\"name\":\"Siguiri : les \u00e9tudiants de l\u2019ERAM dans les rues pour r\u00e9clamer des formateurs et l\u2019\u00e9lectricit\u00e9\"}]},{\"@type\":\"WebSite\",\"@id\":\"https:\/\/www.africa-press.net\/guinee-conakry\/#website\",\"url\":\"https:\/\/www.africa-press.net\/guinee-conakry\/\",\"name\":\"guinee Conakry\",\"description\":\"Just another Africa News Agency Sites site\",\"potentialAction\":[{\"@type\":\"SearchAction\",\"target\":{\"@type\":\"EntryPoint\",\"urlTemplate\":\"https:\/\/www.africa-press.net\/guinee-conakry\/?s={search_term_string}\"},\"query-input\":{\"@type\":\"PropertyValueSpecification\",\"valueRequired\":true,\"valueName\":\"search_term_string\"}}],\"inLanguage\":\"fr-FR\"},{\"@type\":\"Person\",\"@id\":\"https:\/\/www.africa-press.net\/guinee-conakry\/#\/schema\/person\/2b1cf3cd81a31e3cd26889ca66d677f1\",\"name\":\"cfeditorfr\"}]}<\/script>\n<!-- \/ Yoast SEO Premium plugin. -->","yoast_head_json":{"title":"Siguiri : les \u00e9tudiants de l\u2019ERAM dans les rues pour r\u00e9clamer des formateurs et l\u2019\u00e9lectricit\u00e9 - guinee Conakry","robots":{"index":"index","follow":"follow","max-snippet":"max-snippet:-1","max-image-preview":"max-image-preview:large","max-video-preview":"max-video-preview:-1"},"canonical":"https:\/\/www.africa-press.net\/guinee-conakry\/politique\/siguiri-les-etudiants-de-leram-dans-les-rues-pour-reclamer-des-formateurs-et-lelectricite","og_locale":"fr_FR","og_type":"article","og_title":"Siguiri : les \u00e9tudiants de l\u2019ERAM dans les rues pour r\u00e9clamer des formateurs et l\u2019\u00e9lectricit\u00e9","og_description":"Africa-Press &#8211; Guin\u00e9e. Le manque criard de formateurs et de courant e\u0301lectrique pour rendre ope\u0301rationnel l\u2019Ecole Re\u0301gionale des Arts et Me\u0301tiers (ERAM) de la pre\u0301fecture de Siguiri n\u2019est pas du gou\u0302t des e\u0301tudiants de cette e\u0301cole professionnelle. C\u2019est pour protester contre cette situation qu\u2019ils sont descendus dans les rues et e\u0301rige\u0301 des barricades pour se [&hellip;]","og_url":"https:\/\/www.africa-press.net\/guinee-conakry\/politique\/siguiri-les-etudiants-de-leram-dans-les-rues-pour-reclamer-des-formateurs-et-lelectricite","og_site_name":"guinee Conakry","article_published_time":"2023-01-23T20:45:00+00:00","author":"cfeditorfr","twitter_card":"summary_large_image","twitter_misc":{"\u00c9crit par":"cfeditorfr","Dur\u00e9e de lecture estim\u00e9e":"3 minutes"},"schema":{"@context":"https:\/\/schema.org","@graph":[{"@type":"Article","@id":"https:\/\/www.africa-press.net\/guinee-conakry\/politique\/siguiri-les-etudiants-de-leram-dans-les-rues-pour-reclamer-des-formateurs-et-lelectricite#article","isPartOf":{"@id":"https:\/\/www.africa-press.net\/guinee-conakry\/politique\/siguiri-les-etudiants-de-leram-dans-les-rues-pour-reclamer-des-formateurs-et-lelectricite"},"author":{"name":"cfeditorfr","@id":"https:\/\/www.africa-press.net\/guinee-conakry\/#\/schema\/person\/2b1cf3cd81a31e3cd26889ca66d677f1"},"headline":"Siguiri : les \u00e9tudiants de l\u2019ERAM dans les rues pour r\u00e9clamer des formateurs et l\u2019\u00e9lectricit\u00e9","datePublished":"2023-01-23T20:45:00+00:00","mainEntityOfPage":{"@id":"https:\/\/www.africa-press.net\/guinee-conakry\/politique\/siguiri-les-etudiants-de-leram-dans-les-rues-pour-reclamer-des-formateurs-et-lelectricite"},"wordCount":651,"commentCount":0,"image":{"@id":"https:\/\/www.africa-press.net\/guinee-conakry\/politique\/siguiri-les-etudiants-de-leram-dans-les-rues-pour-reclamer-des-formateurs-et-lelectricite#primaryimage"},"thumbnailUrl":"https:\/\/static.africa-press.net\/conakry\/sites\/63\/2023\/01\/Jokar1674494112.736782.jpg","keywords":["Africa Press","Africa Press-Guin\u00e9e","Guin\u00e9e"],"articleSection":["Communaut\u00e9","to-homepage","Toutes les actualit\u00e9s"],"inLanguage":"fr-FR","potentialAction":[{"@type":"CommentAction","name":"Comment","target":["https:\/\/www.africa-press.net\/guinee-conakry\/politique\/siguiri-les-etudiants-de-leram-dans-les-rues-pour-reclamer-des-formateurs-et-lelectricite#respond"]}]},{"@type":"WebPage","@id":"https:\/\/www.africa-press.net\/guinee-conakry\/politique\/siguiri-les-etudiants-de-leram-dans-les-rues-pour-reclamer-des-formateurs-et-lelectricite","url":"https:\/\/www.africa-press.net\/guinee-conakry\/politique\/siguiri-les-etudiants-de-leram-dans-les-rues-pour-reclamer-des-formateurs-et-lelectricite","name":"Siguiri : les \u00e9tudiants de l\u2019ERAM dans les rues pour r\u00e9clamer des formateurs et l\u2019\u00e9lectricit\u00e9 - guinee Conakry","isPartOf":{"@id":"https:\/\/www.africa-press.net\/guinee-conakry\/#website"},"primaryImageOfPage":{"@id":"https:\/\/www.africa-press.net\/guinee-conakry\/politique\/siguiri-les-etudiants-de-leram-dans-les-rues-pour-reclamer-des-formateurs-et-lelectricite#primaryimage"},"image":{"@id":"https:\/\/www.africa-press.net\/guinee-conakry\/politique\/siguiri-les-etudiants-de-leram-dans-les-rues-pour-reclamer-des-formateurs-et-lelectricite#primaryimage"},"thumbnailUrl":"https:\/\/static.africa-press.net\/conakry\/sites\/63\/2023\/01\/Jokar1674494112.736782.jpg","datePublished":"2023-01-23T20:45:00+00:00","author":{"@id":"https:\/\/www.africa-press.net\/guinee-conakry\/#\/schema\/person\/2b1cf3cd81a31e3cd26889ca66d677f1"},"breadcrumb":{"@id":"https:\/\/www.africa-press.net\/guinee-conakry\/politique\/siguiri-les-etudiants-de-leram-dans-les-rues-pour-reclamer-des-formateurs-et-lelectricite#breadcrumb"},"inLanguage":"fr-FR","potentialAction":[{"@type":"ReadAction","target":["https:\/\/www.africa-press.net\/guinee-conakry\/politique\/siguiri-les-etudiants-de-leram-dans-les-rues-pour-reclamer-des-formateurs-et-lelectricite"]}]},{"@type":"ImageObject","inLanguage":"fr-FR","@id":"https:\/\/www.africa-press.net\/guinee-conakry\/politique\/siguiri-les-etudiants-de-leram-dans-les-rues-pour-reclamer-des-formateurs-et-lelectricite#primaryimage","url":"https:\/\/static.africa-press.net\/conakry\/sites\/63\/2023\/01\/Jokar1674494112.736782.jpg","contentUrl":"https:\/\/static.africa-press.net\/conakry\/sites\/63\/2023\/01\/Jokar1674494112.736782.jpg","width":1280,"height":533,"caption":"Siguiri : les \u00e9tudiants de l\u2019ERAM dans les rues pour r\u00e9clamer des formateurs et l\u2019\u00e9lectricit\u00e9"},{"@type":"BreadcrumbList","@id":"https:\/\/www.africa-press.net\/guinee-conakry\/politique\/siguiri-les-etudiants-de-leram-dans-les-rues-pour-reclamer-des-formateurs-et-lelectricite#breadcrumb","itemListElement":[{"@type":"ListItem","position":1,"name":"Accueil","item":"https:\/\/www.africa-press.net\/guinee-conakry\/"},{"@type":"ListItem","position":2,"name":"Siguiri : les \u00e9tudiants de l\u2019ERAM dans les rues pour r\u00e9clamer des formateurs et l\u2019\u00e9lectricit\u00e9"}]},{"@type":"WebSite","@id":"https:\/\/www.africa-press.net\/guinee-conakry\/#website","url":"https:\/\/www.africa-press.net\/guinee-conakry\/","name":"guinee Conakry","description":"Just another Africa News Agency Sites site","potentialAction":[{"@type":"SearchAction","target":{"@type":"EntryPoint","urlTemplate":"https:\/\/www.africa-press.net\/guinee-conakry\/?s={search_term_string}"},"query-input":{"@type":"PropertyValueSpecification","valueRequired":true,"valueName":"search_term_string"}}],"inLanguage":"fr-FR"},{"@type":"Person","@id":"https:\/\/www.africa-press.net\/guinee-conakry\/#\/schema\/person\/2b1cf3cd81a31e3cd26889ca66d677f1","name":"cfeditorfr"}]}},"_links":{"self":[{"href":"https:\/\/www.africa-press.net\/guinee-conakry\/wp-json\/wp\/v2\/posts\/11528","targetHints":{"allow":["GET"]}}],"collection":[{"href":"https:\/\/www.africa-press.net\/guinee-conakry\/wp-json\/wp\/v2\/posts"}],"about":[{"href":"https:\/\/www.africa-press.net\/guinee-conakry\/wp-json\/wp\/v2\/types\/post"}],"author":[{"embeddable":true,"href":"https:\/\/www.africa-press.net\/guinee-conakry\/wp-json\/wp\/v2\/users\/82"}],"replies":[{"embeddable":true,"href":"https:\/\/www.africa-press.net\/guinee-conakry\/wp-json\/wp\/v2\/comments?post=11528"}],"version-history":[{"count":0,"href":"https:\/\/www.africa-press.net\/guinee-conakry\/wp-json\/wp\/v2\/posts\/11528\/revisions"}],"wp:featuredmedia":[{"embeddable":true,"href":"https:\/\/www.africa-press.net\/guinee-conakry\/wp-json\/wp\/v2\/media\/11527"}],"wp:attachment":[{"href":"https:\/\/www.africa-press.net\/guinee-conakry\/wp-json\/wp\/v2\/media?parent=11528"}],"wp:term":[{"taxonomy":"category","embeddable":true,"href":"https:\/\/www.africa-press.net\/guinee-conakry\/wp-json\/wp\/v2\/categories?post=11528"},{"taxonomy":"post_tag","embeddable":true,"href":"https:\/\/www.africa-press.net\/guinee-conakry\/wp-json\/wp\/v2\/tags?post=11528"}],"curies":[{"name":"wp","href":"https:\/\/api.w.org\/{rel}","templated":true}]}}