{"id":11532,"date":"2023-01-23T20:52:00","date_gmt":"2023-01-23T20:52:00","guid":{"rendered":"https:\/\/www.africa-press.net\/guinee-conakry\/politique\/manque-delectricite-au-tpi-de-kaloum-la-salle-daudience-sombre-le-role-ecrit-a-la-main"},"modified":"2023-01-23T20:52:00","modified_gmt":"2023-01-23T20:52:00","slug":"manque-delectricite-au-tpi-de-kaloum-la-salle-daudience-sombre-le-role-ecrit-a-la-main","status":"publish","type":"post","link":"https:\/\/www.africa-press.net\/guinee-conakry\/toutes-les-actualites\/manque-delectricite-au-tpi-de-kaloum-la-salle-daudience-sombre-le-role-ecrit-a-la-main","title":{"rendered":"Manque d\u2019\u00e9lectricit\u00e9 au TPI de Kaloum : la salle d\u2019audience sombre, le r\u00f4le \u00e9crit \u00e0 la main"},"content":{"rendered":"<p><span style=\"color: #ff6600\"><strong>Africa-Press &#8211; Guin\u00e9e. <\/strong><\/span>Le tribunal de premie\u0300re instance de Kaloum est en manque d\u2019e\u0301lectricite\u0301 ce lundi, 23 janvier 2023. Les travailleurs de cette juridiction, sous l\u2019effet de la chaleur, sont oblige\u0301s de pousser les rideaux et ouvrir les fene\u0302tres pour avoir une bouffe\u0301e d\u2019air frai\u0302che dans leurs bureaux. Quant a\u0300 la salle d\u2019audience, les audiences correctionnelles s\u2019y tiennent, mais elle est quand-me\u0302me tre\u0300s sombre.<\/p>\n<p>Le groupe e\u0301lectroge\u0300ne installe\u0301 dans l\u2019enceinte de la cour du tribunal et qui doit prendre le relais en cas d\u2019interruption du courant d\u2019EDG (Electricite\u0301 de Guine\u0301e) est non fonctionnel. Et, par manque d\u2019e\u0301lectricite\u0301, le ro\u0302le d\u2019audience (sur lequel est inscrit les dossiers du jour) a e\u0301te\u0301 e\u0301crit a\u0300 la main, avec un stylo d\u2019encre bleu.<\/p>\n<p>Les centres de prestation de service qui se trouvent aux alentours du tribunal se servent des petits moteurs e\u0301lectroge\u0300nes pour accomplir leur besoin. On peut remarquer me\u0302me des personnes utilisant les e\u0301ventails pour se ventiler.<\/p>\n<p>Selon nos informations, le tribunal de premie\u0300re instance de Kaloum est en manque de courant depuis le vendredi, 20 janvier 2023. La cause de ce manque serait lie\u0301e a\u0300 un transformateur e\u0301lectrique en panne.<\/p>\n<p><strong>Pour plus d&rsquo;informations et d&rsquo;analyses sur la <a href=\"https:\/\/www.africa-press.net\/guinee-conakry\">Guin\u00e9e<\/a>, suivez <a href=\"https:\/\/www.africa-press.net\/\">Africa-Press<\/a><\/strong><\/p>\n","protected":false},"excerpt":{"rendered":"<p>Africa-Press &#8211; Guin\u00e9e. Le tribunal de premie\u0300re instance de Kaloum est en manque d\u2019e\u0301lectricite\u0301 ce lundi, 23 janvier 2023. Les travailleurs de cette juridiction, sous l\u2019effet de la chaleur, sont oblige\u0301s de pousser les rideaux et ouvrir les fene\u0302tres pour avoir une bouffe\u0301e d\u2019air frai\u0302che dans leurs bureaux. Quant a\u0300 la salle d\u2019audience, les audiences [&hellip;]<\/p>\n","protected":false},"author":82,"featured_media":11531,"comment_status":"open","ping_status":"closed","sticky":false,"template":"","format":"standard","meta":{"footnotes":""},"categories":[21,10],"tags":[36,57,58],"class_list":["post-11532","post","type-post","status-publish","format-standard","has-post-thumbnail","hentry","category-communaute","category-toutes-les-actualites","tag-africa-press","tag-africa-press-guinee","tag-guinee"],"yoast_head":"<!-- This site is optimized with the Yoast SEO Premium plugin v26.1 (Yoast SEO v27.0) - https:\/\/yoast.com\/product\/yoast-seo-premium-wordpress\/ -->\n<title>Manque d\u2019\u00e9lectricit\u00e9 au TPI de Kaloum : la salle d\u2019audience sombre, le r\u00f4le \u00e9crit \u00e0 la main - guinee Conakry<\/title>\n<meta name=\"robots\" content=\"index, follow, max-snippet:-1, max-image-preview:large, max-video-preview:-1\" \/>\n<link rel=\"canonical\" href=\"https:\/\/www.africa-press.net\/guinee-conakry\/politique\/manque-delectricite-au-tpi-de-kaloum-la-salle-daudience-sombre-le-role-ecrit-a-la-main\" \/>\n<meta property=\"og:locale\" content=\"fr_FR\" \/>\n<meta property=\"og:type\" content=\"article\" \/>\n<meta property=\"og:title\" content=\"Manque d\u2019\u00e9lectricit\u00e9 au TPI de Kaloum : la salle d\u2019audience sombre, le r\u00f4le \u00e9crit \u00e0 la main\" \/>\n<meta property=\"og:description\" content=\"Africa-Press &#8211; Guin\u00e9e. Le tribunal de premie\u0300re instance de Kaloum est en manque d\u2019e\u0301lectricite\u0301 ce lundi, 23 janvier 2023. Les travailleurs de cette juridiction, sous l\u2019effet de la chaleur, sont oblige\u0301s de pousser les rideaux et ouvrir les fene\u0302tres pour avoir une bouffe\u0301e d\u2019air frai\u0302che dans leurs bureaux. Quant a\u0300 la salle d\u2019audience, les audiences [&hellip;]\" \/>\n<meta property=\"og:url\" content=\"https:\/\/www.africa-press.net\/guinee-conakry\/politique\/manque-delectricite-au-tpi-de-kaloum-la-salle-daudience-sombre-le-role-ecrit-a-la-main\" \/>\n<meta property=\"og:site_name\" content=\"guinee Conakry\" \/>\n<meta property=\"article:published_time\" content=\"2023-01-23T20:52:00+00:00\" \/>\n<meta name=\"author\" content=\"cfeditorfr\" \/>\n<meta name=\"twitter:card\" content=\"summary_large_image\" \/>\n<meta name=\"twitter:label1\" content=\"\u00c9crit par\" \/>\n\t<meta name=\"twitter:data1\" content=\"cfeditorfr\" \/>\n\t<meta name=\"twitter:label2\" content=\"Dur\u00e9e de lecture estim\u00e9e\" \/>\n\t<meta name=\"twitter:data2\" content=\"1 minute\" \/>\n<script type=\"application\/ld+json\" class=\"yoast-schema-graph\">{\"@context\":\"https:\/\/schema.org\",\"@graph\":[{\"@type\":\"Article\",\"@id\":\"https:\/\/www.africa-press.net\/guinee-conakry\/politique\/manque-delectricite-au-tpi-de-kaloum-la-salle-daudience-sombre-le-role-ecrit-a-la-main#article\",\"isPartOf\":{\"@id\":\"https:\/\/www.africa-press.net\/guinee-conakry\/politique\/manque-delectricite-au-tpi-de-kaloum-la-salle-daudience-sombre-le-role-ecrit-a-la-main\"},\"author\":{\"name\":\"cfeditorfr\",\"@id\":\"https:\/\/www.africa-press.net\/guinee-conakry\/#\/schema\/person\/2b1cf3cd81a31e3cd26889ca66d677f1\"},\"headline\":\"Manque d\u2019\u00e9lectricit\u00e9 au TPI de Kaloum : la salle d\u2019audience sombre, le r\u00f4le \u00e9crit \u00e0 la main\",\"datePublished\":\"2023-01-23T20:52:00+00:00\",\"mainEntityOfPage\":{\"@id\":\"https:\/\/www.africa-press.net\/guinee-conakry\/politique\/manque-delectricite-au-tpi-de-kaloum-la-salle-daudience-sombre-le-role-ecrit-a-la-main\"},\"wordCount\":249,\"commentCount\":0,\"image\":{\"@id\":\"https:\/\/www.africa-press.net\/guinee-conakry\/politique\/manque-delectricite-au-tpi-de-kaloum-la-salle-daudience-sombre-le-role-ecrit-a-la-main#primaryimage\"},\"thumbnailUrl\":\"https:\/\/static.africa-press.net\/conakry\/sites\/63\/2023\/01\/Jokar1674494541.847183.jpg\",\"keywords\":[\"Africa Press\",\"Africa Press-Guin\u00e9e\",\"Guin\u00e9e\"],\"articleSection\":[\"Communaut\u00e9\",\"Toutes les actualit\u00e9s\"],\"inLanguage\":\"fr-FR\",\"potentialAction\":[{\"@type\":\"CommentAction\",\"name\":\"Comment\",\"target\":[\"https:\/\/www.africa-press.net\/guinee-conakry\/politique\/manque-delectricite-au-tpi-de-kaloum-la-salle-daudience-sombre-le-role-ecrit-a-la-main#respond\"]}]},{\"@type\":\"WebPage\",\"@id\":\"https:\/\/www.africa-press.net\/guinee-conakry\/politique\/manque-delectricite-au-tpi-de-kaloum-la-salle-daudience-sombre-le-role-ecrit-a-la-main\",\"url\":\"https:\/\/www.africa-press.net\/guinee-conakry\/politique\/manque-delectricite-au-tpi-de-kaloum-la-salle-daudience-sombre-le-role-ecrit-a-la-main\",\"name\":\"Manque d\u2019\u00e9lectricit\u00e9 au TPI de Kaloum : la salle d\u2019audience sombre, le r\u00f4le \u00e9crit \u00e0 la main - guinee Conakry\",\"isPartOf\":{\"@id\":\"https:\/\/www.africa-press.net\/guinee-conakry\/#website\"},\"primaryImageOfPage\":{\"@id\":\"https:\/\/www.africa-press.net\/guinee-conakry\/politique\/manque-delectricite-au-tpi-de-kaloum-la-salle-daudience-sombre-le-role-ecrit-a-la-main#primaryimage\"},\"image\":{\"@id\":\"https:\/\/www.africa-press.net\/guinee-conakry\/politique\/manque-delectricite-au-tpi-de-kaloum-la-salle-daudience-sombre-le-role-ecrit-a-la-main#primaryimage\"},\"thumbnailUrl\":\"https:\/\/static.africa-press.net\/conakry\/sites\/63\/2023\/01\/Jokar1674494541.847183.jpg\",\"datePublished\":\"2023-01-23T20:52:00+00:00\",\"author\":{\"@id\":\"https:\/\/www.africa-press.net\/guinee-conakry\/#\/schema\/person\/2b1cf3cd81a31e3cd26889ca66d677f1\"},\"breadcrumb\":{\"@id\":\"https:\/\/www.africa-press.net\/guinee-conakry\/politique\/manque-delectricite-au-tpi-de-kaloum-la-salle-daudience-sombre-le-role-ecrit-a-la-main#breadcrumb\"},\"inLanguage\":\"fr-FR\",\"potentialAction\":[{\"@type\":\"ReadAction\",\"target\":[\"https:\/\/www.africa-press.net\/guinee-conakry\/politique\/manque-delectricite-au-tpi-de-kaloum-la-salle-daudience-sombre-le-role-ecrit-a-la-main\"]}]},{\"@type\":\"ImageObject\",\"inLanguage\":\"fr-FR\",\"@id\":\"https:\/\/www.africa-press.net\/guinee-conakry\/politique\/manque-delectricite-au-tpi-de-kaloum-la-salle-daudience-sombre-le-role-ecrit-a-la-main#primaryimage\",\"url\":\"https:\/\/static.africa-press.net\/conakry\/sites\/63\/2023\/01\/Jokar1674494541.847183.jpg\",\"contentUrl\":\"https:\/\/static.africa-press.net\/conakry\/sites\/63\/2023\/01\/Jokar1674494541.847183.jpg\",\"width\":711,\"height\":846,\"caption\":\"Manque d\u2019\u00e9lectricit\u00e9 au TPI de Kaloum : la salle d\u2019audience sombre, le r\u00f4le \u00e9crit \u00e0 la main\"},{\"@type\":\"BreadcrumbList\",\"@id\":\"https:\/\/www.africa-press.net\/guinee-conakry\/politique\/manque-delectricite-au-tpi-de-kaloum-la-salle-daudience-sombre-le-role-ecrit-a-la-main#breadcrumb\",\"itemListElement\":[{\"@type\":\"ListItem\",\"position\":1,\"name\":\"Accueil\",\"item\":\"https:\/\/www.africa-press.net\/guinee-conakry\/\"},{\"@type\":\"ListItem\",\"position\":2,\"name\":\"Manque d\u2019\u00e9lectricit\u00e9 au TPI de Kaloum : la salle d\u2019audience sombre, le r\u00f4le \u00e9crit \u00e0 la main\"}]},{\"@type\":\"WebSite\",\"@id\":\"https:\/\/www.africa-press.net\/guinee-conakry\/#website\",\"url\":\"https:\/\/www.africa-press.net\/guinee-conakry\/\",\"name\":\"guinee Conakry\",\"description\":\"Just another Africa News Agency Sites site\",\"potentialAction\":[{\"@type\":\"SearchAction\",\"target\":{\"@type\":\"EntryPoint\",\"urlTemplate\":\"https:\/\/www.africa-press.net\/guinee-conakry\/?s={search_term_string}\"},\"query-input\":{\"@type\":\"PropertyValueSpecification\",\"valueRequired\":true,\"valueName\":\"search_term_string\"}}],\"inLanguage\":\"fr-FR\"},{\"@type\":\"Person\",\"@id\":\"https:\/\/www.africa-press.net\/guinee-conakry\/#\/schema\/person\/2b1cf3cd81a31e3cd26889ca66d677f1\",\"name\":\"cfeditorfr\"}]}<\/script>\n<!-- \/ Yoast SEO Premium plugin. -->","yoast_head_json":{"title":"Manque d\u2019\u00e9lectricit\u00e9 au TPI de Kaloum : la salle d\u2019audience sombre, le r\u00f4le \u00e9crit \u00e0 la main - guinee Conakry","robots":{"index":"index","follow":"follow","max-snippet":"max-snippet:-1","max-image-preview":"max-image-preview:large","max-video-preview":"max-video-preview:-1"},"canonical":"https:\/\/www.africa-press.net\/guinee-conakry\/politique\/manque-delectricite-au-tpi-de-kaloum-la-salle-daudience-sombre-le-role-ecrit-a-la-main","og_locale":"fr_FR","og_type":"article","og_title":"Manque d\u2019\u00e9lectricit\u00e9 au TPI de Kaloum : la salle d\u2019audience sombre, le r\u00f4le \u00e9crit \u00e0 la main","og_description":"Africa-Press &#8211; Guin\u00e9e. Le tribunal de premie\u0300re instance de Kaloum est en manque d\u2019e\u0301lectricite\u0301 ce lundi, 23 janvier 2023. Les travailleurs de cette juridiction, sous l\u2019effet de la chaleur, sont oblige\u0301s de pousser les rideaux et ouvrir les fene\u0302tres pour avoir une bouffe\u0301e d\u2019air frai\u0302che dans leurs bureaux. Quant a\u0300 la salle d\u2019audience, les audiences [&hellip;]","og_url":"https:\/\/www.africa-press.net\/guinee-conakry\/politique\/manque-delectricite-au-tpi-de-kaloum-la-salle-daudience-sombre-le-role-ecrit-a-la-main","og_site_name":"guinee Conakry","article_published_time":"2023-01-23T20:52:00+00:00","author":"cfeditorfr","twitter_card":"summary_large_image","twitter_misc":{"\u00c9crit par":"cfeditorfr","Dur\u00e9e de lecture estim\u00e9e":"1 minute"},"schema":{"@context":"https:\/\/schema.org","@graph":[{"@type":"Article","@id":"https:\/\/www.africa-press.net\/guinee-conakry\/politique\/manque-delectricite-au-tpi-de-kaloum-la-salle-daudience-sombre-le-role-ecrit-a-la-main#article","isPartOf":{"@id":"https:\/\/www.africa-press.net\/guinee-conakry\/politique\/manque-delectricite-au-tpi-de-kaloum-la-salle-daudience-sombre-le-role-ecrit-a-la-main"},"author":{"name":"cfeditorfr","@id":"https:\/\/www.africa-press.net\/guinee-conakry\/#\/schema\/person\/2b1cf3cd81a31e3cd26889ca66d677f1"},"headline":"Manque d\u2019\u00e9lectricit\u00e9 au TPI de Kaloum : la salle d\u2019audience sombre, le r\u00f4le \u00e9crit \u00e0 la main","datePublished":"2023-01-23T20:52:00+00:00","mainEntityOfPage":{"@id":"https:\/\/www.africa-press.net\/guinee-conakry\/politique\/manque-delectricite-au-tpi-de-kaloum-la-salle-daudience-sombre-le-role-ecrit-a-la-main"},"wordCount":249,"commentCount":0,"image":{"@id":"https:\/\/www.africa-press.net\/guinee-conakry\/politique\/manque-delectricite-au-tpi-de-kaloum-la-salle-daudience-sombre-le-role-ecrit-a-la-main#primaryimage"},"thumbnailUrl":"https:\/\/static.africa-press.net\/conakry\/sites\/63\/2023\/01\/Jokar1674494541.847183.jpg","keywords":["Africa Press","Africa Press-Guin\u00e9e","Guin\u00e9e"],"articleSection":["Communaut\u00e9","Toutes les actualit\u00e9s"],"inLanguage":"fr-FR","potentialAction":[{"@type":"CommentAction","name":"Comment","target":["https:\/\/www.africa-press.net\/guinee-conakry\/politique\/manque-delectricite-au-tpi-de-kaloum-la-salle-daudience-sombre-le-role-ecrit-a-la-main#respond"]}]},{"@type":"WebPage","@id":"https:\/\/www.africa-press.net\/guinee-conakry\/politique\/manque-delectricite-au-tpi-de-kaloum-la-salle-daudience-sombre-le-role-ecrit-a-la-main","url":"https:\/\/www.africa-press.net\/guinee-conakry\/politique\/manque-delectricite-au-tpi-de-kaloum-la-salle-daudience-sombre-le-role-ecrit-a-la-main","name":"Manque d\u2019\u00e9lectricit\u00e9 au TPI de Kaloum : la salle d\u2019audience sombre, le r\u00f4le \u00e9crit \u00e0 la main - guinee Conakry","isPartOf":{"@id":"https:\/\/www.africa-press.net\/guinee-conakry\/#website"},"primaryImageOfPage":{"@id":"https:\/\/www.africa-press.net\/guinee-conakry\/politique\/manque-delectricite-au-tpi-de-kaloum-la-salle-daudience-sombre-le-role-ecrit-a-la-main#primaryimage"},"image":{"@id":"https:\/\/www.africa-press.net\/guinee-conakry\/politique\/manque-delectricite-au-tpi-de-kaloum-la-salle-daudience-sombre-le-role-ecrit-a-la-main#primaryimage"},"thumbnailUrl":"https:\/\/static.africa-press.net\/conakry\/sites\/63\/2023\/01\/Jokar1674494541.847183.jpg","datePublished":"2023-01-23T20:52:00+00:00","author":{"@id":"https:\/\/www.africa-press.net\/guinee-conakry\/#\/schema\/person\/2b1cf3cd81a31e3cd26889ca66d677f1"},"breadcrumb":{"@id":"https:\/\/www.africa-press.net\/guinee-conakry\/politique\/manque-delectricite-au-tpi-de-kaloum-la-salle-daudience-sombre-le-role-ecrit-a-la-main#breadcrumb"},"inLanguage":"fr-FR","potentialAction":[{"@type":"ReadAction","target":["https:\/\/www.africa-press.net\/guinee-conakry\/politique\/manque-delectricite-au-tpi-de-kaloum-la-salle-daudience-sombre-le-role-ecrit-a-la-main"]}]},{"@type":"ImageObject","inLanguage":"fr-FR","@id":"https:\/\/www.africa-press.net\/guinee-conakry\/politique\/manque-delectricite-au-tpi-de-kaloum-la-salle-daudience-sombre-le-role-ecrit-a-la-main#primaryimage","url":"https:\/\/static.africa-press.net\/conakry\/sites\/63\/2023\/01\/Jokar1674494541.847183.jpg","contentUrl":"https:\/\/static.africa-press.net\/conakry\/sites\/63\/2023\/01\/Jokar1674494541.847183.jpg","width":711,"height":846,"caption":"Manque d\u2019\u00e9lectricit\u00e9 au TPI de Kaloum : la salle d\u2019audience sombre, le r\u00f4le \u00e9crit \u00e0 la main"},{"@type":"BreadcrumbList","@id":"https:\/\/www.africa-press.net\/guinee-conakry\/politique\/manque-delectricite-au-tpi-de-kaloum-la-salle-daudience-sombre-le-role-ecrit-a-la-main#breadcrumb","itemListElement":[{"@type":"ListItem","position":1,"name":"Accueil","item":"https:\/\/www.africa-press.net\/guinee-conakry\/"},{"@type":"ListItem","position":2,"name":"Manque d\u2019\u00e9lectricit\u00e9 au TPI de Kaloum : la salle d\u2019audience sombre, le r\u00f4le \u00e9crit \u00e0 la main"}]},{"@type":"WebSite","@id":"https:\/\/www.africa-press.net\/guinee-conakry\/#website","url":"https:\/\/www.africa-press.net\/guinee-conakry\/","name":"guinee Conakry","description":"Just another Africa News Agency Sites site","potentialAction":[{"@type":"SearchAction","target":{"@type":"EntryPoint","urlTemplate":"https:\/\/www.africa-press.net\/guinee-conakry\/?s={search_term_string}"},"query-input":{"@type":"PropertyValueSpecification","valueRequired":true,"valueName":"search_term_string"}}],"inLanguage":"fr-FR"},{"@type":"Person","@id":"https:\/\/www.africa-press.net\/guinee-conakry\/#\/schema\/person\/2b1cf3cd81a31e3cd26889ca66d677f1","name":"cfeditorfr"}]}},"_links":{"self":[{"href":"https:\/\/www.africa-press.net\/guinee-conakry\/wp-json\/wp\/v2\/posts\/11532","targetHints":{"allow":["GET"]}}],"collection":[{"href":"https:\/\/www.africa-press.net\/guinee-conakry\/wp-json\/wp\/v2\/posts"}],"about":[{"href":"https:\/\/www.africa-press.net\/guinee-conakry\/wp-json\/wp\/v2\/types\/post"}],"author":[{"embeddable":true,"href":"https:\/\/www.africa-press.net\/guinee-conakry\/wp-json\/wp\/v2\/users\/82"}],"replies":[{"embeddable":true,"href":"https:\/\/www.africa-press.net\/guinee-conakry\/wp-json\/wp\/v2\/comments?post=11532"}],"version-history":[{"count":0,"href":"https:\/\/www.africa-press.net\/guinee-conakry\/wp-json\/wp\/v2\/posts\/11532\/revisions"}],"wp:featuredmedia":[{"embeddable":true,"href":"https:\/\/www.africa-press.net\/guinee-conakry\/wp-json\/wp\/v2\/media\/11531"}],"wp:attachment":[{"href":"https:\/\/www.africa-press.net\/guinee-conakry\/wp-json\/wp\/v2\/media?parent=11532"}],"wp:term":[{"taxonomy":"category","embeddable":true,"href":"https:\/\/www.africa-press.net\/guinee-conakry\/wp-json\/wp\/v2\/categories?post=11532"},{"taxonomy":"post_tag","embeddable":true,"href":"https:\/\/www.africa-press.net\/guinee-conakry\/wp-json\/wp\/v2\/tags?post=11532"}],"curies":[{"name":"wp","href":"https:\/\/api.w.org\/{rel}","templated":true}]}}