{"id":11534,"date":"2023-01-23T20:54:00","date_gmt":"2023-01-23T20:54:00","guid":{"rendered":"https:\/\/www.africa-press.net\/guinee-conakry\/politique\/environnement-a-telimele-le-chef-de-la-section-foret-et-faune-fait-le-diagnostic-et-annonce-des-actions"},"modified":"2023-01-23T20:54:00","modified_gmt":"2023-01-23T20:54:00","slug":"environnement-a-telimele-le-chef-de-la-section-foret-et-faune-fait-le-diagnostic-et-annonce-des-actions","status":"publish","type":"post","link":"https:\/\/www.africa-press.net\/guinee-conakry\/toutes-les-actualites\/environnement-a-telimele-le-chef-de-la-section-foret-et-faune-fait-le-diagnostic-et-annonce-des-actions","title":{"rendered":"Environnement \u00e0 T\u00e9lim\u00e9l\u00e9 : le chef de la section for\u00eat et faune fait le diagnostic et annonce des actions"},"content":{"rendered":"<p><span style=\"color: #ff6600\"><strong>Africa-Press &#8211; Guin\u00e9e. <\/strong><\/span>La pre\u0301fecture de Te\u0301lime\u0301le\u0301, situe\u0301e a\u0300 155 Km de Kindia, compte plusieurs fore\u0302ts aujourd\u2019hui menace\u0301es par l\u2019explosion de\u0301mographique et la coupe abusive du bois. Le nouveau chef de section fore\u0302t et faune de Te\u0301lime\u0301le\u0301, l\u2019Adjudant-chef Sana Diallo, base\u0301 a\u0300 Kindia, est revenu sur ces difficulte\u0301s et les dispositions prises pour freiner ce mal qui ronge l\u2019environnement local.<\/p>\n<p>Les feux de brousse, l\u2019explosion de\u0301mographique, la coupe abusive du bois constituent une re\u0301elle pre\u0301occupation des autorite\u0301s. L\u2019Adjudant-chef Sana Diallo, chef section fore\u0302t et faune de Te\u0301lime\u0301le\u0301, est revenu sur les difficulte\u0301s du moment.<\/p>\n<p>\u00ab La faune et la flore sont tre\u0300s diversifie\u0301es au niveau de la pre\u0301fecture de Te\u0301lime\u0301le\u0301. Mais avec l\u2019explosion de\u0301mographique, c\u0327a a beaucoup re\u0301tre\u0301ci le milieu naturel. Qu\u2019a\u0300 cela ne tienne, les dispositions sont en train d\u2019e\u0302tre prises pour pouvoir pallier ce phe\u0301nome\u0300ne ne\u0301faste qui re\u0301duit la biodiversite\u0301 et la flore. Parce que vous n\u2019e\u0302tes pas sans savoir que les deux vont de pair. La flore, c\u2019est l\u2019habitat de la faune. Et de\u0300s lors que la flore est de\u0301truite, de\u0300s qu\u2019elle subit les actions anthropiques, le de\u0301frichement, le feu de brousse et tant d\u2019autres. Cela ne peut plus permettre a\u0300 ces espe\u0300ces de la faune de se retenir dans ce lieu. Une fois son habitat de\u0301truit, la faune est oblige\u0301e de quitter \u00bb, a dit le nouveau chef de section fore\u0302t et faune de Te\u0301lime\u0301le\u0301.<\/p>\n<p>Selon l\u2019Adjudant-chef Sana Diallo, des dispositions sont prises dans la restauration et la protection des fore\u0302ts classe\u0301es. \u00ab Dans la fore\u0302t classe\u0301e de Loubha qui traverse l\u2019infrastructure, c\u2019est l\u2019infrastructure routie\u0300re qui fait partie du de\u0301veloppement. Mais vous ne devez pas aussi perdre de vue que celui-ci des primates, a\u0300 chaque fois des travaux s\u2019effectuent dans cette fore\u0302t, soit a\u0300 travers le bruit des machines ou autres, qui peuvent faire fuir ces espe\u0300ces de primates et font partie de la liste A dans le cadre de la protection. Maintenant, avec la volonte\u0301 du gouvernement, des dispositions sont en train d\u2019e\u0302tre prises. A Te\u0301lime\u0301le\u0301 nous avons cinq fore\u0302ts classe\u0301es, notamment Gue\u0301me\u0301 Sangan , Loubha, Hore\u0301 Santou, Kounsignaki et de Madina Dian ainsi que Goulgoul Kakande\u0301 dans la commune urbaine. Mais leur mode de gestion, parce que ce sont des fore\u0302ts qui ont e\u0301te\u0301 classe\u0301es depuis longtemps, ne sont presque pas respecte\u0301es. Pourquoi ? Parce qu\u2019elles font presque l\u2019objet le plus souvent d\u2019activite\u0301s humaines. Si ces fore\u0302ts ne sont pas prote\u0301ge\u0301es, je crois qu\u2019un jour, ces fore\u0302ts risqueront d\u2019e\u0302tre tre\u0300s influence\u0301es sur les actions anthropiques. C\u2019est ce qui n\u2019est pas bon pour la biodiversite\u0301. Si nous voyons par exemple qu\u2019une espe\u0300ce est abattue, nous passons d\u2019abord par la sensibilisation parce que ce sont des actions qui sont pre\u0301vues et punies par la loi. Malgre\u0301 tout, nous avons pris des dispositions comme le veut le gouvernement \u00bb, a explique\u0301 notre interlocuteur.<\/p>\n<p>En outre, l\u2019Adjudant-chef Sana Diallo est revenu sur le reboisement et les feux de brousse, autre fle\u0301au qui mine la pre\u0301fecture. \u00ab Lorsque je suis arrive\u0301 ici le 25 novembre dernier jusqu\u2019a\u0300 ma confirmation, j\u2019avais cible\u0301 la fore\u0302t de Loubha. De la\u0300, les ONG qui nous ont accompagne\u0301s avec le service technique, on avait pu re\u0301aliser 7 hectares sur une distance de 2 me\u0300tres carre\u0301s en puissance. Ce qui nous donne a\u0300 retenir maintenant c\u2019est 4 me\u0300tres carre\u0301s&#8230; Alors, les 7 hectares font 70 m2 sur 4m2 sur 17500 plants qui doivent e\u0302tre entretenus parce que ce qui compte, c\u2019est la re\u0301ussite mais pas le reboisement. En ce qui concerne les feux de brousse avec les services techniques, nous avons fait des sensibilisations a\u0300 travers la radio rurale. Des sorties ont e\u0301te\u0301 effectue\u0301es e\u0301galement. Il y a eu des feux pre\u0301coces parce que c\u2019est le seul moyen que nous avons actuellement a\u0300 notre niveau pour pouvoir contrer le feu tardif ou sauvage. Cette sensibilisation aurait e\u0301te\u0301 faite dans toutes les communes rurales de Te\u0301lime\u0301le\u0301. Aujourd\u2019hui, nous sommes tre\u0300s satisfaits parce que je viens de Sogolon et un peu partout pour toucher des re\u0301alite\u0301s du doigt. Au-dela\u0300 du 15 janvier, l\u2019interdiction doit e\u0302tre annonce\u0301e. Mais cela de\u0301pend des conditions d\u2019e\u0301tat et physique des localite\u0301s. Ge\u0301ne\u0301ralement, sur les berges des cours d\u2019eau, on ne peut pas appliquer \u00bb, a laisse\u0301 entendre le chef section fore\u0302t et faune de Te\u0301lime\u0301le\u0301.<\/p>\n<p><strong>Pour plus d&rsquo;informations et d&rsquo;analyses sur la <a href=\"https:\/\/www.africa-press.net\/guinee-conakry\">Guin\u00e9e<\/a>, suivez <a href=\"https:\/\/www.africa-press.net\/\">Africa-Press<\/a><\/strong><\/p>\n","protected":false},"excerpt":{"rendered":"<p>Africa-Press &#8211; Guin\u00e9e. La pre\u0301fecture de Te\u0301lime\u0301le\u0301, situe\u0301e a\u0300 155 Km de Kindia, compte plusieurs fore\u0302ts aujourd\u2019hui menace\u0301es par l\u2019explosion de\u0301mographique et la coupe abusive du bois. Le nouveau chef de section fore\u0302t et faune de Te\u0301lime\u0301le\u0301, l\u2019Adjudant-chef Sana Diallo, base\u0301 a\u0300 Kindia, est revenu sur ces difficulte\u0301s et les dispositions prises pour freiner ce [&hellip;]<\/p>\n","protected":false},"author":82,"featured_media":11533,"comment_status":"open","ping_status":"closed","sticky":false,"template":"","format":"standard","meta":{"footnotes":""},"categories":[21,10],"tags":[36,57,58],"class_list":["post-11534","post","type-post","status-publish","format-standard","has-post-thumbnail","hentry","category-communaute","category-toutes-les-actualites","tag-africa-press","tag-africa-press-guinee","tag-guinee"],"yoast_head":"<!-- This site is optimized with the Yoast SEO Premium plugin v26.1 (Yoast SEO v27.0) - https:\/\/yoast.com\/product\/yoast-seo-premium-wordpress\/ -->\n<title>Environnement \u00e0 T\u00e9lim\u00e9l\u00e9 : le chef de la section for\u00eat et faune fait le diagnostic et annonce des actions - guinee Conakry<\/title>\n<meta name=\"robots\" content=\"index, follow, max-snippet:-1, max-image-preview:large, max-video-preview:-1\" \/>\n<link rel=\"canonical\" href=\"https:\/\/www.africa-press.net\/guinee-conakry\/politique\/environnement-a-telimele-le-chef-de-la-section-foret-et-faune-fait-le-diagnostic-et-annonce-des-actions\" \/>\n<meta property=\"og:locale\" content=\"fr_FR\" \/>\n<meta property=\"og:type\" content=\"article\" \/>\n<meta property=\"og:title\" content=\"Environnement \u00e0 T\u00e9lim\u00e9l\u00e9 : le chef de la section for\u00eat et faune fait le diagnostic et annonce des actions\" \/>\n<meta property=\"og:description\" content=\"Africa-Press &#8211; Guin\u00e9e. La pre\u0301fecture de Te\u0301lime\u0301le\u0301, situe\u0301e a\u0300 155 Km de Kindia, compte plusieurs fore\u0302ts aujourd\u2019hui menace\u0301es par l\u2019explosion de\u0301mographique et la coupe abusive du bois. Le nouveau chef de section fore\u0302t et faune de Te\u0301lime\u0301le\u0301, l\u2019Adjudant-chef Sana Diallo, base\u0301 a\u0300 Kindia, est revenu sur ces difficulte\u0301s et les dispositions prises pour freiner ce [&hellip;]\" \/>\n<meta property=\"og:url\" content=\"https:\/\/www.africa-press.net\/guinee-conakry\/politique\/environnement-a-telimele-le-chef-de-la-section-foret-et-faune-fait-le-diagnostic-et-annonce-des-actions\" \/>\n<meta property=\"og:site_name\" content=\"guinee Conakry\" \/>\n<meta property=\"article:published_time\" content=\"2023-01-23T20:54:00+00:00\" \/>\n<meta name=\"author\" content=\"cfeditorfr\" \/>\n<meta name=\"twitter:card\" content=\"summary_large_image\" \/>\n<meta name=\"twitter:label1\" content=\"\u00c9crit par\" \/>\n\t<meta name=\"twitter:data1\" content=\"cfeditorfr\" \/>\n\t<meta name=\"twitter:label2\" content=\"Dur\u00e9e de lecture estim\u00e9e\" \/>\n\t<meta name=\"twitter:data2\" content=\"4 minutes\" \/>\n<script type=\"application\/ld+json\" class=\"yoast-schema-graph\">{\"@context\":\"https:\/\/schema.org\",\"@graph\":[{\"@type\":\"Article\",\"@id\":\"https:\/\/www.africa-press.net\/guinee-conakry\/politique\/environnement-a-telimele-le-chef-de-la-section-foret-et-faune-fait-le-diagnostic-et-annonce-des-actions#article\",\"isPartOf\":{\"@id\":\"https:\/\/www.africa-press.net\/guinee-conakry\/politique\/environnement-a-telimele-le-chef-de-la-section-foret-et-faune-fait-le-diagnostic-et-annonce-des-actions\"},\"author\":{\"name\":\"cfeditorfr\",\"@id\":\"https:\/\/www.africa-press.net\/guinee-conakry\/#\/schema\/person\/2b1cf3cd81a31e3cd26889ca66d677f1\"},\"headline\":\"Environnement \u00e0 T\u00e9lim\u00e9l\u00e9 : le chef de la section for\u00eat et faune fait le diagnostic et annonce des actions\",\"datePublished\":\"2023-01-23T20:54:00+00:00\",\"mainEntityOfPage\":{\"@id\":\"https:\/\/www.africa-press.net\/guinee-conakry\/politique\/environnement-a-telimele-le-chef-de-la-section-foret-et-faune-fait-le-diagnostic-et-annonce-des-actions\"},\"wordCount\":862,\"commentCount\":0,\"image\":{\"@id\":\"https:\/\/www.africa-press.net\/guinee-conakry\/politique\/environnement-a-telimele-le-chef-de-la-section-foret-et-faune-fait-le-diagnostic-et-annonce-des-actions#primaryimage\"},\"thumbnailUrl\":\"https:\/\/static.africa-press.net\/conakry\/sites\/63\/2023\/01\/Jokar1674494679.428323.jpg\",\"keywords\":[\"Africa Press\",\"Africa Press-Guin\u00e9e\",\"Guin\u00e9e\"],\"articleSection\":[\"Communaut\u00e9\",\"Toutes les actualit\u00e9s\"],\"inLanguage\":\"fr-FR\",\"potentialAction\":[{\"@type\":\"CommentAction\",\"name\":\"Comment\",\"target\":[\"https:\/\/www.africa-press.net\/guinee-conakry\/politique\/environnement-a-telimele-le-chef-de-la-section-foret-et-faune-fait-le-diagnostic-et-annonce-des-actions#respond\"]}]},{\"@type\":\"WebPage\",\"@id\":\"https:\/\/www.africa-press.net\/guinee-conakry\/politique\/environnement-a-telimele-le-chef-de-la-section-foret-et-faune-fait-le-diagnostic-et-annonce-des-actions\",\"url\":\"https:\/\/www.africa-press.net\/guinee-conakry\/politique\/environnement-a-telimele-le-chef-de-la-section-foret-et-faune-fait-le-diagnostic-et-annonce-des-actions\",\"name\":\"Environnement \u00e0 T\u00e9lim\u00e9l\u00e9 : le chef de la section for\u00eat et faune fait le diagnostic et annonce des actions - guinee Conakry\",\"isPartOf\":{\"@id\":\"https:\/\/www.africa-press.net\/guinee-conakry\/#website\"},\"primaryImageOfPage\":{\"@id\":\"https:\/\/www.africa-press.net\/guinee-conakry\/politique\/environnement-a-telimele-le-chef-de-la-section-foret-et-faune-fait-le-diagnostic-et-annonce-des-actions#primaryimage\"},\"image\":{\"@id\":\"https:\/\/www.africa-press.net\/guinee-conakry\/politique\/environnement-a-telimele-le-chef-de-la-section-foret-et-faune-fait-le-diagnostic-et-annonce-des-actions#primaryimage\"},\"thumbnailUrl\":\"https:\/\/static.africa-press.net\/conakry\/sites\/63\/2023\/01\/Jokar1674494679.428323.jpg\",\"datePublished\":\"2023-01-23T20:54:00+00:00\",\"author\":{\"@id\":\"https:\/\/www.africa-press.net\/guinee-conakry\/#\/schema\/person\/2b1cf3cd81a31e3cd26889ca66d677f1\"},\"breadcrumb\":{\"@id\":\"https:\/\/www.africa-press.net\/guinee-conakry\/politique\/environnement-a-telimele-le-chef-de-la-section-foret-et-faune-fait-le-diagnostic-et-annonce-des-actions#breadcrumb\"},\"inLanguage\":\"fr-FR\",\"potentialAction\":[{\"@type\":\"ReadAction\",\"target\":[\"https:\/\/www.africa-press.net\/guinee-conakry\/politique\/environnement-a-telimele-le-chef-de-la-section-foret-et-faune-fait-le-diagnostic-et-annonce-des-actions\"]}]},{\"@type\":\"ImageObject\",\"inLanguage\":\"fr-FR\",\"@id\":\"https:\/\/www.africa-press.net\/guinee-conakry\/politique\/environnement-a-telimele-le-chef-de-la-section-foret-et-faune-fait-le-diagnostic-et-annonce-des-actions#primaryimage\",\"url\":\"https:\/\/static.africa-press.net\/conakry\/sites\/63\/2023\/01\/Jokar1674494679.428323.jpg\",\"contentUrl\":\"https:\/\/static.africa-press.net\/conakry\/sites\/63\/2023\/01\/Jokar1674494679.428323.jpg\",\"width\":1276,\"height\":1280,\"caption\":\"Environnement \u00e0 T\u00e9lim\u00e9l\u00e9 : le chef de la section for\u00eat et faune fait le diagnostic et annonce des actions\"},{\"@type\":\"BreadcrumbList\",\"@id\":\"https:\/\/www.africa-press.net\/guinee-conakry\/politique\/environnement-a-telimele-le-chef-de-la-section-foret-et-faune-fait-le-diagnostic-et-annonce-des-actions#breadcrumb\",\"itemListElement\":[{\"@type\":\"ListItem\",\"position\":1,\"name\":\"Accueil\",\"item\":\"https:\/\/www.africa-press.net\/guinee-conakry\/\"},{\"@type\":\"ListItem\",\"position\":2,\"name\":\"Environnement \u00e0 T\u00e9lim\u00e9l\u00e9 : le chef de la section for\u00eat et faune fait le diagnostic et annonce des actions\"}]},{\"@type\":\"WebSite\",\"@id\":\"https:\/\/www.africa-press.net\/guinee-conakry\/#website\",\"url\":\"https:\/\/www.africa-press.net\/guinee-conakry\/\",\"name\":\"guinee Conakry\",\"description\":\"Just another Africa News Agency Sites site\",\"potentialAction\":[{\"@type\":\"SearchAction\",\"target\":{\"@type\":\"EntryPoint\",\"urlTemplate\":\"https:\/\/www.africa-press.net\/guinee-conakry\/?s={search_term_string}\"},\"query-input\":{\"@type\":\"PropertyValueSpecification\",\"valueRequired\":true,\"valueName\":\"search_term_string\"}}],\"inLanguage\":\"fr-FR\"},{\"@type\":\"Person\",\"@id\":\"https:\/\/www.africa-press.net\/guinee-conakry\/#\/schema\/person\/2b1cf3cd81a31e3cd26889ca66d677f1\",\"name\":\"cfeditorfr\"}]}<\/script>\n<!-- \/ Yoast SEO Premium plugin. -->","yoast_head_json":{"title":"Environnement \u00e0 T\u00e9lim\u00e9l\u00e9 : le chef de la section for\u00eat et faune fait le diagnostic et annonce des actions - guinee Conakry","robots":{"index":"index","follow":"follow","max-snippet":"max-snippet:-1","max-image-preview":"max-image-preview:large","max-video-preview":"max-video-preview:-1"},"canonical":"https:\/\/www.africa-press.net\/guinee-conakry\/politique\/environnement-a-telimele-le-chef-de-la-section-foret-et-faune-fait-le-diagnostic-et-annonce-des-actions","og_locale":"fr_FR","og_type":"article","og_title":"Environnement \u00e0 T\u00e9lim\u00e9l\u00e9 : le chef de la section for\u00eat et faune fait le diagnostic et annonce des actions","og_description":"Africa-Press &#8211; Guin\u00e9e. La pre\u0301fecture de Te\u0301lime\u0301le\u0301, situe\u0301e a\u0300 155 Km de Kindia, compte plusieurs fore\u0302ts aujourd\u2019hui menace\u0301es par l\u2019explosion de\u0301mographique et la coupe abusive du bois. Le nouveau chef de section fore\u0302t et faune de Te\u0301lime\u0301le\u0301, l\u2019Adjudant-chef Sana Diallo, base\u0301 a\u0300 Kindia, est revenu sur ces difficulte\u0301s et les dispositions prises pour freiner ce [&hellip;]","og_url":"https:\/\/www.africa-press.net\/guinee-conakry\/politique\/environnement-a-telimele-le-chef-de-la-section-foret-et-faune-fait-le-diagnostic-et-annonce-des-actions","og_site_name":"guinee Conakry","article_published_time":"2023-01-23T20:54:00+00:00","author":"cfeditorfr","twitter_card":"summary_large_image","twitter_misc":{"\u00c9crit par":"cfeditorfr","Dur\u00e9e de lecture estim\u00e9e":"4 minutes"},"schema":{"@context":"https:\/\/schema.org","@graph":[{"@type":"Article","@id":"https:\/\/www.africa-press.net\/guinee-conakry\/politique\/environnement-a-telimele-le-chef-de-la-section-foret-et-faune-fait-le-diagnostic-et-annonce-des-actions#article","isPartOf":{"@id":"https:\/\/www.africa-press.net\/guinee-conakry\/politique\/environnement-a-telimele-le-chef-de-la-section-foret-et-faune-fait-le-diagnostic-et-annonce-des-actions"},"author":{"name":"cfeditorfr","@id":"https:\/\/www.africa-press.net\/guinee-conakry\/#\/schema\/person\/2b1cf3cd81a31e3cd26889ca66d677f1"},"headline":"Environnement \u00e0 T\u00e9lim\u00e9l\u00e9 : le chef de la section for\u00eat et faune fait le diagnostic et annonce des actions","datePublished":"2023-01-23T20:54:00+00:00","mainEntityOfPage":{"@id":"https:\/\/www.africa-press.net\/guinee-conakry\/politique\/environnement-a-telimele-le-chef-de-la-section-foret-et-faune-fait-le-diagnostic-et-annonce-des-actions"},"wordCount":862,"commentCount":0,"image":{"@id":"https:\/\/www.africa-press.net\/guinee-conakry\/politique\/environnement-a-telimele-le-chef-de-la-section-foret-et-faune-fait-le-diagnostic-et-annonce-des-actions#primaryimage"},"thumbnailUrl":"https:\/\/static.africa-press.net\/conakry\/sites\/63\/2023\/01\/Jokar1674494679.428323.jpg","keywords":["Africa Press","Africa Press-Guin\u00e9e","Guin\u00e9e"],"articleSection":["Communaut\u00e9","Toutes les actualit\u00e9s"],"inLanguage":"fr-FR","potentialAction":[{"@type":"CommentAction","name":"Comment","target":["https:\/\/www.africa-press.net\/guinee-conakry\/politique\/environnement-a-telimele-le-chef-de-la-section-foret-et-faune-fait-le-diagnostic-et-annonce-des-actions#respond"]}]},{"@type":"WebPage","@id":"https:\/\/www.africa-press.net\/guinee-conakry\/politique\/environnement-a-telimele-le-chef-de-la-section-foret-et-faune-fait-le-diagnostic-et-annonce-des-actions","url":"https:\/\/www.africa-press.net\/guinee-conakry\/politique\/environnement-a-telimele-le-chef-de-la-section-foret-et-faune-fait-le-diagnostic-et-annonce-des-actions","name":"Environnement \u00e0 T\u00e9lim\u00e9l\u00e9 : le chef de la section for\u00eat et faune fait le diagnostic et annonce des actions - guinee Conakry","isPartOf":{"@id":"https:\/\/www.africa-press.net\/guinee-conakry\/#website"},"primaryImageOfPage":{"@id":"https:\/\/www.africa-press.net\/guinee-conakry\/politique\/environnement-a-telimele-le-chef-de-la-section-foret-et-faune-fait-le-diagnostic-et-annonce-des-actions#primaryimage"},"image":{"@id":"https:\/\/www.africa-press.net\/guinee-conakry\/politique\/environnement-a-telimele-le-chef-de-la-section-foret-et-faune-fait-le-diagnostic-et-annonce-des-actions#primaryimage"},"thumbnailUrl":"https:\/\/static.africa-press.net\/conakry\/sites\/63\/2023\/01\/Jokar1674494679.428323.jpg","datePublished":"2023-01-23T20:54:00+00:00","author":{"@id":"https:\/\/www.africa-press.net\/guinee-conakry\/#\/schema\/person\/2b1cf3cd81a31e3cd26889ca66d677f1"},"breadcrumb":{"@id":"https:\/\/www.africa-press.net\/guinee-conakry\/politique\/environnement-a-telimele-le-chef-de-la-section-foret-et-faune-fait-le-diagnostic-et-annonce-des-actions#breadcrumb"},"inLanguage":"fr-FR","potentialAction":[{"@type":"ReadAction","target":["https:\/\/www.africa-press.net\/guinee-conakry\/politique\/environnement-a-telimele-le-chef-de-la-section-foret-et-faune-fait-le-diagnostic-et-annonce-des-actions"]}]},{"@type":"ImageObject","inLanguage":"fr-FR","@id":"https:\/\/www.africa-press.net\/guinee-conakry\/politique\/environnement-a-telimele-le-chef-de-la-section-foret-et-faune-fait-le-diagnostic-et-annonce-des-actions#primaryimage","url":"https:\/\/static.africa-press.net\/conakry\/sites\/63\/2023\/01\/Jokar1674494679.428323.jpg","contentUrl":"https:\/\/static.africa-press.net\/conakry\/sites\/63\/2023\/01\/Jokar1674494679.428323.jpg","width":1276,"height":1280,"caption":"Environnement \u00e0 T\u00e9lim\u00e9l\u00e9 : le chef de la section for\u00eat et faune fait le diagnostic et annonce des actions"},{"@type":"BreadcrumbList","@id":"https:\/\/www.africa-press.net\/guinee-conakry\/politique\/environnement-a-telimele-le-chef-de-la-section-foret-et-faune-fait-le-diagnostic-et-annonce-des-actions#breadcrumb","itemListElement":[{"@type":"ListItem","position":1,"name":"Accueil","item":"https:\/\/www.africa-press.net\/guinee-conakry\/"},{"@type":"ListItem","position":2,"name":"Environnement \u00e0 T\u00e9lim\u00e9l\u00e9 : le chef de la section for\u00eat et faune fait le diagnostic et annonce des actions"}]},{"@type":"WebSite","@id":"https:\/\/www.africa-press.net\/guinee-conakry\/#website","url":"https:\/\/www.africa-press.net\/guinee-conakry\/","name":"guinee Conakry","description":"Just another Africa News Agency Sites site","potentialAction":[{"@type":"SearchAction","target":{"@type":"EntryPoint","urlTemplate":"https:\/\/www.africa-press.net\/guinee-conakry\/?s={search_term_string}"},"query-input":{"@type":"PropertyValueSpecification","valueRequired":true,"valueName":"search_term_string"}}],"inLanguage":"fr-FR"},{"@type":"Person","@id":"https:\/\/www.africa-press.net\/guinee-conakry\/#\/schema\/person\/2b1cf3cd81a31e3cd26889ca66d677f1","name":"cfeditorfr"}]}},"_links":{"self":[{"href":"https:\/\/www.africa-press.net\/guinee-conakry\/wp-json\/wp\/v2\/posts\/11534","targetHints":{"allow":["GET"]}}],"collection":[{"href":"https:\/\/www.africa-press.net\/guinee-conakry\/wp-json\/wp\/v2\/posts"}],"about":[{"href":"https:\/\/www.africa-press.net\/guinee-conakry\/wp-json\/wp\/v2\/types\/post"}],"author":[{"embeddable":true,"href":"https:\/\/www.africa-press.net\/guinee-conakry\/wp-json\/wp\/v2\/users\/82"}],"replies":[{"embeddable":true,"href":"https:\/\/www.africa-press.net\/guinee-conakry\/wp-json\/wp\/v2\/comments?post=11534"}],"version-history":[{"count":0,"href":"https:\/\/www.africa-press.net\/guinee-conakry\/wp-json\/wp\/v2\/posts\/11534\/revisions"}],"wp:featuredmedia":[{"embeddable":true,"href":"https:\/\/www.africa-press.net\/guinee-conakry\/wp-json\/wp\/v2\/media\/11533"}],"wp:attachment":[{"href":"https:\/\/www.africa-press.net\/guinee-conakry\/wp-json\/wp\/v2\/media?parent=11534"}],"wp:term":[{"taxonomy":"category","embeddable":true,"href":"https:\/\/www.africa-press.net\/guinee-conakry\/wp-json\/wp\/v2\/categories?post=11534"},{"taxonomy":"post_tag","embeddable":true,"href":"https:\/\/www.africa-press.net\/guinee-conakry\/wp-json\/wp\/v2\/tags?post=11534"}],"curies":[{"name":"wp","href":"https:\/\/api.w.org\/{rel}","templated":true}]}}