{"id":11540,"date":"2023-01-23T21:00:00","date_gmt":"2023-01-23T21:00:00","guid":{"rendered":"https:\/\/www.africa-press.net\/guinee-conakry\/politique\/armee-le-colonel-mamadouba-bondabon-camara-nest-plus"},"modified":"2023-01-23T21:00:00","modified_gmt":"2023-01-23T21:00:00","slug":"armee-le-colonel-mamadouba-bondabon-camara-nest-plus","status":"publish","type":"post","link":"https:\/\/www.africa-press.net\/guinee-conakry\/politique\/armee-le-colonel-mamadouba-bondabon-camara-nest-plus","title":{"rendered":"Arm\u00e9e : le Colonel Mamadouba Bondabon Camara n\u2019est plus !"},"content":{"rendered":"<p><span style=\"color: #ff6600\"><strong>Africa-Press &#8211; Guin\u00e9e. <\/strong><\/span>Officier de l\u2019arme\u0301e guine\u0301enne et ancien pre\u0301fet de Dubre\u0301ka, le Colonel Mamadouba Bondabon Camara vient de passer l\u2019arme a\u0300 gauche. Ce militaire a\u0300 la taille imposante et a\u0300 la voix grave est de\u0301ce\u0301de\u0301 a\u0300 Conakry hier, dimanche 22 janvier 2023, des suites de maladies.<\/p>\n<p>\u00ab Son corps se trouve actuellement a\u0300 Conakry au compte des autorite\u0301s militaires. On attend donc le signal des autorite\u0301s pour l\u2019organisation des obse\u0300ques \u00bb, a pre\u0301cise\u0301 au te\u0301le\u0301phone de Guineematin.com ce lundi , Elhadj Alseny Bangoura, le maire de Dubre\u0301ka.<\/p>\n<p>Le Colonel Mamadouba Bondabon Camara e\u0301tait malade depuis un certain temps. Il fait partie des militaires qui avaient e\u0301te\u0301 arre\u0302te\u0301s pour l\u2019attaque du domicile prive\u0301 de l\u2019ex pre\u0301sident Alpha Conde\u0301 en 2011. Mais, il avait e\u0301te\u0301 finalement gracie\u0301 en 2015 par Alpha Conde\u0301.<\/p>\n<p><strong>Pour plus d&rsquo;informations et d&rsquo;analyses sur la <a href=\"https:\/\/www.africa-press.net\/guinee-conakry\">Guin\u00e9e<\/a>, suivez <a href=\"https:\/\/www.africa-press.net\/\">Africa-Press<\/a><\/strong><\/p>\n","protected":false},"excerpt":{"rendered":"<p>Africa-Press &#8211; Guin\u00e9e. Officier de l\u2019arme\u0301e guine\u0301enne et ancien pre\u0301fet de Dubre\u0301ka, le Colonel Mamadouba Bondabon Camara vient de passer l\u2019arme a\u0300 gauche. Ce militaire a\u0300 la taille imposante et a\u0300 la voix grave est de\u0301ce\u0301de\u0301 a\u0300 Conakry hier, dimanche 22 janvier 2023, des suites de maladies. \u00ab Son corps se trouve actuellement a\u0300 Conakry [&hellip;]<\/p>\n","protected":false},"author":82,"featured_media":11539,"comment_status":"open","ping_status":"closed","sticky":false,"template":"","format":"standard","meta":{"footnotes":""},"categories":[2,10],"tags":[36,57,58],"class_list":["post-11540","post","type-post","status-publish","format-standard","has-post-thumbnail","hentry","category-politique","category-toutes-les-actualites","tag-africa-press","tag-africa-press-guinee","tag-guinee"],"yoast_head":"<!-- This site is optimized with the Yoast SEO Premium plugin v26.1 (Yoast SEO v27.0) - https:\/\/yoast.com\/product\/yoast-seo-premium-wordpress\/ -->\n<title>Arm\u00e9e : le Colonel Mamadouba Bondabon Camara n\u2019est plus ! - guinee Conakry<\/title>\n<meta name=\"robots\" content=\"index, follow, max-snippet:-1, max-image-preview:large, max-video-preview:-1\" \/>\n<link rel=\"canonical\" href=\"https:\/\/www.africa-press.net\/guinee-conakry\/politique\/armee-le-colonel-mamadouba-bondabon-camara-nest-plus\" \/>\n<meta property=\"og:locale\" content=\"fr_FR\" \/>\n<meta property=\"og:type\" content=\"article\" \/>\n<meta property=\"og:title\" content=\"Arm\u00e9e : le Colonel Mamadouba Bondabon Camara n\u2019est plus !\" \/>\n<meta property=\"og:description\" content=\"Africa-Press &#8211; Guin\u00e9e. Officier de l\u2019arme\u0301e guine\u0301enne et ancien pre\u0301fet de Dubre\u0301ka, le Colonel Mamadouba Bondabon Camara vient de passer l\u2019arme a\u0300 gauche. Ce militaire a\u0300 la taille imposante et a\u0300 la voix grave est de\u0301ce\u0301de\u0301 a\u0300 Conakry hier, dimanche 22 janvier 2023, des suites de maladies. \u00ab Son corps se trouve actuellement a\u0300 Conakry [&hellip;]\" \/>\n<meta property=\"og:url\" content=\"https:\/\/www.africa-press.net\/guinee-conakry\/politique\/armee-le-colonel-mamadouba-bondabon-camara-nest-plus\" \/>\n<meta property=\"og:site_name\" content=\"guinee Conakry\" \/>\n<meta property=\"article:published_time\" content=\"2023-01-23T21:00:00+00:00\" \/>\n<meta name=\"author\" content=\"cfeditorfr\" \/>\n<meta name=\"twitter:card\" content=\"summary_large_image\" \/>\n<meta name=\"twitter:label1\" content=\"\u00c9crit par\" \/>\n\t<meta name=\"twitter:data1\" content=\"cfeditorfr\" \/>\n\t<meta name=\"twitter:label2\" content=\"Dur\u00e9e de lecture estim\u00e9e\" \/>\n\t<meta name=\"twitter:data2\" content=\"1 minute\" \/>\n<script type=\"application\/ld+json\" class=\"yoast-schema-graph\">{\"@context\":\"https:\/\/schema.org\",\"@graph\":[{\"@type\":\"Article\",\"@id\":\"https:\/\/www.africa-press.net\/guinee-conakry\/politique\/armee-le-colonel-mamadouba-bondabon-camara-nest-plus#article\",\"isPartOf\":{\"@id\":\"https:\/\/www.africa-press.net\/guinee-conakry\/politique\/armee-le-colonel-mamadouba-bondabon-camara-nest-plus\"},\"author\":{\"name\":\"cfeditorfr\",\"@id\":\"https:\/\/www.africa-press.net\/guinee-conakry\/#\/schema\/person\/2b1cf3cd81a31e3cd26889ca66d677f1\"},\"headline\":\"Arm\u00e9e : le Colonel Mamadouba Bondabon Camara n\u2019est plus !\",\"datePublished\":\"2023-01-23T21:00:00+00:00\",\"mainEntityOfPage\":{\"@id\":\"https:\/\/www.africa-press.net\/guinee-conakry\/politique\/armee-le-colonel-mamadouba-bondabon-camara-nest-plus\"},\"wordCount\":173,\"commentCount\":0,\"image\":{\"@id\":\"https:\/\/www.africa-press.net\/guinee-conakry\/politique\/armee-le-colonel-mamadouba-bondabon-camara-nest-plus#primaryimage\"},\"thumbnailUrl\":\"https:\/\/static.africa-press.net\/conakry\/sites\/63\/2023\/01\/Jokar1674495050.908064.jpg\",\"keywords\":[\"Africa Press\",\"Africa Press-Guin\u00e9e\",\"Guin\u00e9e\"],\"articleSection\":[\"Politique\",\"Toutes les actualit\u00e9s\"],\"inLanguage\":\"fr-FR\",\"potentialAction\":[{\"@type\":\"CommentAction\",\"name\":\"Comment\",\"target\":[\"https:\/\/www.africa-press.net\/guinee-conakry\/politique\/armee-le-colonel-mamadouba-bondabon-camara-nest-plus#respond\"]}]},{\"@type\":\"WebPage\",\"@id\":\"https:\/\/www.africa-press.net\/guinee-conakry\/politique\/armee-le-colonel-mamadouba-bondabon-camara-nest-plus\",\"url\":\"https:\/\/www.africa-press.net\/guinee-conakry\/politique\/armee-le-colonel-mamadouba-bondabon-camara-nest-plus\",\"name\":\"Arm\u00e9e : le Colonel Mamadouba Bondabon Camara n\u2019est plus ! - guinee Conakry\",\"isPartOf\":{\"@id\":\"https:\/\/www.africa-press.net\/guinee-conakry\/#website\"},\"primaryImageOfPage\":{\"@id\":\"https:\/\/www.africa-press.net\/guinee-conakry\/politique\/armee-le-colonel-mamadouba-bondabon-camara-nest-plus#primaryimage\"},\"image\":{\"@id\":\"https:\/\/www.africa-press.net\/guinee-conakry\/politique\/armee-le-colonel-mamadouba-bondabon-camara-nest-plus#primaryimage\"},\"thumbnailUrl\":\"https:\/\/static.africa-press.net\/conakry\/sites\/63\/2023\/01\/Jokar1674495050.908064.jpg\",\"datePublished\":\"2023-01-23T21:00:00+00:00\",\"author\":{\"@id\":\"https:\/\/www.africa-press.net\/guinee-conakry\/#\/schema\/person\/2b1cf3cd81a31e3cd26889ca66d677f1\"},\"breadcrumb\":{\"@id\":\"https:\/\/www.africa-press.net\/guinee-conakry\/politique\/armee-le-colonel-mamadouba-bondabon-camara-nest-plus#breadcrumb\"},\"inLanguage\":\"fr-FR\",\"potentialAction\":[{\"@type\":\"ReadAction\",\"target\":[\"https:\/\/www.africa-press.net\/guinee-conakry\/politique\/armee-le-colonel-mamadouba-bondabon-camara-nest-plus\"]}]},{\"@type\":\"ImageObject\",\"inLanguage\":\"fr-FR\",\"@id\":\"https:\/\/www.africa-press.net\/guinee-conakry\/politique\/armee-le-colonel-mamadouba-bondabon-camara-nest-plus#primaryimage\",\"url\":\"https:\/\/static.africa-press.net\/conakry\/sites\/63\/2023\/01\/Jokar1674495050.908064.jpg\",\"contentUrl\":\"https:\/\/static.africa-press.net\/conakry\/sites\/63\/2023\/01\/Jokar1674495050.908064.jpg\",\"width\":1004,\"height\":918,\"caption\":\"Arm\u00e9e : le Colonel Mamadouba Bondabon Camara n\u2019est plus !\"},{\"@type\":\"BreadcrumbList\",\"@id\":\"https:\/\/www.africa-press.net\/guinee-conakry\/politique\/armee-le-colonel-mamadouba-bondabon-camara-nest-plus#breadcrumb\",\"itemListElement\":[{\"@type\":\"ListItem\",\"position\":1,\"name\":\"Accueil\",\"item\":\"https:\/\/www.africa-press.net\/guinee-conakry\/\"},{\"@type\":\"ListItem\",\"position\":2,\"name\":\"Arm\u00e9e : le Colonel Mamadouba Bondabon Camara n\u2019est plus !\"}]},{\"@type\":\"WebSite\",\"@id\":\"https:\/\/www.africa-press.net\/guinee-conakry\/#website\",\"url\":\"https:\/\/www.africa-press.net\/guinee-conakry\/\",\"name\":\"guinee Conakry\",\"description\":\"Just another Africa News Agency Sites site\",\"potentialAction\":[{\"@type\":\"SearchAction\",\"target\":{\"@type\":\"EntryPoint\",\"urlTemplate\":\"https:\/\/www.africa-press.net\/guinee-conakry\/?s={search_term_string}\"},\"query-input\":{\"@type\":\"PropertyValueSpecification\",\"valueRequired\":true,\"valueName\":\"search_term_string\"}}],\"inLanguage\":\"fr-FR\"},{\"@type\":\"Person\",\"@id\":\"https:\/\/www.africa-press.net\/guinee-conakry\/#\/schema\/person\/2b1cf3cd81a31e3cd26889ca66d677f1\",\"name\":\"cfeditorfr\"}]}<\/script>\n<!-- \/ Yoast SEO Premium plugin. -->","yoast_head_json":{"title":"Arm\u00e9e : le Colonel Mamadouba Bondabon Camara n\u2019est plus ! - guinee Conakry","robots":{"index":"index","follow":"follow","max-snippet":"max-snippet:-1","max-image-preview":"max-image-preview:large","max-video-preview":"max-video-preview:-1"},"canonical":"https:\/\/www.africa-press.net\/guinee-conakry\/politique\/armee-le-colonel-mamadouba-bondabon-camara-nest-plus","og_locale":"fr_FR","og_type":"article","og_title":"Arm\u00e9e : le Colonel Mamadouba Bondabon Camara n\u2019est plus !","og_description":"Africa-Press &#8211; Guin\u00e9e. Officier de l\u2019arme\u0301e guine\u0301enne et ancien pre\u0301fet de Dubre\u0301ka, le Colonel Mamadouba Bondabon Camara vient de passer l\u2019arme a\u0300 gauche. Ce militaire a\u0300 la taille imposante et a\u0300 la voix grave est de\u0301ce\u0301de\u0301 a\u0300 Conakry hier, dimanche 22 janvier 2023, des suites de maladies. \u00ab Son corps se trouve actuellement a\u0300 Conakry [&hellip;]","og_url":"https:\/\/www.africa-press.net\/guinee-conakry\/politique\/armee-le-colonel-mamadouba-bondabon-camara-nest-plus","og_site_name":"guinee Conakry","article_published_time":"2023-01-23T21:00:00+00:00","author":"cfeditorfr","twitter_card":"summary_large_image","twitter_misc":{"\u00c9crit par":"cfeditorfr","Dur\u00e9e de lecture estim\u00e9e":"1 minute"},"schema":{"@context":"https:\/\/schema.org","@graph":[{"@type":"Article","@id":"https:\/\/www.africa-press.net\/guinee-conakry\/politique\/armee-le-colonel-mamadouba-bondabon-camara-nest-plus#article","isPartOf":{"@id":"https:\/\/www.africa-press.net\/guinee-conakry\/politique\/armee-le-colonel-mamadouba-bondabon-camara-nest-plus"},"author":{"name":"cfeditorfr","@id":"https:\/\/www.africa-press.net\/guinee-conakry\/#\/schema\/person\/2b1cf3cd81a31e3cd26889ca66d677f1"},"headline":"Arm\u00e9e : le Colonel Mamadouba Bondabon Camara n\u2019est plus !","datePublished":"2023-01-23T21:00:00+00:00","mainEntityOfPage":{"@id":"https:\/\/www.africa-press.net\/guinee-conakry\/politique\/armee-le-colonel-mamadouba-bondabon-camara-nest-plus"},"wordCount":173,"commentCount":0,"image":{"@id":"https:\/\/www.africa-press.net\/guinee-conakry\/politique\/armee-le-colonel-mamadouba-bondabon-camara-nest-plus#primaryimage"},"thumbnailUrl":"https:\/\/static.africa-press.net\/conakry\/sites\/63\/2023\/01\/Jokar1674495050.908064.jpg","keywords":["Africa Press","Africa Press-Guin\u00e9e","Guin\u00e9e"],"articleSection":["Politique","Toutes les actualit\u00e9s"],"inLanguage":"fr-FR","potentialAction":[{"@type":"CommentAction","name":"Comment","target":["https:\/\/www.africa-press.net\/guinee-conakry\/politique\/armee-le-colonel-mamadouba-bondabon-camara-nest-plus#respond"]}]},{"@type":"WebPage","@id":"https:\/\/www.africa-press.net\/guinee-conakry\/politique\/armee-le-colonel-mamadouba-bondabon-camara-nest-plus","url":"https:\/\/www.africa-press.net\/guinee-conakry\/politique\/armee-le-colonel-mamadouba-bondabon-camara-nest-plus","name":"Arm\u00e9e : le Colonel Mamadouba Bondabon Camara n\u2019est plus ! - guinee Conakry","isPartOf":{"@id":"https:\/\/www.africa-press.net\/guinee-conakry\/#website"},"primaryImageOfPage":{"@id":"https:\/\/www.africa-press.net\/guinee-conakry\/politique\/armee-le-colonel-mamadouba-bondabon-camara-nest-plus#primaryimage"},"image":{"@id":"https:\/\/www.africa-press.net\/guinee-conakry\/politique\/armee-le-colonel-mamadouba-bondabon-camara-nest-plus#primaryimage"},"thumbnailUrl":"https:\/\/static.africa-press.net\/conakry\/sites\/63\/2023\/01\/Jokar1674495050.908064.jpg","datePublished":"2023-01-23T21:00:00+00:00","author":{"@id":"https:\/\/www.africa-press.net\/guinee-conakry\/#\/schema\/person\/2b1cf3cd81a31e3cd26889ca66d677f1"},"breadcrumb":{"@id":"https:\/\/www.africa-press.net\/guinee-conakry\/politique\/armee-le-colonel-mamadouba-bondabon-camara-nest-plus#breadcrumb"},"inLanguage":"fr-FR","potentialAction":[{"@type":"ReadAction","target":["https:\/\/www.africa-press.net\/guinee-conakry\/politique\/armee-le-colonel-mamadouba-bondabon-camara-nest-plus"]}]},{"@type":"ImageObject","inLanguage":"fr-FR","@id":"https:\/\/www.africa-press.net\/guinee-conakry\/politique\/armee-le-colonel-mamadouba-bondabon-camara-nest-plus#primaryimage","url":"https:\/\/static.africa-press.net\/conakry\/sites\/63\/2023\/01\/Jokar1674495050.908064.jpg","contentUrl":"https:\/\/static.africa-press.net\/conakry\/sites\/63\/2023\/01\/Jokar1674495050.908064.jpg","width":1004,"height":918,"caption":"Arm\u00e9e : le Colonel Mamadouba Bondabon Camara n\u2019est plus !"},{"@type":"BreadcrumbList","@id":"https:\/\/www.africa-press.net\/guinee-conakry\/politique\/armee-le-colonel-mamadouba-bondabon-camara-nest-plus#breadcrumb","itemListElement":[{"@type":"ListItem","position":1,"name":"Accueil","item":"https:\/\/www.africa-press.net\/guinee-conakry\/"},{"@type":"ListItem","position":2,"name":"Arm\u00e9e : le Colonel Mamadouba Bondabon Camara n\u2019est plus !"}]},{"@type":"WebSite","@id":"https:\/\/www.africa-press.net\/guinee-conakry\/#website","url":"https:\/\/www.africa-press.net\/guinee-conakry\/","name":"guinee Conakry","description":"Just another Africa News Agency Sites site","potentialAction":[{"@type":"SearchAction","target":{"@type":"EntryPoint","urlTemplate":"https:\/\/www.africa-press.net\/guinee-conakry\/?s={search_term_string}"},"query-input":{"@type":"PropertyValueSpecification","valueRequired":true,"valueName":"search_term_string"}}],"inLanguage":"fr-FR"},{"@type":"Person","@id":"https:\/\/www.africa-press.net\/guinee-conakry\/#\/schema\/person\/2b1cf3cd81a31e3cd26889ca66d677f1","name":"cfeditorfr"}]}},"_links":{"self":[{"href":"https:\/\/www.africa-press.net\/guinee-conakry\/wp-json\/wp\/v2\/posts\/11540","targetHints":{"allow":["GET"]}}],"collection":[{"href":"https:\/\/www.africa-press.net\/guinee-conakry\/wp-json\/wp\/v2\/posts"}],"about":[{"href":"https:\/\/www.africa-press.net\/guinee-conakry\/wp-json\/wp\/v2\/types\/post"}],"author":[{"embeddable":true,"href":"https:\/\/www.africa-press.net\/guinee-conakry\/wp-json\/wp\/v2\/users\/82"}],"replies":[{"embeddable":true,"href":"https:\/\/www.africa-press.net\/guinee-conakry\/wp-json\/wp\/v2\/comments?post=11540"}],"version-history":[{"count":0,"href":"https:\/\/www.africa-press.net\/guinee-conakry\/wp-json\/wp\/v2\/posts\/11540\/revisions"}],"wp:featuredmedia":[{"embeddable":true,"href":"https:\/\/www.africa-press.net\/guinee-conakry\/wp-json\/wp\/v2\/media\/11539"}],"wp:attachment":[{"href":"https:\/\/www.africa-press.net\/guinee-conakry\/wp-json\/wp\/v2\/media?parent=11540"}],"wp:term":[{"taxonomy":"category","embeddable":true,"href":"https:\/\/www.africa-press.net\/guinee-conakry\/wp-json\/wp\/v2\/categories?post=11540"},{"taxonomy":"post_tag","embeddable":true,"href":"https:\/\/www.africa-press.net\/guinee-conakry\/wp-json\/wp\/v2\/tags?post=11540"}],"curies":[{"name":"wp","href":"https:\/\/api.w.org\/{rel}","templated":true}]}}