{"id":11566,"date":"2023-01-24T20:07:00","date_gmt":"2023-01-24T20:07:00","guid":{"rendered":"https:\/\/www.africa-press.net\/guinee-conakry\/politique\/la-cour-supreme-va-t-elle-ordonner-la-mise-en-liberte-de-dr-ibrahima-kourouma-les-debats-renvoyes-au-31-janvier"},"modified":"2023-01-24T20:07:00","modified_gmt":"2023-01-24T20:07:00","slug":"la-cour-supreme-va-t-elle-ordonner-la-mise-en-liberte-de-dr-ibrahima-kourouma-les-debats-renvoyes-au-31-janvier","status":"publish","type":"post","link":"https:\/\/www.africa-press.net\/guinee-conakry\/politique\/la-cour-supreme-va-t-elle-ordonner-la-mise-en-liberte-de-dr-ibrahima-kourouma-les-debats-renvoyes-au-31-janvier","title":{"rendered":"La Cour Supr\u00eame va-t-elle ordonner la mise en libert\u00e9 de Dr Ibrahima Kourouma ? Les d\u00e9bats renvoy\u00e9s au 31 janvier"},"content":{"rendered":"<p><span style=\"color: #ff6600\"><strong>Africa-Press &#8211; Guin\u00e9e. <\/strong><\/span>Les de\u0301bats ont recommence\u0301 devant la Cour Supre\u0302me ce mardi, 24 janvier 2023 dans le dossier Ibrahima Kourouma, ancien Ministre sous le re\u0301gime Alpha Conde\u0301. Cette juridiction a e\u0301te\u0301 saisie par le Parquet spe\u0301cial pre\u0300s la Cour de re\u0301pression des infractions e\u0301conomiques et financie\u0300res (CRIEF) pour \u00ab casser \u00bb l\u2019ordonnance de mise en liberte\u0301 sous contro\u0302le judiciaire de cet ancien dignitaire du re\u0301gime Alpha Conde\u0301. Les de\u0301bats avaient e\u0301te\u0301 de\u0301clare\u0301s clos dans cette affaire, mais e\u0301tant donne\u0301 que la Cour supre\u0302me a une nouvelle composition, le de\u0301libe\u0301re\u0301 a e\u0301te\u0301 rabattu.<\/p>\n<p>Apre\u0300s la lecture de l\u2019ordonnance de renvoi devant la Cour supre\u0302me, la parole a e\u0301te\u0301 donne\u0301e aux parties pour exprimer leurs pre\u0301tentions par rapport a\u0300 la suite a\u0300 donner a\u0300 la re\u0301ouverture des de\u0301bats.<\/p>\n<p>Selon l\u2019ordonnance de renvoi de ce dossier devant la Cour supre\u0302me, Dr Ibrahima Kourouma, ancien ministre de l\u2019Enseignement pre\u0301-universitaire et ancien ministre de la Ville et de l\u2019Ame\u0301nagement du territoire, est poursuivi devant la CRIEF pour des faits pre\u0301sume\u0301s de de\u0301tournement de deniers publics, blanchiment d\u2019argent, enrichissement illicite et corruption portant sur un montant de 117 milliards de francs guine\u0301ens. Il lui est reproche\u0301 dans cette affaire d\u2019avoir ordonne\u0301 le de\u0301caissement de ce montant incrimine\u0301 sans aucun document comptable.<\/p>\n<p>A la CRIEF, ou\u0300 il est poursuivi pour ces faits, la premie\u0300re chambre de l\u2019instruction avait pris une ordonnance de mise en liberte\u0301 en sa faveur, le plac\u0327ant sous contro\u0302le judiciaire. Une ordonnance attaque\u0301e par le parquet spe\u0301cial pre\u0300s la CRIEF a\u0300 la chambre de contro\u0302le de l\u2019instruction. A son tour, cette chambre de contro\u0302le de l\u2019instruction va confirmer l\u2019ordonnance de placement sous contro\u0302le judiciaire de Dr Kourouma, le 11 aou\u0302t 2022, avec le paiement d\u2019un cautionnement de 1 milliard GNF et la pre\u0301sence du pre\u0301venu au moins une fois par semaine a\u0300 la CRIEF et interdiction de sortir du pays sans autorisation pre\u0301alable.<\/p>\n<p>Contre cette confirmation, le procureur spe\u0301cial pre\u0300s la CRIEF s\u2019est pourvu en cassation devant la plus haute juridiction du pays, la Cour supre\u0302me.<\/p>\n<p>Devant la chambre pe\u0301nale de la Cour supre\u0302me, les de\u0301bats avaient e\u0301te\u0301 clos dans cette affaire en cassation. Le dossier avait e\u0301te\u0301 mise en de\u0301libe\u0301re\u0301. Mais, compte tenu de la nouvelle recomposition de la Cour, le de\u0301libe\u0301re\u0301 est rabattu, l\u2019affaire a e\u0301te\u0301 renvoye\u0301e par le pre\u0301sident de la premie\u0300re chambre pe\u0301nale a\u0300 la date d\u2019aujourd\u2019hui pour la re\u0301ouverture des de\u0301bats.<\/p>\n<p>Apre\u0300s la lecture de l\u2019ordonnance de renvoi de cette affaire devant la Cour supre\u0302me a\u0300 l\u2019audience d\u2019aujourd\u2019hui, la parole a e\u0301te\u0301 donne\u0301e aux parties pour leur pre\u0301tention par rapport a\u0300 la suite de la proce\u0301dure.<\/p>\n<p>Me Pe\u0301pe\u0301 Antoine Lama, un des repre\u0301sentants de l\u2019agent judiciaire de l\u2019Etat, partie civile dans cette affaire, a sollicite\u0301 de la Cour le renvoi du dossier au 7 fe\u0301vrier 2023, pour dit-il, prendre connaissance davantage de la pre\u0301sente affaire.<\/p>\n<p>Une demande a\u0300 laquelle le ministe\u0300re public, repre\u0301sente\u0301 par Alpha Seny Camara, n\u2019a trouve\u0301 aucune objection. Pour lui, il y a lieu de permettre au demandeur le temps afin de mieux s\u2019informer sur ce dossier.<\/p>\n<p>Mais du co\u0302te\u0301 des avocats de la de\u0301fense, l\u2019avis est tout autre. \u00ab Notre client est en de\u0301tention. Ce dossier n\u2019a que trop dure\u0301. Les de\u0301bats ont eu lieu dans cette affaire qui est d\u2019ailleurs mise en de\u0301libe\u0301re\u0301. Tous les e\u0301le\u0301ments sont contenus dedans. Les avocats de la partie civile, qui ont participe\u0301 aux de\u0301bats, ont leurs e\u0301crits verse\u0301s au dossier de la proce\u0301dure. Nous, nous plaidons qu\u2019il plaise a\u0300 votre auguste Cour d\u2019ordonner la continuation des de\u0301bats \u00bb, a plaide\u0301 Me Sidiki Be\u0301re\u0301te\u0301, un de avocats de la de\u0301fense.<\/p>\n<p>La Cour a finalement renvoye\u0301 le dossier au mardi, 31 janvier 2023 pour la suite des de\u0301bats.<\/p>\n<p>A rappeler que l\u2019ancien ministre, Dr Ibrahima Kourouma est de\u0301tenu a\u0300 la maison centrale depuis le 21 avril 2022.<\/p>\n<p><strong>Pour plus d&rsquo;informations et d&rsquo;analyses sur la <a href=\"https:\/\/www.africa-press.net\/guinee-conakry\">Guin\u00e9e<\/a>, suivez <a href=\"https:\/\/www.africa-press.net\/\">Africa-Press<\/a><\/strong><\/p>\n","protected":false},"excerpt":{"rendered":"<p>Africa-Press &#8211; Guin\u00e9e. Les de\u0301bats ont recommence\u0301 devant la Cour Supre\u0302me ce mardi, 24 janvier 2023 dans le dossier Ibrahima Kourouma, ancien Ministre sous le re\u0301gime Alpha Conde\u0301. Cette juridiction a e\u0301te\u0301 saisie par le Parquet spe\u0301cial pre\u0300s la Cour de re\u0301pression des infractions e\u0301conomiques et financie\u0300res (CRIEF) pour \u00ab casser \u00bb l\u2019ordonnance de mise [&hellip;]<\/p>\n","protected":false},"author":82,"featured_media":11565,"comment_status":"open","ping_status":"closed","sticky":false,"template":"","format":"standard","meta":{"footnotes":""},"categories":[2,20,10],"tags":[36,57,58],"class_list":["post-11566","post","type-post","status-publish","format-standard","has-post-thumbnail","hentry","category-politique","category-top-nouvelles","category-toutes-les-actualites","tag-africa-press","tag-africa-press-guinee","tag-guinee"],"yoast_head":"<!-- This site is optimized with the Yoast SEO Premium plugin v26.1 (Yoast SEO v27.0) - https:\/\/yoast.com\/product\/yoast-seo-premium-wordpress\/ -->\n<title>La Cour Supr\u00eame va-t-elle ordonner la mise en libert\u00e9 de Dr Ibrahima Kourouma ? Les d\u00e9bats renvoy\u00e9s au 31 janvier - guinee Conakry<\/title>\n<meta name=\"robots\" content=\"index, follow, max-snippet:-1, max-image-preview:large, max-video-preview:-1\" \/>\n<link rel=\"canonical\" href=\"https:\/\/www.africa-press.net\/guinee-conakry\/politique\/la-cour-supreme-va-t-elle-ordonner-la-mise-en-liberte-de-dr-ibrahima-kourouma-les-debats-renvoyes-au-31-janvier\" \/>\n<meta property=\"og:locale\" content=\"fr_FR\" \/>\n<meta property=\"og:type\" content=\"article\" \/>\n<meta property=\"og:title\" content=\"La Cour Supr\u00eame va-t-elle ordonner la mise en libert\u00e9 de Dr Ibrahima Kourouma ? Les d\u00e9bats renvoy\u00e9s au 31 janvier\" \/>\n<meta property=\"og:description\" content=\"Africa-Press &#8211; Guin\u00e9e. Les de\u0301bats ont recommence\u0301 devant la Cour Supre\u0302me ce mardi, 24 janvier 2023 dans le dossier Ibrahima Kourouma, ancien Ministre sous le re\u0301gime Alpha Conde\u0301. Cette juridiction a e\u0301te\u0301 saisie par le Parquet spe\u0301cial pre\u0300s la Cour de re\u0301pression des infractions e\u0301conomiques et financie\u0300res (CRIEF) pour \u00ab casser \u00bb l\u2019ordonnance de mise [&hellip;]\" \/>\n<meta property=\"og:url\" content=\"https:\/\/www.africa-press.net\/guinee-conakry\/politique\/la-cour-supreme-va-t-elle-ordonner-la-mise-en-liberte-de-dr-ibrahima-kourouma-les-debats-renvoyes-au-31-janvier\" \/>\n<meta property=\"og:site_name\" content=\"guinee Conakry\" \/>\n<meta property=\"article:published_time\" content=\"2023-01-24T20:07:00+00:00\" \/>\n<meta name=\"author\" content=\"cfeditorfr\" \/>\n<meta name=\"twitter:card\" content=\"summary_large_image\" \/>\n<meta name=\"twitter:label1\" content=\"\u00c9crit par\" \/>\n\t<meta name=\"twitter:data1\" content=\"cfeditorfr\" \/>\n\t<meta name=\"twitter:label2\" content=\"Dur\u00e9e de lecture estim\u00e9e\" \/>\n\t<meta name=\"twitter:data2\" content=\"4 minutes\" \/>\n<script type=\"application\/ld+json\" class=\"yoast-schema-graph\">{\"@context\":\"https:\/\/schema.org\",\"@graph\":[{\"@type\":\"Article\",\"@id\":\"https:\/\/www.africa-press.net\/guinee-conakry\/politique\/la-cour-supreme-va-t-elle-ordonner-la-mise-en-liberte-de-dr-ibrahima-kourouma-les-debats-renvoyes-au-31-janvier#article\",\"isPartOf\":{\"@id\":\"https:\/\/www.africa-press.net\/guinee-conakry\/politique\/la-cour-supreme-va-t-elle-ordonner-la-mise-en-liberte-de-dr-ibrahima-kourouma-les-debats-renvoyes-au-31-janvier\"},\"author\":{\"name\":\"cfeditorfr\",\"@id\":\"https:\/\/www.africa-press.net\/guinee-conakry\/#\/schema\/person\/2b1cf3cd81a31e3cd26889ca66d677f1\"},\"headline\":\"La Cour Supr\u00eame va-t-elle ordonner la mise en libert\u00e9 de Dr Ibrahima Kourouma ? Les d\u00e9bats renvoy\u00e9s au 31 janvier\",\"datePublished\":\"2023-01-24T20:07:00+00:00\",\"mainEntityOfPage\":{\"@id\":\"https:\/\/www.africa-press.net\/guinee-conakry\/politique\/la-cour-supreme-va-t-elle-ordonner-la-mise-en-liberte-de-dr-ibrahima-kourouma-les-debats-renvoyes-au-31-janvier\"},\"wordCount\":774,\"commentCount\":0,\"image\":{\"@id\":\"https:\/\/www.africa-press.net\/guinee-conakry\/politique\/la-cour-supreme-va-t-elle-ordonner-la-mise-en-liberte-de-dr-ibrahima-kourouma-les-debats-renvoyes-au-31-janvier#primaryimage\"},\"thumbnailUrl\":\"https:\/\/static.africa-press.net\/conakry\/sites\/63\/2023\/01\/Jokar1674578244.503541.jpg\",\"keywords\":[\"Africa Press\",\"Africa Press-Guin\u00e9e\",\"Guin\u00e9e\"],\"articleSection\":[\"Politique\",\"Top Nouvelles\",\"Toutes les actualit\u00e9s\"],\"inLanguage\":\"fr-FR\",\"potentialAction\":[{\"@type\":\"CommentAction\",\"name\":\"Comment\",\"target\":[\"https:\/\/www.africa-press.net\/guinee-conakry\/politique\/la-cour-supreme-va-t-elle-ordonner-la-mise-en-liberte-de-dr-ibrahima-kourouma-les-debats-renvoyes-au-31-janvier#respond\"]}]},{\"@type\":\"WebPage\",\"@id\":\"https:\/\/www.africa-press.net\/guinee-conakry\/politique\/la-cour-supreme-va-t-elle-ordonner-la-mise-en-liberte-de-dr-ibrahima-kourouma-les-debats-renvoyes-au-31-janvier\",\"url\":\"https:\/\/www.africa-press.net\/guinee-conakry\/politique\/la-cour-supreme-va-t-elle-ordonner-la-mise-en-liberte-de-dr-ibrahima-kourouma-les-debats-renvoyes-au-31-janvier\",\"name\":\"La Cour Supr\u00eame va-t-elle ordonner la mise en libert\u00e9 de Dr Ibrahima Kourouma ? Les d\u00e9bats renvoy\u00e9s au 31 janvier - guinee Conakry\",\"isPartOf\":{\"@id\":\"https:\/\/www.africa-press.net\/guinee-conakry\/#website\"},\"primaryImageOfPage\":{\"@id\":\"https:\/\/www.africa-press.net\/guinee-conakry\/politique\/la-cour-supreme-va-t-elle-ordonner-la-mise-en-liberte-de-dr-ibrahima-kourouma-les-debats-renvoyes-au-31-janvier#primaryimage\"},\"image\":{\"@id\":\"https:\/\/www.africa-press.net\/guinee-conakry\/politique\/la-cour-supreme-va-t-elle-ordonner-la-mise-en-liberte-de-dr-ibrahima-kourouma-les-debats-renvoyes-au-31-janvier#primaryimage\"},\"thumbnailUrl\":\"https:\/\/static.africa-press.net\/conakry\/sites\/63\/2023\/01\/Jokar1674578244.503541.jpg\",\"datePublished\":\"2023-01-24T20:07:00+00:00\",\"author\":{\"@id\":\"https:\/\/www.africa-press.net\/guinee-conakry\/#\/schema\/person\/2b1cf3cd81a31e3cd26889ca66d677f1\"},\"breadcrumb\":{\"@id\":\"https:\/\/www.africa-press.net\/guinee-conakry\/politique\/la-cour-supreme-va-t-elle-ordonner-la-mise-en-liberte-de-dr-ibrahima-kourouma-les-debats-renvoyes-au-31-janvier#breadcrumb\"},\"inLanguage\":\"fr-FR\",\"potentialAction\":[{\"@type\":\"ReadAction\",\"target\":[\"https:\/\/www.africa-press.net\/guinee-conakry\/politique\/la-cour-supreme-va-t-elle-ordonner-la-mise-en-liberte-de-dr-ibrahima-kourouma-les-debats-renvoyes-au-31-janvier\"]}]},{\"@type\":\"ImageObject\",\"inLanguage\":\"fr-FR\",\"@id\":\"https:\/\/www.africa-press.net\/guinee-conakry\/politique\/la-cour-supreme-va-t-elle-ordonner-la-mise-en-liberte-de-dr-ibrahima-kourouma-les-debats-renvoyes-au-31-janvier#primaryimage\",\"url\":\"https:\/\/static.africa-press.net\/conakry\/sites\/63\/2023\/01\/Jokar1674578244.503541.jpg\",\"contentUrl\":\"https:\/\/static.africa-press.net\/conakry\/sites\/63\/2023\/01\/Jokar1674578244.503541.jpg\",\"width\":712,\"height\":572,\"caption\":\"La Cour Supr\u00eame va-t-elle ordonner la mise en libert\u00e9 de Dr Ibrahima Kourouma ? Les d\u00e9bats renvoy\u00e9s au 31 janvier\"},{\"@type\":\"BreadcrumbList\",\"@id\":\"https:\/\/www.africa-press.net\/guinee-conakry\/politique\/la-cour-supreme-va-t-elle-ordonner-la-mise-en-liberte-de-dr-ibrahima-kourouma-les-debats-renvoyes-au-31-janvier#breadcrumb\",\"itemListElement\":[{\"@type\":\"ListItem\",\"position\":1,\"name\":\"Accueil\",\"item\":\"https:\/\/www.africa-press.net\/guinee-conakry\/\"},{\"@type\":\"ListItem\",\"position\":2,\"name\":\"La Cour Supr\u00eame va-t-elle ordonner la mise en libert\u00e9 de Dr Ibrahima Kourouma ? Les d\u00e9bats renvoy\u00e9s au 31 janvier\"}]},{\"@type\":\"WebSite\",\"@id\":\"https:\/\/www.africa-press.net\/guinee-conakry\/#website\",\"url\":\"https:\/\/www.africa-press.net\/guinee-conakry\/\",\"name\":\"guinee Conakry\",\"description\":\"Just another Africa News Agency Sites site\",\"potentialAction\":[{\"@type\":\"SearchAction\",\"target\":{\"@type\":\"EntryPoint\",\"urlTemplate\":\"https:\/\/www.africa-press.net\/guinee-conakry\/?s={search_term_string}\"},\"query-input\":{\"@type\":\"PropertyValueSpecification\",\"valueRequired\":true,\"valueName\":\"search_term_string\"}}],\"inLanguage\":\"fr-FR\"},{\"@type\":\"Person\",\"@id\":\"https:\/\/www.africa-press.net\/guinee-conakry\/#\/schema\/person\/2b1cf3cd81a31e3cd26889ca66d677f1\",\"name\":\"cfeditorfr\"}]}<\/script>\n<!-- \/ Yoast SEO Premium plugin. -->","yoast_head_json":{"title":"La Cour Supr\u00eame va-t-elle ordonner la mise en libert\u00e9 de Dr Ibrahima Kourouma ? Les d\u00e9bats renvoy\u00e9s au 31 janvier - guinee Conakry","robots":{"index":"index","follow":"follow","max-snippet":"max-snippet:-1","max-image-preview":"max-image-preview:large","max-video-preview":"max-video-preview:-1"},"canonical":"https:\/\/www.africa-press.net\/guinee-conakry\/politique\/la-cour-supreme-va-t-elle-ordonner-la-mise-en-liberte-de-dr-ibrahima-kourouma-les-debats-renvoyes-au-31-janvier","og_locale":"fr_FR","og_type":"article","og_title":"La Cour Supr\u00eame va-t-elle ordonner la mise en libert\u00e9 de Dr Ibrahima Kourouma ? Les d\u00e9bats renvoy\u00e9s au 31 janvier","og_description":"Africa-Press &#8211; Guin\u00e9e. Les de\u0301bats ont recommence\u0301 devant la Cour Supre\u0302me ce mardi, 24 janvier 2023 dans le dossier Ibrahima Kourouma, ancien Ministre sous le re\u0301gime Alpha Conde\u0301. Cette juridiction a e\u0301te\u0301 saisie par le Parquet spe\u0301cial pre\u0300s la Cour de re\u0301pression des infractions e\u0301conomiques et financie\u0300res (CRIEF) pour \u00ab casser \u00bb l\u2019ordonnance de mise [&hellip;]","og_url":"https:\/\/www.africa-press.net\/guinee-conakry\/politique\/la-cour-supreme-va-t-elle-ordonner-la-mise-en-liberte-de-dr-ibrahima-kourouma-les-debats-renvoyes-au-31-janvier","og_site_name":"guinee Conakry","article_published_time":"2023-01-24T20:07:00+00:00","author":"cfeditorfr","twitter_card":"summary_large_image","twitter_misc":{"\u00c9crit par":"cfeditorfr","Dur\u00e9e de lecture estim\u00e9e":"4 minutes"},"schema":{"@context":"https:\/\/schema.org","@graph":[{"@type":"Article","@id":"https:\/\/www.africa-press.net\/guinee-conakry\/politique\/la-cour-supreme-va-t-elle-ordonner-la-mise-en-liberte-de-dr-ibrahima-kourouma-les-debats-renvoyes-au-31-janvier#article","isPartOf":{"@id":"https:\/\/www.africa-press.net\/guinee-conakry\/politique\/la-cour-supreme-va-t-elle-ordonner-la-mise-en-liberte-de-dr-ibrahima-kourouma-les-debats-renvoyes-au-31-janvier"},"author":{"name":"cfeditorfr","@id":"https:\/\/www.africa-press.net\/guinee-conakry\/#\/schema\/person\/2b1cf3cd81a31e3cd26889ca66d677f1"},"headline":"La Cour Supr\u00eame va-t-elle ordonner la mise en libert\u00e9 de Dr Ibrahima Kourouma ? Les d\u00e9bats renvoy\u00e9s au 31 janvier","datePublished":"2023-01-24T20:07:00+00:00","mainEntityOfPage":{"@id":"https:\/\/www.africa-press.net\/guinee-conakry\/politique\/la-cour-supreme-va-t-elle-ordonner-la-mise-en-liberte-de-dr-ibrahima-kourouma-les-debats-renvoyes-au-31-janvier"},"wordCount":774,"commentCount":0,"image":{"@id":"https:\/\/www.africa-press.net\/guinee-conakry\/politique\/la-cour-supreme-va-t-elle-ordonner-la-mise-en-liberte-de-dr-ibrahima-kourouma-les-debats-renvoyes-au-31-janvier#primaryimage"},"thumbnailUrl":"https:\/\/static.africa-press.net\/conakry\/sites\/63\/2023\/01\/Jokar1674578244.503541.jpg","keywords":["Africa Press","Africa Press-Guin\u00e9e","Guin\u00e9e"],"articleSection":["Politique","Top Nouvelles","Toutes les actualit\u00e9s"],"inLanguage":"fr-FR","potentialAction":[{"@type":"CommentAction","name":"Comment","target":["https:\/\/www.africa-press.net\/guinee-conakry\/politique\/la-cour-supreme-va-t-elle-ordonner-la-mise-en-liberte-de-dr-ibrahima-kourouma-les-debats-renvoyes-au-31-janvier#respond"]}]},{"@type":"WebPage","@id":"https:\/\/www.africa-press.net\/guinee-conakry\/politique\/la-cour-supreme-va-t-elle-ordonner-la-mise-en-liberte-de-dr-ibrahima-kourouma-les-debats-renvoyes-au-31-janvier","url":"https:\/\/www.africa-press.net\/guinee-conakry\/politique\/la-cour-supreme-va-t-elle-ordonner-la-mise-en-liberte-de-dr-ibrahima-kourouma-les-debats-renvoyes-au-31-janvier","name":"La Cour Supr\u00eame va-t-elle ordonner la mise en libert\u00e9 de Dr Ibrahima Kourouma ? Les d\u00e9bats renvoy\u00e9s au 31 janvier - guinee Conakry","isPartOf":{"@id":"https:\/\/www.africa-press.net\/guinee-conakry\/#website"},"primaryImageOfPage":{"@id":"https:\/\/www.africa-press.net\/guinee-conakry\/politique\/la-cour-supreme-va-t-elle-ordonner-la-mise-en-liberte-de-dr-ibrahima-kourouma-les-debats-renvoyes-au-31-janvier#primaryimage"},"image":{"@id":"https:\/\/www.africa-press.net\/guinee-conakry\/politique\/la-cour-supreme-va-t-elle-ordonner-la-mise-en-liberte-de-dr-ibrahima-kourouma-les-debats-renvoyes-au-31-janvier#primaryimage"},"thumbnailUrl":"https:\/\/static.africa-press.net\/conakry\/sites\/63\/2023\/01\/Jokar1674578244.503541.jpg","datePublished":"2023-01-24T20:07:00+00:00","author":{"@id":"https:\/\/www.africa-press.net\/guinee-conakry\/#\/schema\/person\/2b1cf3cd81a31e3cd26889ca66d677f1"},"breadcrumb":{"@id":"https:\/\/www.africa-press.net\/guinee-conakry\/politique\/la-cour-supreme-va-t-elle-ordonner-la-mise-en-liberte-de-dr-ibrahima-kourouma-les-debats-renvoyes-au-31-janvier#breadcrumb"},"inLanguage":"fr-FR","potentialAction":[{"@type":"ReadAction","target":["https:\/\/www.africa-press.net\/guinee-conakry\/politique\/la-cour-supreme-va-t-elle-ordonner-la-mise-en-liberte-de-dr-ibrahima-kourouma-les-debats-renvoyes-au-31-janvier"]}]},{"@type":"ImageObject","inLanguage":"fr-FR","@id":"https:\/\/www.africa-press.net\/guinee-conakry\/politique\/la-cour-supreme-va-t-elle-ordonner-la-mise-en-liberte-de-dr-ibrahima-kourouma-les-debats-renvoyes-au-31-janvier#primaryimage","url":"https:\/\/static.africa-press.net\/conakry\/sites\/63\/2023\/01\/Jokar1674578244.503541.jpg","contentUrl":"https:\/\/static.africa-press.net\/conakry\/sites\/63\/2023\/01\/Jokar1674578244.503541.jpg","width":712,"height":572,"caption":"La Cour Supr\u00eame va-t-elle ordonner la mise en libert\u00e9 de Dr Ibrahima Kourouma ? Les d\u00e9bats renvoy\u00e9s au 31 janvier"},{"@type":"BreadcrumbList","@id":"https:\/\/www.africa-press.net\/guinee-conakry\/politique\/la-cour-supreme-va-t-elle-ordonner-la-mise-en-liberte-de-dr-ibrahima-kourouma-les-debats-renvoyes-au-31-janvier#breadcrumb","itemListElement":[{"@type":"ListItem","position":1,"name":"Accueil","item":"https:\/\/www.africa-press.net\/guinee-conakry\/"},{"@type":"ListItem","position":2,"name":"La Cour Supr\u00eame va-t-elle ordonner la mise en libert\u00e9 de Dr Ibrahima Kourouma ? Les d\u00e9bats renvoy\u00e9s au 31 janvier"}]},{"@type":"WebSite","@id":"https:\/\/www.africa-press.net\/guinee-conakry\/#website","url":"https:\/\/www.africa-press.net\/guinee-conakry\/","name":"guinee Conakry","description":"Just another Africa News Agency Sites site","potentialAction":[{"@type":"SearchAction","target":{"@type":"EntryPoint","urlTemplate":"https:\/\/www.africa-press.net\/guinee-conakry\/?s={search_term_string}"},"query-input":{"@type":"PropertyValueSpecification","valueRequired":true,"valueName":"search_term_string"}}],"inLanguage":"fr-FR"},{"@type":"Person","@id":"https:\/\/www.africa-press.net\/guinee-conakry\/#\/schema\/person\/2b1cf3cd81a31e3cd26889ca66d677f1","name":"cfeditorfr"}]}},"_links":{"self":[{"href":"https:\/\/www.africa-press.net\/guinee-conakry\/wp-json\/wp\/v2\/posts\/11566","targetHints":{"allow":["GET"]}}],"collection":[{"href":"https:\/\/www.africa-press.net\/guinee-conakry\/wp-json\/wp\/v2\/posts"}],"about":[{"href":"https:\/\/www.africa-press.net\/guinee-conakry\/wp-json\/wp\/v2\/types\/post"}],"author":[{"embeddable":true,"href":"https:\/\/www.africa-press.net\/guinee-conakry\/wp-json\/wp\/v2\/users\/82"}],"replies":[{"embeddable":true,"href":"https:\/\/www.africa-press.net\/guinee-conakry\/wp-json\/wp\/v2\/comments?post=11566"}],"version-history":[{"count":0,"href":"https:\/\/www.africa-press.net\/guinee-conakry\/wp-json\/wp\/v2\/posts\/11566\/revisions"}],"wp:featuredmedia":[{"embeddable":true,"href":"https:\/\/www.africa-press.net\/guinee-conakry\/wp-json\/wp\/v2\/media\/11565"}],"wp:attachment":[{"href":"https:\/\/www.africa-press.net\/guinee-conakry\/wp-json\/wp\/v2\/media?parent=11566"}],"wp:term":[{"taxonomy":"category","embeddable":true,"href":"https:\/\/www.africa-press.net\/guinee-conakry\/wp-json\/wp\/v2\/categories?post=11566"},{"taxonomy":"post_tag","embeddable":true,"href":"https:\/\/www.africa-press.net\/guinee-conakry\/wp-json\/wp\/v2\/tags?post=11566"}],"curies":[{"name":"wp","href":"https:\/\/api.w.org\/{rel}","templated":true}]}}