{"id":11568,"date":"2023-01-24T20:10:00","date_gmt":"2023-01-24T20:10:00","guid":{"rendered":"https:\/\/www.africa-press.net\/guinee-conakry\/politique\/conakry-le-gerant-du-restaurant-lt-coffee-vole-au-secours-de-lorphelinat-la-voix-des-sans-voix-ravage-par-un-incendie"},"modified":"2023-01-24T20:10:00","modified_gmt":"2023-01-24T20:10:00","slug":"conakry-le-gerant-du-restaurant-lt-coffee-vole-au-secours-de-lorphelinat-la-voix-des-sans-voix-ravage-par-un-incendie","status":"publish","type":"post","link":"https:\/\/www.africa-press.net\/guinee-conakry\/toutes-les-actualites\/conakry-le-gerant-du-restaurant-lt-coffee-vole-au-secours-de-lorphelinat-la-voix-des-sans-voix-ravage-par-un-incendie","title":{"rendered":"Conakry : le g\u00e9rant du restaurant L&amp;T Coffee vole au secours de l\u2019Orphelinat La voix des Sans voix, ravag\u00e9 par un incendie"},"content":{"rendered":"<p><span style=\"color: #ff6600\"><strong>Africa-Press &#8211; Guin\u00e9e. <\/strong><\/span>Un jour apre\u0300s l\u2019incendie dans <b>l\u2019orphelinat La Voix des Sans Voix du secteur 2, au quartier Hamdallaye 1<\/b>, dans la commune de Ratoma, le jeune entrepreneur et ge\u0301rant du restaurant L&amp;T Coffee offre un de\u0301jeuner aux enfants vivant dans cet orphelinat. Ce sont au total 60 plats bien garnis que Thierno Oumar Sow, en compagnie des collaborateurs, a remis aux responsables de l\u2019orphelinat dans la journe\u0301e d\u2019hier, lundi 23 janvier 2023.<\/p>\n<p>La ce\u0301re\u0301monie de remise a eu lieu au lieu du sinistre en pre\u0301sence des enfants orphelins et des responsables de l\u2019orphelinat, fortement e\u0301prouve\u0301s par ce grave incendie. Apre\u0300s avoir fait le don de la part du ge\u0301rant du restaurant L T Coffee, Issiagha Sylla, l\u2019administrateur des comptes et re\u0301seaux sociaux de l\u2019orphelinat, a tenu a\u0300 remercier le donateur.<\/p>\n<p>\u00ab Nous sommes vraiment e\u0301mus du geste de monsieur Sow et de son e\u0301quipe. Le fait d\u2019apporter du manager aux enfants de l\u2019orphelinat La Voix des Sans Voix dans cette situation que nous vivons, nous les remercions vivement. Parce que nous n\u2019avons rien a\u0300 la maison : pas de petit de\u0301jeuner, pas d\u2019aliments pour le de\u0301jeuner et le di\u0302ner. Ce geste est vraiment grand. Nous sommes vraiment marque\u0301s par le don. Nous avons 58 enfants ici dont l\u2019a\u0302ge varie de ze\u0301ro a\u0300 22 ans. 47 sont des e\u0301le\u0300ves, les autres font les me\u0301tiers. Ils e\u0301tudient le Coran ici me\u0302me sur place avec un mai\u0302tre coranique qui vient leur donner les cours. Depuis que l\u2019incendie a eu lieu, tout le monde passe la nuit a\u0300 la belle e\u0301toile ici. Ce sont les tout-petits et les be\u0301be\u0301s qui dorment dans une seule chambre, ici en annexe. C\u2019est la seule chambre qui n\u2019a pas e\u0301te\u0301 touche\u0301e par le feu. Actuellement, nous n\u2019avons pas d\u2019abri. Les denre\u0301es que nous avions ici, les meubles, les lits et toutes les fournitures scolaires sont partis en fume\u0301e \u00bb, a laisse\u0301 entendre monsieur Sylla.<\/p>\n<p>En remettant aux sinistre\u0301s le de\u0301jeuner qu\u2019il leur apporter en guise de solidarite\u0301, Thierno Oumar Sow, entrepreneur et ge\u0301rant du restaurant L&amp;T Coffee, situe\u0301 au carrefour Concasseur, a\u0300 Hamdallaye, a d\u2019abord de\u0301crit la situation qu\u2019il a trouve\u0301e sur place avant d\u2019expliquer le motif de son geste. \u00ab Le constat est alarmant. Le feu a tout ravage\u0301. Le ba\u0302timent a e\u0301te\u0301 comple\u0300tement de\u0301truit par le feu qui a emporte\u0301 tout le contenu du ba\u0302timent. C\u2019est vraiment dommage. Un orphelinat est un service social a\u0300 aider, a\u0300 appuyer et aujourd\u2019hui le ba\u0302timent qui abrite l\u2019orphelinat La Voix des Sans Voix est ravage\u0301 par un incendie. C\u2019est vraiment triste. C\u2019est vrai, il n\u2019y a pas eu de perte en vie humaine, mais leur vie est expose\u0301e aujourd\u2019hui parce que le feu a consume\u0301 leurs vivres, leurs dortoirs, leurs fournitures scolaires. C\u0327a fait mal. E\u0301tant des voisins, j\u2019ai de\u0301cide\u0301 de leur offrir ce de\u0301jeuner puisque pour le moment, c\u2019est ce que je peux faire pour eux. C\u2019est vraiment difficile de se retrouver dans des situations comme telles. En sachant qu\u2019il y a des enfants ici et qu\u2019ils ont tout perdu dans cet incendie, nous avons juge\u0301 utile de leur venir en aide en fonction de nos moyens. Donc, ce qu\u2019on pouvait faire rapidement, c\u2019est de leur apporter du de\u0301jeuner et les consoler par rapport a\u0300 cette situation difficile. Je profite de cette occasion pour demander a\u0300 toutes les personnes de bonne volonte\u0301 de venir les secourir \u00bb, a plaide\u0301 Thierno Oumar Sow.<\/p>\n<p><strong>Pour plus d&rsquo;informations et d&rsquo;analyses sur la <a href=\"https:\/\/www.africa-press.net\/guinee-conakry\">Guin\u00e9e<\/a>, suivez <a href=\"https:\/\/www.africa-press.net\/\">Africa-Press<\/a><\/strong><\/p>\n","protected":false},"excerpt":{"rendered":"<p>Africa-Press &#8211; Guin\u00e9e. Un jour apre\u0300s l\u2019incendie dans l\u2019orphelinat La Voix des Sans Voix du secteur 2, au quartier Hamdallaye 1, dans la commune de Ratoma, le jeune entrepreneur et ge\u0301rant du restaurant L&amp;T Coffee offre un de\u0301jeuner aux enfants vivant dans cet orphelinat. Ce sont au total 60 plats bien garnis que Thierno Oumar [&hellip;]<\/p>\n","protected":false},"author":82,"featured_media":11567,"comment_status":"open","ping_status":"closed","sticky":false,"template":"","format":"standard","meta":{"footnotes":""},"categories":[21,10],"tags":[36,57,58],"class_list":["post-11568","post","type-post","status-publish","format-standard","has-post-thumbnail","hentry","category-communaute","category-toutes-les-actualites","tag-africa-press","tag-africa-press-guinee","tag-guinee"],"yoast_head":"<!-- This site is optimized with the Yoast SEO Premium plugin v26.1 (Yoast SEO v27.0) - https:\/\/yoast.com\/product\/yoast-seo-premium-wordpress\/ -->\n<title>Conakry : le g\u00e9rant du restaurant L&amp;T Coffee vole au secours de l\u2019Orphelinat La voix des Sans voix, ravag\u00e9 par un incendie - guinee Conakry<\/title>\n<meta name=\"robots\" content=\"index, follow, max-snippet:-1, max-image-preview:large, max-video-preview:-1\" \/>\n<link rel=\"canonical\" href=\"https:\/\/www.africa-press.net\/guinee-conakry\/politique\/conakry-le-gerant-du-restaurant-lt-coffee-vole-au-secours-de-lorphelinat-la-voix-des-sans-voix-ravage-par-un-incendie\" \/>\n<meta property=\"og:locale\" content=\"fr_FR\" \/>\n<meta property=\"og:type\" content=\"article\" \/>\n<meta property=\"og:title\" content=\"Conakry : le g\u00e9rant du restaurant L&amp;T Coffee vole au secours de l\u2019Orphelinat La voix des Sans voix, ravag\u00e9 par un incendie\" \/>\n<meta property=\"og:description\" content=\"Africa-Press &#8211; Guin\u00e9e. Un jour apre\u0300s l\u2019incendie dans l\u2019orphelinat La Voix des Sans Voix du secteur 2, au quartier Hamdallaye 1, dans la commune de Ratoma, le jeune entrepreneur et ge\u0301rant du restaurant L&amp;T Coffee offre un de\u0301jeuner aux enfants vivant dans cet orphelinat. Ce sont au total 60 plats bien garnis que Thierno Oumar [&hellip;]\" \/>\n<meta property=\"og:url\" content=\"https:\/\/www.africa-press.net\/guinee-conakry\/politique\/conakry-le-gerant-du-restaurant-lt-coffee-vole-au-secours-de-lorphelinat-la-voix-des-sans-voix-ravage-par-un-incendie\" \/>\n<meta property=\"og:site_name\" content=\"guinee Conakry\" \/>\n<meta property=\"article:published_time\" content=\"2023-01-24T20:10:00+00:00\" \/>\n<meta name=\"author\" content=\"cfeditorfr\" \/>\n<meta name=\"twitter:card\" content=\"summary_large_image\" \/>\n<meta name=\"twitter:label1\" content=\"\u00c9crit par\" \/>\n\t<meta name=\"twitter:data1\" content=\"cfeditorfr\" \/>\n\t<meta name=\"twitter:label2\" content=\"Dur\u00e9e de lecture estim\u00e9e\" \/>\n\t<meta name=\"twitter:data2\" content=\"3 minutes\" \/>\n<script type=\"application\/ld+json\" class=\"yoast-schema-graph\">{\"@context\":\"https:\/\/schema.org\",\"@graph\":[{\"@type\":\"Article\",\"@id\":\"https:\/\/www.africa-press.net\/guinee-conakry\/politique\/conakry-le-gerant-du-restaurant-lt-coffee-vole-au-secours-de-lorphelinat-la-voix-des-sans-voix-ravage-par-un-incendie#article\",\"isPartOf\":{\"@id\":\"https:\/\/www.africa-press.net\/guinee-conakry\/politique\/conakry-le-gerant-du-restaurant-lt-coffee-vole-au-secours-de-lorphelinat-la-voix-des-sans-voix-ravage-par-un-incendie\"},\"author\":{\"name\":\"cfeditorfr\",\"@id\":\"https:\/\/www.africa-press.net\/guinee-conakry\/#\/schema\/person\/2b1cf3cd81a31e3cd26889ca66d677f1\"},\"headline\":\"Conakry : le g\u00e9rant du restaurant L&amp;T Coffee vole au secours de l\u2019Orphelinat La voix des Sans voix, ravag\u00e9 par un incendie\",\"datePublished\":\"2023-01-24T20:10:00+00:00\",\"mainEntityOfPage\":{\"@id\":\"https:\/\/www.africa-press.net\/guinee-conakry\/politique\/conakry-le-gerant-du-restaurant-lt-coffee-vole-au-secours-de-lorphelinat-la-voix-des-sans-voix-ravage-par-un-incendie\"},\"wordCount\":681,\"commentCount\":0,\"image\":{\"@id\":\"https:\/\/www.africa-press.net\/guinee-conakry\/politique\/conakry-le-gerant-du-restaurant-lt-coffee-vole-au-secours-de-lorphelinat-la-voix-des-sans-voix-ravage-par-un-incendie#primaryimage\"},\"thumbnailUrl\":\"https:\/\/static.africa-press.net\/conakry\/sites\/63\/2023\/01\/Jokar1674578420.565451.jpg\",\"keywords\":[\"Africa Press\",\"Africa Press-Guin\u00e9e\",\"Guin\u00e9e\"],\"articleSection\":[\"Communaut\u00e9\",\"Toutes les actualit\u00e9s\"],\"inLanguage\":\"fr-FR\",\"potentialAction\":[{\"@type\":\"CommentAction\",\"name\":\"Comment\",\"target\":[\"https:\/\/www.africa-press.net\/guinee-conakry\/politique\/conakry-le-gerant-du-restaurant-lt-coffee-vole-au-secours-de-lorphelinat-la-voix-des-sans-voix-ravage-par-un-incendie#respond\"]}]},{\"@type\":\"WebPage\",\"@id\":\"https:\/\/www.africa-press.net\/guinee-conakry\/politique\/conakry-le-gerant-du-restaurant-lt-coffee-vole-au-secours-de-lorphelinat-la-voix-des-sans-voix-ravage-par-un-incendie\",\"url\":\"https:\/\/www.africa-press.net\/guinee-conakry\/politique\/conakry-le-gerant-du-restaurant-lt-coffee-vole-au-secours-de-lorphelinat-la-voix-des-sans-voix-ravage-par-un-incendie\",\"name\":\"Conakry : le g\u00e9rant du restaurant L&amp;T Coffee vole au secours de l\u2019Orphelinat La voix des Sans voix, ravag\u00e9 par un incendie - guinee Conakry\",\"isPartOf\":{\"@id\":\"https:\/\/www.africa-press.net\/guinee-conakry\/#website\"},\"primaryImageOfPage\":{\"@id\":\"https:\/\/www.africa-press.net\/guinee-conakry\/politique\/conakry-le-gerant-du-restaurant-lt-coffee-vole-au-secours-de-lorphelinat-la-voix-des-sans-voix-ravage-par-un-incendie#primaryimage\"},\"image\":{\"@id\":\"https:\/\/www.africa-press.net\/guinee-conakry\/politique\/conakry-le-gerant-du-restaurant-lt-coffee-vole-au-secours-de-lorphelinat-la-voix-des-sans-voix-ravage-par-un-incendie#primaryimage\"},\"thumbnailUrl\":\"https:\/\/static.africa-press.net\/conakry\/sites\/63\/2023\/01\/Jokar1674578420.565451.jpg\",\"datePublished\":\"2023-01-24T20:10:00+00:00\",\"author\":{\"@id\":\"https:\/\/www.africa-press.net\/guinee-conakry\/#\/schema\/person\/2b1cf3cd81a31e3cd26889ca66d677f1\"},\"breadcrumb\":{\"@id\":\"https:\/\/www.africa-press.net\/guinee-conakry\/politique\/conakry-le-gerant-du-restaurant-lt-coffee-vole-au-secours-de-lorphelinat-la-voix-des-sans-voix-ravage-par-un-incendie#breadcrumb\"},\"inLanguage\":\"fr-FR\",\"potentialAction\":[{\"@type\":\"ReadAction\",\"target\":[\"https:\/\/www.africa-press.net\/guinee-conakry\/politique\/conakry-le-gerant-du-restaurant-lt-coffee-vole-au-secours-de-lorphelinat-la-voix-des-sans-voix-ravage-par-un-incendie\"]}]},{\"@type\":\"ImageObject\",\"inLanguage\":\"fr-FR\",\"@id\":\"https:\/\/www.africa-press.net\/guinee-conakry\/politique\/conakry-le-gerant-du-restaurant-lt-coffee-vole-au-secours-de-lorphelinat-la-voix-des-sans-voix-ravage-par-un-incendie#primaryimage\",\"url\":\"https:\/\/static.africa-press.net\/conakry\/sites\/63\/2023\/01\/Jokar1674578420.565451.jpg\",\"contentUrl\":\"https:\/\/static.africa-press.net\/conakry\/sites\/63\/2023\/01\/Jokar1674578420.565451.jpg\",\"width\":931,\"height\":432,\"caption\":\"Conakry : le g\u00e9rant du restaurant L&amp;T Coffee vole au secours de l\u2019Orphelinat La voix des Sans voix, ravag\u00e9 par un incendie\"},{\"@type\":\"BreadcrumbList\",\"@id\":\"https:\/\/www.africa-press.net\/guinee-conakry\/politique\/conakry-le-gerant-du-restaurant-lt-coffee-vole-au-secours-de-lorphelinat-la-voix-des-sans-voix-ravage-par-un-incendie#breadcrumb\",\"itemListElement\":[{\"@type\":\"ListItem\",\"position\":1,\"name\":\"Accueil\",\"item\":\"https:\/\/www.africa-press.net\/guinee-conakry\/\"},{\"@type\":\"ListItem\",\"position\":2,\"name\":\"Conakry : le g\u00e9rant du restaurant L&amp;T Coffee vole au secours de l\u2019Orphelinat La voix des Sans voix, ravag\u00e9 par un incendie\"}]},{\"@type\":\"WebSite\",\"@id\":\"https:\/\/www.africa-press.net\/guinee-conakry\/#website\",\"url\":\"https:\/\/www.africa-press.net\/guinee-conakry\/\",\"name\":\"guinee Conakry\",\"description\":\"Just another Africa News Agency Sites site\",\"potentialAction\":[{\"@type\":\"SearchAction\",\"target\":{\"@type\":\"EntryPoint\",\"urlTemplate\":\"https:\/\/www.africa-press.net\/guinee-conakry\/?s={search_term_string}\"},\"query-input\":{\"@type\":\"PropertyValueSpecification\",\"valueRequired\":true,\"valueName\":\"search_term_string\"}}],\"inLanguage\":\"fr-FR\"},{\"@type\":\"Person\",\"@id\":\"https:\/\/www.africa-press.net\/guinee-conakry\/#\/schema\/person\/2b1cf3cd81a31e3cd26889ca66d677f1\",\"name\":\"cfeditorfr\"}]}<\/script>\n<!-- \/ Yoast SEO Premium plugin. -->","yoast_head_json":{"title":"Conakry : le g\u00e9rant du restaurant L&amp;T Coffee vole au secours de l\u2019Orphelinat La voix des Sans voix, ravag\u00e9 par un incendie - guinee Conakry","robots":{"index":"index","follow":"follow","max-snippet":"max-snippet:-1","max-image-preview":"max-image-preview:large","max-video-preview":"max-video-preview:-1"},"canonical":"https:\/\/www.africa-press.net\/guinee-conakry\/politique\/conakry-le-gerant-du-restaurant-lt-coffee-vole-au-secours-de-lorphelinat-la-voix-des-sans-voix-ravage-par-un-incendie","og_locale":"fr_FR","og_type":"article","og_title":"Conakry : le g\u00e9rant du restaurant L&amp;T Coffee vole au secours de l\u2019Orphelinat La voix des Sans voix, ravag\u00e9 par un incendie","og_description":"Africa-Press &#8211; Guin\u00e9e. Un jour apre\u0300s l\u2019incendie dans l\u2019orphelinat La Voix des Sans Voix du secteur 2, au quartier Hamdallaye 1, dans la commune de Ratoma, le jeune entrepreneur et ge\u0301rant du restaurant L&amp;T Coffee offre un de\u0301jeuner aux enfants vivant dans cet orphelinat. Ce sont au total 60 plats bien garnis que Thierno Oumar [&hellip;]","og_url":"https:\/\/www.africa-press.net\/guinee-conakry\/politique\/conakry-le-gerant-du-restaurant-lt-coffee-vole-au-secours-de-lorphelinat-la-voix-des-sans-voix-ravage-par-un-incendie","og_site_name":"guinee Conakry","article_published_time":"2023-01-24T20:10:00+00:00","author":"cfeditorfr","twitter_card":"summary_large_image","twitter_misc":{"\u00c9crit par":"cfeditorfr","Dur\u00e9e de lecture estim\u00e9e":"3 minutes"},"schema":{"@context":"https:\/\/schema.org","@graph":[{"@type":"Article","@id":"https:\/\/www.africa-press.net\/guinee-conakry\/politique\/conakry-le-gerant-du-restaurant-lt-coffee-vole-au-secours-de-lorphelinat-la-voix-des-sans-voix-ravage-par-un-incendie#article","isPartOf":{"@id":"https:\/\/www.africa-press.net\/guinee-conakry\/politique\/conakry-le-gerant-du-restaurant-lt-coffee-vole-au-secours-de-lorphelinat-la-voix-des-sans-voix-ravage-par-un-incendie"},"author":{"name":"cfeditorfr","@id":"https:\/\/www.africa-press.net\/guinee-conakry\/#\/schema\/person\/2b1cf3cd81a31e3cd26889ca66d677f1"},"headline":"Conakry : le g\u00e9rant du restaurant L&amp;T Coffee vole au secours de l\u2019Orphelinat La voix des Sans voix, ravag\u00e9 par un incendie","datePublished":"2023-01-24T20:10:00+00:00","mainEntityOfPage":{"@id":"https:\/\/www.africa-press.net\/guinee-conakry\/politique\/conakry-le-gerant-du-restaurant-lt-coffee-vole-au-secours-de-lorphelinat-la-voix-des-sans-voix-ravage-par-un-incendie"},"wordCount":681,"commentCount":0,"image":{"@id":"https:\/\/www.africa-press.net\/guinee-conakry\/politique\/conakry-le-gerant-du-restaurant-lt-coffee-vole-au-secours-de-lorphelinat-la-voix-des-sans-voix-ravage-par-un-incendie#primaryimage"},"thumbnailUrl":"https:\/\/static.africa-press.net\/conakry\/sites\/63\/2023\/01\/Jokar1674578420.565451.jpg","keywords":["Africa Press","Africa Press-Guin\u00e9e","Guin\u00e9e"],"articleSection":["Communaut\u00e9","Toutes les actualit\u00e9s"],"inLanguage":"fr-FR","potentialAction":[{"@type":"CommentAction","name":"Comment","target":["https:\/\/www.africa-press.net\/guinee-conakry\/politique\/conakry-le-gerant-du-restaurant-lt-coffee-vole-au-secours-de-lorphelinat-la-voix-des-sans-voix-ravage-par-un-incendie#respond"]}]},{"@type":"WebPage","@id":"https:\/\/www.africa-press.net\/guinee-conakry\/politique\/conakry-le-gerant-du-restaurant-lt-coffee-vole-au-secours-de-lorphelinat-la-voix-des-sans-voix-ravage-par-un-incendie","url":"https:\/\/www.africa-press.net\/guinee-conakry\/politique\/conakry-le-gerant-du-restaurant-lt-coffee-vole-au-secours-de-lorphelinat-la-voix-des-sans-voix-ravage-par-un-incendie","name":"Conakry : le g\u00e9rant du restaurant L&amp;T Coffee vole au secours de l\u2019Orphelinat La voix des Sans voix, ravag\u00e9 par un incendie - guinee Conakry","isPartOf":{"@id":"https:\/\/www.africa-press.net\/guinee-conakry\/#website"},"primaryImageOfPage":{"@id":"https:\/\/www.africa-press.net\/guinee-conakry\/politique\/conakry-le-gerant-du-restaurant-lt-coffee-vole-au-secours-de-lorphelinat-la-voix-des-sans-voix-ravage-par-un-incendie#primaryimage"},"image":{"@id":"https:\/\/www.africa-press.net\/guinee-conakry\/politique\/conakry-le-gerant-du-restaurant-lt-coffee-vole-au-secours-de-lorphelinat-la-voix-des-sans-voix-ravage-par-un-incendie#primaryimage"},"thumbnailUrl":"https:\/\/static.africa-press.net\/conakry\/sites\/63\/2023\/01\/Jokar1674578420.565451.jpg","datePublished":"2023-01-24T20:10:00+00:00","author":{"@id":"https:\/\/www.africa-press.net\/guinee-conakry\/#\/schema\/person\/2b1cf3cd81a31e3cd26889ca66d677f1"},"breadcrumb":{"@id":"https:\/\/www.africa-press.net\/guinee-conakry\/politique\/conakry-le-gerant-du-restaurant-lt-coffee-vole-au-secours-de-lorphelinat-la-voix-des-sans-voix-ravage-par-un-incendie#breadcrumb"},"inLanguage":"fr-FR","potentialAction":[{"@type":"ReadAction","target":["https:\/\/www.africa-press.net\/guinee-conakry\/politique\/conakry-le-gerant-du-restaurant-lt-coffee-vole-au-secours-de-lorphelinat-la-voix-des-sans-voix-ravage-par-un-incendie"]}]},{"@type":"ImageObject","inLanguage":"fr-FR","@id":"https:\/\/www.africa-press.net\/guinee-conakry\/politique\/conakry-le-gerant-du-restaurant-lt-coffee-vole-au-secours-de-lorphelinat-la-voix-des-sans-voix-ravage-par-un-incendie#primaryimage","url":"https:\/\/static.africa-press.net\/conakry\/sites\/63\/2023\/01\/Jokar1674578420.565451.jpg","contentUrl":"https:\/\/static.africa-press.net\/conakry\/sites\/63\/2023\/01\/Jokar1674578420.565451.jpg","width":931,"height":432,"caption":"Conakry : le g\u00e9rant du restaurant L&amp;T Coffee vole au secours de l\u2019Orphelinat La voix des Sans voix, ravag\u00e9 par un incendie"},{"@type":"BreadcrumbList","@id":"https:\/\/www.africa-press.net\/guinee-conakry\/politique\/conakry-le-gerant-du-restaurant-lt-coffee-vole-au-secours-de-lorphelinat-la-voix-des-sans-voix-ravage-par-un-incendie#breadcrumb","itemListElement":[{"@type":"ListItem","position":1,"name":"Accueil","item":"https:\/\/www.africa-press.net\/guinee-conakry\/"},{"@type":"ListItem","position":2,"name":"Conakry : le g\u00e9rant du restaurant L&amp;T Coffee vole au secours de l\u2019Orphelinat La voix des Sans voix, ravag\u00e9 par un incendie"}]},{"@type":"WebSite","@id":"https:\/\/www.africa-press.net\/guinee-conakry\/#website","url":"https:\/\/www.africa-press.net\/guinee-conakry\/","name":"guinee Conakry","description":"Just another Africa News Agency Sites site","potentialAction":[{"@type":"SearchAction","target":{"@type":"EntryPoint","urlTemplate":"https:\/\/www.africa-press.net\/guinee-conakry\/?s={search_term_string}"},"query-input":{"@type":"PropertyValueSpecification","valueRequired":true,"valueName":"search_term_string"}}],"inLanguage":"fr-FR"},{"@type":"Person","@id":"https:\/\/www.africa-press.net\/guinee-conakry\/#\/schema\/person\/2b1cf3cd81a31e3cd26889ca66d677f1","name":"cfeditorfr"}]}},"_links":{"self":[{"href":"https:\/\/www.africa-press.net\/guinee-conakry\/wp-json\/wp\/v2\/posts\/11568","targetHints":{"allow":["GET"]}}],"collection":[{"href":"https:\/\/www.africa-press.net\/guinee-conakry\/wp-json\/wp\/v2\/posts"}],"about":[{"href":"https:\/\/www.africa-press.net\/guinee-conakry\/wp-json\/wp\/v2\/types\/post"}],"author":[{"embeddable":true,"href":"https:\/\/www.africa-press.net\/guinee-conakry\/wp-json\/wp\/v2\/users\/82"}],"replies":[{"embeddable":true,"href":"https:\/\/www.africa-press.net\/guinee-conakry\/wp-json\/wp\/v2\/comments?post=11568"}],"version-history":[{"count":0,"href":"https:\/\/www.africa-press.net\/guinee-conakry\/wp-json\/wp\/v2\/posts\/11568\/revisions"}],"wp:featuredmedia":[{"embeddable":true,"href":"https:\/\/www.africa-press.net\/guinee-conakry\/wp-json\/wp\/v2\/media\/11567"}],"wp:attachment":[{"href":"https:\/\/www.africa-press.net\/guinee-conakry\/wp-json\/wp\/v2\/media?parent=11568"}],"wp:term":[{"taxonomy":"category","embeddable":true,"href":"https:\/\/www.africa-press.net\/guinee-conakry\/wp-json\/wp\/v2\/categories?post=11568"},{"taxonomy":"post_tag","embeddable":true,"href":"https:\/\/www.africa-press.net\/guinee-conakry\/wp-json\/wp\/v2\/tags?post=11568"}],"curies":[{"name":"wp","href":"https:\/\/api.w.org\/{rel}","templated":true}]}}