{"id":11576,"date":"2023-01-25T06:43:00","date_gmt":"2023-01-25T06:43:00","guid":{"rendered":"https:\/\/www.africa-press.net\/guinee-conakry\/politique\/conditions-de-detention-dans-les-prisons-charles-wright-sous-le-choc-a-macenta"},"modified":"2023-01-25T06:43:00","modified_gmt":"2023-01-25T06:43:00","slug":"conditions-de-detention-dans-les-prisons-charles-wright-sous-le-choc-a-macenta","status":"publish","type":"post","link":"https:\/\/www.africa-press.net\/guinee-conakry\/politique\/conditions-de-detention-dans-les-prisons-charles-wright-sous-le-choc-a-macenta","title":{"rendered":"Conditions de d\u00e9tention dans les prisons\/ Charles Wright sous le choc \u00e0 Macenta !"},"content":{"rendered":"<p><span style=\"color: #ff6600\"><strong>Africa-Press &#8211; Guin\u00e9e. <\/strong><\/span>Le constat du ministre de la justice est de plus en plus alarmant, Alphonse Charles Wright, qui a depuis quelques jours entame\u0301 une tourne\u0301e dans les pre\u0301fectures du pays. A Macenta par exemple, la situation des de\u0301tenus de la localite\u0301 qui sont soient entasse\u0301s dans les violons des services de gendarmerie et de police ou de\u0301fe\u0301re\u0301s a\u0300 N\u2019Ze\u0301re\u0301kore\u0301, inquie\u0300te le garde des sceaux qui a pris des dispositions. Il a pose\u0301 la premie\u0300re pierre de la construction d\u2019une nouvelle maison de privation de liberte\u0301.<\/p>\n<p>Il a fait constater avec amertume, \u00ab qu\u2019il y a plusieurs anne\u0301es, ce sont les locaux des services de la gendarmerie et de la police qui servent de lieu de de\u0301tention tant des inculpe\u0301s que des personnes condamne\u0301es. Cette situation qui n\u2019obe\u0301it pas aux droits des de\u0301tenus est teinte\u0301e de corruption par le fait des agents pe\u0301nitentiaires. Je me suis dit qu\u2019il fallait tout de suite re\u0301agir. Je demande au pre\u0301fet et au maire de nous permettre de prendre des mesures d\u2019urgence. Elle consiste en deux ou trois semaines de doter cette pre\u0301fecture d\u2019une maison de de\u0301tention. Le protocole tue les projets. On a de\u0301ja\u0300 un contrat avec une grande entreprise. Toutes les formalite\u0301s de l\u2019appel d\u2019offre sont finies. Mais en attendant que cela ne soit valide\u0301 par le ministe\u0300re de l\u2019e\u0301conomie et des finances, on ne peut pas passer sous silence ce de\u0301sastre humain qui se passe a\u0300 Macenta. \u00bb<\/p>\n<p>En parlant des de\u0301rives qu\u2019il a constate\u0301es, le ministre a de\u0301crit le fait qu\u2019 : \u00ab on trouve des femmes comple\u0300tement paralyse\u0301es. Une prison doit permettre au de\u0301tenu d\u2019avoir un espace lui permettant de faire ses exercices sportifs; lui permettant de prendre le bain de soleil pour avoir la vitamine D. Mais lorsque le de\u0301tenu est enferme\u0301 24h\/24, il va de soi que c\u2019est la psychose de la de\u0301tention qui ruine souvent les gens. \u00bb<\/p>\n<p>Ce qui l\u2019a amene\u0301 a\u0300 profe\u0301rer des menaces a\u0300 l\u2019endroit du personnel pe\u0301nitentiaire. \u00ab Les re\u0301gisseurs que nous avons place\u0301s la\u0300, pendant des anne\u0301es et des anne\u0301es aucune formation pour eux. Chaque personne de\u0301tenue aujourd\u2019hui est un fond de commerce pour eux. De\u0301sormais l\u2019e\u0301quation est tre\u0300s simple. On te prend, on te juge, on te condamne, on te place dans les me\u0302mes conditions. \u00bb<\/p>\n<p>Pour sa part, Koremou Francis, responsable des infrastructures pe\u0301nitentiaires au ministe\u0300re de la justice a donne\u0301 les caracte\u0301ristiques de cette maison de privation de liberte\u0301, qui va contenir, \u00ab quatre cales : la cale des mineurs, celle des mineurs et des femmes. Pour une capacite\u0301 de 85 de\u0301tenus. La dimension des cales sera de 6 me\u0300tres \u00d7 10 me\u0300tres qui va contenir a\u0300 peu pre\u0300s 22 de\u0301tenus. Dans chaque cale, il y aura deux toilettes. Il y aura 6 autres toilettes externes ou\u0300 la buanderie est pre\u0301vue.<\/p>\n<p><strong>Pour plus d&rsquo;informations et d&rsquo;analyses sur la <a href=\"https:\/\/www.africa-press.net\/guinee-conakry\">Guin\u00e9e<\/a>, suivez <a href=\"https:\/\/www.africa-press.net\/\">Africa-Press<\/a><\/strong><\/p>\n","protected":false},"excerpt":{"rendered":"<p>Africa-Press &#8211; Guin\u00e9e. Le constat du ministre de la justice est de plus en plus alarmant, Alphonse Charles Wright, qui a depuis quelques jours entame\u0301 une tourne\u0301e dans les pre\u0301fectures du pays. A Macenta par exemple, la situation des de\u0301tenus de la localite\u0301 qui sont soient entasse\u0301s dans les violons des services de gendarmerie et [&hellip;]<\/p>\n","protected":false},"author":82,"featured_media":11575,"comment_status":"open","ping_status":"closed","sticky":false,"template":"","format":"standard","meta":{"footnotes":""},"categories":[2,10],"tags":[36,57,58],"class_list":["post-11576","post","type-post","status-publish","format-standard","has-post-thumbnail","hentry","category-politique","category-toutes-les-actualites","tag-africa-press","tag-africa-press-guinee","tag-guinee"],"yoast_head":"<!-- This site is optimized with the Yoast SEO Premium plugin v26.1 (Yoast SEO v27.0) - https:\/\/yoast.com\/product\/yoast-seo-premium-wordpress\/ -->\n<title>Conditions de d\u00e9tention dans les prisons\/ Charles Wright sous le choc \u00e0 Macenta ! - guinee Conakry<\/title>\n<meta name=\"robots\" content=\"index, follow, max-snippet:-1, max-image-preview:large, max-video-preview:-1\" \/>\n<link rel=\"canonical\" href=\"https:\/\/www.africa-press.net\/guinee-conakry\/politique\/conditions-de-detention-dans-les-prisons-charles-wright-sous-le-choc-a-macenta\" \/>\n<meta property=\"og:locale\" content=\"fr_FR\" \/>\n<meta property=\"og:type\" content=\"article\" \/>\n<meta property=\"og:title\" content=\"Conditions de d\u00e9tention dans les prisons\/ Charles Wright sous le choc \u00e0 Macenta !\" \/>\n<meta property=\"og:description\" content=\"Africa-Press &#8211; Guin\u00e9e. Le constat du ministre de la justice est de plus en plus alarmant, Alphonse Charles Wright, qui a depuis quelques jours entame\u0301 une tourne\u0301e dans les pre\u0301fectures du pays. A Macenta par exemple, la situation des de\u0301tenus de la localite\u0301 qui sont soient entasse\u0301s dans les violons des services de gendarmerie et [&hellip;]\" \/>\n<meta property=\"og:url\" content=\"https:\/\/www.africa-press.net\/guinee-conakry\/politique\/conditions-de-detention-dans-les-prisons-charles-wright-sous-le-choc-a-macenta\" \/>\n<meta property=\"og:site_name\" content=\"guinee Conakry\" \/>\n<meta property=\"article:published_time\" content=\"2023-01-25T06:43:00+00:00\" \/>\n<meta name=\"author\" content=\"cfeditorfr\" \/>\n<meta name=\"twitter:card\" content=\"summary_large_image\" \/>\n<meta name=\"twitter:label1\" content=\"\u00c9crit par\" \/>\n\t<meta name=\"twitter:data1\" content=\"cfeditorfr\" \/>\n\t<meta name=\"twitter:label2\" content=\"Dur\u00e9e de lecture estim\u00e9e\" \/>\n\t<meta name=\"twitter:data2\" content=\"3 minutes\" \/>\n<script type=\"application\/ld+json\" class=\"yoast-schema-graph\">{\"@context\":\"https:\/\/schema.org\",\"@graph\":[{\"@type\":\"Article\",\"@id\":\"https:\/\/www.africa-press.net\/guinee-conakry\/politique\/conditions-de-detention-dans-les-prisons-charles-wright-sous-le-choc-a-macenta#article\",\"isPartOf\":{\"@id\":\"https:\/\/www.africa-press.net\/guinee-conakry\/politique\/conditions-de-detention-dans-les-prisons-charles-wright-sous-le-choc-a-macenta\"},\"author\":{\"name\":\"cfeditorfr\",\"@id\":\"https:\/\/www.africa-press.net\/guinee-conakry\/#\/schema\/person\/2b1cf3cd81a31e3cd26889ca66d677f1\"},\"headline\":\"Conditions de d\u00e9tention dans les prisons\/ Charles Wright sous le choc \u00e0 Macenta !\",\"datePublished\":\"2023-01-25T06:43:00+00:00\",\"mainEntityOfPage\":{\"@id\":\"https:\/\/www.africa-press.net\/guinee-conakry\/politique\/conditions-de-detention-dans-les-prisons-charles-wright-sous-le-choc-a-macenta\"},\"wordCount\":549,\"commentCount\":0,\"image\":{\"@id\":\"https:\/\/www.africa-press.net\/guinee-conakry\/politique\/conditions-de-detention-dans-les-prisons-charles-wright-sous-le-choc-a-macenta#primaryimage\"},\"thumbnailUrl\":\"https:\/\/static.africa-press.net\/conakry\/sites\/63\/2023\/01\/Jokar1674616404.041245.jpg\",\"keywords\":[\"Africa Press\",\"Africa Press-Guin\u00e9e\",\"Guin\u00e9e\"],\"articleSection\":[\"Politique\",\"Toutes les actualit\u00e9s\"],\"inLanguage\":\"fr-FR\",\"potentialAction\":[{\"@type\":\"CommentAction\",\"name\":\"Comment\",\"target\":[\"https:\/\/www.africa-press.net\/guinee-conakry\/politique\/conditions-de-detention-dans-les-prisons-charles-wright-sous-le-choc-a-macenta#respond\"]}]},{\"@type\":\"WebPage\",\"@id\":\"https:\/\/www.africa-press.net\/guinee-conakry\/politique\/conditions-de-detention-dans-les-prisons-charles-wright-sous-le-choc-a-macenta\",\"url\":\"https:\/\/www.africa-press.net\/guinee-conakry\/politique\/conditions-de-detention-dans-les-prisons-charles-wright-sous-le-choc-a-macenta\",\"name\":\"Conditions de d\u00e9tention dans les prisons\/ Charles Wright sous le choc \u00e0 Macenta ! - guinee Conakry\",\"isPartOf\":{\"@id\":\"https:\/\/www.africa-press.net\/guinee-conakry\/#website\"},\"primaryImageOfPage\":{\"@id\":\"https:\/\/www.africa-press.net\/guinee-conakry\/politique\/conditions-de-detention-dans-les-prisons-charles-wright-sous-le-choc-a-macenta#primaryimage\"},\"image\":{\"@id\":\"https:\/\/www.africa-press.net\/guinee-conakry\/politique\/conditions-de-detention-dans-les-prisons-charles-wright-sous-le-choc-a-macenta#primaryimage\"},\"thumbnailUrl\":\"https:\/\/static.africa-press.net\/conakry\/sites\/63\/2023\/01\/Jokar1674616404.041245.jpg\",\"datePublished\":\"2023-01-25T06:43:00+00:00\",\"author\":{\"@id\":\"https:\/\/www.africa-press.net\/guinee-conakry\/#\/schema\/person\/2b1cf3cd81a31e3cd26889ca66d677f1\"},\"breadcrumb\":{\"@id\":\"https:\/\/www.africa-press.net\/guinee-conakry\/politique\/conditions-de-detention-dans-les-prisons-charles-wright-sous-le-choc-a-macenta#breadcrumb\"},\"inLanguage\":\"fr-FR\",\"potentialAction\":[{\"@type\":\"ReadAction\",\"target\":[\"https:\/\/www.africa-press.net\/guinee-conakry\/politique\/conditions-de-detention-dans-les-prisons-charles-wright-sous-le-choc-a-macenta\"]}]},{\"@type\":\"ImageObject\",\"inLanguage\":\"fr-FR\",\"@id\":\"https:\/\/www.africa-press.net\/guinee-conakry\/politique\/conditions-de-detention-dans-les-prisons-charles-wright-sous-le-choc-a-macenta#primaryimage\",\"url\":\"https:\/\/static.africa-press.net\/conakry\/sites\/63\/2023\/01\/Jokar1674616404.041245.jpg\",\"contentUrl\":\"https:\/\/static.africa-press.net\/conakry\/sites\/63\/2023\/01\/Jokar1674616404.041245.jpg\",\"width\":1080,\"height\":474,\"caption\":\"Conditions de d\u00e9tention dans les prisons\/ Charles Wright sous le choc \u00e0 Macenta !\"},{\"@type\":\"BreadcrumbList\",\"@id\":\"https:\/\/www.africa-press.net\/guinee-conakry\/politique\/conditions-de-detention-dans-les-prisons-charles-wright-sous-le-choc-a-macenta#breadcrumb\",\"itemListElement\":[{\"@type\":\"ListItem\",\"position\":1,\"name\":\"Accueil\",\"item\":\"https:\/\/www.africa-press.net\/guinee-conakry\/\"},{\"@type\":\"ListItem\",\"position\":2,\"name\":\"Conditions de d\u00e9tention dans les prisons\/ Charles Wright sous le choc \u00e0 Macenta !\"}]},{\"@type\":\"WebSite\",\"@id\":\"https:\/\/www.africa-press.net\/guinee-conakry\/#website\",\"url\":\"https:\/\/www.africa-press.net\/guinee-conakry\/\",\"name\":\"guinee Conakry\",\"description\":\"Just another Africa News Agency Sites site\",\"potentialAction\":[{\"@type\":\"SearchAction\",\"target\":{\"@type\":\"EntryPoint\",\"urlTemplate\":\"https:\/\/www.africa-press.net\/guinee-conakry\/?s={search_term_string}\"},\"query-input\":{\"@type\":\"PropertyValueSpecification\",\"valueRequired\":true,\"valueName\":\"search_term_string\"}}],\"inLanguage\":\"fr-FR\"},{\"@type\":\"Person\",\"@id\":\"https:\/\/www.africa-press.net\/guinee-conakry\/#\/schema\/person\/2b1cf3cd81a31e3cd26889ca66d677f1\",\"name\":\"cfeditorfr\"}]}<\/script>\n<!-- \/ Yoast SEO Premium plugin. -->","yoast_head_json":{"title":"Conditions de d\u00e9tention dans les prisons\/ Charles Wright sous le choc \u00e0 Macenta ! - guinee Conakry","robots":{"index":"index","follow":"follow","max-snippet":"max-snippet:-1","max-image-preview":"max-image-preview:large","max-video-preview":"max-video-preview:-1"},"canonical":"https:\/\/www.africa-press.net\/guinee-conakry\/politique\/conditions-de-detention-dans-les-prisons-charles-wright-sous-le-choc-a-macenta","og_locale":"fr_FR","og_type":"article","og_title":"Conditions de d\u00e9tention dans les prisons\/ Charles Wright sous le choc \u00e0 Macenta !","og_description":"Africa-Press &#8211; Guin\u00e9e. Le constat du ministre de la justice est de plus en plus alarmant, Alphonse Charles Wright, qui a depuis quelques jours entame\u0301 une tourne\u0301e dans les pre\u0301fectures du pays. A Macenta par exemple, la situation des de\u0301tenus de la localite\u0301 qui sont soient entasse\u0301s dans les violons des services de gendarmerie et [&hellip;]","og_url":"https:\/\/www.africa-press.net\/guinee-conakry\/politique\/conditions-de-detention-dans-les-prisons-charles-wright-sous-le-choc-a-macenta","og_site_name":"guinee Conakry","article_published_time":"2023-01-25T06:43:00+00:00","author":"cfeditorfr","twitter_card":"summary_large_image","twitter_misc":{"\u00c9crit par":"cfeditorfr","Dur\u00e9e de lecture estim\u00e9e":"3 minutes"},"schema":{"@context":"https:\/\/schema.org","@graph":[{"@type":"Article","@id":"https:\/\/www.africa-press.net\/guinee-conakry\/politique\/conditions-de-detention-dans-les-prisons-charles-wright-sous-le-choc-a-macenta#article","isPartOf":{"@id":"https:\/\/www.africa-press.net\/guinee-conakry\/politique\/conditions-de-detention-dans-les-prisons-charles-wright-sous-le-choc-a-macenta"},"author":{"name":"cfeditorfr","@id":"https:\/\/www.africa-press.net\/guinee-conakry\/#\/schema\/person\/2b1cf3cd81a31e3cd26889ca66d677f1"},"headline":"Conditions de d\u00e9tention dans les prisons\/ Charles Wright sous le choc \u00e0 Macenta !","datePublished":"2023-01-25T06:43:00+00:00","mainEntityOfPage":{"@id":"https:\/\/www.africa-press.net\/guinee-conakry\/politique\/conditions-de-detention-dans-les-prisons-charles-wright-sous-le-choc-a-macenta"},"wordCount":549,"commentCount":0,"image":{"@id":"https:\/\/www.africa-press.net\/guinee-conakry\/politique\/conditions-de-detention-dans-les-prisons-charles-wright-sous-le-choc-a-macenta#primaryimage"},"thumbnailUrl":"https:\/\/static.africa-press.net\/conakry\/sites\/63\/2023\/01\/Jokar1674616404.041245.jpg","keywords":["Africa Press","Africa Press-Guin\u00e9e","Guin\u00e9e"],"articleSection":["Politique","Toutes les actualit\u00e9s"],"inLanguage":"fr-FR","potentialAction":[{"@type":"CommentAction","name":"Comment","target":["https:\/\/www.africa-press.net\/guinee-conakry\/politique\/conditions-de-detention-dans-les-prisons-charles-wright-sous-le-choc-a-macenta#respond"]}]},{"@type":"WebPage","@id":"https:\/\/www.africa-press.net\/guinee-conakry\/politique\/conditions-de-detention-dans-les-prisons-charles-wright-sous-le-choc-a-macenta","url":"https:\/\/www.africa-press.net\/guinee-conakry\/politique\/conditions-de-detention-dans-les-prisons-charles-wright-sous-le-choc-a-macenta","name":"Conditions de d\u00e9tention dans les prisons\/ Charles Wright sous le choc \u00e0 Macenta ! - guinee Conakry","isPartOf":{"@id":"https:\/\/www.africa-press.net\/guinee-conakry\/#website"},"primaryImageOfPage":{"@id":"https:\/\/www.africa-press.net\/guinee-conakry\/politique\/conditions-de-detention-dans-les-prisons-charles-wright-sous-le-choc-a-macenta#primaryimage"},"image":{"@id":"https:\/\/www.africa-press.net\/guinee-conakry\/politique\/conditions-de-detention-dans-les-prisons-charles-wright-sous-le-choc-a-macenta#primaryimage"},"thumbnailUrl":"https:\/\/static.africa-press.net\/conakry\/sites\/63\/2023\/01\/Jokar1674616404.041245.jpg","datePublished":"2023-01-25T06:43:00+00:00","author":{"@id":"https:\/\/www.africa-press.net\/guinee-conakry\/#\/schema\/person\/2b1cf3cd81a31e3cd26889ca66d677f1"},"breadcrumb":{"@id":"https:\/\/www.africa-press.net\/guinee-conakry\/politique\/conditions-de-detention-dans-les-prisons-charles-wright-sous-le-choc-a-macenta#breadcrumb"},"inLanguage":"fr-FR","potentialAction":[{"@type":"ReadAction","target":["https:\/\/www.africa-press.net\/guinee-conakry\/politique\/conditions-de-detention-dans-les-prisons-charles-wright-sous-le-choc-a-macenta"]}]},{"@type":"ImageObject","inLanguage":"fr-FR","@id":"https:\/\/www.africa-press.net\/guinee-conakry\/politique\/conditions-de-detention-dans-les-prisons-charles-wright-sous-le-choc-a-macenta#primaryimage","url":"https:\/\/static.africa-press.net\/conakry\/sites\/63\/2023\/01\/Jokar1674616404.041245.jpg","contentUrl":"https:\/\/static.africa-press.net\/conakry\/sites\/63\/2023\/01\/Jokar1674616404.041245.jpg","width":1080,"height":474,"caption":"Conditions de d\u00e9tention dans les prisons\/ Charles Wright sous le choc \u00e0 Macenta !"},{"@type":"BreadcrumbList","@id":"https:\/\/www.africa-press.net\/guinee-conakry\/politique\/conditions-de-detention-dans-les-prisons-charles-wright-sous-le-choc-a-macenta#breadcrumb","itemListElement":[{"@type":"ListItem","position":1,"name":"Accueil","item":"https:\/\/www.africa-press.net\/guinee-conakry\/"},{"@type":"ListItem","position":2,"name":"Conditions de d\u00e9tention dans les prisons\/ Charles Wright sous le choc \u00e0 Macenta !"}]},{"@type":"WebSite","@id":"https:\/\/www.africa-press.net\/guinee-conakry\/#website","url":"https:\/\/www.africa-press.net\/guinee-conakry\/","name":"guinee Conakry","description":"Just another Africa News Agency Sites site","potentialAction":[{"@type":"SearchAction","target":{"@type":"EntryPoint","urlTemplate":"https:\/\/www.africa-press.net\/guinee-conakry\/?s={search_term_string}"},"query-input":{"@type":"PropertyValueSpecification","valueRequired":true,"valueName":"search_term_string"}}],"inLanguage":"fr-FR"},{"@type":"Person","@id":"https:\/\/www.africa-press.net\/guinee-conakry\/#\/schema\/person\/2b1cf3cd81a31e3cd26889ca66d677f1","name":"cfeditorfr"}]}},"_links":{"self":[{"href":"https:\/\/www.africa-press.net\/guinee-conakry\/wp-json\/wp\/v2\/posts\/11576","targetHints":{"allow":["GET"]}}],"collection":[{"href":"https:\/\/www.africa-press.net\/guinee-conakry\/wp-json\/wp\/v2\/posts"}],"about":[{"href":"https:\/\/www.africa-press.net\/guinee-conakry\/wp-json\/wp\/v2\/types\/post"}],"author":[{"embeddable":true,"href":"https:\/\/www.africa-press.net\/guinee-conakry\/wp-json\/wp\/v2\/users\/82"}],"replies":[{"embeddable":true,"href":"https:\/\/www.africa-press.net\/guinee-conakry\/wp-json\/wp\/v2\/comments?post=11576"}],"version-history":[{"count":0,"href":"https:\/\/www.africa-press.net\/guinee-conakry\/wp-json\/wp\/v2\/posts\/11576\/revisions"}],"wp:featuredmedia":[{"embeddable":true,"href":"https:\/\/www.africa-press.net\/guinee-conakry\/wp-json\/wp\/v2\/media\/11575"}],"wp:attachment":[{"href":"https:\/\/www.africa-press.net\/guinee-conakry\/wp-json\/wp\/v2\/media?parent=11576"}],"wp:term":[{"taxonomy":"category","embeddable":true,"href":"https:\/\/www.africa-press.net\/guinee-conakry\/wp-json\/wp\/v2\/categories?post=11576"},{"taxonomy":"post_tag","embeddable":true,"href":"https:\/\/www.africa-press.net\/guinee-conakry\/wp-json\/wp\/v2\/tags?post=11576"}],"curies":[{"name":"wp","href":"https:\/\/api.w.org\/{rel}","templated":true}]}}