{"id":11580,"date":"2023-01-25T20:10:00","date_gmt":"2023-01-25T20:10:00","guid":{"rendered":"https:\/\/www.africa-press.net\/guinee-conakry\/politique\/colonel-blaise-goumou-sur-les-crimes-perpetres-le-28-septembre-2009-jai-vu-toumba-tirer-au-stade"},"modified":"2023-01-25T20:10:00","modified_gmt":"2023-01-25T20:10:00","slug":"colonel-blaise-goumou-sur-les-crimes-perpetres-le-28-septembre-2009-jai-vu-toumba-tirer-au-stade","status":"publish","type":"post","link":"https:\/\/www.africa-press.net\/guinee-conakry\/politique\/colonel-blaise-goumou-sur-les-crimes-perpetres-le-28-septembre-2009-jai-vu-toumba-tirer-au-stade","title":{"rendered":"Colonel Blaise Goumou sur les crimes perp\u00e9tr\u00e9s le 28 septembre 2009 : \u00ab\u00a0j\u2019ai vu Toumba tirer au stade\u00a0\u00bb"},"content":{"rendered":"<p><span style=\"color: #ff6600\"><strong>Africa-Press &#8211; Guin\u00e9e. <\/strong><\/span>Comme annonce\u0301 dans <b>une de nos pre\u0301ce\u0301dentes de\u0301pe\u0302ches<\/b>, un nouvel accuse\u0301 a e\u0301te\u0301 entendu ce mercredi, 25 janvier 2023, dans le proce\u0300s du massacre du 28 septembre 2009. Il s\u2019agit du colonel Blaise Goumou, ancien agent de l\u2019office charge\u0301 de la lutte contre la drogue et du grand banditisme, qui e\u0301tait dirige\u0301 par le colonel Moussa Tiegboro Camara. A l\u2019image de tous ceux qui l\u2019ont pre\u0301ce\u0301de\u0301, l\u2019accuse\u0301 a cherche\u0301 aussi a\u0300 se de\u0301fendre, tout en chargeant le commandant Aboubacar Sidiki Diakite\u0301 dit Toumba. Il assure avoir vu l\u2019ancien aide de camp du capitaine Moussa Dadis Camara, e\u0301galement dans cette affaire, tirer sur les manifestants qui e\u0301taient au stade du 28 septembre de Conakry.<\/p>\n<p><b>Ci-dessous,  un extrait de cette de\u0301position :<\/b><\/p>\n<p>\u00ab Le 28 septembre 2009, j\u2019e\u0301tais en tourne\u0301e vers Bonfi. Tie\u0301gboro m\u2019a appele\u0301 en disant : mon ami, tu es ou\u0300, il parai\u0302trait que les opposants sont en train de mettre des barricades partout. C\u2019est ainsi que le 28 septembre, comme a\u0300 l\u2019accoutume\u0301e, nous sommes sortis pour nos patrouilles. Moi, j\u2019ai quitte\u0301 le camp Alpha Yaya, je suis alle\u0301 a\u0300 Enco-5, puis je suis descendu vers Lambanyi. Et de la\u0300-bas, je suis passe\u0301 par Hamdallaye pour aller vers le stade. Mon ami Tie\u0301gboro m\u2019a appele\u0301, il dit : tu vas ou\u0300 ? Je lui ai dit je suis sur la bretelle de Hamdallaye.<\/p>\n<p>Il dit : OK, moi je vais la\u0300-bas (au stade), je vais sensibiliser ces gens-la\u0300 pour que dans la mesure du possible, ils acceptent de reporter la manifestation a\u0300 demain ou apre\u0300s-demain. J\u2019ai dit que les gens que je vois sont tre\u0300s nombreux, il a re\u0301pondu qu\u2019il ne va pas la\u0300-bas pour la guerre. J\u2019ai dit : tu as raison. C\u2019est quand me\u0302me un monsieur a\u0300 fe\u0301liciter. Il a dit certaines choses a\u0300 la barre ici, c\u2019est de la re\u0301alite\u0301. Tie\u0301gboro est alle\u0301 au stade, apre\u0300s je suis parti le trouver la\u0300-bas, mais sous un applaudissement qui ne disait pas son nom.<\/p>\n<p>Il e\u0301tait au milieu de la foule, il parlait. Mais ceux qui e\u0301taient un peu e\u0301loigne\u0301s de cette foule n\u2019entendaient pas ce qu\u2019il disait. Donc, il est monte\u0301 sur un pick-up et a commence\u0301 a\u0300 parler. Entretemps, il y a eu un groupe qui quittait vers Madina en direction du stade. A\u0300 partir de la\u0300, il y a un policier qui a lance\u0301 du gaz lacrymoge\u0300ne. Vous savez, les manifestants, quand vous lancez du gaz, ils vont re\u0301agir. Donc, c\u2019est a\u0300 ce moment-la\u0300 que des gens ont lance\u0301 des cailloux vers Tie\u0301gboro. Il est descendu du pick-up, il est parti vers les leaders pour les sensibiliser afin qu\u2019ils puissent aller vers leurs militants pour un e\u0301ventuel report.<\/p>\n<p>Pendant ce temps, moi je cherchais a\u0300 re\u0301cupe\u0301rer mes hommes, on est reste\u0301 la\u0300-bas. Je vous assure, monsieur le pre\u0301sident, jusqu\u2019au jour d\u2019aujourd\u2019hui, quand je pense a\u0300 c\u0327a, j\u2019ai des remords. Parce que c\u2019e\u0301tait ma premie\u0300re fois de me retrouver sur un lieu de manifestation avec des be\u0301rets rouges de la garde pre\u0301sidentielle. Je le regrette, parce qu\u2019ils sont venus ga\u0302cher nos efforts. Ils sont venus a\u0300 bord de quatre a\u0300 cinq pick-up, ils sont descendus, c\u2019est Toumba qui e\u0301tait devant. Quand Toumba est descendu, il s\u2019est arre\u0302te\u0301 comme c\u0327a, les autres aussi sont descendus, ils l\u2019ont encercle\u0301. Et il a pris le de\u0301part pour l\u2019inte\u0301rieur du stade en tirant.<\/p>\n<p>Nous, on s\u2019est de\u0301pe\u0302che\u0301s pour quitter les lieux, parce qu\u2019on ne pouvait pas y rester connaissant Toumba&#8230; Il est venu ici, dans son plan d\u2019intervention, il a mise\u0301 sur la re\u0301citation des versets coraniques pour faire savoir aux gens qu\u2019il est limpide. Monsieur le pre\u0301sident, si vous aviez eu la malchance de de\u0301couvrir Toumba pendant le temps du CNDD, vous l\u2019auriez hai\u0308 a\u0300 jamais. Il a dit la fois dernie\u0300re ici qu\u2019il ne m\u2019a jamais connu. Il ne pouvait pas me connai\u0302tre parce que je ne posais aucun acte de nature a\u0300 attirer l\u2019attention des gens sur moi. Donc, on s\u2019est retire\u0301s, mes hommes et moi. On ne pouvait pas parler a\u0300 Toumba.<\/p>\n<p>Quand on a quitte\u0301, je suis alle\u0301 au camp. Et vers le soir, j\u2019ai suivi a\u0300 la radio le te\u0301moignage de Jean Marie Dore\u0301 qui fe\u0301licitait le colonel Tie\u0301gboro. Il a dit que c\u2019est gra\u0302ce au colonel Tie\u0301gboro qu\u2019il a eu la vie sauve avec Cellou Dalein et Sidya Toure\u0301 (&#8230;) Alors, Toumba qui dit qu\u2019il n\u2019e\u0301tait pas proche de Dadis, apre\u0300s trois mois, il a eu un poste de responsabilite\u0301 que je n\u2019ai pas eu. Il a eu des ve\u0301hicules que je n\u2019ai pas eus. Il a eu de l\u2019argent que je n\u2019ai pas eu. Entre nous deux, qui peut s\u2019estimer heureux ? Qui peut s\u2019estimer be\u0301ne\u0301ficiaire de ce pouvoir ?<\/p>\n<p>Un aide de camp du pre\u0301sident de la Re\u0301publique qui a joue\u0301 un ro\u0302le, qui a de\u0301passe\u0301 ses pre\u0301rogatives&#8230; Le pre\u0301sident Dadis est un homme de Dieu. Sinon, on l\u2019aurait e\u0301teint de\u0300s les premie\u0300res heures. Il (Toumba) est l\u2019aide de camp du pre\u0301sident de la Re\u0301publique et en me\u0302me temps, il est le commandant de la garde pre\u0301sidentielle. Mais je ne cherche pas ailleurs, je cherche des preuves dans sa propre de\u0301claration \u00bb, a de\u0301clare\u0301 le colonel Blaise Goumou pendant sa de\u0301position devant le tribunal \u00bb.<\/p>\n<p><strong>Pour plus d&rsquo;informations et d&rsquo;analyses sur la <a href=\"https:\/\/www.africa-press.net\/guinee-conakry\">Guin\u00e9e<\/a>, suivez <a href=\"https:\/\/www.africa-press.net\/\">Africa-Press<\/a><\/strong><\/p>\n","protected":false},"excerpt":{"rendered":"<p>Africa-Press &#8211; Guin\u00e9e. Comme annonce\u0301 dans une de nos pre\u0301ce\u0301dentes de\u0301pe\u0302ches, un nouvel accuse\u0301 a e\u0301te\u0301 entendu ce mercredi, 25 janvier 2023, dans le proce\u0300s du massacre du 28 septembre 2009. Il s\u2019agit du colonel Blaise Goumou, ancien agent de l\u2019office charge\u0301 de la lutte contre la drogue et du grand banditisme, qui e\u0301tait dirige\u0301 [&hellip;]<\/p>\n","protected":false},"author":82,"featured_media":11579,"comment_status":"open","ping_status":"closed","sticky":false,"template":"","format":"standard","meta":{"footnotes":""},"categories":[2,10],"tags":[36,57,58],"class_list":["post-11580","post","type-post","status-publish","format-standard","has-post-thumbnail","hentry","category-politique","category-toutes-les-actualites","tag-africa-press","tag-africa-press-guinee","tag-guinee"],"yoast_head":"<!-- This site is optimized with the Yoast SEO Premium plugin v26.1 (Yoast SEO v27.0) - https:\/\/yoast.com\/product\/yoast-seo-premium-wordpress\/ -->\n<title>Colonel Blaise Goumou sur les crimes perp\u00e9tr\u00e9s le 28 septembre 2009 : \u00ab\u00a0j\u2019ai vu Toumba tirer au stade\u00a0\u00bb - guinee Conakry<\/title>\n<meta name=\"robots\" content=\"index, follow, max-snippet:-1, max-image-preview:large, max-video-preview:-1\" \/>\n<link rel=\"canonical\" href=\"https:\/\/www.africa-press.net\/guinee-conakry\/politique\/colonel-blaise-goumou-sur-les-crimes-perpetres-le-28-septembre-2009-jai-vu-toumba-tirer-au-stade\" \/>\n<meta property=\"og:locale\" content=\"fr_FR\" \/>\n<meta property=\"og:type\" content=\"article\" \/>\n<meta property=\"og:title\" content=\"Colonel Blaise Goumou sur les crimes perp\u00e9tr\u00e9s le 28 septembre 2009 : \u00ab\u00a0j\u2019ai vu Toumba tirer au stade\u00a0\u00bb\" \/>\n<meta property=\"og:description\" content=\"Africa-Press &#8211; Guin\u00e9e. Comme annonce\u0301 dans une de nos pre\u0301ce\u0301dentes de\u0301pe\u0302ches, un nouvel accuse\u0301 a e\u0301te\u0301 entendu ce mercredi, 25 janvier 2023, dans le proce\u0300s du massacre du 28 septembre 2009. Il s\u2019agit du colonel Blaise Goumou, ancien agent de l\u2019office charge\u0301 de la lutte contre la drogue et du grand banditisme, qui e\u0301tait dirige\u0301 [&hellip;]\" \/>\n<meta property=\"og:url\" content=\"https:\/\/www.africa-press.net\/guinee-conakry\/politique\/colonel-blaise-goumou-sur-les-crimes-perpetres-le-28-septembre-2009-jai-vu-toumba-tirer-au-stade\" \/>\n<meta property=\"og:site_name\" content=\"guinee Conakry\" \/>\n<meta property=\"article:published_time\" content=\"2023-01-25T20:10:00+00:00\" \/>\n<meta name=\"author\" content=\"cfeditorfr\" \/>\n<meta name=\"twitter:card\" content=\"summary_large_image\" \/>\n<meta name=\"twitter:label1\" content=\"\u00c9crit par\" \/>\n\t<meta name=\"twitter:data1\" content=\"cfeditorfr\" \/>\n\t<meta name=\"twitter:label2\" content=\"Dur\u00e9e de lecture estim\u00e9e\" \/>\n\t<meta name=\"twitter:data2\" content=\"5 minutes\" \/>\n<script type=\"application\/ld+json\" class=\"yoast-schema-graph\">{\"@context\":\"https:\/\/schema.org\",\"@graph\":[{\"@type\":\"Article\",\"@id\":\"https:\/\/www.africa-press.net\/guinee-conakry\/politique\/colonel-blaise-goumou-sur-les-crimes-perpetres-le-28-septembre-2009-jai-vu-toumba-tirer-au-stade#article\",\"isPartOf\":{\"@id\":\"https:\/\/www.africa-press.net\/guinee-conakry\/politique\/colonel-blaise-goumou-sur-les-crimes-perpetres-le-28-septembre-2009-jai-vu-toumba-tirer-au-stade\"},\"author\":{\"name\":\"cfeditorfr\",\"@id\":\"https:\/\/www.africa-press.net\/guinee-conakry\/#\/schema\/person\/2b1cf3cd81a31e3cd26889ca66d677f1\"},\"headline\":\"Colonel Blaise Goumou sur les crimes perp\u00e9tr\u00e9s le 28 septembre 2009 : \u00ab\u00a0j\u2019ai vu Toumba tirer au stade\u00a0\u00bb\",\"datePublished\":\"2023-01-25T20:10:00+00:00\",\"mainEntityOfPage\":{\"@id\":\"https:\/\/www.africa-press.net\/guinee-conakry\/politique\/colonel-blaise-goumou-sur-les-crimes-perpetres-le-28-septembre-2009-jai-vu-toumba-tirer-au-stade\"},\"wordCount\":1020,\"commentCount\":0,\"image\":{\"@id\":\"https:\/\/www.africa-press.net\/guinee-conakry\/politique\/colonel-blaise-goumou-sur-les-crimes-perpetres-le-28-septembre-2009-jai-vu-toumba-tirer-au-stade#primaryimage\"},\"thumbnailUrl\":\"https:\/\/static.africa-press.net\/conakry\/sites\/63\/2023\/01\/Jokar1674664857.658873.jpg\",\"keywords\":[\"Africa Press\",\"Africa Press-Guin\u00e9e\",\"Guin\u00e9e\"],\"articleSection\":[\"Politique\",\"Toutes les actualit\u00e9s\"],\"inLanguage\":\"fr-FR\",\"potentialAction\":[{\"@type\":\"CommentAction\",\"name\":\"Comment\",\"target\":[\"https:\/\/www.africa-press.net\/guinee-conakry\/politique\/colonel-blaise-goumou-sur-les-crimes-perpetres-le-28-septembre-2009-jai-vu-toumba-tirer-au-stade#respond\"]}]},{\"@type\":\"WebPage\",\"@id\":\"https:\/\/www.africa-press.net\/guinee-conakry\/politique\/colonel-blaise-goumou-sur-les-crimes-perpetres-le-28-septembre-2009-jai-vu-toumba-tirer-au-stade\",\"url\":\"https:\/\/www.africa-press.net\/guinee-conakry\/politique\/colonel-blaise-goumou-sur-les-crimes-perpetres-le-28-septembre-2009-jai-vu-toumba-tirer-au-stade\",\"name\":\"Colonel Blaise Goumou sur les crimes perp\u00e9tr\u00e9s le 28 septembre 2009 : \u00ab\u00a0j\u2019ai vu Toumba tirer au stade\u00a0\u00bb - guinee Conakry\",\"isPartOf\":{\"@id\":\"https:\/\/www.africa-press.net\/guinee-conakry\/#website\"},\"primaryImageOfPage\":{\"@id\":\"https:\/\/www.africa-press.net\/guinee-conakry\/politique\/colonel-blaise-goumou-sur-les-crimes-perpetres-le-28-septembre-2009-jai-vu-toumba-tirer-au-stade#primaryimage\"},\"image\":{\"@id\":\"https:\/\/www.africa-press.net\/guinee-conakry\/politique\/colonel-blaise-goumou-sur-les-crimes-perpetres-le-28-septembre-2009-jai-vu-toumba-tirer-au-stade#primaryimage\"},\"thumbnailUrl\":\"https:\/\/static.africa-press.net\/conakry\/sites\/63\/2023\/01\/Jokar1674664857.658873.jpg\",\"datePublished\":\"2023-01-25T20:10:00+00:00\",\"author\":{\"@id\":\"https:\/\/www.africa-press.net\/guinee-conakry\/#\/schema\/person\/2b1cf3cd81a31e3cd26889ca66d677f1\"},\"breadcrumb\":{\"@id\":\"https:\/\/www.africa-press.net\/guinee-conakry\/politique\/colonel-blaise-goumou-sur-les-crimes-perpetres-le-28-septembre-2009-jai-vu-toumba-tirer-au-stade#breadcrumb\"},\"inLanguage\":\"fr-FR\",\"potentialAction\":[{\"@type\":\"ReadAction\",\"target\":[\"https:\/\/www.africa-press.net\/guinee-conakry\/politique\/colonel-blaise-goumou-sur-les-crimes-perpetres-le-28-septembre-2009-jai-vu-toumba-tirer-au-stade\"]}]},{\"@type\":\"ImageObject\",\"inLanguage\":\"fr-FR\",\"@id\":\"https:\/\/www.africa-press.net\/guinee-conakry\/politique\/colonel-blaise-goumou-sur-les-crimes-perpetres-le-28-septembre-2009-jai-vu-toumba-tirer-au-stade#primaryimage\",\"url\":\"https:\/\/static.africa-press.net\/conakry\/sites\/63\/2023\/01\/Jokar1674664857.658873.jpg\",\"contentUrl\":\"https:\/\/static.africa-press.net\/conakry\/sites\/63\/2023\/01\/Jokar1674664857.658873.jpg\",\"width\":817,\"height\":777,\"caption\":\"Colonel Blaise Goumou sur les crimes perp\u00e9tr\u00e9s le 28 septembre 2009 : \u00ab\u00a0j\u2019ai vu Toumba tirer au stade\u00a0\u00bb\"},{\"@type\":\"BreadcrumbList\",\"@id\":\"https:\/\/www.africa-press.net\/guinee-conakry\/politique\/colonel-blaise-goumou-sur-les-crimes-perpetres-le-28-septembre-2009-jai-vu-toumba-tirer-au-stade#breadcrumb\",\"itemListElement\":[{\"@type\":\"ListItem\",\"position\":1,\"name\":\"Accueil\",\"item\":\"https:\/\/www.africa-press.net\/guinee-conakry\/\"},{\"@type\":\"ListItem\",\"position\":2,\"name\":\"Colonel Blaise Goumou sur les crimes perp\u00e9tr\u00e9s le 28 septembre 2009 : \u00ab\u00a0j\u2019ai vu Toumba tirer au stade\u00a0\u00bb\"}]},{\"@type\":\"WebSite\",\"@id\":\"https:\/\/www.africa-press.net\/guinee-conakry\/#website\",\"url\":\"https:\/\/www.africa-press.net\/guinee-conakry\/\",\"name\":\"guinee Conakry\",\"description\":\"Just another Africa News Agency Sites site\",\"potentialAction\":[{\"@type\":\"SearchAction\",\"target\":{\"@type\":\"EntryPoint\",\"urlTemplate\":\"https:\/\/www.africa-press.net\/guinee-conakry\/?s={search_term_string}\"},\"query-input\":{\"@type\":\"PropertyValueSpecification\",\"valueRequired\":true,\"valueName\":\"search_term_string\"}}],\"inLanguage\":\"fr-FR\"},{\"@type\":\"Person\",\"@id\":\"https:\/\/www.africa-press.net\/guinee-conakry\/#\/schema\/person\/2b1cf3cd81a31e3cd26889ca66d677f1\",\"name\":\"cfeditorfr\"}]}<\/script>\n<!-- \/ Yoast SEO Premium plugin. -->","yoast_head_json":{"title":"Colonel Blaise Goumou sur les crimes perp\u00e9tr\u00e9s le 28 septembre 2009 : \u00ab\u00a0j\u2019ai vu Toumba tirer au stade\u00a0\u00bb - guinee Conakry","robots":{"index":"index","follow":"follow","max-snippet":"max-snippet:-1","max-image-preview":"max-image-preview:large","max-video-preview":"max-video-preview:-1"},"canonical":"https:\/\/www.africa-press.net\/guinee-conakry\/politique\/colonel-blaise-goumou-sur-les-crimes-perpetres-le-28-septembre-2009-jai-vu-toumba-tirer-au-stade","og_locale":"fr_FR","og_type":"article","og_title":"Colonel Blaise Goumou sur les crimes perp\u00e9tr\u00e9s le 28 septembre 2009 : \u00ab\u00a0j\u2019ai vu Toumba tirer au stade\u00a0\u00bb","og_description":"Africa-Press &#8211; Guin\u00e9e. Comme annonce\u0301 dans une de nos pre\u0301ce\u0301dentes de\u0301pe\u0302ches, un nouvel accuse\u0301 a e\u0301te\u0301 entendu ce mercredi, 25 janvier 2023, dans le proce\u0300s du massacre du 28 septembre 2009. Il s\u2019agit du colonel Blaise Goumou, ancien agent de l\u2019office charge\u0301 de la lutte contre la drogue et du grand banditisme, qui e\u0301tait dirige\u0301 [&hellip;]","og_url":"https:\/\/www.africa-press.net\/guinee-conakry\/politique\/colonel-blaise-goumou-sur-les-crimes-perpetres-le-28-septembre-2009-jai-vu-toumba-tirer-au-stade","og_site_name":"guinee Conakry","article_published_time":"2023-01-25T20:10:00+00:00","author":"cfeditorfr","twitter_card":"summary_large_image","twitter_misc":{"\u00c9crit par":"cfeditorfr","Dur\u00e9e de lecture estim\u00e9e":"5 minutes"},"schema":{"@context":"https:\/\/schema.org","@graph":[{"@type":"Article","@id":"https:\/\/www.africa-press.net\/guinee-conakry\/politique\/colonel-blaise-goumou-sur-les-crimes-perpetres-le-28-septembre-2009-jai-vu-toumba-tirer-au-stade#article","isPartOf":{"@id":"https:\/\/www.africa-press.net\/guinee-conakry\/politique\/colonel-blaise-goumou-sur-les-crimes-perpetres-le-28-septembre-2009-jai-vu-toumba-tirer-au-stade"},"author":{"name":"cfeditorfr","@id":"https:\/\/www.africa-press.net\/guinee-conakry\/#\/schema\/person\/2b1cf3cd81a31e3cd26889ca66d677f1"},"headline":"Colonel Blaise Goumou sur les crimes perp\u00e9tr\u00e9s le 28 septembre 2009 : \u00ab\u00a0j\u2019ai vu Toumba tirer au stade\u00a0\u00bb","datePublished":"2023-01-25T20:10:00+00:00","mainEntityOfPage":{"@id":"https:\/\/www.africa-press.net\/guinee-conakry\/politique\/colonel-blaise-goumou-sur-les-crimes-perpetres-le-28-septembre-2009-jai-vu-toumba-tirer-au-stade"},"wordCount":1020,"commentCount":0,"image":{"@id":"https:\/\/www.africa-press.net\/guinee-conakry\/politique\/colonel-blaise-goumou-sur-les-crimes-perpetres-le-28-septembre-2009-jai-vu-toumba-tirer-au-stade#primaryimage"},"thumbnailUrl":"https:\/\/static.africa-press.net\/conakry\/sites\/63\/2023\/01\/Jokar1674664857.658873.jpg","keywords":["Africa Press","Africa Press-Guin\u00e9e","Guin\u00e9e"],"articleSection":["Politique","Toutes les actualit\u00e9s"],"inLanguage":"fr-FR","potentialAction":[{"@type":"CommentAction","name":"Comment","target":["https:\/\/www.africa-press.net\/guinee-conakry\/politique\/colonel-blaise-goumou-sur-les-crimes-perpetres-le-28-septembre-2009-jai-vu-toumba-tirer-au-stade#respond"]}]},{"@type":"WebPage","@id":"https:\/\/www.africa-press.net\/guinee-conakry\/politique\/colonel-blaise-goumou-sur-les-crimes-perpetres-le-28-septembre-2009-jai-vu-toumba-tirer-au-stade","url":"https:\/\/www.africa-press.net\/guinee-conakry\/politique\/colonel-blaise-goumou-sur-les-crimes-perpetres-le-28-septembre-2009-jai-vu-toumba-tirer-au-stade","name":"Colonel Blaise Goumou sur les crimes perp\u00e9tr\u00e9s le 28 septembre 2009 : \u00ab\u00a0j\u2019ai vu Toumba tirer au stade\u00a0\u00bb - guinee Conakry","isPartOf":{"@id":"https:\/\/www.africa-press.net\/guinee-conakry\/#website"},"primaryImageOfPage":{"@id":"https:\/\/www.africa-press.net\/guinee-conakry\/politique\/colonel-blaise-goumou-sur-les-crimes-perpetres-le-28-septembre-2009-jai-vu-toumba-tirer-au-stade#primaryimage"},"image":{"@id":"https:\/\/www.africa-press.net\/guinee-conakry\/politique\/colonel-blaise-goumou-sur-les-crimes-perpetres-le-28-septembre-2009-jai-vu-toumba-tirer-au-stade#primaryimage"},"thumbnailUrl":"https:\/\/static.africa-press.net\/conakry\/sites\/63\/2023\/01\/Jokar1674664857.658873.jpg","datePublished":"2023-01-25T20:10:00+00:00","author":{"@id":"https:\/\/www.africa-press.net\/guinee-conakry\/#\/schema\/person\/2b1cf3cd81a31e3cd26889ca66d677f1"},"breadcrumb":{"@id":"https:\/\/www.africa-press.net\/guinee-conakry\/politique\/colonel-blaise-goumou-sur-les-crimes-perpetres-le-28-septembre-2009-jai-vu-toumba-tirer-au-stade#breadcrumb"},"inLanguage":"fr-FR","potentialAction":[{"@type":"ReadAction","target":["https:\/\/www.africa-press.net\/guinee-conakry\/politique\/colonel-blaise-goumou-sur-les-crimes-perpetres-le-28-septembre-2009-jai-vu-toumba-tirer-au-stade"]}]},{"@type":"ImageObject","inLanguage":"fr-FR","@id":"https:\/\/www.africa-press.net\/guinee-conakry\/politique\/colonel-blaise-goumou-sur-les-crimes-perpetres-le-28-septembre-2009-jai-vu-toumba-tirer-au-stade#primaryimage","url":"https:\/\/static.africa-press.net\/conakry\/sites\/63\/2023\/01\/Jokar1674664857.658873.jpg","contentUrl":"https:\/\/static.africa-press.net\/conakry\/sites\/63\/2023\/01\/Jokar1674664857.658873.jpg","width":817,"height":777,"caption":"Colonel Blaise Goumou sur les crimes perp\u00e9tr\u00e9s le 28 septembre 2009 : \u00ab\u00a0j\u2019ai vu Toumba tirer au stade\u00a0\u00bb"},{"@type":"BreadcrumbList","@id":"https:\/\/www.africa-press.net\/guinee-conakry\/politique\/colonel-blaise-goumou-sur-les-crimes-perpetres-le-28-septembre-2009-jai-vu-toumba-tirer-au-stade#breadcrumb","itemListElement":[{"@type":"ListItem","position":1,"name":"Accueil","item":"https:\/\/www.africa-press.net\/guinee-conakry\/"},{"@type":"ListItem","position":2,"name":"Colonel Blaise Goumou sur les crimes perp\u00e9tr\u00e9s le 28 septembre 2009 : \u00ab\u00a0j\u2019ai vu Toumba tirer au stade\u00a0\u00bb"}]},{"@type":"WebSite","@id":"https:\/\/www.africa-press.net\/guinee-conakry\/#website","url":"https:\/\/www.africa-press.net\/guinee-conakry\/","name":"guinee Conakry","description":"Just another Africa News Agency Sites site","potentialAction":[{"@type":"SearchAction","target":{"@type":"EntryPoint","urlTemplate":"https:\/\/www.africa-press.net\/guinee-conakry\/?s={search_term_string}"},"query-input":{"@type":"PropertyValueSpecification","valueRequired":true,"valueName":"search_term_string"}}],"inLanguage":"fr-FR"},{"@type":"Person","@id":"https:\/\/www.africa-press.net\/guinee-conakry\/#\/schema\/person\/2b1cf3cd81a31e3cd26889ca66d677f1","name":"cfeditorfr"}]}},"_links":{"self":[{"href":"https:\/\/www.africa-press.net\/guinee-conakry\/wp-json\/wp\/v2\/posts\/11580","targetHints":{"allow":["GET"]}}],"collection":[{"href":"https:\/\/www.africa-press.net\/guinee-conakry\/wp-json\/wp\/v2\/posts"}],"about":[{"href":"https:\/\/www.africa-press.net\/guinee-conakry\/wp-json\/wp\/v2\/types\/post"}],"author":[{"embeddable":true,"href":"https:\/\/www.africa-press.net\/guinee-conakry\/wp-json\/wp\/v2\/users\/82"}],"replies":[{"embeddable":true,"href":"https:\/\/www.africa-press.net\/guinee-conakry\/wp-json\/wp\/v2\/comments?post=11580"}],"version-history":[{"count":0,"href":"https:\/\/www.africa-press.net\/guinee-conakry\/wp-json\/wp\/v2\/posts\/11580\/revisions"}],"wp:featuredmedia":[{"embeddable":true,"href":"https:\/\/www.africa-press.net\/guinee-conakry\/wp-json\/wp\/v2\/media\/11579"}],"wp:attachment":[{"href":"https:\/\/www.africa-press.net\/guinee-conakry\/wp-json\/wp\/v2\/media?parent=11580"}],"wp:term":[{"taxonomy":"category","embeddable":true,"href":"https:\/\/www.africa-press.net\/guinee-conakry\/wp-json\/wp\/v2\/categories?post=11580"},{"taxonomy":"post_tag","embeddable":true,"href":"https:\/\/www.africa-press.net\/guinee-conakry\/wp-json\/wp\/v2\/tags?post=11580"}],"curies":[{"name":"wp","href":"https:\/\/api.w.org\/{rel}","templated":true}]}}