{"id":11584,"date":"2023-01-25T20:16:00","date_gmt":"2023-01-25T20:16:00","guid":{"rendered":"https:\/\/www.africa-press.net\/guinee-conakry\/politique\/amnesty-international-demande-la-liberation-de-mamadou-billo-bah-et-des-autres-detenus-du-fndc"},"modified":"2023-01-25T20:16:00","modified_gmt":"2023-01-25T20:16:00","slug":"amnesty-international-demande-la-liberation-de-mamadou-billo-bah-et-des-autres-detenus-du-fndc","status":"publish","type":"post","link":"https:\/\/www.africa-press.net\/guinee-conakry\/politique\/amnesty-international-demande-la-liberation-de-mamadou-billo-bah-et-des-autres-detenus-du-fndc","title":{"rendered":"Amnesty International demande la lib\u00e9ration de Mamadou Billo Bah et des autres d\u00e9tenus du FNDC"},"content":{"rendered":"<p><span style=\"color: #ff6600\"><strong>Africa-Press &#8211; Guin\u00e9e. <\/strong><\/span>En re\u0301action a\u0300 l\u2019arrestation et la de\u0301tention de l\u2019un des responsables du Front National pour la De\u0301fense de la Constitution (FNDC), Samira Daoud, Directrice du bureau re\u0301gional d\u2019Amnesty International pour l\u2019Afrique de l\u2019Ouest et Centrale de\u0301clare :<\/p>\n<p>\u00ab Mamadou Billo Bah, responsable de la mobilisation du FNDC, a e\u0301te\u0301 place\u0301 sous mandat de de\u0301po\u0302t le 24 janvier et poursuivi notamment pour \u00ab participation de\u0301lictueuse a\u0300 un attroupement, complicite\u0301 de destruction d\u2019e\u0301difices publics et prive\u0301s, coups et blessures volontaires, incendie volontaire, pillage \u00bb simplement pour s\u2019e\u0302tre mobilise\u0301 pour le retour a\u0300 l\u2019ordre constitutionnel. Les me\u0302mes accusations ont e\u0301te\u0301 porte\u0301es contre Oumar Sylla alias Fonike\u0301 Mengue\u0300 et Ibrahima Diallo, e\u0301galement membres du FNDC, en de\u0301tention pre\u0301ventive depuis le 1er aou\u0302t 2022.<\/p>\n<p>\u00ab Selon l\u2019un de ses avocats, les forces de se\u0301curite\u0301 ont utilise\u0301 la force d\u2019une manie\u0300re excessive pour proce\u0301der a\u0300 l\u2019arrestation de Mamadou Billo Bah ne\u0301cessitant un suivi dans un centre hospitalier, comme atteste\u0301 par un certificat me\u0301dical. Il a cependant e\u0301te\u0301 place\u0301 sous mandat de de\u0301po\u0302t a\u0300 la maison centrale de Coronthie (Conakry) ce lundi 24 janvier.<\/p>\n<p>\u00ab L\u2019arrestation et la de\u0301tention arbitraire de Mamadou Billo Bah constituent une violation des droits a\u0300 la liberte\u0301 d\u2019expression et de re\u0301union pacifique. Amnesty International demande sa libe\u0301ration imme\u0301diate ainsi que celle des autres membres du FNDC de\u0301tenus pour les me\u0302mes faits depuis biento\u0302t six mois.<\/p>\n<p>\u00ab Les autorite\u0301s guine\u0301ennes doivent e\u0301galement mettre un terme aux restrictions disproportionne\u0301es aux droits a\u0300 la liberte\u0301 d\u2019expression et de re\u0301union pacifique et respecter le droit des Guine\u0301ens a\u0300 exprimer librement leurs opinions, droits consacre\u0301s par le droit international et la charte de la transition \u00bb.<\/p>\n<p><b>Comple\u0301ment d\u2019informations<\/b><b> <\/b><\/p>\n<p>A\u0300 la suite des manifestations de juillet 2022 conduites par le FNDC pour de\u0301noncer \u00ab la gestion unilate\u0301rale de la transition \u00bb, plusieurs de ses leaders ont e\u0301te\u0301 arre\u0302te\u0301s et emprisonne\u0301s. Les autorite\u0301s ont ensuite dissous ladite organisation, l\u2019accusant de s\u2019e\u0302tre \u00ab toujours illustre\u0301e par la voie de la violence sur les personnes, la de\u0301gradation et la destruction des biens publics et prive\u0301s, des actes d\u2019incitations a\u0300 la haine \u00bb.<\/p>\n<p>Depuis le 13 mai 2022, le Comite\u0301 national du rassemblement pour le de\u0301veloppement (CNRD) a interdit \u00ab toutes manifestations sur la voie publique de nature a\u0300 compromettre la quie\u0301tude sociale et l\u2019exe\u0301cution correcte des activite\u0301s contenues dans le chronogramme, (&#8230;) pour l\u2019instant jusqu\u2019aux pe\u0301riodes de campagnes e\u0301lectorales \u00bb.<\/p>\n<p>Le Haut-Commissariat aux droits de l\u2019Homme des Nations Unies et la Commission africaine des droits de l\u2019Homme et des peuples ont de\u0301nonce\u0301 ces mesures contraires aux liberte\u0301s d\u2019expression et de re\u0301union pacifique.<\/p>\n<p><strong>Pour plus d&rsquo;informations et d&rsquo;analyses sur la <a href=\"https:\/\/www.africa-press.net\/guinee-conakry\">Guin\u00e9e<\/a>, suivez <a href=\"https:\/\/www.africa-press.net\/\">Africa-Press<\/a><\/strong><\/p>\n","protected":false},"excerpt":{"rendered":"<p>Africa-Press &#8211; Guin\u00e9e. En re\u0301action a\u0300 l\u2019arrestation et la de\u0301tention de l\u2019un des responsables du Front National pour la De\u0301fense de la Constitution (FNDC), Samira Daoud, Directrice du bureau re\u0301gional d\u2019Amnesty International pour l\u2019Afrique de l\u2019Ouest et Centrale de\u0301clare : \u00ab Mamadou Billo Bah, responsable de la mobilisation du FNDC, a e\u0301te\u0301 place\u0301 sous mandat [&hellip;]<\/p>\n","protected":false},"author":82,"featured_media":11583,"comment_status":"open","ping_status":"closed","sticky":false,"template":"","format":"standard","meta":{"footnotes":""},"categories":[2,10],"tags":[36,57,58],"class_list":["post-11584","post","type-post","status-publish","format-standard","has-post-thumbnail","hentry","category-politique","category-toutes-les-actualites","tag-africa-press","tag-africa-press-guinee","tag-guinee"],"yoast_head":"<!-- This site is optimized with the Yoast SEO Premium plugin v26.1 (Yoast SEO v27.0) - https:\/\/yoast.com\/product\/yoast-seo-premium-wordpress\/ -->\n<title>Amnesty International demande la lib\u00e9ration de Mamadou Billo Bah et des autres d\u00e9tenus du FNDC - guinee Conakry<\/title>\n<meta name=\"robots\" content=\"index, follow, max-snippet:-1, max-image-preview:large, max-video-preview:-1\" \/>\n<link rel=\"canonical\" href=\"https:\/\/www.africa-press.net\/guinee-conakry\/politique\/amnesty-international-demande-la-liberation-de-mamadou-billo-bah-et-des-autres-detenus-du-fndc\" \/>\n<meta property=\"og:locale\" content=\"fr_FR\" \/>\n<meta property=\"og:type\" content=\"article\" \/>\n<meta property=\"og:title\" content=\"Amnesty International demande la lib\u00e9ration de Mamadou Billo Bah et des autres d\u00e9tenus du FNDC\" \/>\n<meta property=\"og:description\" content=\"Africa-Press &#8211; Guin\u00e9e. En re\u0301action a\u0300 l\u2019arrestation et la de\u0301tention de l\u2019un des responsables du Front National pour la De\u0301fense de la Constitution (FNDC), Samira Daoud, Directrice du bureau re\u0301gional d\u2019Amnesty International pour l\u2019Afrique de l\u2019Ouest et Centrale de\u0301clare : \u00ab Mamadou Billo Bah, responsable de la mobilisation du FNDC, a e\u0301te\u0301 place\u0301 sous mandat [&hellip;]\" \/>\n<meta property=\"og:url\" content=\"https:\/\/www.africa-press.net\/guinee-conakry\/politique\/amnesty-international-demande-la-liberation-de-mamadou-billo-bah-et-des-autres-detenus-du-fndc\" \/>\n<meta property=\"og:site_name\" content=\"guinee Conakry\" \/>\n<meta property=\"article:published_time\" content=\"2023-01-25T20:16:00+00:00\" \/>\n<meta name=\"author\" content=\"cfeditorfr\" \/>\n<meta name=\"twitter:card\" content=\"summary_large_image\" \/>\n<meta name=\"twitter:label1\" content=\"\u00c9crit par\" \/>\n\t<meta name=\"twitter:data1\" content=\"cfeditorfr\" \/>\n\t<meta name=\"twitter:label2\" content=\"Dur\u00e9e de lecture estim\u00e9e\" \/>\n\t<meta name=\"twitter:data2\" content=\"3 minutes\" \/>\n<script type=\"application\/ld+json\" class=\"yoast-schema-graph\">{\"@context\":\"https:\/\/schema.org\",\"@graph\":[{\"@type\":\"Article\",\"@id\":\"https:\/\/www.africa-press.net\/guinee-conakry\/politique\/amnesty-international-demande-la-liberation-de-mamadou-billo-bah-et-des-autres-detenus-du-fndc#article\",\"isPartOf\":{\"@id\":\"https:\/\/www.africa-press.net\/guinee-conakry\/politique\/amnesty-international-demande-la-liberation-de-mamadou-billo-bah-et-des-autres-detenus-du-fndc\"},\"author\":{\"name\":\"cfeditorfr\",\"@id\":\"https:\/\/www.africa-press.net\/guinee-conakry\/#\/schema\/person\/2b1cf3cd81a31e3cd26889ca66d677f1\"},\"headline\":\"Amnesty International demande la lib\u00e9ration de Mamadou Billo Bah et des autres d\u00e9tenus du FNDC\",\"datePublished\":\"2023-01-25T20:16:00+00:00\",\"mainEntityOfPage\":{\"@id\":\"https:\/\/www.africa-press.net\/guinee-conakry\/politique\/amnesty-international-demande-la-liberation-de-mamadou-billo-bah-et-des-autres-detenus-du-fndc\"},\"wordCount\":520,\"commentCount\":0,\"image\":{\"@id\":\"https:\/\/www.africa-press.net\/guinee-conakry\/politique\/amnesty-international-demande-la-liberation-de-mamadou-billo-bah-et-des-autres-detenus-du-fndc#primaryimage\"},\"thumbnailUrl\":\"https:\/\/static.africa-press.net\/conakry\/sites\/63\/2023\/01\/Jokar1674665200.291904.jpg\",\"keywords\":[\"Africa Press\",\"Africa Press-Guin\u00e9e\",\"Guin\u00e9e\"],\"articleSection\":[\"Politique\",\"Toutes les actualit\u00e9s\"],\"inLanguage\":\"fr-FR\",\"potentialAction\":[{\"@type\":\"CommentAction\",\"name\":\"Comment\",\"target\":[\"https:\/\/www.africa-press.net\/guinee-conakry\/politique\/amnesty-international-demande-la-liberation-de-mamadou-billo-bah-et-des-autres-detenus-du-fndc#respond\"]}]},{\"@type\":\"WebPage\",\"@id\":\"https:\/\/www.africa-press.net\/guinee-conakry\/politique\/amnesty-international-demande-la-liberation-de-mamadou-billo-bah-et-des-autres-detenus-du-fndc\",\"url\":\"https:\/\/www.africa-press.net\/guinee-conakry\/politique\/amnesty-international-demande-la-liberation-de-mamadou-billo-bah-et-des-autres-detenus-du-fndc\",\"name\":\"Amnesty International demande la lib\u00e9ration de Mamadou Billo Bah et des autres d\u00e9tenus du FNDC - guinee Conakry\",\"isPartOf\":{\"@id\":\"https:\/\/www.africa-press.net\/guinee-conakry\/#website\"},\"primaryImageOfPage\":{\"@id\":\"https:\/\/www.africa-press.net\/guinee-conakry\/politique\/amnesty-international-demande-la-liberation-de-mamadou-billo-bah-et-des-autres-detenus-du-fndc#primaryimage\"},\"image\":{\"@id\":\"https:\/\/www.africa-press.net\/guinee-conakry\/politique\/amnesty-international-demande-la-liberation-de-mamadou-billo-bah-et-des-autres-detenus-du-fndc#primaryimage\"},\"thumbnailUrl\":\"https:\/\/static.africa-press.net\/conakry\/sites\/63\/2023\/01\/Jokar1674665200.291904.jpg\",\"datePublished\":\"2023-01-25T20:16:00+00:00\",\"author\":{\"@id\":\"https:\/\/www.africa-press.net\/guinee-conakry\/#\/schema\/person\/2b1cf3cd81a31e3cd26889ca66d677f1\"},\"breadcrumb\":{\"@id\":\"https:\/\/www.africa-press.net\/guinee-conakry\/politique\/amnesty-international-demande-la-liberation-de-mamadou-billo-bah-et-des-autres-detenus-du-fndc#breadcrumb\"},\"inLanguage\":\"fr-FR\",\"potentialAction\":[{\"@type\":\"ReadAction\",\"target\":[\"https:\/\/www.africa-press.net\/guinee-conakry\/politique\/amnesty-international-demande-la-liberation-de-mamadou-billo-bah-et-des-autres-detenus-du-fndc\"]}]},{\"@type\":\"ImageObject\",\"inLanguage\":\"fr-FR\",\"@id\":\"https:\/\/www.africa-press.net\/guinee-conakry\/politique\/amnesty-international-demande-la-liberation-de-mamadou-billo-bah-et-des-autres-detenus-du-fndc#primaryimage\",\"url\":\"https:\/\/static.africa-press.net\/conakry\/sites\/63\/2023\/01\/Jokar1674665200.291904.jpg\",\"contentUrl\":\"https:\/\/static.africa-press.net\/conakry\/sites\/63\/2023\/01\/Jokar1674665200.291904.jpg\",\"width\":531,\"height\":626,\"caption\":\"Amnesty International demande la lib\u00e9ration de Mamadou Billo Bah et des autres d\u00e9tenus du FNDC\"},{\"@type\":\"BreadcrumbList\",\"@id\":\"https:\/\/www.africa-press.net\/guinee-conakry\/politique\/amnesty-international-demande-la-liberation-de-mamadou-billo-bah-et-des-autres-detenus-du-fndc#breadcrumb\",\"itemListElement\":[{\"@type\":\"ListItem\",\"position\":1,\"name\":\"Accueil\",\"item\":\"https:\/\/www.africa-press.net\/guinee-conakry\/\"},{\"@type\":\"ListItem\",\"position\":2,\"name\":\"Amnesty International demande la lib\u00e9ration de Mamadou Billo Bah et des autres d\u00e9tenus du FNDC\"}]},{\"@type\":\"WebSite\",\"@id\":\"https:\/\/www.africa-press.net\/guinee-conakry\/#website\",\"url\":\"https:\/\/www.africa-press.net\/guinee-conakry\/\",\"name\":\"guinee Conakry\",\"description\":\"Just another Africa News Agency Sites site\",\"potentialAction\":[{\"@type\":\"SearchAction\",\"target\":{\"@type\":\"EntryPoint\",\"urlTemplate\":\"https:\/\/www.africa-press.net\/guinee-conakry\/?s={search_term_string}\"},\"query-input\":{\"@type\":\"PropertyValueSpecification\",\"valueRequired\":true,\"valueName\":\"search_term_string\"}}],\"inLanguage\":\"fr-FR\"},{\"@type\":\"Person\",\"@id\":\"https:\/\/www.africa-press.net\/guinee-conakry\/#\/schema\/person\/2b1cf3cd81a31e3cd26889ca66d677f1\",\"name\":\"cfeditorfr\"}]}<\/script>\n<!-- \/ Yoast SEO Premium plugin. -->","yoast_head_json":{"title":"Amnesty International demande la lib\u00e9ration de Mamadou Billo Bah et des autres d\u00e9tenus du FNDC - guinee Conakry","robots":{"index":"index","follow":"follow","max-snippet":"max-snippet:-1","max-image-preview":"max-image-preview:large","max-video-preview":"max-video-preview:-1"},"canonical":"https:\/\/www.africa-press.net\/guinee-conakry\/politique\/amnesty-international-demande-la-liberation-de-mamadou-billo-bah-et-des-autres-detenus-du-fndc","og_locale":"fr_FR","og_type":"article","og_title":"Amnesty International demande la lib\u00e9ration de Mamadou Billo Bah et des autres d\u00e9tenus du FNDC","og_description":"Africa-Press &#8211; Guin\u00e9e. En re\u0301action a\u0300 l\u2019arrestation et la de\u0301tention de l\u2019un des responsables du Front National pour la De\u0301fense de la Constitution (FNDC), Samira Daoud, Directrice du bureau re\u0301gional d\u2019Amnesty International pour l\u2019Afrique de l\u2019Ouest et Centrale de\u0301clare : \u00ab Mamadou Billo Bah, responsable de la mobilisation du FNDC, a e\u0301te\u0301 place\u0301 sous mandat [&hellip;]","og_url":"https:\/\/www.africa-press.net\/guinee-conakry\/politique\/amnesty-international-demande-la-liberation-de-mamadou-billo-bah-et-des-autres-detenus-du-fndc","og_site_name":"guinee Conakry","article_published_time":"2023-01-25T20:16:00+00:00","author":"cfeditorfr","twitter_card":"summary_large_image","twitter_misc":{"\u00c9crit par":"cfeditorfr","Dur\u00e9e de lecture estim\u00e9e":"3 minutes"},"schema":{"@context":"https:\/\/schema.org","@graph":[{"@type":"Article","@id":"https:\/\/www.africa-press.net\/guinee-conakry\/politique\/amnesty-international-demande-la-liberation-de-mamadou-billo-bah-et-des-autres-detenus-du-fndc#article","isPartOf":{"@id":"https:\/\/www.africa-press.net\/guinee-conakry\/politique\/amnesty-international-demande-la-liberation-de-mamadou-billo-bah-et-des-autres-detenus-du-fndc"},"author":{"name":"cfeditorfr","@id":"https:\/\/www.africa-press.net\/guinee-conakry\/#\/schema\/person\/2b1cf3cd81a31e3cd26889ca66d677f1"},"headline":"Amnesty International demande la lib\u00e9ration de Mamadou Billo Bah et des autres d\u00e9tenus du FNDC","datePublished":"2023-01-25T20:16:00+00:00","mainEntityOfPage":{"@id":"https:\/\/www.africa-press.net\/guinee-conakry\/politique\/amnesty-international-demande-la-liberation-de-mamadou-billo-bah-et-des-autres-detenus-du-fndc"},"wordCount":520,"commentCount":0,"image":{"@id":"https:\/\/www.africa-press.net\/guinee-conakry\/politique\/amnesty-international-demande-la-liberation-de-mamadou-billo-bah-et-des-autres-detenus-du-fndc#primaryimage"},"thumbnailUrl":"https:\/\/static.africa-press.net\/conakry\/sites\/63\/2023\/01\/Jokar1674665200.291904.jpg","keywords":["Africa Press","Africa Press-Guin\u00e9e","Guin\u00e9e"],"articleSection":["Politique","Toutes les actualit\u00e9s"],"inLanguage":"fr-FR","potentialAction":[{"@type":"CommentAction","name":"Comment","target":["https:\/\/www.africa-press.net\/guinee-conakry\/politique\/amnesty-international-demande-la-liberation-de-mamadou-billo-bah-et-des-autres-detenus-du-fndc#respond"]}]},{"@type":"WebPage","@id":"https:\/\/www.africa-press.net\/guinee-conakry\/politique\/amnesty-international-demande-la-liberation-de-mamadou-billo-bah-et-des-autres-detenus-du-fndc","url":"https:\/\/www.africa-press.net\/guinee-conakry\/politique\/amnesty-international-demande-la-liberation-de-mamadou-billo-bah-et-des-autres-detenus-du-fndc","name":"Amnesty International demande la lib\u00e9ration de Mamadou Billo Bah et des autres d\u00e9tenus du FNDC - guinee Conakry","isPartOf":{"@id":"https:\/\/www.africa-press.net\/guinee-conakry\/#website"},"primaryImageOfPage":{"@id":"https:\/\/www.africa-press.net\/guinee-conakry\/politique\/amnesty-international-demande-la-liberation-de-mamadou-billo-bah-et-des-autres-detenus-du-fndc#primaryimage"},"image":{"@id":"https:\/\/www.africa-press.net\/guinee-conakry\/politique\/amnesty-international-demande-la-liberation-de-mamadou-billo-bah-et-des-autres-detenus-du-fndc#primaryimage"},"thumbnailUrl":"https:\/\/static.africa-press.net\/conakry\/sites\/63\/2023\/01\/Jokar1674665200.291904.jpg","datePublished":"2023-01-25T20:16:00+00:00","author":{"@id":"https:\/\/www.africa-press.net\/guinee-conakry\/#\/schema\/person\/2b1cf3cd81a31e3cd26889ca66d677f1"},"breadcrumb":{"@id":"https:\/\/www.africa-press.net\/guinee-conakry\/politique\/amnesty-international-demande-la-liberation-de-mamadou-billo-bah-et-des-autres-detenus-du-fndc#breadcrumb"},"inLanguage":"fr-FR","potentialAction":[{"@type":"ReadAction","target":["https:\/\/www.africa-press.net\/guinee-conakry\/politique\/amnesty-international-demande-la-liberation-de-mamadou-billo-bah-et-des-autres-detenus-du-fndc"]}]},{"@type":"ImageObject","inLanguage":"fr-FR","@id":"https:\/\/www.africa-press.net\/guinee-conakry\/politique\/amnesty-international-demande-la-liberation-de-mamadou-billo-bah-et-des-autres-detenus-du-fndc#primaryimage","url":"https:\/\/static.africa-press.net\/conakry\/sites\/63\/2023\/01\/Jokar1674665200.291904.jpg","contentUrl":"https:\/\/static.africa-press.net\/conakry\/sites\/63\/2023\/01\/Jokar1674665200.291904.jpg","width":531,"height":626,"caption":"Amnesty International demande la lib\u00e9ration de Mamadou Billo Bah et des autres d\u00e9tenus du FNDC"},{"@type":"BreadcrumbList","@id":"https:\/\/www.africa-press.net\/guinee-conakry\/politique\/amnesty-international-demande-la-liberation-de-mamadou-billo-bah-et-des-autres-detenus-du-fndc#breadcrumb","itemListElement":[{"@type":"ListItem","position":1,"name":"Accueil","item":"https:\/\/www.africa-press.net\/guinee-conakry\/"},{"@type":"ListItem","position":2,"name":"Amnesty International demande la lib\u00e9ration de Mamadou Billo Bah et des autres d\u00e9tenus du FNDC"}]},{"@type":"WebSite","@id":"https:\/\/www.africa-press.net\/guinee-conakry\/#website","url":"https:\/\/www.africa-press.net\/guinee-conakry\/","name":"guinee Conakry","description":"Just another Africa News Agency Sites site","potentialAction":[{"@type":"SearchAction","target":{"@type":"EntryPoint","urlTemplate":"https:\/\/www.africa-press.net\/guinee-conakry\/?s={search_term_string}"},"query-input":{"@type":"PropertyValueSpecification","valueRequired":true,"valueName":"search_term_string"}}],"inLanguage":"fr-FR"},{"@type":"Person","@id":"https:\/\/www.africa-press.net\/guinee-conakry\/#\/schema\/person\/2b1cf3cd81a31e3cd26889ca66d677f1","name":"cfeditorfr"}]}},"_links":{"self":[{"href":"https:\/\/www.africa-press.net\/guinee-conakry\/wp-json\/wp\/v2\/posts\/11584","targetHints":{"allow":["GET"]}}],"collection":[{"href":"https:\/\/www.africa-press.net\/guinee-conakry\/wp-json\/wp\/v2\/posts"}],"about":[{"href":"https:\/\/www.africa-press.net\/guinee-conakry\/wp-json\/wp\/v2\/types\/post"}],"author":[{"embeddable":true,"href":"https:\/\/www.africa-press.net\/guinee-conakry\/wp-json\/wp\/v2\/users\/82"}],"replies":[{"embeddable":true,"href":"https:\/\/www.africa-press.net\/guinee-conakry\/wp-json\/wp\/v2\/comments?post=11584"}],"version-history":[{"count":0,"href":"https:\/\/www.africa-press.net\/guinee-conakry\/wp-json\/wp\/v2\/posts\/11584\/revisions"}],"wp:featuredmedia":[{"embeddable":true,"href":"https:\/\/www.africa-press.net\/guinee-conakry\/wp-json\/wp\/v2\/media\/11583"}],"wp:attachment":[{"href":"https:\/\/www.africa-press.net\/guinee-conakry\/wp-json\/wp\/v2\/media?parent=11584"}],"wp:term":[{"taxonomy":"category","embeddable":true,"href":"https:\/\/www.africa-press.net\/guinee-conakry\/wp-json\/wp\/v2\/categories?post=11584"},{"taxonomy":"post_tag","embeddable":true,"href":"https:\/\/www.africa-press.net\/guinee-conakry\/wp-json\/wp\/v2\/tags?post=11584"}],"curies":[{"name":"wp","href":"https:\/\/api.w.org\/{rel}","templated":true}]}}