{"id":11592,"date":"2023-01-26T20:06:00","date_gmt":"2023-01-26T20:06:00","guid":{"rendered":"https:\/\/www.africa-press.net\/guinee-conakry\/politique\/fode-kourouma-disparait-avec-la-voiture-dun-capitaine-de-larmee-mon-pmak-ma-carte-biometrique-etaient-dedans"},"modified":"2023-01-26T20:06:00","modified_gmt":"2023-01-26T20:06:00","slug":"fode-kourouma-disparait-avec-la-voiture-dun-capitaine-de-larmee-mon-pmak-ma-carte-biometrique-etaient-dedans","status":"publish","type":"post","link":"https:\/\/www.africa-press.net\/guinee-conakry\/toutes-les-actualites\/fode-kourouma-disparait-avec-la-voiture-dun-capitaine-de-larmee-mon-pmak-ma-carte-biometrique-etaient-dedans","title":{"rendered":"Fod\u00e9 Kourouma dispara\u00eet avec la voiture d\u2019un Capitaine de l\u2019arm\u00e9e : \u00ab mon PMAK, ma carte biom\u00e9trique\u2026 \u00e9taient dedans \u00bb"},"content":{"rendered":"<p><span style=\"color: #ff6600\"><strong>Africa-Press &#8211; Guin\u00e9e. <\/strong><\/span>L\u2019officier de l\u2019arme\u0301e, le Capitaine Facinet Ke\u0301ita, a traduit en justice un certain Fode\u0301 Kourouma pour le de\u0301tournement pre\u0301sume\u0301 d\u2019une voiture Toyota RAV4. Tous les deux e\u0301taient a\u0300 la barre du tribunal correctionnel de Dixinn ce jeudi 26 janvier 2023. A tour de ro\u0302le, ils ont fait leur de\u0301position devant le juge audiencier, Amadou Sy. A la barre, Fode\u0301 Kourouma a reconnu les faits d\u2019abus de confiance mis a\u0300 sa charge.<\/p>\n<p>Dans sa de\u0301position, le Capitaine Facinet Keita a indique\u0301 avoir l\u2019habitude de travailler avec le pre\u0301venu, Fode\u0301 Kourouma. Mais, ajoute-t-il, il a disparu cette fois-ci avec son ve\u0301hicule apre\u0300s l\u2019avoir revendu. \u00ab C\u2019est une voiture de marque Toyota Rav4. On a l\u2019habitude de travailler ensemble. Il est venu me dire qu\u2019il a vu un preneur de la voiture avant de partir avec elle. On a conclu le marche\u0301 de la vente a\u0300 35 millions de francs guine\u0301ens. Trois jours apre\u0300s, il vient me trouver au camp avec un montant de 25 millions GNF. Je lui ai dit de retourner l\u2019argent et ramener mon ve\u0301hicule. Je lui ai dit de faire tout pour ramener le ve\u0301hicule parce que ce n\u2019est c\u0327a qu\u2019on avait conclu. Je lui ai dit de ramener la voiture parce que moi, ce n\u2019est me\u0302me pas le ve\u0301hicule qui m\u2019inte\u0301ressait ; mais pluto\u0302t mes biens qui s\u2019y trouvaient. J\u2019avais ma carte biome\u0301trique, les habits de mes enfants que je venais d\u2019acheter, et mon arme, un PMAK. Tout c\u0327a se trouvait dans le ve\u0301hicule et c\u2019est ce qui m\u2019inquie\u0301tait, a de\u0301clare\u0301 le Capitaine.<\/p>\n<p>Poursuivant, la partie civile dira que depuis cette demande, Fode\u0301 Kourouma a disparu des radars. C\u2019est seulement 8 mois apre\u0300s qu\u2019il l\u2019a aperc\u0327u dans la circulation, soutient-il. \u00ab Depuis tout ce temps, c\u2019est 8 mois apre\u0300s que je l\u2019ai revu dans la circulation. Quand je l\u2019ai interpelle\u0301, je l\u2019ai conduit directement au camp, d\u2019abord pour voir s\u2019il va coope\u0301rer. Mais, il a refuse\u0301 de coope\u0301rer \u00bb, a-t-il ajoute\u0301.<\/p>\n<p>Et le procureur de re\u0301torquer : \u00ab e\u0301tant militaire, est-ce normal qu\u2019un militaire arre\u0302te un citoyen pour le conduire au camp ? \u00bb<\/p>\n<p>Et le capitaine de re\u0301pondre : \u00ab je l\u2019ai envoye\u0301 la\u0300-bas pour qu\u2019il coope\u0300re. Mais, il n\u2019a pas coope\u0301re\u0301 \u00bb.<\/p>\n<p>\u00ab Est-ce que c\u2019e\u0301tait prudent de donner votre ve\u0301hicule a\u0300 un citoyen alors que votre arme e\u0301tait dedans ? \u00bb, interroge le procureur.<\/p>\n<p>\u00ab Oui, c\u2019e\u0301tait prudent. Parce que la\u0300 ou\u0300 l\u2019arme e\u0301tait cache\u0301e, personne n\u2019allait voir c\u0327a \u00bb, a de nouveau re\u0301pondu le capitaine, avant de re\u0301clamer la somme de 39 500 000 francs guine\u0301ens.<\/p>\n<p>Appele\u0301 a\u0300 la barre a\u0300 son tour, le pre\u0301venu Fode\u0301 Kourouma, sous mandat depuis le 18 novembre 2022, a reconnu avoir vendu le ve\u0301hicule a\u0300 une personne dont il ne connai\u0302t pas l\u2019adresse. Il soutient a\u0300 la barre ne pas s\u2019e\u0302tre cache\u0301 du plaignant. Il pre\u0301tend s\u2019e\u0302tre rendu a\u0300 Kamsar au chevet de sa s\u0153ur qui est malade.<\/p>\n<p>Le tribunal a renvoye\u0301 l\u2019affaire au 2 fe\u0301vrier 2023 pour aborder la phase des re\u0301quisitions et plaidoiries.<\/p>\n<p><strong>Pour plus d&rsquo;informations et d&rsquo;analyses sur la <a href=\"https:\/\/www.africa-press.net\/guinee-conakry\">Guin\u00e9e<\/a>, suivez <a href=\"https:\/\/www.africa-press.net\/\">Africa-Press<\/a><\/strong><\/p>\n","protected":false},"excerpt":{"rendered":"<p>Africa-Press &#8211; Guin\u00e9e. L\u2019officier de l\u2019arme\u0301e, le Capitaine Facinet Ke\u0301ita, a traduit en justice un certain Fode\u0301 Kourouma pour le de\u0301tournement pre\u0301sume\u0301 d\u2019une voiture Toyota RAV4. Tous les deux e\u0301taient a\u0300 la barre du tribunal correctionnel de Dixinn ce jeudi 26 janvier 2023. A tour de ro\u0302le, ils ont fait leur de\u0301position devant le juge [&hellip;]<\/p>\n","protected":false},"author":82,"featured_media":11591,"comment_status":"open","ping_status":"closed","sticky":false,"template":"","format":"standard","meta":{"footnotes":""},"categories":[21,10],"tags":[36,57,58],"class_list":["post-11592","post","type-post","status-publish","format-standard","has-post-thumbnail","hentry","category-communaute","category-toutes-les-actualites","tag-africa-press","tag-africa-press-guinee","tag-guinee"],"yoast_head":"<!-- This site is optimized with the Yoast SEO Premium plugin v26.1 (Yoast SEO v27.0) - https:\/\/yoast.com\/product\/yoast-seo-premium-wordpress\/ -->\n<title>Fod\u00e9 Kourouma dispara\u00eet avec la voiture d\u2019un Capitaine de l\u2019arm\u00e9e : \u00ab mon PMAK, ma carte biom\u00e9trique\u2026 \u00e9taient dedans \u00bb - guinee Conakry<\/title>\n<meta name=\"robots\" content=\"index, follow, max-snippet:-1, max-image-preview:large, max-video-preview:-1\" \/>\n<link rel=\"canonical\" href=\"https:\/\/www.africa-press.net\/guinee-conakry\/politique\/fode-kourouma-disparait-avec-la-voiture-dun-capitaine-de-larmee-mon-pmak-ma-carte-biometrique-etaient-dedans\" \/>\n<meta property=\"og:locale\" content=\"fr_FR\" \/>\n<meta property=\"og:type\" content=\"article\" \/>\n<meta property=\"og:title\" content=\"Fod\u00e9 Kourouma dispara\u00eet avec la voiture d\u2019un Capitaine de l\u2019arm\u00e9e : \u00ab mon PMAK, ma carte biom\u00e9trique\u2026 \u00e9taient dedans \u00bb\" \/>\n<meta property=\"og:description\" content=\"Africa-Press &#8211; Guin\u00e9e. L\u2019officier de l\u2019arme\u0301e, le Capitaine Facinet Ke\u0301ita, a traduit en justice un certain Fode\u0301 Kourouma pour le de\u0301tournement pre\u0301sume\u0301 d\u2019une voiture Toyota RAV4. Tous les deux e\u0301taient a\u0300 la barre du tribunal correctionnel de Dixinn ce jeudi 26 janvier 2023. A tour de ro\u0302le, ils ont fait leur de\u0301position devant le juge [&hellip;]\" \/>\n<meta property=\"og:url\" content=\"https:\/\/www.africa-press.net\/guinee-conakry\/politique\/fode-kourouma-disparait-avec-la-voiture-dun-capitaine-de-larmee-mon-pmak-ma-carte-biometrique-etaient-dedans\" \/>\n<meta property=\"og:site_name\" content=\"guinee Conakry\" \/>\n<meta property=\"article:published_time\" content=\"2023-01-26T20:06:00+00:00\" \/>\n<meta name=\"author\" content=\"cfeditorfr\" \/>\n<meta name=\"twitter:card\" content=\"summary_large_image\" \/>\n<meta name=\"twitter:label1\" content=\"\u00c9crit par\" \/>\n\t<meta name=\"twitter:data1\" content=\"cfeditorfr\" \/>\n\t<meta name=\"twitter:label2\" content=\"Dur\u00e9e de lecture estim\u00e9e\" \/>\n\t<meta name=\"twitter:data2\" content=\"3 minutes\" \/>\n<script type=\"application\/ld+json\" class=\"yoast-schema-graph\">{\"@context\":\"https:\/\/schema.org\",\"@graph\":[{\"@type\":\"Article\",\"@id\":\"https:\/\/www.africa-press.net\/guinee-conakry\/politique\/fode-kourouma-disparait-avec-la-voiture-dun-capitaine-de-larmee-mon-pmak-ma-carte-biometrique-etaient-dedans#article\",\"isPartOf\":{\"@id\":\"https:\/\/www.africa-press.net\/guinee-conakry\/politique\/fode-kourouma-disparait-avec-la-voiture-dun-capitaine-de-larmee-mon-pmak-ma-carte-biometrique-etaient-dedans\"},\"author\":{\"name\":\"cfeditorfr\",\"@id\":\"https:\/\/www.africa-press.net\/guinee-conakry\/#\/schema\/person\/2b1cf3cd81a31e3cd26889ca66d677f1\"},\"headline\":\"Fod\u00e9 Kourouma dispara\u00eet avec la voiture d\u2019un Capitaine de l\u2019arm\u00e9e : \u00ab mon PMAK, ma carte biom\u00e9trique\u2026 \u00e9taient dedans \u00bb\",\"datePublished\":\"2023-01-26T20:06:00+00:00\",\"mainEntityOfPage\":{\"@id\":\"https:\/\/www.africa-press.net\/guinee-conakry\/politique\/fode-kourouma-disparait-avec-la-voiture-dun-capitaine-de-larmee-mon-pmak-ma-carte-biometrique-etaient-dedans\"},\"wordCount\":603,\"commentCount\":0,\"image\":{\"@id\":\"https:\/\/www.africa-press.net\/guinee-conakry\/politique\/fode-kourouma-disparait-avec-la-voiture-dun-capitaine-de-larmee-mon-pmak-ma-carte-biometrique-etaient-dedans#primaryimage\"},\"thumbnailUrl\":\"https:\/\/static.africa-press.net\/conakry\/sites\/63\/2023\/01\/Jokar1674750966.248589.jpg\",\"keywords\":[\"Africa Press\",\"Africa Press-Guin\u00e9e\",\"Guin\u00e9e\"],\"articleSection\":[\"Communaut\u00e9\",\"Toutes les actualit\u00e9s\"],\"inLanguage\":\"fr-FR\",\"potentialAction\":[{\"@type\":\"CommentAction\",\"name\":\"Comment\",\"target\":[\"https:\/\/www.africa-press.net\/guinee-conakry\/politique\/fode-kourouma-disparait-avec-la-voiture-dun-capitaine-de-larmee-mon-pmak-ma-carte-biometrique-etaient-dedans#respond\"]}]},{\"@type\":\"WebPage\",\"@id\":\"https:\/\/www.africa-press.net\/guinee-conakry\/politique\/fode-kourouma-disparait-avec-la-voiture-dun-capitaine-de-larmee-mon-pmak-ma-carte-biometrique-etaient-dedans\",\"url\":\"https:\/\/www.africa-press.net\/guinee-conakry\/politique\/fode-kourouma-disparait-avec-la-voiture-dun-capitaine-de-larmee-mon-pmak-ma-carte-biometrique-etaient-dedans\",\"name\":\"Fod\u00e9 Kourouma dispara\u00eet avec la voiture d\u2019un Capitaine de l\u2019arm\u00e9e : \u00ab mon PMAK, ma carte biom\u00e9trique\u2026 \u00e9taient dedans \u00bb - guinee Conakry\",\"isPartOf\":{\"@id\":\"https:\/\/www.africa-press.net\/guinee-conakry\/#website\"},\"primaryImageOfPage\":{\"@id\":\"https:\/\/www.africa-press.net\/guinee-conakry\/politique\/fode-kourouma-disparait-avec-la-voiture-dun-capitaine-de-larmee-mon-pmak-ma-carte-biometrique-etaient-dedans#primaryimage\"},\"image\":{\"@id\":\"https:\/\/www.africa-press.net\/guinee-conakry\/politique\/fode-kourouma-disparait-avec-la-voiture-dun-capitaine-de-larmee-mon-pmak-ma-carte-biometrique-etaient-dedans#primaryimage\"},\"thumbnailUrl\":\"https:\/\/static.africa-press.net\/conakry\/sites\/63\/2023\/01\/Jokar1674750966.248589.jpg\",\"datePublished\":\"2023-01-26T20:06:00+00:00\",\"author\":{\"@id\":\"https:\/\/www.africa-press.net\/guinee-conakry\/#\/schema\/person\/2b1cf3cd81a31e3cd26889ca66d677f1\"},\"breadcrumb\":{\"@id\":\"https:\/\/www.africa-press.net\/guinee-conakry\/politique\/fode-kourouma-disparait-avec-la-voiture-dun-capitaine-de-larmee-mon-pmak-ma-carte-biometrique-etaient-dedans#breadcrumb\"},\"inLanguage\":\"fr-FR\",\"potentialAction\":[{\"@type\":\"ReadAction\",\"target\":[\"https:\/\/www.africa-press.net\/guinee-conakry\/politique\/fode-kourouma-disparait-avec-la-voiture-dun-capitaine-de-larmee-mon-pmak-ma-carte-biometrique-etaient-dedans\"]}]},{\"@type\":\"ImageObject\",\"inLanguage\":\"fr-FR\",\"@id\":\"https:\/\/www.africa-press.net\/guinee-conakry\/politique\/fode-kourouma-disparait-avec-la-voiture-dun-capitaine-de-larmee-mon-pmak-ma-carte-biometrique-etaient-dedans#primaryimage\",\"url\":\"https:\/\/static.africa-press.net\/conakry\/sites\/63\/2023\/01\/Jokar1674750966.248589.jpg\",\"contentUrl\":\"https:\/\/static.africa-press.net\/conakry\/sites\/63\/2023\/01\/Jokar1674750966.248589.jpg\",\"width\":1280,\"height\":572,\"caption\":\"Fod\u00e9 Kourouma dispara\u00eet avec la voiture d\u2019un Capitaine de l\u2019arm\u00e9e : \u00ab mon PMAK, ma carte biom\u00e9trique\u2026 \u00e9taient dedans \u00bb\"},{\"@type\":\"BreadcrumbList\",\"@id\":\"https:\/\/www.africa-press.net\/guinee-conakry\/politique\/fode-kourouma-disparait-avec-la-voiture-dun-capitaine-de-larmee-mon-pmak-ma-carte-biometrique-etaient-dedans#breadcrumb\",\"itemListElement\":[{\"@type\":\"ListItem\",\"position\":1,\"name\":\"Accueil\",\"item\":\"https:\/\/www.africa-press.net\/guinee-conakry\/\"},{\"@type\":\"ListItem\",\"position\":2,\"name\":\"Fod\u00e9 Kourouma dispara\u00eet avec la voiture d\u2019un Capitaine de l\u2019arm\u00e9e : \u00ab mon PMAK, ma carte biom\u00e9trique\u2026 \u00e9taient dedans \u00bb\"}]},{\"@type\":\"WebSite\",\"@id\":\"https:\/\/www.africa-press.net\/guinee-conakry\/#website\",\"url\":\"https:\/\/www.africa-press.net\/guinee-conakry\/\",\"name\":\"guinee Conakry\",\"description\":\"Just another Africa News Agency Sites site\",\"potentialAction\":[{\"@type\":\"SearchAction\",\"target\":{\"@type\":\"EntryPoint\",\"urlTemplate\":\"https:\/\/www.africa-press.net\/guinee-conakry\/?s={search_term_string}\"},\"query-input\":{\"@type\":\"PropertyValueSpecification\",\"valueRequired\":true,\"valueName\":\"search_term_string\"}}],\"inLanguage\":\"fr-FR\"},{\"@type\":\"Person\",\"@id\":\"https:\/\/www.africa-press.net\/guinee-conakry\/#\/schema\/person\/2b1cf3cd81a31e3cd26889ca66d677f1\",\"name\":\"cfeditorfr\"}]}<\/script>\n<!-- \/ Yoast SEO Premium plugin. -->","yoast_head_json":{"title":"Fod\u00e9 Kourouma dispara\u00eet avec la voiture d\u2019un Capitaine de l\u2019arm\u00e9e : \u00ab mon PMAK, ma carte biom\u00e9trique\u2026 \u00e9taient dedans \u00bb - guinee Conakry","robots":{"index":"index","follow":"follow","max-snippet":"max-snippet:-1","max-image-preview":"max-image-preview:large","max-video-preview":"max-video-preview:-1"},"canonical":"https:\/\/www.africa-press.net\/guinee-conakry\/politique\/fode-kourouma-disparait-avec-la-voiture-dun-capitaine-de-larmee-mon-pmak-ma-carte-biometrique-etaient-dedans","og_locale":"fr_FR","og_type":"article","og_title":"Fod\u00e9 Kourouma dispara\u00eet avec la voiture d\u2019un Capitaine de l\u2019arm\u00e9e : \u00ab mon PMAK, ma carte biom\u00e9trique\u2026 \u00e9taient dedans \u00bb","og_description":"Africa-Press &#8211; Guin\u00e9e. L\u2019officier de l\u2019arme\u0301e, le Capitaine Facinet Ke\u0301ita, a traduit en justice un certain Fode\u0301 Kourouma pour le de\u0301tournement pre\u0301sume\u0301 d\u2019une voiture Toyota RAV4. Tous les deux e\u0301taient a\u0300 la barre du tribunal correctionnel de Dixinn ce jeudi 26 janvier 2023. A tour de ro\u0302le, ils ont fait leur de\u0301position devant le juge [&hellip;]","og_url":"https:\/\/www.africa-press.net\/guinee-conakry\/politique\/fode-kourouma-disparait-avec-la-voiture-dun-capitaine-de-larmee-mon-pmak-ma-carte-biometrique-etaient-dedans","og_site_name":"guinee Conakry","article_published_time":"2023-01-26T20:06:00+00:00","author":"cfeditorfr","twitter_card":"summary_large_image","twitter_misc":{"\u00c9crit par":"cfeditorfr","Dur\u00e9e de lecture estim\u00e9e":"3 minutes"},"schema":{"@context":"https:\/\/schema.org","@graph":[{"@type":"Article","@id":"https:\/\/www.africa-press.net\/guinee-conakry\/politique\/fode-kourouma-disparait-avec-la-voiture-dun-capitaine-de-larmee-mon-pmak-ma-carte-biometrique-etaient-dedans#article","isPartOf":{"@id":"https:\/\/www.africa-press.net\/guinee-conakry\/politique\/fode-kourouma-disparait-avec-la-voiture-dun-capitaine-de-larmee-mon-pmak-ma-carte-biometrique-etaient-dedans"},"author":{"name":"cfeditorfr","@id":"https:\/\/www.africa-press.net\/guinee-conakry\/#\/schema\/person\/2b1cf3cd81a31e3cd26889ca66d677f1"},"headline":"Fod\u00e9 Kourouma dispara\u00eet avec la voiture d\u2019un Capitaine de l\u2019arm\u00e9e : \u00ab mon PMAK, ma carte biom\u00e9trique\u2026 \u00e9taient dedans \u00bb","datePublished":"2023-01-26T20:06:00+00:00","mainEntityOfPage":{"@id":"https:\/\/www.africa-press.net\/guinee-conakry\/politique\/fode-kourouma-disparait-avec-la-voiture-dun-capitaine-de-larmee-mon-pmak-ma-carte-biometrique-etaient-dedans"},"wordCount":603,"commentCount":0,"image":{"@id":"https:\/\/www.africa-press.net\/guinee-conakry\/politique\/fode-kourouma-disparait-avec-la-voiture-dun-capitaine-de-larmee-mon-pmak-ma-carte-biometrique-etaient-dedans#primaryimage"},"thumbnailUrl":"https:\/\/static.africa-press.net\/conakry\/sites\/63\/2023\/01\/Jokar1674750966.248589.jpg","keywords":["Africa Press","Africa Press-Guin\u00e9e","Guin\u00e9e"],"articleSection":["Communaut\u00e9","Toutes les actualit\u00e9s"],"inLanguage":"fr-FR","potentialAction":[{"@type":"CommentAction","name":"Comment","target":["https:\/\/www.africa-press.net\/guinee-conakry\/politique\/fode-kourouma-disparait-avec-la-voiture-dun-capitaine-de-larmee-mon-pmak-ma-carte-biometrique-etaient-dedans#respond"]}]},{"@type":"WebPage","@id":"https:\/\/www.africa-press.net\/guinee-conakry\/politique\/fode-kourouma-disparait-avec-la-voiture-dun-capitaine-de-larmee-mon-pmak-ma-carte-biometrique-etaient-dedans","url":"https:\/\/www.africa-press.net\/guinee-conakry\/politique\/fode-kourouma-disparait-avec-la-voiture-dun-capitaine-de-larmee-mon-pmak-ma-carte-biometrique-etaient-dedans","name":"Fod\u00e9 Kourouma dispara\u00eet avec la voiture d\u2019un Capitaine de l\u2019arm\u00e9e : \u00ab mon PMAK, ma carte biom\u00e9trique\u2026 \u00e9taient dedans \u00bb - guinee Conakry","isPartOf":{"@id":"https:\/\/www.africa-press.net\/guinee-conakry\/#website"},"primaryImageOfPage":{"@id":"https:\/\/www.africa-press.net\/guinee-conakry\/politique\/fode-kourouma-disparait-avec-la-voiture-dun-capitaine-de-larmee-mon-pmak-ma-carte-biometrique-etaient-dedans#primaryimage"},"image":{"@id":"https:\/\/www.africa-press.net\/guinee-conakry\/politique\/fode-kourouma-disparait-avec-la-voiture-dun-capitaine-de-larmee-mon-pmak-ma-carte-biometrique-etaient-dedans#primaryimage"},"thumbnailUrl":"https:\/\/static.africa-press.net\/conakry\/sites\/63\/2023\/01\/Jokar1674750966.248589.jpg","datePublished":"2023-01-26T20:06:00+00:00","author":{"@id":"https:\/\/www.africa-press.net\/guinee-conakry\/#\/schema\/person\/2b1cf3cd81a31e3cd26889ca66d677f1"},"breadcrumb":{"@id":"https:\/\/www.africa-press.net\/guinee-conakry\/politique\/fode-kourouma-disparait-avec-la-voiture-dun-capitaine-de-larmee-mon-pmak-ma-carte-biometrique-etaient-dedans#breadcrumb"},"inLanguage":"fr-FR","potentialAction":[{"@type":"ReadAction","target":["https:\/\/www.africa-press.net\/guinee-conakry\/politique\/fode-kourouma-disparait-avec-la-voiture-dun-capitaine-de-larmee-mon-pmak-ma-carte-biometrique-etaient-dedans"]}]},{"@type":"ImageObject","inLanguage":"fr-FR","@id":"https:\/\/www.africa-press.net\/guinee-conakry\/politique\/fode-kourouma-disparait-avec-la-voiture-dun-capitaine-de-larmee-mon-pmak-ma-carte-biometrique-etaient-dedans#primaryimage","url":"https:\/\/static.africa-press.net\/conakry\/sites\/63\/2023\/01\/Jokar1674750966.248589.jpg","contentUrl":"https:\/\/static.africa-press.net\/conakry\/sites\/63\/2023\/01\/Jokar1674750966.248589.jpg","width":1280,"height":572,"caption":"Fod\u00e9 Kourouma dispara\u00eet avec la voiture d\u2019un Capitaine de l\u2019arm\u00e9e : \u00ab mon PMAK, ma carte biom\u00e9trique\u2026 \u00e9taient dedans \u00bb"},{"@type":"BreadcrumbList","@id":"https:\/\/www.africa-press.net\/guinee-conakry\/politique\/fode-kourouma-disparait-avec-la-voiture-dun-capitaine-de-larmee-mon-pmak-ma-carte-biometrique-etaient-dedans#breadcrumb","itemListElement":[{"@type":"ListItem","position":1,"name":"Accueil","item":"https:\/\/www.africa-press.net\/guinee-conakry\/"},{"@type":"ListItem","position":2,"name":"Fod\u00e9 Kourouma dispara\u00eet avec la voiture d\u2019un Capitaine de l\u2019arm\u00e9e : \u00ab mon PMAK, ma carte biom\u00e9trique\u2026 \u00e9taient dedans \u00bb"}]},{"@type":"WebSite","@id":"https:\/\/www.africa-press.net\/guinee-conakry\/#website","url":"https:\/\/www.africa-press.net\/guinee-conakry\/","name":"guinee Conakry","description":"Just another Africa News Agency Sites site","potentialAction":[{"@type":"SearchAction","target":{"@type":"EntryPoint","urlTemplate":"https:\/\/www.africa-press.net\/guinee-conakry\/?s={search_term_string}"},"query-input":{"@type":"PropertyValueSpecification","valueRequired":true,"valueName":"search_term_string"}}],"inLanguage":"fr-FR"},{"@type":"Person","@id":"https:\/\/www.africa-press.net\/guinee-conakry\/#\/schema\/person\/2b1cf3cd81a31e3cd26889ca66d677f1","name":"cfeditorfr"}]}},"_links":{"self":[{"href":"https:\/\/www.africa-press.net\/guinee-conakry\/wp-json\/wp\/v2\/posts\/11592","targetHints":{"allow":["GET"]}}],"collection":[{"href":"https:\/\/www.africa-press.net\/guinee-conakry\/wp-json\/wp\/v2\/posts"}],"about":[{"href":"https:\/\/www.africa-press.net\/guinee-conakry\/wp-json\/wp\/v2\/types\/post"}],"author":[{"embeddable":true,"href":"https:\/\/www.africa-press.net\/guinee-conakry\/wp-json\/wp\/v2\/users\/82"}],"replies":[{"embeddable":true,"href":"https:\/\/www.africa-press.net\/guinee-conakry\/wp-json\/wp\/v2\/comments?post=11592"}],"version-history":[{"count":0,"href":"https:\/\/www.africa-press.net\/guinee-conakry\/wp-json\/wp\/v2\/posts\/11592\/revisions"}],"wp:featuredmedia":[{"embeddable":true,"href":"https:\/\/www.africa-press.net\/guinee-conakry\/wp-json\/wp\/v2\/media\/11591"}],"wp:attachment":[{"href":"https:\/\/www.africa-press.net\/guinee-conakry\/wp-json\/wp\/v2\/media?parent=11592"}],"wp:term":[{"taxonomy":"category","embeddable":true,"href":"https:\/\/www.africa-press.net\/guinee-conakry\/wp-json\/wp\/v2\/categories?post=11592"},{"taxonomy":"post_tag","embeddable":true,"href":"https:\/\/www.africa-press.net\/guinee-conakry\/wp-json\/wp\/v2\/tags?post=11592"}],"curies":[{"name":"wp","href":"https:\/\/api.w.org\/{rel}","templated":true}]}}