{"id":11604,"date":"2023-01-26T20:19:00","date_gmt":"2023-01-26T20:19:00","guid":{"rendered":"https:\/\/www.africa-press.net\/guinee-conakry\/politique\/declaration-de-cotonou-sur-la-democratie-letat-de-droit-et-le-respect-des-principes-constitutionnels-en-afrique"},"modified":"2023-01-26T20:19:00","modified_gmt":"2023-01-26T20:19:00","slug":"declaration-de-cotonou-sur-la-democratie-letat-de-droit-et-le-respect-des-principes-constitutionnels-en-afrique","status":"publish","type":"post","link":"https:\/\/www.africa-press.net\/guinee-conakry\/politique\/declaration-de-cotonou-sur-la-democratie-letat-de-droit-et-le-respect-des-principes-constitutionnels-en-afrique","title":{"rendered":"D\u00e9claration de Cotonou sur la d\u00e9mocratie, l\u2019\u00c9tat de droit et le respect des principes constitutionnels en Afrique"},"content":{"rendered":"<p><span style=\"color: #ff6600\"><strong>Africa-Press &#8211; Guin\u00e9e. <\/strong><\/span>Cotonou, le 26 janvier 2023<\/p>\n<p>Du 23 au 26 janvier 2023, s\u2019est tenue a\u0300 Cotonou, l\u2019Assemble\u0301e ge\u0301ne\u0301rale de Tournons La Page (TLP). Cet e\u0301ve\u0300nement important dans la vie de TLP a vu la participation d\u2019une centaine d\u2019acteurs venus d\u2019Afrique, d\u2019Europe, d\u2019Ame\u0301rique et du Moyen Orient dont les repre\u0301sentant.e.s des coalitions nationales de TLP, les repre\u0301sentant.e.s de coalitions aspirant a\u0300 l\u2019adhe\u0301sion, des organisations partenaires ainsi que des repre\u0301sentants de partenaires techniques et financiers.<\/p>\n<p>Au terme de cet e\u0301ve\u0300nement, nous, membres de l\u2019Assemble\u0301e ge\u0301ne\u0301rale de Tournons La Page, de\u0301clarons ce qui suit :<\/p>\n<p>1. De prime abord, nous remercions chaleureusement tous les partenaires techniques et financiers, le secre\u0301tariat international ainsi que toutes les personnes ayant contribue\u0301 a\u0300 la tenue et la re\u0301ussite de cette rencontre. Nous remercions de manie\u0300re particulie\u0300re les autorite\u0301s be\u0301ninoises pour l\u2019accueil hospitalier qui a e\u0301te\u0301 re\u0301serve\u0301 aux diffe\u0301rent.e.s de\u0301le\u0301gue\u0301.e.s.<\/p>\n<p>2. Nous regrettons que dans de nombreux pays repre\u0301sente\u0301s, il persiste d\u2019e\u0301normes de\u0301fis quant a\u0300 l\u2019alternance de\u0301mocratique, l\u2019E\u0301tat de droit, le respect des principes constitutionnels et des droits humains. Les re\u0301flexes dictatoriaux et re\u0301pressifs, les pratiques d\u2019exclusion et de mauvaise gouvernance, les fraudes e\u0301lectorales, l\u2019oppression contre les membres de TLP ainsi que des acteurs pro-de\u0301mocratie, les coups d\u2019E\u0301tat militaires et constitutionnels, le terrorisme et les conflits arme\u0301s sont des maux qui minent nos pays et qui constituent des handicaps se\u0301rieux a\u0300 l\u2019e\u0301closion d\u2019une ve\u0301ritable de\u0301mocratie ;<\/p>\n<p>3. Nous condamnons la restriction grandissante de l\u2019espace civique et toutes les conse\u0301quences que cette situation comporte sur la vie des citoyens.<\/p>\n<p>Ainsi, nous condamnons avec e\u0301nergie l\u2019arrestation et l\u2019emprisonnement arbitraires que subissent nos colle\u0300gues Ibrahima DIALLO, Oumar SYLLA et Mamadou Billo BAH en Guine\u0301e, Jean Re\u0301my YAMA au Gabon, Prince FADEL au Togo et Floriane IRANGABIYE au Burundi arre\u0302te\u0301s pour leur travail de veille citoyenne et de de\u0301nonciation des violations. Nous demandons unanimement leur libe\u0301ration inconditionnelle et nous re\u0301affirmons notre plein soutien a\u0300 leur e\u0301gard. Ces pratiques dissuasives et re\u0301pressives initie\u0301es par certains gouvernements ne vont ni nous de\u0301courager, ni nous empe\u0302cher de continuer notre lutte citoyenne en faveur de la de\u0301mocratie, l\u2019E\u0301tat de droit, le respect des principes constitutionnels ainsi que l\u2019e\u0301galite\u0301 des citoyens devant la loi.<\/p>\n<p>4. Dans de nombreux pays, les citoyens ne sont pas e\u0301gaux devant la loi. Des pratiques de discrimination base\u0301es sur l\u2019appartenance politique sont devenues monnaie courante et cre\u0301ent des frustrations de toutes sortes.<\/p>\n<p>L\u2019instrumentalisation de la justice est telle que cette dernie\u0300re est devenue un outil de re\u0301pression, assujettie a\u0300 la volonte\u0301 du pouvoir exe\u0301cutif au lieu d\u2019e\u0302tre un pouvoir qui prote\u0300ge les citoyens.<\/p>\n<p>5. Nous constatons avec regret que certains chefs d\u2019E\u0301tat en exercice ont de\u0301ja\u0300 exprime\u0301 leurs pre\u0301tentions de se maintenir au pouvoir en violation des principes constitutionnels en rapport avec la limitation des mandats pre\u0301sidentiels, des pratiques qui mettent en pe\u0301ril la stabilite\u0301 des pays ainsi les acquis de la de\u0301mocratie tout en hypothe\u0301quant l\u2019avenir de la jeunesse de leurs pays ;<\/p>\n<p>6. Nous sommes conscients du ro\u0302le central des femmes et de la jeunesse au sein des diffe\u0301rents pays. En vue de pe\u0301renniser le re\u0301seau TLP et de le rendre en ade\u0301quation avec les re\u0301alite\u0301s de nos contextes d\u2019actions, nous nous engageons a\u0300 l\u2019inclusion progressive et effective des jeunes et des femmes dans toutes ses structures et plus particulie\u0300rement dans les instances de prise de de\u0301cision ;<\/p>\n<p>7. Nous sommes heureux et fiers d\u2019accueillir les nouvelles coalitions de Tournons La Page au Be\u0301nin, au Malawi, au Mali et en Ouganda. Nous souhaitons la bienvenue a\u0300 ces nouvelles coalitions qui ont fait le choix de rejoindre notre re\u0301seau, nous sommes convaincus que leur adhe\u0301sion renforcera TLP et vice-versa ;<\/p>\n<p>De tout ce qui pre\u0301ce\u0300de :<\/p>\n<p>A. TLP renouvelle ses engagements en faveur de la de\u0301mocratie, le respect des principes constitutionnels sur la limitation des mandats pre\u0301sidentiels, l\u2019E\u0301tat de droit, l\u2019e\u0301galite\u0301 de tous devant la loi et l\u2019ouverture de l\u2019espace civique ;<\/p>\n<p>B. TLP demande aux gouvernements burundais, gabonais, guine\u0301en et togolais de libe\u0301rer nos colle\u0300gues Floriane IRANGABIYE, Jean Re\u0301my YAMA, Ibrahima DIALLO, Oumar SYLLA, Mamadou Billo BAH et Prince FADEL qui croupissent en prison, poursuivis pour leur travail de de\u0301fense des droits humains et de la de\u0301mocratie ;<\/p>\n<p>C. Nous appelons a\u0300 tous les dirigeants africains de cesser les violences d\u2019e\u0301tat contre les citoyens, les de\u0301fenseurs de droits humains, les acteurs pro-de\u0301mocratie et d\u2019ouvrir l\u2019espace civique en vue de garantir la stabilite\u0301 sociale et l\u2019e\u0301panouissement des populations.<\/p>\n<p>D. One Two and No more : Pas de De\u0301mocratie sans alternance<\/p>\n<p>Nuisance sonore a\u0300 Conakry : Tidiane Toure\u0301, Henry et Mamadou Mansare\u0301 poursuivis pour bruit et tapage nocturne<\/p>\n<p>Lire la suite<\/p>\n<p><strong>Pour plus d&rsquo;informations et d&rsquo;analyses sur la <a href=\"https:\/\/www.africa-press.net\/guinee-conakry\">Guin\u00e9e<\/a>, suivez <a href=\"https:\/\/www.africa-press.net\/\">Africa-Press<\/a><\/strong><\/p>\n","protected":false},"excerpt":{"rendered":"<p>Africa-Press &#8211; Guin\u00e9e. Cotonou, le 26 janvier 2023 Du 23 au 26 janvier 2023, s\u2019est tenue a\u0300 Cotonou, l\u2019Assemble\u0301e ge\u0301ne\u0301rale de Tournons La Page (TLP). Cet e\u0301ve\u0300nement important dans la vie de TLP a vu la participation d\u2019une centaine d\u2019acteurs venus d\u2019Afrique, d\u2019Europe, d\u2019Ame\u0301rique et du Moyen Orient dont les repre\u0301sentant.e.s des coalitions nationales de [&hellip;]<\/p>\n","protected":false},"author":82,"featured_media":11603,"comment_status":"open","ping_status":"closed","sticky":false,"template":"","format":"standard","meta":{"footnotes":""},"categories":[2,10],"tags":[36,57,58],"class_list":["post-11604","post","type-post","status-publish","format-standard","has-post-thumbnail","hentry","category-politique","category-toutes-les-actualites","tag-africa-press","tag-africa-press-guinee","tag-guinee"],"yoast_head":"<!-- This site is optimized with the Yoast SEO Premium plugin v26.1 (Yoast SEO v27.0) - https:\/\/yoast.com\/product\/yoast-seo-premium-wordpress\/ -->\n<title>D\u00e9claration de Cotonou sur la d\u00e9mocratie, l\u2019\u00c9tat de droit et le respect des principes constitutionnels en Afrique - guinee Conakry<\/title>\n<meta name=\"robots\" content=\"index, follow, max-snippet:-1, max-image-preview:large, max-video-preview:-1\" \/>\n<link rel=\"canonical\" href=\"https:\/\/www.africa-press.net\/guinee-conakry\/politique\/declaration-de-cotonou-sur-la-democratie-letat-de-droit-et-le-respect-des-principes-constitutionnels-en-afrique\" \/>\n<meta property=\"og:locale\" content=\"fr_FR\" \/>\n<meta property=\"og:type\" content=\"article\" \/>\n<meta property=\"og:title\" content=\"D\u00e9claration de Cotonou sur la d\u00e9mocratie, l\u2019\u00c9tat de droit et le respect des principes constitutionnels en Afrique\" \/>\n<meta property=\"og:description\" content=\"Africa-Press &#8211; Guin\u00e9e. Cotonou, le 26 janvier 2023 Du 23 au 26 janvier 2023, s\u2019est tenue a\u0300 Cotonou, l\u2019Assemble\u0301e ge\u0301ne\u0301rale de Tournons La Page (TLP). Cet e\u0301ve\u0300nement important dans la vie de TLP a vu la participation d\u2019une centaine d\u2019acteurs venus d\u2019Afrique, d\u2019Europe, d\u2019Ame\u0301rique et du Moyen Orient dont les repre\u0301sentant.e.s des coalitions nationales de [&hellip;]\" \/>\n<meta property=\"og:url\" content=\"https:\/\/www.africa-press.net\/guinee-conakry\/politique\/declaration-de-cotonou-sur-la-democratie-letat-de-droit-et-le-respect-des-principes-constitutionnels-en-afrique\" \/>\n<meta property=\"og:site_name\" content=\"guinee Conakry\" \/>\n<meta property=\"article:published_time\" content=\"2023-01-26T20:19:00+00:00\" \/>\n<meta name=\"author\" content=\"cfeditorfr\" \/>\n<meta name=\"twitter:card\" content=\"summary_large_image\" \/>\n<meta name=\"twitter:label1\" content=\"\u00c9crit par\" \/>\n\t<meta name=\"twitter:data1\" content=\"cfeditorfr\" \/>\n\t<meta name=\"twitter:label2\" content=\"Dur\u00e9e de lecture estim\u00e9e\" \/>\n\t<meta name=\"twitter:data2\" content=\"5 minutes\" \/>\n<script type=\"application\/ld+json\" class=\"yoast-schema-graph\">{\"@context\":\"https:\/\/schema.org\",\"@graph\":[{\"@type\":\"Article\",\"@id\":\"https:\/\/www.africa-press.net\/guinee-conakry\/politique\/declaration-de-cotonou-sur-la-democratie-letat-de-droit-et-le-respect-des-principes-constitutionnels-en-afrique#article\",\"isPartOf\":{\"@id\":\"https:\/\/www.africa-press.net\/guinee-conakry\/politique\/declaration-de-cotonou-sur-la-democratie-letat-de-droit-et-le-respect-des-principes-constitutionnels-en-afrique\"},\"author\":{\"name\":\"cfeditorfr\",\"@id\":\"https:\/\/www.africa-press.net\/guinee-conakry\/#\/schema\/person\/2b1cf3cd81a31e3cd26889ca66d677f1\"},\"headline\":\"D\u00e9claration de Cotonou sur la d\u00e9mocratie, l\u2019\u00c9tat de droit et le respect des principes constitutionnels en Afrique\",\"datePublished\":\"2023-01-26T20:19:00+00:00\",\"mainEntityOfPage\":{\"@id\":\"https:\/\/www.africa-press.net\/guinee-conakry\/politique\/declaration-de-cotonou-sur-la-democratie-letat-de-droit-et-le-respect-des-principes-constitutionnels-en-afrique\"},\"wordCount\":925,\"commentCount\":0,\"image\":{\"@id\":\"https:\/\/www.africa-press.net\/guinee-conakry\/politique\/declaration-de-cotonou-sur-la-democratie-letat-de-droit-et-le-respect-des-principes-constitutionnels-en-afrique#primaryimage\"},\"thumbnailUrl\":\"https:\/\/static.africa-press.net\/conakry\/sites\/63\/2023\/01\/Jokar1674751795.692295.jpg\",\"keywords\":[\"Africa Press\",\"Africa Press-Guin\u00e9e\",\"Guin\u00e9e\"],\"articleSection\":[\"Politique\",\"Toutes les actualit\u00e9s\"],\"inLanguage\":\"fr-FR\",\"potentialAction\":[{\"@type\":\"CommentAction\",\"name\":\"Comment\",\"target\":[\"https:\/\/www.africa-press.net\/guinee-conakry\/politique\/declaration-de-cotonou-sur-la-democratie-letat-de-droit-et-le-respect-des-principes-constitutionnels-en-afrique#respond\"]}]},{\"@type\":\"WebPage\",\"@id\":\"https:\/\/www.africa-press.net\/guinee-conakry\/politique\/declaration-de-cotonou-sur-la-democratie-letat-de-droit-et-le-respect-des-principes-constitutionnels-en-afrique\",\"url\":\"https:\/\/www.africa-press.net\/guinee-conakry\/politique\/declaration-de-cotonou-sur-la-democratie-letat-de-droit-et-le-respect-des-principes-constitutionnels-en-afrique\",\"name\":\"D\u00e9claration de Cotonou sur la d\u00e9mocratie, l\u2019\u00c9tat de droit et le respect des principes constitutionnels en Afrique - guinee Conakry\",\"isPartOf\":{\"@id\":\"https:\/\/www.africa-press.net\/guinee-conakry\/#website\"},\"primaryImageOfPage\":{\"@id\":\"https:\/\/www.africa-press.net\/guinee-conakry\/politique\/declaration-de-cotonou-sur-la-democratie-letat-de-droit-et-le-respect-des-principes-constitutionnels-en-afrique#primaryimage\"},\"image\":{\"@id\":\"https:\/\/www.africa-press.net\/guinee-conakry\/politique\/declaration-de-cotonou-sur-la-democratie-letat-de-droit-et-le-respect-des-principes-constitutionnels-en-afrique#primaryimage\"},\"thumbnailUrl\":\"https:\/\/static.africa-press.net\/conakry\/sites\/63\/2023\/01\/Jokar1674751795.692295.jpg\",\"datePublished\":\"2023-01-26T20:19:00+00:00\",\"author\":{\"@id\":\"https:\/\/www.africa-press.net\/guinee-conakry\/#\/schema\/person\/2b1cf3cd81a31e3cd26889ca66d677f1\"},\"breadcrumb\":{\"@id\":\"https:\/\/www.africa-press.net\/guinee-conakry\/politique\/declaration-de-cotonou-sur-la-democratie-letat-de-droit-et-le-respect-des-principes-constitutionnels-en-afrique#breadcrumb\"},\"inLanguage\":\"fr-FR\",\"potentialAction\":[{\"@type\":\"ReadAction\",\"target\":[\"https:\/\/www.africa-press.net\/guinee-conakry\/politique\/declaration-de-cotonou-sur-la-democratie-letat-de-droit-et-le-respect-des-principes-constitutionnels-en-afrique\"]}]},{\"@type\":\"ImageObject\",\"inLanguage\":\"fr-FR\",\"@id\":\"https:\/\/www.africa-press.net\/guinee-conakry\/politique\/declaration-de-cotonou-sur-la-democratie-letat-de-droit-et-le-respect-des-principes-constitutionnels-en-afrique#primaryimage\",\"url\":\"https:\/\/static.africa-press.net\/conakry\/sites\/63\/2023\/01\/Jokar1674751795.692295.jpg\",\"contentUrl\":\"https:\/\/static.africa-press.net\/conakry\/sites\/63\/2023\/01\/Jokar1674751795.692295.jpg\",\"width\":745,\"height\":628,\"caption\":\"D\u00e9claration de Cotonou sur la d\u00e9mocratie, l\u2019\u00c9tat de droit et le respect des principes constitutionnels en Afrique\"},{\"@type\":\"BreadcrumbList\",\"@id\":\"https:\/\/www.africa-press.net\/guinee-conakry\/politique\/declaration-de-cotonou-sur-la-democratie-letat-de-droit-et-le-respect-des-principes-constitutionnels-en-afrique#breadcrumb\",\"itemListElement\":[{\"@type\":\"ListItem\",\"position\":1,\"name\":\"Accueil\",\"item\":\"https:\/\/www.africa-press.net\/guinee-conakry\/\"},{\"@type\":\"ListItem\",\"position\":2,\"name\":\"D\u00e9claration de Cotonou sur la d\u00e9mocratie, l\u2019\u00c9tat de droit et le respect des principes constitutionnels en Afrique\"}]},{\"@type\":\"WebSite\",\"@id\":\"https:\/\/www.africa-press.net\/guinee-conakry\/#website\",\"url\":\"https:\/\/www.africa-press.net\/guinee-conakry\/\",\"name\":\"guinee Conakry\",\"description\":\"Just another Africa News Agency Sites site\",\"potentialAction\":[{\"@type\":\"SearchAction\",\"target\":{\"@type\":\"EntryPoint\",\"urlTemplate\":\"https:\/\/www.africa-press.net\/guinee-conakry\/?s={search_term_string}\"},\"query-input\":{\"@type\":\"PropertyValueSpecification\",\"valueRequired\":true,\"valueName\":\"search_term_string\"}}],\"inLanguage\":\"fr-FR\"},{\"@type\":\"Person\",\"@id\":\"https:\/\/www.africa-press.net\/guinee-conakry\/#\/schema\/person\/2b1cf3cd81a31e3cd26889ca66d677f1\",\"name\":\"cfeditorfr\"}]}<\/script>\n<!-- \/ Yoast SEO Premium plugin. -->","yoast_head_json":{"title":"D\u00e9claration de Cotonou sur la d\u00e9mocratie, l\u2019\u00c9tat de droit et le respect des principes constitutionnels en Afrique - guinee Conakry","robots":{"index":"index","follow":"follow","max-snippet":"max-snippet:-1","max-image-preview":"max-image-preview:large","max-video-preview":"max-video-preview:-1"},"canonical":"https:\/\/www.africa-press.net\/guinee-conakry\/politique\/declaration-de-cotonou-sur-la-democratie-letat-de-droit-et-le-respect-des-principes-constitutionnels-en-afrique","og_locale":"fr_FR","og_type":"article","og_title":"D\u00e9claration de Cotonou sur la d\u00e9mocratie, l\u2019\u00c9tat de droit et le respect des principes constitutionnels en Afrique","og_description":"Africa-Press &#8211; Guin\u00e9e. Cotonou, le 26 janvier 2023 Du 23 au 26 janvier 2023, s\u2019est tenue a\u0300 Cotonou, l\u2019Assemble\u0301e ge\u0301ne\u0301rale de Tournons La Page (TLP). Cet e\u0301ve\u0300nement important dans la vie de TLP a vu la participation d\u2019une centaine d\u2019acteurs venus d\u2019Afrique, d\u2019Europe, d\u2019Ame\u0301rique et du Moyen Orient dont les repre\u0301sentant.e.s des coalitions nationales de [&hellip;]","og_url":"https:\/\/www.africa-press.net\/guinee-conakry\/politique\/declaration-de-cotonou-sur-la-democratie-letat-de-droit-et-le-respect-des-principes-constitutionnels-en-afrique","og_site_name":"guinee Conakry","article_published_time":"2023-01-26T20:19:00+00:00","author":"cfeditorfr","twitter_card":"summary_large_image","twitter_misc":{"\u00c9crit par":"cfeditorfr","Dur\u00e9e de lecture estim\u00e9e":"5 minutes"},"schema":{"@context":"https:\/\/schema.org","@graph":[{"@type":"Article","@id":"https:\/\/www.africa-press.net\/guinee-conakry\/politique\/declaration-de-cotonou-sur-la-democratie-letat-de-droit-et-le-respect-des-principes-constitutionnels-en-afrique#article","isPartOf":{"@id":"https:\/\/www.africa-press.net\/guinee-conakry\/politique\/declaration-de-cotonou-sur-la-democratie-letat-de-droit-et-le-respect-des-principes-constitutionnels-en-afrique"},"author":{"name":"cfeditorfr","@id":"https:\/\/www.africa-press.net\/guinee-conakry\/#\/schema\/person\/2b1cf3cd81a31e3cd26889ca66d677f1"},"headline":"D\u00e9claration de Cotonou sur la d\u00e9mocratie, l\u2019\u00c9tat de droit et le respect des principes constitutionnels en Afrique","datePublished":"2023-01-26T20:19:00+00:00","mainEntityOfPage":{"@id":"https:\/\/www.africa-press.net\/guinee-conakry\/politique\/declaration-de-cotonou-sur-la-democratie-letat-de-droit-et-le-respect-des-principes-constitutionnels-en-afrique"},"wordCount":925,"commentCount":0,"image":{"@id":"https:\/\/www.africa-press.net\/guinee-conakry\/politique\/declaration-de-cotonou-sur-la-democratie-letat-de-droit-et-le-respect-des-principes-constitutionnels-en-afrique#primaryimage"},"thumbnailUrl":"https:\/\/static.africa-press.net\/conakry\/sites\/63\/2023\/01\/Jokar1674751795.692295.jpg","keywords":["Africa Press","Africa Press-Guin\u00e9e","Guin\u00e9e"],"articleSection":["Politique","Toutes les actualit\u00e9s"],"inLanguage":"fr-FR","potentialAction":[{"@type":"CommentAction","name":"Comment","target":["https:\/\/www.africa-press.net\/guinee-conakry\/politique\/declaration-de-cotonou-sur-la-democratie-letat-de-droit-et-le-respect-des-principes-constitutionnels-en-afrique#respond"]}]},{"@type":"WebPage","@id":"https:\/\/www.africa-press.net\/guinee-conakry\/politique\/declaration-de-cotonou-sur-la-democratie-letat-de-droit-et-le-respect-des-principes-constitutionnels-en-afrique","url":"https:\/\/www.africa-press.net\/guinee-conakry\/politique\/declaration-de-cotonou-sur-la-democratie-letat-de-droit-et-le-respect-des-principes-constitutionnels-en-afrique","name":"D\u00e9claration de Cotonou sur la d\u00e9mocratie, l\u2019\u00c9tat de droit et le respect des principes constitutionnels en Afrique - guinee Conakry","isPartOf":{"@id":"https:\/\/www.africa-press.net\/guinee-conakry\/#website"},"primaryImageOfPage":{"@id":"https:\/\/www.africa-press.net\/guinee-conakry\/politique\/declaration-de-cotonou-sur-la-democratie-letat-de-droit-et-le-respect-des-principes-constitutionnels-en-afrique#primaryimage"},"image":{"@id":"https:\/\/www.africa-press.net\/guinee-conakry\/politique\/declaration-de-cotonou-sur-la-democratie-letat-de-droit-et-le-respect-des-principes-constitutionnels-en-afrique#primaryimage"},"thumbnailUrl":"https:\/\/static.africa-press.net\/conakry\/sites\/63\/2023\/01\/Jokar1674751795.692295.jpg","datePublished":"2023-01-26T20:19:00+00:00","author":{"@id":"https:\/\/www.africa-press.net\/guinee-conakry\/#\/schema\/person\/2b1cf3cd81a31e3cd26889ca66d677f1"},"breadcrumb":{"@id":"https:\/\/www.africa-press.net\/guinee-conakry\/politique\/declaration-de-cotonou-sur-la-democratie-letat-de-droit-et-le-respect-des-principes-constitutionnels-en-afrique#breadcrumb"},"inLanguage":"fr-FR","potentialAction":[{"@type":"ReadAction","target":["https:\/\/www.africa-press.net\/guinee-conakry\/politique\/declaration-de-cotonou-sur-la-democratie-letat-de-droit-et-le-respect-des-principes-constitutionnels-en-afrique"]}]},{"@type":"ImageObject","inLanguage":"fr-FR","@id":"https:\/\/www.africa-press.net\/guinee-conakry\/politique\/declaration-de-cotonou-sur-la-democratie-letat-de-droit-et-le-respect-des-principes-constitutionnels-en-afrique#primaryimage","url":"https:\/\/static.africa-press.net\/conakry\/sites\/63\/2023\/01\/Jokar1674751795.692295.jpg","contentUrl":"https:\/\/static.africa-press.net\/conakry\/sites\/63\/2023\/01\/Jokar1674751795.692295.jpg","width":745,"height":628,"caption":"D\u00e9claration de Cotonou sur la d\u00e9mocratie, l\u2019\u00c9tat de droit et le respect des principes constitutionnels en Afrique"},{"@type":"BreadcrumbList","@id":"https:\/\/www.africa-press.net\/guinee-conakry\/politique\/declaration-de-cotonou-sur-la-democratie-letat-de-droit-et-le-respect-des-principes-constitutionnels-en-afrique#breadcrumb","itemListElement":[{"@type":"ListItem","position":1,"name":"Accueil","item":"https:\/\/www.africa-press.net\/guinee-conakry\/"},{"@type":"ListItem","position":2,"name":"D\u00e9claration de Cotonou sur la d\u00e9mocratie, l\u2019\u00c9tat de droit et le respect des principes constitutionnels en Afrique"}]},{"@type":"WebSite","@id":"https:\/\/www.africa-press.net\/guinee-conakry\/#website","url":"https:\/\/www.africa-press.net\/guinee-conakry\/","name":"guinee Conakry","description":"Just another Africa News Agency Sites site","potentialAction":[{"@type":"SearchAction","target":{"@type":"EntryPoint","urlTemplate":"https:\/\/www.africa-press.net\/guinee-conakry\/?s={search_term_string}"},"query-input":{"@type":"PropertyValueSpecification","valueRequired":true,"valueName":"search_term_string"}}],"inLanguage":"fr-FR"},{"@type":"Person","@id":"https:\/\/www.africa-press.net\/guinee-conakry\/#\/schema\/person\/2b1cf3cd81a31e3cd26889ca66d677f1","name":"cfeditorfr"}]}},"_links":{"self":[{"href":"https:\/\/www.africa-press.net\/guinee-conakry\/wp-json\/wp\/v2\/posts\/11604","targetHints":{"allow":["GET"]}}],"collection":[{"href":"https:\/\/www.africa-press.net\/guinee-conakry\/wp-json\/wp\/v2\/posts"}],"about":[{"href":"https:\/\/www.africa-press.net\/guinee-conakry\/wp-json\/wp\/v2\/types\/post"}],"author":[{"embeddable":true,"href":"https:\/\/www.africa-press.net\/guinee-conakry\/wp-json\/wp\/v2\/users\/82"}],"replies":[{"embeddable":true,"href":"https:\/\/www.africa-press.net\/guinee-conakry\/wp-json\/wp\/v2\/comments?post=11604"}],"version-history":[{"count":0,"href":"https:\/\/www.africa-press.net\/guinee-conakry\/wp-json\/wp\/v2\/posts\/11604\/revisions"}],"wp:featuredmedia":[{"embeddable":true,"href":"https:\/\/www.africa-press.net\/guinee-conakry\/wp-json\/wp\/v2\/media\/11603"}],"wp:attachment":[{"href":"https:\/\/www.africa-press.net\/guinee-conakry\/wp-json\/wp\/v2\/media?parent=11604"}],"wp:term":[{"taxonomy":"category","embeddable":true,"href":"https:\/\/www.africa-press.net\/guinee-conakry\/wp-json\/wp\/v2\/categories?post=11604"},{"taxonomy":"post_tag","embeddable":true,"href":"https:\/\/www.africa-press.net\/guinee-conakry\/wp-json\/wp\/v2\/tags?post=11604"}],"curies":[{"name":"wp","href":"https:\/\/api.w.org\/{rel}","templated":true}]}}