{"id":11736,"date":"2023-02-05T22:31:00","date_gmt":"2023-02-05T22:31:00","guid":{"rendered":"https:\/\/www.africa-press.net\/guinee-conakry\/politique\/kolaboui-boke-le-premier-ministre-inaugure-la-ligne-du-courant-electrique"},"modified":"2023-02-05T22:31:00","modified_gmt":"2023-02-05T22:31:00","slug":"kolaboui-boke-le-premier-ministre-inaugure-la-ligne-du-courant-electrique","status":"publish","type":"post","link":"https:\/\/www.africa-press.net\/guinee-conakry\/politique\/kolaboui-boke-le-premier-ministre-inaugure-la-ligne-du-courant-electrique","title":{"rendered":"Kolaboui\/Bok\u00e9 :\u00a0Le Premier ministre inaugure la ligne du courant \u00e9lectrique"},"content":{"rendered":"<p><span style=\"color: #ff6600\"><strong>Africa-Press &#8211; Guin\u00e9e. <\/strong><\/span>Le Premier ministre, Dr Bernard Goumou, accompagne\u0301 de certains ministres, a proce\u0301de\u0301 ce samedi 4 fe\u0301vrier 2023, a\u0300 la mise en service de la ligne e\u0301lectrique de la sous-pre\u0301fecture de Kolaboui.<\/p>\n<p>Pour le sous-pre\u0301fet de Kolaboui, Commandant Alse\u0301ny Sylla, sa population en majorite\u0301 rurale, a connu pour la premie\u0300re fois, le courant e\u0301lectrique en 2007. Malgre\u0301 cet exploit, cela n\u2019a pas mis fins aux agissements de la population faute d\u2019insatisfaction.<\/p>\n<p>C\u2019est pourquoi, le lancement du poste e\u0301lectrique de Kakoui a\u0300 Boke\u0301 le 3 septembre 2022 par le Premier ministre, constitue un ouf de soulagement.<\/p>\n<p>Ensuite, il a mis l\u2019occasion a\u0300 profit pour rendre hommage au Gouvernement du CNRD qui a diligente\u0301 le projet de construction de 305 logements de l\u2019ANAIM, d\u2019implantation d\u2019un poste e\u0301lectrique dans le district de Diassya. Des projets visant l\u2019ame\u0301lioration des conditions de vie des populations avec pour objectif, faire be\u0301ne\u0301ficier les filles et fils de la localite\u0301.<\/p>\n<p>Sa population qui soutient les ide\u0301aux de paix du pre\u0301sident de la Transition, Colonel Mamadi Doumbouya, s\u2019engage de\u0301sormais a\u0300 payer ses factures d\u2019e\u0301lectricite\u0301 en temps re\u0301el pour la culture de la paix et la quie\u0301tude sociale dans la commune rurale de Kolaboui.<\/p>\n<p>A cette occasion, le Premier ministre, Dr Bernard Goumou, a de\u0301clare\u0301 que \u201caujourd\u2019hui est un jour historique. La page de l\u2019obscurite\u0301 est de\u0301finitivement tourne\u0301e a\u0300 Kolaboui. Quand on parle de lumie\u0300re, on parle de clarte\u0301. Quand on parle de clarte\u0301, on parle de paix et d\u2019unite\u0301 nationale [&#8230;]. Depuis le 5 septembre 2021, le de\u0301veloppement est devenu re\u0301el en Re\u0301publique de Guine\u0301e. Les collectivite\u0301s de Boke\u0301, Kamsar, Kolaboui et Sangare\u0301di seront les villes les plus illumine\u0301es\u201d.<\/p>\n<p>Il s\u2019est re\u0301joui de la construction des 305 logements sociaux de l\u2019ANAIM dans la commune rurale de Kolaboui. Bernard Goumou a aussi exhorte\u0301 la population a\u0300 promouvoir les actes de civisme notamment, l\u2019assainissement de la ville et le paiement des factures d\u2019e\u0301lectricite\u0301 a\u0300 temps pour l\u2019entretien et la durabilite\u0301 du re\u0301seau.<\/p>\n<p><strong>Pour plus d&rsquo;informations et d&rsquo;analyses sur la <a href=\"https:\/\/www.africa-press.net\/guinee-conakry\">Guin\u00e9e<\/a>, suivez <a href=\"https:\/\/www.africa-press.net\/\">Africa-Press<\/a><\/strong><\/p>\n","protected":false},"excerpt":{"rendered":"<p>Africa-Press &#8211; Guin\u00e9e. Le Premier ministre, Dr Bernard Goumou, accompagne\u0301 de certains ministres, a proce\u0301de\u0301 ce samedi 4 fe\u0301vrier 2023, a\u0300 la mise en service de la ligne e\u0301lectrique de la sous-pre\u0301fecture de Kolaboui. Pour le sous-pre\u0301fet de Kolaboui, Commandant Alse\u0301ny Sylla, sa population en majorite\u0301 rurale, a connu pour la premie\u0300re fois, le courant [&hellip;]<\/p>\n","protected":false},"author":82,"featured_media":11735,"comment_status":"open","ping_status":"closed","sticky":false,"template":"","format":"standard","meta":{"footnotes":""},"categories":[2,10],"tags":[36,57,58],"class_list":["post-11736","post","type-post","status-publish","format-standard","has-post-thumbnail","hentry","category-politique","category-toutes-les-actualites","tag-africa-press","tag-africa-press-guinee","tag-guinee"],"yoast_head":"<!-- This site is optimized with the Yoast SEO Premium plugin v26.1 (Yoast SEO v27.0) - https:\/\/yoast.com\/product\/yoast-seo-premium-wordpress\/ -->\n<title>Kolaboui\/Bok\u00e9 :\u00a0Le Premier ministre inaugure la ligne du courant \u00e9lectrique - guinee Conakry<\/title>\n<meta name=\"robots\" content=\"index, follow, max-snippet:-1, max-image-preview:large, max-video-preview:-1\" \/>\n<link rel=\"canonical\" href=\"https:\/\/www.africa-press.net\/guinee-conakry\/politique\/kolaboui-boke-le-premier-ministre-inaugure-la-ligne-du-courant-electrique\" \/>\n<meta property=\"og:locale\" content=\"fr_FR\" \/>\n<meta property=\"og:type\" content=\"article\" \/>\n<meta property=\"og:title\" content=\"Kolaboui\/Bok\u00e9 :\u00a0Le Premier ministre inaugure la ligne du courant \u00e9lectrique\" \/>\n<meta property=\"og:description\" content=\"Africa-Press &#8211; Guin\u00e9e. Le Premier ministre, Dr Bernard Goumou, accompagne\u0301 de certains ministres, a proce\u0301de\u0301 ce samedi 4 fe\u0301vrier 2023, a\u0300 la mise en service de la ligne e\u0301lectrique de la sous-pre\u0301fecture de Kolaboui. Pour le sous-pre\u0301fet de Kolaboui, Commandant Alse\u0301ny Sylla, sa population en majorite\u0301 rurale, a connu pour la premie\u0300re fois, le courant [&hellip;]\" \/>\n<meta property=\"og:url\" content=\"https:\/\/www.africa-press.net\/guinee-conakry\/politique\/kolaboui-boke-le-premier-ministre-inaugure-la-ligne-du-courant-electrique\" \/>\n<meta property=\"og:site_name\" content=\"guinee Conakry\" \/>\n<meta property=\"article:published_time\" content=\"2023-02-05T22:31:00+00:00\" \/>\n<meta name=\"author\" content=\"cfeditorfr\" \/>\n<meta name=\"twitter:card\" content=\"summary_large_image\" \/>\n<meta name=\"twitter:label1\" content=\"\u00c9crit par\" \/>\n\t<meta name=\"twitter:data1\" content=\"cfeditorfr\" \/>\n\t<meta name=\"twitter:label2\" content=\"Dur\u00e9e de lecture estim\u00e9e\" \/>\n\t<meta name=\"twitter:data2\" content=\"2 minutes\" \/>\n<script type=\"application\/ld+json\" class=\"yoast-schema-graph\">{\"@context\":\"https:\/\/schema.org\",\"@graph\":[{\"@type\":\"Article\",\"@id\":\"https:\/\/www.africa-press.net\/guinee-conakry\/politique\/kolaboui-boke-le-premier-ministre-inaugure-la-ligne-du-courant-electrique#article\",\"isPartOf\":{\"@id\":\"https:\/\/www.africa-press.net\/guinee-conakry\/politique\/kolaboui-boke-le-premier-ministre-inaugure-la-ligne-du-courant-electrique\"},\"author\":{\"name\":\"cfeditorfr\",\"@id\":\"https:\/\/www.africa-press.net\/guinee-conakry\/#\/schema\/person\/2b1cf3cd81a31e3cd26889ca66d677f1\"},\"headline\":\"Kolaboui\/Bok\u00e9 :\u00a0Le Premier ministre inaugure la ligne du courant \u00e9lectrique\",\"datePublished\":\"2023-02-05T22:31:00+00:00\",\"mainEntityOfPage\":{\"@id\":\"https:\/\/www.africa-press.net\/guinee-conakry\/politique\/kolaboui-boke-le-premier-ministre-inaugure-la-ligne-du-courant-electrique\"},\"wordCount\":389,\"commentCount\":0,\"image\":{\"@id\":\"https:\/\/www.africa-press.net\/guinee-conakry\/politique\/kolaboui-boke-le-premier-ministre-inaugure-la-ligne-du-courant-electrique#primaryimage\"},\"thumbnailUrl\":\"https:\/\/static.africa-press.net\/conakry\/sites\/63\/2023\/02\/Jokar1675623682.036193.jpg\",\"keywords\":[\"Africa Press\",\"Africa Press-Guin\u00e9e\",\"Guin\u00e9e\"],\"articleSection\":[\"Politique\",\"Toutes les actualit\u00e9s\"],\"inLanguage\":\"fr-FR\",\"potentialAction\":[{\"@type\":\"CommentAction\",\"name\":\"Comment\",\"target\":[\"https:\/\/www.africa-press.net\/guinee-conakry\/politique\/kolaboui-boke-le-premier-ministre-inaugure-la-ligne-du-courant-electrique#respond\"]}]},{\"@type\":\"WebPage\",\"@id\":\"https:\/\/www.africa-press.net\/guinee-conakry\/politique\/kolaboui-boke-le-premier-ministre-inaugure-la-ligne-du-courant-electrique\",\"url\":\"https:\/\/www.africa-press.net\/guinee-conakry\/politique\/kolaboui-boke-le-premier-ministre-inaugure-la-ligne-du-courant-electrique\",\"name\":\"Kolaboui\/Bok\u00e9 :\u00a0Le Premier ministre inaugure la ligne du courant \u00e9lectrique - guinee Conakry\",\"isPartOf\":{\"@id\":\"https:\/\/www.africa-press.net\/guinee-conakry\/#website\"},\"primaryImageOfPage\":{\"@id\":\"https:\/\/www.africa-press.net\/guinee-conakry\/politique\/kolaboui-boke-le-premier-ministre-inaugure-la-ligne-du-courant-electrique#primaryimage\"},\"image\":{\"@id\":\"https:\/\/www.africa-press.net\/guinee-conakry\/politique\/kolaboui-boke-le-premier-ministre-inaugure-la-ligne-du-courant-electrique#primaryimage\"},\"thumbnailUrl\":\"https:\/\/static.africa-press.net\/conakry\/sites\/63\/2023\/02\/Jokar1675623682.036193.jpg\",\"datePublished\":\"2023-02-05T22:31:00+00:00\",\"author\":{\"@id\":\"https:\/\/www.africa-press.net\/guinee-conakry\/#\/schema\/person\/2b1cf3cd81a31e3cd26889ca66d677f1\"},\"breadcrumb\":{\"@id\":\"https:\/\/www.africa-press.net\/guinee-conakry\/politique\/kolaboui-boke-le-premier-ministre-inaugure-la-ligne-du-courant-electrique#breadcrumb\"},\"inLanguage\":\"fr-FR\",\"potentialAction\":[{\"@type\":\"ReadAction\",\"target\":[\"https:\/\/www.africa-press.net\/guinee-conakry\/politique\/kolaboui-boke-le-premier-ministre-inaugure-la-ligne-du-courant-electrique\"]}]},{\"@type\":\"ImageObject\",\"inLanguage\":\"fr-FR\",\"@id\":\"https:\/\/www.africa-press.net\/guinee-conakry\/politique\/kolaboui-boke-le-premier-ministre-inaugure-la-ligne-du-courant-electrique#primaryimage\",\"url\":\"https:\/\/static.africa-press.net\/conakry\/sites\/63\/2023\/02\/Jokar1675623682.036193.jpg\",\"contentUrl\":\"https:\/\/static.africa-press.net\/conakry\/sites\/63\/2023\/02\/Jokar1675623682.036193.jpg\",\"width\":1024,\"height\":472,\"caption\":\"Kolaboui\/Bok\u00e9 :\u00a0Le Premier ministre inaugure la ligne du courant \u00e9lectrique\"},{\"@type\":\"BreadcrumbList\",\"@id\":\"https:\/\/www.africa-press.net\/guinee-conakry\/politique\/kolaboui-boke-le-premier-ministre-inaugure-la-ligne-du-courant-electrique#breadcrumb\",\"itemListElement\":[{\"@type\":\"ListItem\",\"position\":1,\"name\":\"Accueil\",\"item\":\"https:\/\/www.africa-press.net\/guinee-conakry\/\"},{\"@type\":\"ListItem\",\"position\":2,\"name\":\"Kolaboui\/Bok\u00e9 :\u00a0Le Premier ministre inaugure la ligne du courant \u00e9lectrique\"}]},{\"@type\":\"WebSite\",\"@id\":\"https:\/\/www.africa-press.net\/guinee-conakry\/#website\",\"url\":\"https:\/\/www.africa-press.net\/guinee-conakry\/\",\"name\":\"guinee Conakry\",\"description\":\"Just another Africa News Agency Sites site\",\"potentialAction\":[{\"@type\":\"SearchAction\",\"target\":{\"@type\":\"EntryPoint\",\"urlTemplate\":\"https:\/\/www.africa-press.net\/guinee-conakry\/?s={search_term_string}\"},\"query-input\":{\"@type\":\"PropertyValueSpecification\",\"valueRequired\":true,\"valueName\":\"search_term_string\"}}],\"inLanguage\":\"fr-FR\"},{\"@type\":\"Person\",\"@id\":\"https:\/\/www.africa-press.net\/guinee-conakry\/#\/schema\/person\/2b1cf3cd81a31e3cd26889ca66d677f1\",\"name\":\"cfeditorfr\"}]}<\/script>\n<!-- \/ Yoast SEO Premium plugin. -->","yoast_head_json":{"title":"Kolaboui\/Bok\u00e9 :\u00a0Le Premier ministre inaugure la ligne du courant \u00e9lectrique - guinee Conakry","robots":{"index":"index","follow":"follow","max-snippet":"max-snippet:-1","max-image-preview":"max-image-preview:large","max-video-preview":"max-video-preview:-1"},"canonical":"https:\/\/www.africa-press.net\/guinee-conakry\/politique\/kolaboui-boke-le-premier-ministre-inaugure-la-ligne-du-courant-electrique","og_locale":"fr_FR","og_type":"article","og_title":"Kolaboui\/Bok\u00e9 :\u00a0Le Premier ministre inaugure la ligne du courant \u00e9lectrique","og_description":"Africa-Press &#8211; Guin\u00e9e. Le Premier ministre, Dr Bernard Goumou, accompagne\u0301 de certains ministres, a proce\u0301de\u0301 ce samedi 4 fe\u0301vrier 2023, a\u0300 la mise en service de la ligne e\u0301lectrique de la sous-pre\u0301fecture de Kolaboui. Pour le sous-pre\u0301fet de Kolaboui, Commandant Alse\u0301ny Sylla, sa population en majorite\u0301 rurale, a connu pour la premie\u0300re fois, le courant [&hellip;]","og_url":"https:\/\/www.africa-press.net\/guinee-conakry\/politique\/kolaboui-boke-le-premier-ministre-inaugure-la-ligne-du-courant-electrique","og_site_name":"guinee Conakry","article_published_time":"2023-02-05T22:31:00+00:00","author":"cfeditorfr","twitter_card":"summary_large_image","twitter_misc":{"\u00c9crit par":"cfeditorfr","Dur\u00e9e de lecture estim\u00e9e":"2 minutes"},"schema":{"@context":"https:\/\/schema.org","@graph":[{"@type":"Article","@id":"https:\/\/www.africa-press.net\/guinee-conakry\/politique\/kolaboui-boke-le-premier-ministre-inaugure-la-ligne-du-courant-electrique#article","isPartOf":{"@id":"https:\/\/www.africa-press.net\/guinee-conakry\/politique\/kolaboui-boke-le-premier-ministre-inaugure-la-ligne-du-courant-electrique"},"author":{"name":"cfeditorfr","@id":"https:\/\/www.africa-press.net\/guinee-conakry\/#\/schema\/person\/2b1cf3cd81a31e3cd26889ca66d677f1"},"headline":"Kolaboui\/Bok\u00e9 :\u00a0Le Premier ministre inaugure la ligne du courant \u00e9lectrique","datePublished":"2023-02-05T22:31:00+00:00","mainEntityOfPage":{"@id":"https:\/\/www.africa-press.net\/guinee-conakry\/politique\/kolaboui-boke-le-premier-ministre-inaugure-la-ligne-du-courant-electrique"},"wordCount":389,"commentCount":0,"image":{"@id":"https:\/\/www.africa-press.net\/guinee-conakry\/politique\/kolaboui-boke-le-premier-ministre-inaugure-la-ligne-du-courant-electrique#primaryimage"},"thumbnailUrl":"https:\/\/static.africa-press.net\/conakry\/sites\/63\/2023\/02\/Jokar1675623682.036193.jpg","keywords":["Africa Press","Africa Press-Guin\u00e9e","Guin\u00e9e"],"articleSection":["Politique","Toutes les actualit\u00e9s"],"inLanguage":"fr-FR","potentialAction":[{"@type":"CommentAction","name":"Comment","target":["https:\/\/www.africa-press.net\/guinee-conakry\/politique\/kolaboui-boke-le-premier-ministre-inaugure-la-ligne-du-courant-electrique#respond"]}]},{"@type":"WebPage","@id":"https:\/\/www.africa-press.net\/guinee-conakry\/politique\/kolaboui-boke-le-premier-ministre-inaugure-la-ligne-du-courant-electrique","url":"https:\/\/www.africa-press.net\/guinee-conakry\/politique\/kolaboui-boke-le-premier-ministre-inaugure-la-ligne-du-courant-electrique","name":"Kolaboui\/Bok\u00e9 :\u00a0Le Premier ministre inaugure la ligne du courant \u00e9lectrique - guinee Conakry","isPartOf":{"@id":"https:\/\/www.africa-press.net\/guinee-conakry\/#website"},"primaryImageOfPage":{"@id":"https:\/\/www.africa-press.net\/guinee-conakry\/politique\/kolaboui-boke-le-premier-ministre-inaugure-la-ligne-du-courant-electrique#primaryimage"},"image":{"@id":"https:\/\/www.africa-press.net\/guinee-conakry\/politique\/kolaboui-boke-le-premier-ministre-inaugure-la-ligne-du-courant-electrique#primaryimage"},"thumbnailUrl":"https:\/\/static.africa-press.net\/conakry\/sites\/63\/2023\/02\/Jokar1675623682.036193.jpg","datePublished":"2023-02-05T22:31:00+00:00","author":{"@id":"https:\/\/www.africa-press.net\/guinee-conakry\/#\/schema\/person\/2b1cf3cd81a31e3cd26889ca66d677f1"},"breadcrumb":{"@id":"https:\/\/www.africa-press.net\/guinee-conakry\/politique\/kolaboui-boke-le-premier-ministre-inaugure-la-ligne-du-courant-electrique#breadcrumb"},"inLanguage":"fr-FR","potentialAction":[{"@type":"ReadAction","target":["https:\/\/www.africa-press.net\/guinee-conakry\/politique\/kolaboui-boke-le-premier-ministre-inaugure-la-ligne-du-courant-electrique"]}]},{"@type":"ImageObject","inLanguage":"fr-FR","@id":"https:\/\/www.africa-press.net\/guinee-conakry\/politique\/kolaboui-boke-le-premier-ministre-inaugure-la-ligne-du-courant-electrique#primaryimage","url":"https:\/\/static.africa-press.net\/conakry\/sites\/63\/2023\/02\/Jokar1675623682.036193.jpg","contentUrl":"https:\/\/static.africa-press.net\/conakry\/sites\/63\/2023\/02\/Jokar1675623682.036193.jpg","width":1024,"height":472,"caption":"Kolaboui\/Bok\u00e9 :\u00a0Le Premier ministre inaugure la ligne du courant \u00e9lectrique"},{"@type":"BreadcrumbList","@id":"https:\/\/www.africa-press.net\/guinee-conakry\/politique\/kolaboui-boke-le-premier-ministre-inaugure-la-ligne-du-courant-electrique#breadcrumb","itemListElement":[{"@type":"ListItem","position":1,"name":"Accueil","item":"https:\/\/www.africa-press.net\/guinee-conakry\/"},{"@type":"ListItem","position":2,"name":"Kolaboui\/Bok\u00e9 :\u00a0Le Premier ministre inaugure la ligne du courant \u00e9lectrique"}]},{"@type":"WebSite","@id":"https:\/\/www.africa-press.net\/guinee-conakry\/#website","url":"https:\/\/www.africa-press.net\/guinee-conakry\/","name":"guinee Conakry","description":"Just another Africa News Agency Sites site","potentialAction":[{"@type":"SearchAction","target":{"@type":"EntryPoint","urlTemplate":"https:\/\/www.africa-press.net\/guinee-conakry\/?s={search_term_string}"},"query-input":{"@type":"PropertyValueSpecification","valueRequired":true,"valueName":"search_term_string"}}],"inLanguage":"fr-FR"},{"@type":"Person","@id":"https:\/\/www.africa-press.net\/guinee-conakry\/#\/schema\/person\/2b1cf3cd81a31e3cd26889ca66d677f1","name":"cfeditorfr"}]}},"_links":{"self":[{"href":"https:\/\/www.africa-press.net\/guinee-conakry\/wp-json\/wp\/v2\/posts\/11736","targetHints":{"allow":["GET"]}}],"collection":[{"href":"https:\/\/www.africa-press.net\/guinee-conakry\/wp-json\/wp\/v2\/posts"}],"about":[{"href":"https:\/\/www.africa-press.net\/guinee-conakry\/wp-json\/wp\/v2\/types\/post"}],"author":[{"embeddable":true,"href":"https:\/\/www.africa-press.net\/guinee-conakry\/wp-json\/wp\/v2\/users\/82"}],"replies":[{"embeddable":true,"href":"https:\/\/www.africa-press.net\/guinee-conakry\/wp-json\/wp\/v2\/comments?post=11736"}],"version-history":[{"count":0,"href":"https:\/\/www.africa-press.net\/guinee-conakry\/wp-json\/wp\/v2\/posts\/11736\/revisions"}],"wp:featuredmedia":[{"embeddable":true,"href":"https:\/\/www.africa-press.net\/guinee-conakry\/wp-json\/wp\/v2\/media\/11735"}],"wp:attachment":[{"href":"https:\/\/www.africa-press.net\/guinee-conakry\/wp-json\/wp\/v2\/media?parent=11736"}],"wp:term":[{"taxonomy":"category","embeddable":true,"href":"https:\/\/www.africa-press.net\/guinee-conakry\/wp-json\/wp\/v2\/categories?post=11736"},{"taxonomy":"post_tag","embeddable":true,"href":"https:\/\/www.africa-press.net\/guinee-conakry\/wp-json\/wp\/v2\/tags?post=11736"}],"curies":[{"name":"wp","href":"https:\/\/api.w.org\/{rel}","templated":true}]}}