{"id":11748,"date":"2023-02-06T17:29:00","date_gmt":"2023-02-06T17:29:00","guid":{"rendered":"https:\/\/www.africa-press.net\/guinee-conakry\/politique\/fdsi-la-campagne-nationale-des-depots-des-caisses-humanitaires-officiellement-lancee-dans-la-region-de-labe"},"modified":"2023-02-06T17:29:00","modified_gmt":"2023-02-06T17:29:00","slug":"fdsi-la-campagne-nationale-des-depots-des-caisses-humanitaires-officiellement-lancee-dans-la-region-de-labe","status":"publish","type":"post","link":"https:\/\/www.africa-press.net\/guinee-conakry\/politique\/fdsi-la-campagne-nationale-des-depots-des-caisses-humanitaires-officiellement-lancee-dans-la-region-de-labe","title":{"rendered":"FDSI: la campagne nationale des d\u00e9p\u00f4ts des caisses humanitaires officiellement lanc\u00e9e dans la r\u00e9gion de Lab\u00e9"},"content":{"rendered":"<p><span style=\"color: #ff6600\"><strong>Africa-Press &#8211; Guin\u00e9e. <\/strong><\/span>Le Directeur Re\u0301gional du Fonds de De\u0301veloppement Social et de l\u2019indigence FDSI de Labe\u0301 a officiellement proce\u0301de\u0301, ce jeudi 02 fe\u0301vrier 2023, au lancement de la campagne nationale des de\u0301po\u0302ts des caisses humanitaires dans la Re\u0301gion administrative de Labe\u0301.<\/p>\n<p>L\u2019ope\u0301ration a e\u0301te\u0301 lance\u0301e au Gouvernorat de Labe\u0301 sous la pre\u0301sidence du Gouverneur de la Re\u0301gion, le colonel Robert Soumah.<\/p>\n<p>La de\u0301le\u0301gation du FDSI e\u0301tait conduite par le Directeur Re\u0301gional du FDSI, M. Ousmane Konate\u0301.<\/p>\n<p>Les cadres re\u0301gionaux et pre\u0301fectoraux ont de\u0301pose\u0301 les sommes symboliques dans la caisse en faveur des personnes vulne\u0301rables, en guise de leur contribution pour la bonne marche de cette campagne humanitaire .<\/p>\n<p>Apre\u0300s chaque trois mois,les caisses seront ouvertes en pre\u0301sence d\u2019un huissier , et les fonds re\u0301colte\u0301s seront reverse\u0301s au tre\u0301sor public pour e\u0302tre mis au service des personnes vulne\u0301rables et indigentes.<\/p>\n<p>Une initiative qui vient en appui au programme de lutte contre l\u2019extre\u0302me pauvrete\u0301 du CNRD et de son Pre\u0301sident, le Colonel Mamadi Doumbouya.<\/p>\n<p><strong>Pour plus d&rsquo;informations et d&rsquo;analyses sur la <a href=\"https:\/\/www.africa-press.net\/guinee-conakry\">Guin\u00e9e<\/a>, suivez <a href=\"https:\/\/www.africa-press.net\/\">Africa-Press<\/a><\/strong><\/p>\n","protected":false},"excerpt":{"rendered":"<p>Africa-Press &#8211; Guin\u00e9e. Le Directeur Re\u0301gional du Fonds de De\u0301veloppement Social et de l\u2019indigence FDSI de Labe\u0301 a officiellement proce\u0301de\u0301, ce jeudi 02 fe\u0301vrier 2023, au lancement de la campagne nationale des de\u0301po\u0302ts des caisses humanitaires dans la Re\u0301gion administrative de Labe\u0301. L\u2019ope\u0301ration a e\u0301te\u0301 lance\u0301e au Gouvernorat de Labe\u0301 sous la pre\u0301sidence du Gouverneur [&hellip;]<\/p>\n","protected":false},"author":82,"featured_media":11747,"comment_status":"open","ping_status":"closed","sticky":false,"template":"","format":"standard","meta":{"footnotes":""},"categories":[2,10],"tags":[36,57,58],"class_list":["post-11748","post","type-post","status-publish","format-standard","has-post-thumbnail","hentry","category-politique","category-toutes-les-actualites","tag-africa-press","tag-africa-press-guinee","tag-guinee"],"yoast_head":"<!-- This site is optimized with the Yoast SEO Premium plugin v26.1 (Yoast SEO v27.0) - https:\/\/yoast.com\/product\/yoast-seo-premium-wordpress\/ -->\n<title>FDSI: la campagne nationale des d\u00e9p\u00f4ts des caisses humanitaires officiellement lanc\u00e9e dans la r\u00e9gion de Lab\u00e9 - guinee Conakry<\/title>\n<meta name=\"robots\" content=\"index, follow, max-snippet:-1, max-image-preview:large, max-video-preview:-1\" \/>\n<link rel=\"canonical\" href=\"https:\/\/www.africa-press.net\/guinee-conakry\/politique\/fdsi-la-campagne-nationale-des-depots-des-caisses-humanitaires-officiellement-lancee-dans-la-region-de-labe\" \/>\n<meta property=\"og:locale\" content=\"fr_FR\" \/>\n<meta property=\"og:type\" content=\"article\" \/>\n<meta property=\"og:title\" content=\"FDSI: la campagne nationale des d\u00e9p\u00f4ts des caisses humanitaires officiellement lanc\u00e9e dans la r\u00e9gion de Lab\u00e9\" \/>\n<meta property=\"og:description\" content=\"Africa-Press &#8211; Guin\u00e9e. Le Directeur Re\u0301gional du Fonds de De\u0301veloppement Social et de l\u2019indigence FDSI de Labe\u0301 a officiellement proce\u0301de\u0301, ce jeudi 02 fe\u0301vrier 2023, au lancement de la campagne nationale des de\u0301po\u0302ts des caisses humanitaires dans la Re\u0301gion administrative de Labe\u0301. L\u2019ope\u0301ration a e\u0301te\u0301 lance\u0301e au Gouvernorat de Labe\u0301 sous la pre\u0301sidence du Gouverneur [&hellip;]\" \/>\n<meta property=\"og:url\" content=\"https:\/\/www.africa-press.net\/guinee-conakry\/politique\/fdsi-la-campagne-nationale-des-depots-des-caisses-humanitaires-officiellement-lancee-dans-la-region-de-labe\" \/>\n<meta property=\"og:site_name\" content=\"guinee Conakry\" \/>\n<meta property=\"article:published_time\" content=\"2023-02-06T17:29:00+00:00\" \/>\n<meta name=\"author\" content=\"cfeditorfr\" \/>\n<meta name=\"twitter:card\" content=\"summary_large_image\" \/>\n<meta name=\"twitter:label1\" content=\"\u00c9crit par\" \/>\n\t<meta name=\"twitter:data1\" content=\"cfeditorfr\" \/>\n\t<meta name=\"twitter:label2\" content=\"Dur\u00e9e de lecture estim\u00e9e\" \/>\n\t<meta name=\"twitter:data2\" content=\"1 minute\" \/>\n<script type=\"application\/ld+json\" class=\"yoast-schema-graph\">{\"@context\":\"https:\/\/schema.org\",\"@graph\":[{\"@type\":\"Article\",\"@id\":\"https:\/\/www.africa-press.net\/guinee-conakry\/politique\/fdsi-la-campagne-nationale-des-depots-des-caisses-humanitaires-officiellement-lancee-dans-la-region-de-labe#article\",\"isPartOf\":{\"@id\":\"https:\/\/www.africa-press.net\/guinee-conakry\/politique\/fdsi-la-campagne-nationale-des-depots-des-caisses-humanitaires-officiellement-lancee-dans-la-region-de-labe\"},\"author\":{\"name\":\"cfeditorfr\",\"@id\":\"https:\/\/www.africa-press.net\/guinee-conakry\/#\/schema\/person\/2b1cf3cd81a31e3cd26889ca66d677f1\"},\"headline\":\"FDSI: la campagne nationale des d\u00e9p\u00f4ts des caisses humanitaires officiellement lanc\u00e9e dans la r\u00e9gion de Lab\u00e9\",\"datePublished\":\"2023-02-06T17:29:00+00:00\",\"mainEntityOfPage\":{\"@id\":\"https:\/\/www.africa-press.net\/guinee-conakry\/politique\/fdsi-la-campagne-nationale-des-depots-des-caisses-humanitaires-officiellement-lancee-dans-la-region-de-labe\"},\"wordCount\":228,\"commentCount\":0,\"image\":{\"@id\":\"https:\/\/www.africa-press.net\/guinee-conakry\/politique\/fdsi-la-campagne-nationale-des-depots-des-caisses-humanitaires-officiellement-lancee-dans-la-region-de-labe#primaryimage\"},\"thumbnailUrl\":\"https:\/\/static.africa-press.net\/conakry\/sites\/63\/2023\/02\/Jokar1675691952.109444.jpg\",\"keywords\":[\"Africa Press\",\"Africa Press-Guin\u00e9e\",\"Guin\u00e9e\"],\"articleSection\":[\"Politique\",\"Toutes les actualit\u00e9s\"],\"inLanguage\":\"fr-FR\",\"potentialAction\":[{\"@type\":\"CommentAction\",\"name\":\"Comment\",\"target\":[\"https:\/\/www.africa-press.net\/guinee-conakry\/politique\/fdsi-la-campagne-nationale-des-depots-des-caisses-humanitaires-officiellement-lancee-dans-la-region-de-labe#respond\"]}]},{\"@type\":\"WebPage\",\"@id\":\"https:\/\/www.africa-press.net\/guinee-conakry\/politique\/fdsi-la-campagne-nationale-des-depots-des-caisses-humanitaires-officiellement-lancee-dans-la-region-de-labe\",\"url\":\"https:\/\/www.africa-press.net\/guinee-conakry\/politique\/fdsi-la-campagne-nationale-des-depots-des-caisses-humanitaires-officiellement-lancee-dans-la-region-de-labe\",\"name\":\"FDSI: la campagne nationale des d\u00e9p\u00f4ts des caisses humanitaires officiellement lanc\u00e9e dans la r\u00e9gion de Lab\u00e9 - guinee Conakry\",\"isPartOf\":{\"@id\":\"https:\/\/www.africa-press.net\/guinee-conakry\/#website\"},\"primaryImageOfPage\":{\"@id\":\"https:\/\/www.africa-press.net\/guinee-conakry\/politique\/fdsi-la-campagne-nationale-des-depots-des-caisses-humanitaires-officiellement-lancee-dans-la-region-de-labe#primaryimage\"},\"image\":{\"@id\":\"https:\/\/www.africa-press.net\/guinee-conakry\/politique\/fdsi-la-campagne-nationale-des-depots-des-caisses-humanitaires-officiellement-lancee-dans-la-region-de-labe#primaryimage\"},\"thumbnailUrl\":\"https:\/\/static.africa-press.net\/conakry\/sites\/63\/2023\/02\/Jokar1675691952.109444.jpg\",\"datePublished\":\"2023-02-06T17:29:00+00:00\",\"author\":{\"@id\":\"https:\/\/www.africa-press.net\/guinee-conakry\/#\/schema\/person\/2b1cf3cd81a31e3cd26889ca66d677f1\"},\"breadcrumb\":{\"@id\":\"https:\/\/www.africa-press.net\/guinee-conakry\/politique\/fdsi-la-campagne-nationale-des-depots-des-caisses-humanitaires-officiellement-lancee-dans-la-region-de-labe#breadcrumb\"},\"inLanguage\":\"fr-FR\",\"potentialAction\":[{\"@type\":\"ReadAction\",\"target\":[\"https:\/\/www.africa-press.net\/guinee-conakry\/politique\/fdsi-la-campagne-nationale-des-depots-des-caisses-humanitaires-officiellement-lancee-dans-la-region-de-labe\"]}]},{\"@type\":\"ImageObject\",\"inLanguage\":\"fr-FR\",\"@id\":\"https:\/\/www.africa-press.net\/guinee-conakry\/politique\/fdsi-la-campagne-nationale-des-depots-des-caisses-humanitaires-officiellement-lancee-dans-la-region-de-labe#primaryimage\",\"url\":\"https:\/\/static.africa-press.net\/conakry\/sites\/63\/2023\/02\/Jokar1675691952.109444.jpg\",\"contentUrl\":\"https:\/\/static.africa-press.net\/conakry\/sites\/63\/2023\/02\/Jokar1675691952.109444.jpg\",\"width\":768,\"height\":1024,\"caption\":\"FDSI: la campagne nationale des d\u00e9p\u00f4ts des caisses humanitaires officiellement lanc\u00e9e dans la r\u00e9gion de Lab\u00e9\"},{\"@type\":\"BreadcrumbList\",\"@id\":\"https:\/\/www.africa-press.net\/guinee-conakry\/politique\/fdsi-la-campagne-nationale-des-depots-des-caisses-humanitaires-officiellement-lancee-dans-la-region-de-labe#breadcrumb\",\"itemListElement\":[{\"@type\":\"ListItem\",\"position\":1,\"name\":\"Accueil\",\"item\":\"https:\/\/www.africa-press.net\/guinee-conakry\/\"},{\"@type\":\"ListItem\",\"position\":2,\"name\":\"FDSI: la campagne nationale des d\u00e9p\u00f4ts des caisses humanitaires officiellement lanc\u00e9e dans la r\u00e9gion de Lab\u00e9\"}]},{\"@type\":\"WebSite\",\"@id\":\"https:\/\/www.africa-press.net\/guinee-conakry\/#website\",\"url\":\"https:\/\/www.africa-press.net\/guinee-conakry\/\",\"name\":\"guinee Conakry\",\"description\":\"Just another Africa News Agency Sites site\",\"potentialAction\":[{\"@type\":\"SearchAction\",\"target\":{\"@type\":\"EntryPoint\",\"urlTemplate\":\"https:\/\/www.africa-press.net\/guinee-conakry\/?s={search_term_string}\"},\"query-input\":{\"@type\":\"PropertyValueSpecification\",\"valueRequired\":true,\"valueName\":\"search_term_string\"}}],\"inLanguage\":\"fr-FR\"},{\"@type\":\"Person\",\"@id\":\"https:\/\/www.africa-press.net\/guinee-conakry\/#\/schema\/person\/2b1cf3cd81a31e3cd26889ca66d677f1\",\"name\":\"cfeditorfr\"}]}<\/script>\n<!-- \/ Yoast SEO Premium plugin. -->","yoast_head_json":{"title":"FDSI: la campagne nationale des d\u00e9p\u00f4ts des caisses humanitaires officiellement lanc\u00e9e dans la r\u00e9gion de Lab\u00e9 - guinee Conakry","robots":{"index":"index","follow":"follow","max-snippet":"max-snippet:-1","max-image-preview":"max-image-preview:large","max-video-preview":"max-video-preview:-1"},"canonical":"https:\/\/www.africa-press.net\/guinee-conakry\/politique\/fdsi-la-campagne-nationale-des-depots-des-caisses-humanitaires-officiellement-lancee-dans-la-region-de-labe","og_locale":"fr_FR","og_type":"article","og_title":"FDSI: la campagne nationale des d\u00e9p\u00f4ts des caisses humanitaires officiellement lanc\u00e9e dans la r\u00e9gion de Lab\u00e9","og_description":"Africa-Press &#8211; Guin\u00e9e. Le Directeur Re\u0301gional du Fonds de De\u0301veloppement Social et de l\u2019indigence FDSI de Labe\u0301 a officiellement proce\u0301de\u0301, ce jeudi 02 fe\u0301vrier 2023, au lancement de la campagne nationale des de\u0301po\u0302ts des caisses humanitaires dans la Re\u0301gion administrative de Labe\u0301. L\u2019ope\u0301ration a e\u0301te\u0301 lance\u0301e au Gouvernorat de Labe\u0301 sous la pre\u0301sidence du Gouverneur [&hellip;]","og_url":"https:\/\/www.africa-press.net\/guinee-conakry\/politique\/fdsi-la-campagne-nationale-des-depots-des-caisses-humanitaires-officiellement-lancee-dans-la-region-de-labe","og_site_name":"guinee Conakry","article_published_time":"2023-02-06T17:29:00+00:00","author":"cfeditorfr","twitter_card":"summary_large_image","twitter_misc":{"\u00c9crit par":"cfeditorfr","Dur\u00e9e de lecture estim\u00e9e":"1 minute"},"schema":{"@context":"https:\/\/schema.org","@graph":[{"@type":"Article","@id":"https:\/\/www.africa-press.net\/guinee-conakry\/politique\/fdsi-la-campagne-nationale-des-depots-des-caisses-humanitaires-officiellement-lancee-dans-la-region-de-labe#article","isPartOf":{"@id":"https:\/\/www.africa-press.net\/guinee-conakry\/politique\/fdsi-la-campagne-nationale-des-depots-des-caisses-humanitaires-officiellement-lancee-dans-la-region-de-labe"},"author":{"name":"cfeditorfr","@id":"https:\/\/www.africa-press.net\/guinee-conakry\/#\/schema\/person\/2b1cf3cd81a31e3cd26889ca66d677f1"},"headline":"FDSI: la campagne nationale des d\u00e9p\u00f4ts des caisses humanitaires officiellement lanc\u00e9e dans la r\u00e9gion de Lab\u00e9","datePublished":"2023-02-06T17:29:00+00:00","mainEntityOfPage":{"@id":"https:\/\/www.africa-press.net\/guinee-conakry\/politique\/fdsi-la-campagne-nationale-des-depots-des-caisses-humanitaires-officiellement-lancee-dans-la-region-de-labe"},"wordCount":228,"commentCount":0,"image":{"@id":"https:\/\/www.africa-press.net\/guinee-conakry\/politique\/fdsi-la-campagne-nationale-des-depots-des-caisses-humanitaires-officiellement-lancee-dans-la-region-de-labe#primaryimage"},"thumbnailUrl":"https:\/\/static.africa-press.net\/conakry\/sites\/63\/2023\/02\/Jokar1675691952.109444.jpg","keywords":["Africa Press","Africa Press-Guin\u00e9e","Guin\u00e9e"],"articleSection":["Politique","Toutes les actualit\u00e9s"],"inLanguage":"fr-FR","potentialAction":[{"@type":"CommentAction","name":"Comment","target":["https:\/\/www.africa-press.net\/guinee-conakry\/politique\/fdsi-la-campagne-nationale-des-depots-des-caisses-humanitaires-officiellement-lancee-dans-la-region-de-labe#respond"]}]},{"@type":"WebPage","@id":"https:\/\/www.africa-press.net\/guinee-conakry\/politique\/fdsi-la-campagne-nationale-des-depots-des-caisses-humanitaires-officiellement-lancee-dans-la-region-de-labe","url":"https:\/\/www.africa-press.net\/guinee-conakry\/politique\/fdsi-la-campagne-nationale-des-depots-des-caisses-humanitaires-officiellement-lancee-dans-la-region-de-labe","name":"FDSI: la campagne nationale des d\u00e9p\u00f4ts des caisses humanitaires officiellement lanc\u00e9e dans la r\u00e9gion de Lab\u00e9 - guinee Conakry","isPartOf":{"@id":"https:\/\/www.africa-press.net\/guinee-conakry\/#website"},"primaryImageOfPage":{"@id":"https:\/\/www.africa-press.net\/guinee-conakry\/politique\/fdsi-la-campagne-nationale-des-depots-des-caisses-humanitaires-officiellement-lancee-dans-la-region-de-labe#primaryimage"},"image":{"@id":"https:\/\/www.africa-press.net\/guinee-conakry\/politique\/fdsi-la-campagne-nationale-des-depots-des-caisses-humanitaires-officiellement-lancee-dans-la-region-de-labe#primaryimage"},"thumbnailUrl":"https:\/\/static.africa-press.net\/conakry\/sites\/63\/2023\/02\/Jokar1675691952.109444.jpg","datePublished":"2023-02-06T17:29:00+00:00","author":{"@id":"https:\/\/www.africa-press.net\/guinee-conakry\/#\/schema\/person\/2b1cf3cd81a31e3cd26889ca66d677f1"},"breadcrumb":{"@id":"https:\/\/www.africa-press.net\/guinee-conakry\/politique\/fdsi-la-campagne-nationale-des-depots-des-caisses-humanitaires-officiellement-lancee-dans-la-region-de-labe#breadcrumb"},"inLanguage":"fr-FR","potentialAction":[{"@type":"ReadAction","target":["https:\/\/www.africa-press.net\/guinee-conakry\/politique\/fdsi-la-campagne-nationale-des-depots-des-caisses-humanitaires-officiellement-lancee-dans-la-region-de-labe"]}]},{"@type":"ImageObject","inLanguage":"fr-FR","@id":"https:\/\/www.africa-press.net\/guinee-conakry\/politique\/fdsi-la-campagne-nationale-des-depots-des-caisses-humanitaires-officiellement-lancee-dans-la-region-de-labe#primaryimage","url":"https:\/\/static.africa-press.net\/conakry\/sites\/63\/2023\/02\/Jokar1675691952.109444.jpg","contentUrl":"https:\/\/static.africa-press.net\/conakry\/sites\/63\/2023\/02\/Jokar1675691952.109444.jpg","width":768,"height":1024,"caption":"FDSI: la campagne nationale des d\u00e9p\u00f4ts des caisses humanitaires officiellement lanc\u00e9e dans la r\u00e9gion de Lab\u00e9"},{"@type":"BreadcrumbList","@id":"https:\/\/www.africa-press.net\/guinee-conakry\/politique\/fdsi-la-campagne-nationale-des-depots-des-caisses-humanitaires-officiellement-lancee-dans-la-region-de-labe#breadcrumb","itemListElement":[{"@type":"ListItem","position":1,"name":"Accueil","item":"https:\/\/www.africa-press.net\/guinee-conakry\/"},{"@type":"ListItem","position":2,"name":"FDSI: la campagne nationale des d\u00e9p\u00f4ts des caisses humanitaires officiellement lanc\u00e9e dans la r\u00e9gion de Lab\u00e9"}]},{"@type":"WebSite","@id":"https:\/\/www.africa-press.net\/guinee-conakry\/#website","url":"https:\/\/www.africa-press.net\/guinee-conakry\/","name":"guinee Conakry","description":"Just another Africa News Agency Sites site","potentialAction":[{"@type":"SearchAction","target":{"@type":"EntryPoint","urlTemplate":"https:\/\/www.africa-press.net\/guinee-conakry\/?s={search_term_string}"},"query-input":{"@type":"PropertyValueSpecification","valueRequired":true,"valueName":"search_term_string"}}],"inLanguage":"fr-FR"},{"@type":"Person","@id":"https:\/\/www.africa-press.net\/guinee-conakry\/#\/schema\/person\/2b1cf3cd81a31e3cd26889ca66d677f1","name":"cfeditorfr"}]}},"_links":{"self":[{"href":"https:\/\/www.africa-press.net\/guinee-conakry\/wp-json\/wp\/v2\/posts\/11748","targetHints":{"allow":["GET"]}}],"collection":[{"href":"https:\/\/www.africa-press.net\/guinee-conakry\/wp-json\/wp\/v2\/posts"}],"about":[{"href":"https:\/\/www.africa-press.net\/guinee-conakry\/wp-json\/wp\/v2\/types\/post"}],"author":[{"embeddable":true,"href":"https:\/\/www.africa-press.net\/guinee-conakry\/wp-json\/wp\/v2\/users\/82"}],"replies":[{"embeddable":true,"href":"https:\/\/www.africa-press.net\/guinee-conakry\/wp-json\/wp\/v2\/comments?post=11748"}],"version-history":[{"count":0,"href":"https:\/\/www.africa-press.net\/guinee-conakry\/wp-json\/wp\/v2\/posts\/11748\/revisions"}],"wp:featuredmedia":[{"embeddable":true,"href":"https:\/\/www.africa-press.net\/guinee-conakry\/wp-json\/wp\/v2\/media\/11747"}],"wp:attachment":[{"href":"https:\/\/www.africa-press.net\/guinee-conakry\/wp-json\/wp\/v2\/media?parent=11748"}],"wp:term":[{"taxonomy":"category","embeddable":true,"href":"https:\/\/www.africa-press.net\/guinee-conakry\/wp-json\/wp\/v2\/categories?post=11748"},{"taxonomy":"post_tag","embeddable":true,"href":"https:\/\/www.africa-press.net\/guinee-conakry\/wp-json\/wp\/v2\/tags?post=11748"}],"curies":[{"name":"wp","href":"https:\/\/api.w.org\/{rel}","templated":true}]}}