{"id":12026,"date":"2023-02-18T19:20:00","date_gmt":"2023-02-18T19:20:00","guid":{"rendered":"https:\/\/www.africa-press.net\/guinee-conakry\/politique\/a-cause-de-la-mort-de-manifestants-le-jeudi-lufdg-annule-son-meeting-de-ce-samedi"},"modified":"2023-02-18T19:20:00","modified_gmt":"2023-02-18T19:20:00","slug":"a-cause-de-la-mort-de-manifestants-le-jeudi-lufdg-annule-son-meeting-de-ce-samedi","status":"publish","type":"post","link":"https:\/\/www.africa-press.net\/guinee-conakry\/politique\/a-cause-de-la-mort-de-manifestants-le-jeudi-lufdg-annule-son-meeting-de-ce-samedi","title":{"rendered":"\u00e0 cause de la mort de manifestants le jeudi, l\u2019Ufdg annule son meeting de ce samedi"},"content":{"rendered":"<p><span style=\"color: #ff6600\"><strong>Africa-Press &#8211; Guin\u00e9e. <\/strong><\/span>Le parti de Cellou Dalein Diallo, l\u2019Ufdg n\u2019a pas tenu de meeting ce samedi 18 fe\u0301vrier en signe de compassion pour les tous manifestants tombe\u0301s lors de la dernie\u0300re marche du Fndc dissous a\u0300 Conakry. C\u2019est du moins l\u2019explication donne\u0301e aux militants pre\u0301sents a\u0300 leur sie\u0300ge de la Minie\u0300re par son Vice-pre\u0301sident, Kale\u0301modou Yansane\u0301 pour justifie l\u2019annulation de l\u2019Assemble\u0301e ge\u0301ne\u0301rale (AG) de ce jour.<\/p>\n<p>\u00bb Nous avons de\u0301cide\u0301 de reporter l\u2019assemble\u0301e ge\u0301ne\u0301rale de l\u2019UFDG aujourd\u2019hui, a\u0300 cause du deuil qui frappe certaines familles a\u0300 Conakry suite aux meurtres commis pendant la marche du jeudi dernier. C\u2019est pourquoi nous ne pouvons pas faire a\u0300 l\u2019UFDG la fe\u0302te pendant que certaines familles sont en deuil, pendant que le pays est en deuil&#8230; Nous appelons toujours a\u0300 la paix, au dialogue, a\u0300 la concorde entre les fils et filles du pays. Mais nous n\u2019avons pas d\u2019armes pour tuer&#8230; Tous ce que nous demandons, c\u2019est faire en sorte que la justice soit la boussole\u2019\u2019, a-t-il de\u0301clare\u0301 en substance<\/p>\n<p><strong>Pour plus d&rsquo;informations et d&rsquo;analyses sur la <a href=\"https:\/\/www.africa-press.net\/guinee-conakry\">Guin\u00e9e<\/a>, suivez <a href=\"https:\/\/www.africa-press.net\/\">Africa-Press<\/a><\/strong><\/p>\n","protected":false},"excerpt":{"rendered":"<p>Africa-Press &#8211; Guin\u00e9e. Le parti de Cellou Dalein Diallo, l\u2019Ufdg n\u2019a pas tenu de meeting ce samedi 18 fe\u0301vrier en signe de compassion pour les tous manifestants tombe\u0301s lors de la dernie\u0300re marche du Fndc dissous a\u0300 Conakry. C\u2019est du moins l\u2019explication donne\u0301e aux militants pre\u0301sents a\u0300 leur sie\u0300ge de la Minie\u0300re par son Vice-pre\u0301sident, [&hellip;]<\/p>\n","protected":false},"author":82,"featured_media":12025,"comment_status":"open","ping_status":"closed","sticky":false,"template":"","format":"standard","meta":{"footnotes":""},"categories":[2,56,20,10],"tags":[36,57,58],"class_list":["post-12026","post","type-post","status-publish","format-standard","has-post-thumbnail","hentry","category-politique","category-to-homepage","category-top-nouvelles","category-toutes-les-actualites","tag-africa-press","tag-africa-press-guinee","tag-guinee"],"yoast_head":"<!-- This site is optimized with the Yoast SEO Premium plugin v26.1 (Yoast SEO v27.0) - https:\/\/yoast.com\/product\/yoast-seo-premium-wordpress\/ -->\n<title>\u00e0 cause de la mort de manifestants le jeudi, l\u2019Ufdg annule son meeting de ce samedi - guinee Conakry<\/title>\n<meta name=\"robots\" content=\"index, follow, max-snippet:-1, max-image-preview:large, max-video-preview:-1\" \/>\n<link rel=\"canonical\" href=\"https:\/\/www.africa-press.net\/guinee-conakry\/politique\/a-cause-de-la-mort-de-manifestants-le-jeudi-lufdg-annule-son-meeting-de-ce-samedi\" \/>\n<meta property=\"og:locale\" content=\"fr_FR\" \/>\n<meta property=\"og:type\" content=\"article\" \/>\n<meta property=\"og:title\" content=\"\u00e0 cause de la mort de manifestants le jeudi, l\u2019Ufdg annule son meeting de ce samedi\" \/>\n<meta property=\"og:description\" content=\"Africa-Press &#8211; Guin\u00e9e. Le parti de Cellou Dalein Diallo, l\u2019Ufdg n\u2019a pas tenu de meeting ce samedi 18 fe\u0301vrier en signe de compassion pour les tous manifestants tombe\u0301s lors de la dernie\u0300re marche du Fndc dissous a\u0300 Conakry. C\u2019est du moins l\u2019explication donne\u0301e aux militants pre\u0301sents a\u0300 leur sie\u0300ge de la Minie\u0300re par son Vice-pre\u0301sident, [&hellip;]\" \/>\n<meta property=\"og:url\" content=\"https:\/\/www.africa-press.net\/guinee-conakry\/politique\/a-cause-de-la-mort-de-manifestants-le-jeudi-lufdg-annule-son-meeting-de-ce-samedi\" \/>\n<meta property=\"og:site_name\" content=\"guinee Conakry\" \/>\n<meta property=\"article:published_time\" content=\"2023-02-18T19:20:00+00:00\" \/>\n<meta name=\"author\" content=\"cfeditorfr\" \/>\n<meta name=\"twitter:card\" content=\"summary_large_image\" \/>\n<meta name=\"twitter:label1\" content=\"\u00c9crit par\" \/>\n\t<meta name=\"twitter:data1\" content=\"cfeditorfr\" \/>\n\t<meta name=\"twitter:label2\" content=\"Dur\u00e9e de lecture estim\u00e9e\" \/>\n\t<meta name=\"twitter:data2\" content=\"1 minute\" \/>\n<script type=\"application\/ld+json\" class=\"yoast-schema-graph\">{\"@context\":\"https:\/\/schema.org\",\"@graph\":[{\"@type\":\"Article\",\"@id\":\"https:\/\/www.africa-press.net\/guinee-conakry\/politique\/a-cause-de-la-mort-de-manifestants-le-jeudi-lufdg-annule-son-meeting-de-ce-samedi#article\",\"isPartOf\":{\"@id\":\"https:\/\/www.africa-press.net\/guinee-conakry\/politique\/a-cause-de-la-mort-de-manifestants-le-jeudi-lufdg-annule-son-meeting-de-ce-samedi\"},\"author\":{\"name\":\"cfeditorfr\",\"@id\":\"https:\/\/www.africa-press.net\/guinee-conakry\/#\/schema\/person\/2b1cf3cd81a31e3cd26889ca66d677f1\"},\"headline\":\"\u00e0 cause de la mort de manifestants le jeudi, l\u2019Ufdg annule son meeting de ce samedi\",\"datePublished\":\"2023-02-18T19:20:00+00:00\",\"mainEntityOfPage\":{\"@id\":\"https:\/\/www.africa-press.net\/guinee-conakry\/politique\/a-cause-de-la-mort-de-manifestants-le-jeudi-lufdg-annule-son-meeting-de-ce-samedi\"},\"wordCount\":227,\"commentCount\":0,\"image\":{\"@id\":\"https:\/\/www.africa-press.net\/guinee-conakry\/politique\/a-cause-de-la-mort-de-manifestants-le-jeudi-lufdg-annule-son-meeting-de-ce-samedi#primaryimage\"},\"thumbnailUrl\":\"https:\/\/static.africa-press.net\/conakry\/sites\/63\/2023\/02\/Jokar1676735425.91208.jpg\",\"keywords\":[\"Africa Press\",\"Africa Press-Guin\u00e9e\",\"Guin\u00e9e\"],\"articleSection\":[\"Politique\",\"to-homepage\",\"Top Nouvelles\",\"Toutes les actualit\u00e9s\"],\"inLanguage\":\"fr-FR\",\"potentialAction\":[{\"@type\":\"CommentAction\",\"name\":\"Comment\",\"target\":[\"https:\/\/www.africa-press.net\/guinee-conakry\/politique\/a-cause-de-la-mort-de-manifestants-le-jeudi-lufdg-annule-son-meeting-de-ce-samedi#respond\"]}]},{\"@type\":\"WebPage\",\"@id\":\"https:\/\/www.africa-press.net\/guinee-conakry\/politique\/a-cause-de-la-mort-de-manifestants-le-jeudi-lufdg-annule-son-meeting-de-ce-samedi\",\"url\":\"https:\/\/www.africa-press.net\/guinee-conakry\/politique\/a-cause-de-la-mort-de-manifestants-le-jeudi-lufdg-annule-son-meeting-de-ce-samedi\",\"name\":\"\u00e0 cause de la mort de manifestants le jeudi, l\u2019Ufdg annule son meeting de ce samedi - guinee Conakry\",\"isPartOf\":{\"@id\":\"https:\/\/www.africa-press.net\/guinee-conakry\/#website\"},\"primaryImageOfPage\":{\"@id\":\"https:\/\/www.africa-press.net\/guinee-conakry\/politique\/a-cause-de-la-mort-de-manifestants-le-jeudi-lufdg-annule-son-meeting-de-ce-samedi#primaryimage\"},\"image\":{\"@id\":\"https:\/\/www.africa-press.net\/guinee-conakry\/politique\/a-cause-de-la-mort-de-manifestants-le-jeudi-lufdg-annule-son-meeting-de-ce-samedi#primaryimage\"},\"thumbnailUrl\":\"https:\/\/static.africa-press.net\/conakry\/sites\/63\/2023\/02\/Jokar1676735425.91208.jpg\",\"datePublished\":\"2023-02-18T19:20:00+00:00\",\"author\":{\"@id\":\"https:\/\/www.africa-press.net\/guinee-conakry\/#\/schema\/person\/2b1cf3cd81a31e3cd26889ca66d677f1\"},\"breadcrumb\":{\"@id\":\"https:\/\/www.africa-press.net\/guinee-conakry\/politique\/a-cause-de-la-mort-de-manifestants-le-jeudi-lufdg-annule-son-meeting-de-ce-samedi#breadcrumb\"},\"inLanguage\":\"fr-FR\",\"potentialAction\":[{\"@type\":\"ReadAction\",\"target\":[\"https:\/\/www.africa-press.net\/guinee-conakry\/politique\/a-cause-de-la-mort-de-manifestants-le-jeudi-lufdg-annule-son-meeting-de-ce-samedi\"]}]},{\"@type\":\"ImageObject\",\"inLanguage\":\"fr-FR\",\"@id\":\"https:\/\/www.africa-press.net\/guinee-conakry\/politique\/a-cause-de-la-mort-de-manifestants-le-jeudi-lufdg-annule-son-meeting-de-ce-samedi#primaryimage\",\"url\":\"https:\/\/static.africa-press.net\/conakry\/sites\/63\/2023\/02\/Jokar1676735425.91208.jpg\",\"contentUrl\":\"https:\/\/static.africa-press.net\/conakry\/sites\/63\/2023\/02\/Jokar1676735425.91208.jpg\",\"width\":1024,\"height\":768,\"caption\":\"\u00e0 cause de la mort de manifestants le jeudi, l\u2019Ufdg annule son meeting de ce samedi\"},{\"@type\":\"BreadcrumbList\",\"@id\":\"https:\/\/www.africa-press.net\/guinee-conakry\/politique\/a-cause-de-la-mort-de-manifestants-le-jeudi-lufdg-annule-son-meeting-de-ce-samedi#breadcrumb\",\"itemListElement\":[{\"@type\":\"ListItem\",\"position\":1,\"name\":\"Accueil\",\"item\":\"https:\/\/www.africa-press.net\/guinee-conakry\/\"},{\"@type\":\"ListItem\",\"position\":2,\"name\":\"\u00e0 cause de la mort de manifestants le jeudi, l\u2019Ufdg annule son meeting de ce samedi\"}]},{\"@type\":\"WebSite\",\"@id\":\"https:\/\/www.africa-press.net\/guinee-conakry\/#website\",\"url\":\"https:\/\/www.africa-press.net\/guinee-conakry\/\",\"name\":\"guinee Conakry\",\"description\":\"Just another Africa News Agency Sites site\",\"potentialAction\":[{\"@type\":\"SearchAction\",\"target\":{\"@type\":\"EntryPoint\",\"urlTemplate\":\"https:\/\/www.africa-press.net\/guinee-conakry\/?s={search_term_string}\"},\"query-input\":{\"@type\":\"PropertyValueSpecification\",\"valueRequired\":true,\"valueName\":\"search_term_string\"}}],\"inLanguage\":\"fr-FR\"},{\"@type\":\"Person\",\"@id\":\"https:\/\/www.africa-press.net\/guinee-conakry\/#\/schema\/person\/2b1cf3cd81a31e3cd26889ca66d677f1\",\"name\":\"cfeditorfr\"}]}<\/script>\n<!-- \/ Yoast SEO Premium plugin. -->","yoast_head_json":{"title":"\u00e0 cause de la mort de manifestants le jeudi, l\u2019Ufdg annule son meeting de ce samedi - guinee Conakry","robots":{"index":"index","follow":"follow","max-snippet":"max-snippet:-1","max-image-preview":"max-image-preview:large","max-video-preview":"max-video-preview:-1"},"canonical":"https:\/\/www.africa-press.net\/guinee-conakry\/politique\/a-cause-de-la-mort-de-manifestants-le-jeudi-lufdg-annule-son-meeting-de-ce-samedi","og_locale":"fr_FR","og_type":"article","og_title":"\u00e0 cause de la mort de manifestants le jeudi, l\u2019Ufdg annule son meeting de ce samedi","og_description":"Africa-Press &#8211; Guin\u00e9e. Le parti de Cellou Dalein Diallo, l\u2019Ufdg n\u2019a pas tenu de meeting ce samedi 18 fe\u0301vrier en signe de compassion pour les tous manifestants tombe\u0301s lors de la dernie\u0300re marche du Fndc dissous a\u0300 Conakry. C\u2019est du moins l\u2019explication donne\u0301e aux militants pre\u0301sents a\u0300 leur sie\u0300ge de la Minie\u0300re par son Vice-pre\u0301sident, [&hellip;]","og_url":"https:\/\/www.africa-press.net\/guinee-conakry\/politique\/a-cause-de-la-mort-de-manifestants-le-jeudi-lufdg-annule-son-meeting-de-ce-samedi","og_site_name":"guinee Conakry","article_published_time":"2023-02-18T19:20:00+00:00","author":"cfeditorfr","twitter_card":"summary_large_image","twitter_misc":{"\u00c9crit par":"cfeditorfr","Dur\u00e9e de lecture estim\u00e9e":"1 minute"},"schema":{"@context":"https:\/\/schema.org","@graph":[{"@type":"Article","@id":"https:\/\/www.africa-press.net\/guinee-conakry\/politique\/a-cause-de-la-mort-de-manifestants-le-jeudi-lufdg-annule-son-meeting-de-ce-samedi#article","isPartOf":{"@id":"https:\/\/www.africa-press.net\/guinee-conakry\/politique\/a-cause-de-la-mort-de-manifestants-le-jeudi-lufdg-annule-son-meeting-de-ce-samedi"},"author":{"name":"cfeditorfr","@id":"https:\/\/www.africa-press.net\/guinee-conakry\/#\/schema\/person\/2b1cf3cd81a31e3cd26889ca66d677f1"},"headline":"\u00e0 cause de la mort de manifestants le jeudi, l\u2019Ufdg annule son meeting de ce samedi","datePublished":"2023-02-18T19:20:00+00:00","mainEntityOfPage":{"@id":"https:\/\/www.africa-press.net\/guinee-conakry\/politique\/a-cause-de-la-mort-de-manifestants-le-jeudi-lufdg-annule-son-meeting-de-ce-samedi"},"wordCount":227,"commentCount":0,"image":{"@id":"https:\/\/www.africa-press.net\/guinee-conakry\/politique\/a-cause-de-la-mort-de-manifestants-le-jeudi-lufdg-annule-son-meeting-de-ce-samedi#primaryimage"},"thumbnailUrl":"https:\/\/static.africa-press.net\/conakry\/sites\/63\/2023\/02\/Jokar1676735425.91208.jpg","keywords":["Africa Press","Africa Press-Guin\u00e9e","Guin\u00e9e"],"articleSection":["Politique","to-homepage","Top Nouvelles","Toutes les actualit\u00e9s"],"inLanguage":"fr-FR","potentialAction":[{"@type":"CommentAction","name":"Comment","target":["https:\/\/www.africa-press.net\/guinee-conakry\/politique\/a-cause-de-la-mort-de-manifestants-le-jeudi-lufdg-annule-son-meeting-de-ce-samedi#respond"]}]},{"@type":"WebPage","@id":"https:\/\/www.africa-press.net\/guinee-conakry\/politique\/a-cause-de-la-mort-de-manifestants-le-jeudi-lufdg-annule-son-meeting-de-ce-samedi","url":"https:\/\/www.africa-press.net\/guinee-conakry\/politique\/a-cause-de-la-mort-de-manifestants-le-jeudi-lufdg-annule-son-meeting-de-ce-samedi","name":"\u00e0 cause de la mort de manifestants le jeudi, l\u2019Ufdg annule son meeting de ce samedi - guinee Conakry","isPartOf":{"@id":"https:\/\/www.africa-press.net\/guinee-conakry\/#website"},"primaryImageOfPage":{"@id":"https:\/\/www.africa-press.net\/guinee-conakry\/politique\/a-cause-de-la-mort-de-manifestants-le-jeudi-lufdg-annule-son-meeting-de-ce-samedi#primaryimage"},"image":{"@id":"https:\/\/www.africa-press.net\/guinee-conakry\/politique\/a-cause-de-la-mort-de-manifestants-le-jeudi-lufdg-annule-son-meeting-de-ce-samedi#primaryimage"},"thumbnailUrl":"https:\/\/static.africa-press.net\/conakry\/sites\/63\/2023\/02\/Jokar1676735425.91208.jpg","datePublished":"2023-02-18T19:20:00+00:00","author":{"@id":"https:\/\/www.africa-press.net\/guinee-conakry\/#\/schema\/person\/2b1cf3cd81a31e3cd26889ca66d677f1"},"breadcrumb":{"@id":"https:\/\/www.africa-press.net\/guinee-conakry\/politique\/a-cause-de-la-mort-de-manifestants-le-jeudi-lufdg-annule-son-meeting-de-ce-samedi#breadcrumb"},"inLanguage":"fr-FR","potentialAction":[{"@type":"ReadAction","target":["https:\/\/www.africa-press.net\/guinee-conakry\/politique\/a-cause-de-la-mort-de-manifestants-le-jeudi-lufdg-annule-son-meeting-de-ce-samedi"]}]},{"@type":"ImageObject","inLanguage":"fr-FR","@id":"https:\/\/www.africa-press.net\/guinee-conakry\/politique\/a-cause-de-la-mort-de-manifestants-le-jeudi-lufdg-annule-son-meeting-de-ce-samedi#primaryimage","url":"https:\/\/static.africa-press.net\/conakry\/sites\/63\/2023\/02\/Jokar1676735425.91208.jpg","contentUrl":"https:\/\/static.africa-press.net\/conakry\/sites\/63\/2023\/02\/Jokar1676735425.91208.jpg","width":1024,"height":768,"caption":"\u00e0 cause de la mort de manifestants le jeudi, l\u2019Ufdg annule son meeting de ce samedi"},{"@type":"BreadcrumbList","@id":"https:\/\/www.africa-press.net\/guinee-conakry\/politique\/a-cause-de-la-mort-de-manifestants-le-jeudi-lufdg-annule-son-meeting-de-ce-samedi#breadcrumb","itemListElement":[{"@type":"ListItem","position":1,"name":"Accueil","item":"https:\/\/www.africa-press.net\/guinee-conakry\/"},{"@type":"ListItem","position":2,"name":"\u00e0 cause de la mort de manifestants le jeudi, l\u2019Ufdg annule son meeting de ce samedi"}]},{"@type":"WebSite","@id":"https:\/\/www.africa-press.net\/guinee-conakry\/#website","url":"https:\/\/www.africa-press.net\/guinee-conakry\/","name":"guinee Conakry","description":"Just another Africa News Agency Sites site","potentialAction":[{"@type":"SearchAction","target":{"@type":"EntryPoint","urlTemplate":"https:\/\/www.africa-press.net\/guinee-conakry\/?s={search_term_string}"},"query-input":{"@type":"PropertyValueSpecification","valueRequired":true,"valueName":"search_term_string"}}],"inLanguage":"fr-FR"},{"@type":"Person","@id":"https:\/\/www.africa-press.net\/guinee-conakry\/#\/schema\/person\/2b1cf3cd81a31e3cd26889ca66d677f1","name":"cfeditorfr"}]}},"_links":{"self":[{"href":"https:\/\/www.africa-press.net\/guinee-conakry\/wp-json\/wp\/v2\/posts\/12026","targetHints":{"allow":["GET"]}}],"collection":[{"href":"https:\/\/www.africa-press.net\/guinee-conakry\/wp-json\/wp\/v2\/posts"}],"about":[{"href":"https:\/\/www.africa-press.net\/guinee-conakry\/wp-json\/wp\/v2\/types\/post"}],"author":[{"embeddable":true,"href":"https:\/\/www.africa-press.net\/guinee-conakry\/wp-json\/wp\/v2\/users\/82"}],"replies":[{"embeddable":true,"href":"https:\/\/www.africa-press.net\/guinee-conakry\/wp-json\/wp\/v2\/comments?post=12026"}],"version-history":[{"count":0,"href":"https:\/\/www.africa-press.net\/guinee-conakry\/wp-json\/wp\/v2\/posts\/12026\/revisions"}],"wp:featuredmedia":[{"embeddable":true,"href":"https:\/\/www.africa-press.net\/guinee-conakry\/wp-json\/wp\/v2\/media\/12025"}],"wp:attachment":[{"href":"https:\/\/www.africa-press.net\/guinee-conakry\/wp-json\/wp\/v2\/media?parent=12026"}],"wp:term":[{"taxonomy":"category","embeddable":true,"href":"https:\/\/www.africa-press.net\/guinee-conakry\/wp-json\/wp\/v2\/categories?post=12026"},{"taxonomy":"post_tag","embeddable":true,"href":"https:\/\/www.africa-press.net\/guinee-conakry\/wp-json\/wp\/v2\/tags?post=12026"}],"curies":[{"name":"wp","href":"https:\/\/api.w.org\/{rel}","templated":true}]}}