{"id":14566,"date":"2023-07-04T19:07:00","date_gmt":"2023-07-04T19:07:00","guid":{"rendered":"https:\/\/www.africa-press.net\/guinee-conakry\/politique\/idrissa-barry-premier-de-la-region-de-conakry-au-bepc-toute-la-nuit-je-ne-faisais-que-jubiler"},"modified":"2023-07-04T19:07:00","modified_gmt":"2023-07-04T19:07:00","slug":"idrissa-barry-premier-de-la-region-de-conakry-au-bepc-toute-la-nuit-je-ne-faisais-que-jubiler","status":"publish","type":"post","link":"https:\/\/www.africa-press.net\/guinee-conakry\/video\/idrissa-barry-premier-de-la-region-de-conakry-au-bepc-toute-la-nuit-je-ne-faisais-que-jubiler","title":{"rendered":"Idrissa Barry, premier de la r\u00e9gion de Conakry au BEPC : \u00ab toute la nuit, je ne faisais que jubiler \u00bb"},"content":{"rendered":"<p><span style=\"color: #ff6600\"><strong>Africa-Press &#8211; Guin\u00e9e. <\/strong><\/span>la re\u0301gion Conakry a enregistre\u0301 un trio de te\u0302te, 3 premiers ex\u00e6quos, venus d\u2019e\u0301coles diffe\u0301rentes au <b>Brevet d\u2019e\u0301tudes du premier cycle (BEPC) de la session 2023<\/b>. Il s\u2019agit d\u2019Elhadj Mamadou Oury Bah (Les Ecureuils), Idrissa Barry (Isco-Fils) et Boubacar Barry (Saint Georges de Taouyah).<\/p>\n<p>Dans la matine\u0301e de ce mardi, 4 juillet 2023, un reporter  a donne\u0301 la parole a\u0300 Idrissa Barry de l\u2019e\u0301cole ISCO-Fils qui n\u2019a cesse\u0301 de jubiler durant tout la nuit dernie\u0300re.<\/p>\n<p>Avec le re\u0302ve de devenir chirurgien, le nouveau lyce\u0301en compte faire les Sciences expe\u0301rimentales. \u00ab Je suis tre\u0300s content de mon succe\u0300s. Quand je l\u2019ai appris, j\u2019e\u0301tais tre\u0300s content. Toute la nuit, je ne faisais que jubiler. Aujourd\u2019hui, je suis tre\u0300s joyeux et fier de mon travail. Je vais continuer sur cette lance\u0301e pour atteindre mon re\u0302ve de devenir chirurgien pour ne pas que des patients de mon pays partent ailleurs se soigner. Je vais opter pour les Sciences expe\u0301rimentales. C\u2019est ma volonte\u0301, servir ma nation \u00bb, soutient Idrissa Barry.<\/p>\n<p>Par ailleurs, le garc\u0327on encourage les candidats malheureux a\u0300 ne pas la\u0302cher prise. \u00ab Que ceux qui ont e\u0301choue\u0301 ne se lamentent pas trop, ni ne se de\u0301couragent. C\u2019est comme c\u0327a la vie. Re\u0301ussite ou e\u0301chec. Qu\u2019ils doublent leurs efforts l\u2019anne\u0301e prochaine pour e\u0302tre encore meilleur. Qu\u2019ils abandonnent tout pour se consacrer aux e\u0301tudes. Je leur souhaite beaucoup de succe\u0300s&#8230; \u00bb.<\/p>\n<p>Le directeur des e\u0301tudes de l\u2019e\u0301cole ISCO-Fils, Aboubacar Bangoura, un des encadreurs de Idrissa Barry, a exprime\u0301 toute sa fierte\u0301 pour l\u2019exploit re\u0301alise\u0301 par l\u2019enfant prodige. \u00ab Un sentiment de joie et de satisfaction m\u2019anime depuis que j\u2019ai appris la nouvelle. Idrissa Barry a fait la fierte\u0301 de l\u2019e\u0301cole et nous lui en sommes reconnaissants d\u2019ailleurs. Notre e\u0301cole a fait 78% de re\u0301ussite et notre laure\u0301at vient aromatiser tout c\u0327a. Quel bonheur ! \u00bb, lance-t-il.<br \/>\nbanquier \u00bb<\/p>\n<p><iframe loading=\"lazy\" title=\"Idrissa Barry, premier de la r\u00e9gion de Conakry au BEPC : &quot;toute la nuit, je ne faisais que jubiler&quot;\" width=\"696\" height=\"392\" src=\"https:\/\/www.youtube.com\/embed\/LlV69S6V4pg?feature=oembed\" frameborder=\"0\" allow=\"accelerometer; autoplay; clipboard-write; encrypted-media; gyroscope; picture-in-picture; web-share\" allowfullscreen><\/iframe><\/p>\n<p><strong>Pour plus d&rsquo;informations et d&rsquo;analyses sur la <a href=\"https:\/\/www.africa-press.net\/guinee-conakry\">Guin\u00e9e<\/a>, suivez <a href=\"https:\/\/www.africa-press.net\/\">Africa-Press<\/a><\/strong><\/p>\n","protected":false},"excerpt":{"rendered":"<p>Africa-Press &#8211; Guin\u00e9e. la re\u0301gion Conakry a enregistre\u0301 un trio de te\u0302te, 3 premiers ex\u00e6quos, venus d\u2019e\u0301coles diffe\u0301rentes au Brevet d\u2019e\u0301tudes du premier cycle (BEPC) de la session 2023. Il s\u2019agit d\u2019Elhadj Mamadou Oury Bah (Les Ecureuils), Idrissa Barry (Isco-Fils) et Boubacar Barry (Saint Georges de Taouyah). Dans la matine\u0301e de ce mardi, 4 juillet [&hellip;]<\/p>\n","protected":false},"author":82,"featured_media":14565,"comment_status":"open","ping_status":"closed","sticky":false,"template":"","format":"standard","meta":{"footnotes":""},"categories":[21,10,9],"tags":[36,57,58],"class_list":["post-14566","post","type-post","status-publish","format-standard","has-post-thumbnail","hentry","category-communaute","category-toutes-les-actualites","category-video","tag-africa-press","tag-africa-press-guinee","tag-guinee"],"yoast_head":"<!-- This site is optimized with the Yoast SEO Premium plugin v26.1 (Yoast SEO v27.0) - https:\/\/yoast.com\/product\/yoast-seo-premium-wordpress\/ -->\n<title>Idrissa Barry, premier de la r\u00e9gion de Conakry au BEPC : \u00ab toute la nuit, je ne faisais que jubiler \u00bb - guinee Conakry<\/title>\n<meta name=\"robots\" content=\"index, follow, max-snippet:-1, max-image-preview:large, max-video-preview:-1\" \/>\n<link rel=\"canonical\" href=\"https:\/\/www.africa-press.net\/guinee-conakry\/politique\/idrissa-barry-premier-de-la-region-de-conakry-au-bepc-toute-la-nuit-je-ne-faisais-que-jubiler\" \/>\n<meta property=\"og:locale\" content=\"fr_FR\" \/>\n<meta property=\"og:type\" content=\"article\" \/>\n<meta property=\"og:title\" content=\"Idrissa Barry, premier de la r\u00e9gion de Conakry au BEPC : \u00ab toute la nuit, je ne faisais que jubiler \u00bb\" \/>\n<meta property=\"og:description\" content=\"Africa-Press &#8211; Guin\u00e9e. la re\u0301gion Conakry a enregistre\u0301 un trio de te\u0302te, 3 premiers ex\u00e6quos, venus d\u2019e\u0301coles diffe\u0301rentes au Brevet d\u2019e\u0301tudes du premier cycle (BEPC) de la session 2023. Il s\u2019agit d\u2019Elhadj Mamadou Oury Bah (Les Ecureuils), Idrissa Barry (Isco-Fils) et Boubacar Barry (Saint Georges de Taouyah). Dans la matine\u0301e de ce mardi, 4 juillet [&hellip;]\" \/>\n<meta property=\"og:url\" content=\"https:\/\/www.africa-press.net\/guinee-conakry\/politique\/idrissa-barry-premier-de-la-region-de-conakry-au-bepc-toute-la-nuit-je-ne-faisais-que-jubiler\" \/>\n<meta property=\"og:site_name\" content=\"guinee Conakry\" \/>\n<meta property=\"article:published_time\" content=\"2023-07-04T19:07:00+00:00\" \/>\n<meta name=\"author\" content=\"cfeditorfr\" \/>\n<meta name=\"twitter:card\" content=\"summary_large_image\" \/>\n<meta name=\"twitter:label1\" content=\"\u00c9crit par\" \/>\n\t<meta name=\"twitter:data1\" content=\"cfeditorfr\" \/>\n\t<meta name=\"twitter:label2\" content=\"Dur\u00e9e de lecture estim\u00e9e\" \/>\n\t<meta name=\"twitter:data2\" content=\"2 minutes\" \/>\n<script type=\"application\/ld+json\" class=\"yoast-schema-graph\">{\"@context\":\"https:\/\/schema.org\",\"@graph\":[{\"@type\":\"Article\",\"@id\":\"https:\/\/www.africa-press.net\/guinee-conakry\/politique\/idrissa-barry-premier-de-la-region-de-conakry-au-bepc-toute-la-nuit-je-ne-faisais-que-jubiler#article\",\"isPartOf\":{\"@id\":\"https:\/\/www.africa-press.net\/guinee-conakry\/politique\/idrissa-barry-premier-de-la-region-de-conakry-au-bepc-toute-la-nuit-je-ne-faisais-que-jubiler\"},\"author\":{\"name\":\"cfeditorfr\",\"@id\":\"https:\/\/www.africa-press.net\/guinee-conakry\/#\/schema\/person\/2b1cf3cd81a31e3cd26889ca66d677f1\"},\"headline\":\"Idrissa Barry, premier de la r\u00e9gion de Conakry au BEPC : \u00ab toute la nuit, je ne faisais que jubiler \u00bb\",\"datePublished\":\"2023-07-04T19:07:00+00:00\",\"mainEntityOfPage\":{\"@id\":\"https:\/\/www.africa-press.net\/guinee-conakry\/politique\/idrissa-barry-premier-de-la-region-de-conakry-au-bepc-toute-la-nuit-je-ne-faisais-que-jubiler\"},\"wordCount\":396,\"commentCount\":0,\"image\":{\"@id\":\"https:\/\/www.africa-press.net\/guinee-conakry\/politique\/idrissa-barry-premier-de-la-region-de-conakry-au-bepc-toute-la-nuit-je-ne-faisais-que-jubiler#primaryimage\"},\"thumbnailUrl\":\"https:\/\/static.africa-press.net\/conakry\/sites\/63\/2023\/07\/Jokar1688485029.782105.jpg\",\"keywords\":[\"Africa Press\",\"Africa Press-Guin\u00e9e\",\"Guin\u00e9e\"],\"articleSection\":[\"Communaut\u00e9\",\"Toutes les actualit\u00e9s\",\"vid\u00e9o\"],\"inLanguage\":\"fr-FR\",\"potentialAction\":[{\"@type\":\"CommentAction\",\"name\":\"Comment\",\"target\":[\"https:\/\/www.africa-press.net\/guinee-conakry\/politique\/idrissa-barry-premier-de-la-region-de-conakry-au-bepc-toute-la-nuit-je-ne-faisais-que-jubiler#respond\"]}]},{\"@type\":\"WebPage\",\"@id\":\"https:\/\/www.africa-press.net\/guinee-conakry\/politique\/idrissa-barry-premier-de-la-region-de-conakry-au-bepc-toute-la-nuit-je-ne-faisais-que-jubiler\",\"url\":\"https:\/\/www.africa-press.net\/guinee-conakry\/politique\/idrissa-barry-premier-de-la-region-de-conakry-au-bepc-toute-la-nuit-je-ne-faisais-que-jubiler\",\"name\":\"Idrissa Barry, premier de la r\u00e9gion de Conakry au BEPC : \u00ab toute la nuit, je ne faisais que jubiler \u00bb - guinee Conakry\",\"isPartOf\":{\"@id\":\"https:\/\/www.africa-press.net\/guinee-conakry\/#website\"},\"primaryImageOfPage\":{\"@id\":\"https:\/\/www.africa-press.net\/guinee-conakry\/politique\/idrissa-barry-premier-de-la-region-de-conakry-au-bepc-toute-la-nuit-je-ne-faisais-que-jubiler#primaryimage\"},\"image\":{\"@id\":\"https:\/\/www.africa-press.net\/guinee-conakry\/politique\/idrissa-barry-premier-de-la-region-de-conakry-au-bepc-toute-la-nuit-je-ne-faisais-que-jubiler#primaryimage\"},\"thumbnailUrl\":\"https:\/\/static.africa-press.net\/conakry\/sites\/63\/2023\/07\/Jokar1688485029.782105.jpg\",\"datePublished\":\"2023-07-04T19:07:00+00:00\",\"author\":{\"@id\":\"https:\/\/www.africa-press.net\/guinee-conakry\/#\/schema\/person\/2b1cf3cd81a31e3cd26889ca66d677f1\"},\"breadcrumb\":{\"@id\":\"https:\/\/www.africa-press.net\/guinee-conakry\/politique\/idrissa-barry-premier-de-la-region-de-conakry-au-bepc-toute-la-nuit-je-ne-faisais-que-jubiler#breadcrumb\"},\"inLanguage\":\"fr-FR\",\"potentialAction\":[{\"@type\":\"ReadAction\",\"target\":[\"https:\/\/www.africa-press.net\/guinee-conakry\/politique\/idrissa-barry-premier-de-la-region-de-conakry-au-bepc-toute-la-nuit-je-ne-faisais-que-jubiler\"]}]},{\"@type\":\"ImageObject\",\"inLanguage\":\"fr-FR\",\"@id\":\"https:\/\/www.africa-press.net\/guinee-conakry\/politique\/idrissa-barry-premier-de-la-region-de-conakry-au-bepc-toute-la-nuit-je-ne-faisais-que-jubiler#primaryimage\",\"url\":\"https:\/\/static.africa-press.net\/conakry\/sites\/63\/2023\/07\/Jokar1688485029.782105.jpg\",\"contentUrl\":\"https:\/\/static.africa-press.net\/conakry\/sites\/63\/2023\/07\/Jokar1688485029.782105.jpg\",\"width\":1209,\"height\":1280,\"caption\":\"Idrissa Barry, premier de la r\u00e9gion de Conakry au BEPC : \u00ab toute la nuit, je ne faisais que jubiler \u00bb\"},{\"@type\":\"BreadcrumbList\",\"@id\":\"https:\/\/www.africa-press.net\/guinee-conakry\/politique\/idrissa-barry-premier-de-la-region-de-conakry-au-bepc-toute-la-nuit-je-ne-faisais-que-jubiler#breadcrumb\",\"itemListElement\":[{\"@type\":\"ListItem\",\"position\":1,\"name\":\"Accueil\",\"item\":\"https:\/\/www.africa-press.net\/guinee-conakry\/\"},{\"@type\":\"ListItem\",\"position\":2,\"name\":\"Idrissa Barry, premier de la r\u00e9gion de Conakry au BEPC : \u00ab toute la nuit, je ne faisais que jubiler \u00bb\"}]},{\"@type\":\"WebSite\",\"@id\":\"https:\/\/www.africa-press.net\/guinee-conakry\/#website\",\"url\":\"https:\/\/www.africa-press.net\/guinee-conakry\/\",\"name\":\"guinee Conakry\",\"description\":\"Just another Africa News Agency Sites site\",\"potentialAction\":[{\"@type\":\"SearchAction\",\"target\":{\"@type\":\"EntryPoint\",\"urlTemplate\":\"https:\/\/www.africa-press.net\/guinee-conakry\/?s={search_term_string}\"},\"query-input\":{\"@type\":\"PropertyValueSpecification\",\"valueRequired\":true,\"valueName\":\"search_term_string\"}}],\"inLanguage\":\"fr-FR\"},{\"@type\":\"Person\",\"@id\":\"https:\/\/www.africa-press.net\/guinee-conakry\/#\/schema\/person\/2b1cf3cd81a31e3cd26889ca66d677f1\",\"name\":\"cfeditorfr\"}]}<\/script>\n<!-- \/ Yoast SEO Premium plugin. -->","yoast_head_json":{"title":"Idrissa Barry, premier de la r\u00e9gion de Conakry au BEPC : \u00ab toute la nuit, je ne faisais que jubiler \u00bb - guinee Conakry","robots":{"index":"index","follow":"follow","max-snippet":"max-snippet:-1","max-image-preview":"max-image-preview:large","max-video-preview":"max-video-preview:-1"},"canonical":"https:\/\/www.africa-press.net\/guinee-conakry\/politique\/idrissa-barry-premier-de-la-region-de-conakry-au-bepc-toute-la-nuit-je-ne-faisais-que-jubiler","og_locale":"fr_FR","og_type":"article","og_title":"Idrissa Barry, premier de la r\u00e9gion de Conakry au BEPC : \u00ab toute la nuit, je ne faisais que jubiler \u00bb","og_description":"Africa-Press &#8211; Guin\u00e9e. la re\u0301gion Conakry a enregistre\u0301 un trio de te\u0302te, 3 premiers ex\u00e6quos, venus d\u2019e\u0301coles diffe\u0301rentes au Brevet d\u2019e\u0301tudes du premier cycle (BEPC) de la session 2023. Il s\u2019agit d\u2019Elhadj Mamadou Oury Bah (Les Ecureuils), Idrissa Barry (Isco-Fils) et Boubacar Barry (Saint Georges de Taouyah). Dans la matine\u0301e de ce mardi, 4 juillet [&hellip;]","og_url":"https:\/\/www.africa-press.net\/guinee-conakry\/politique\/idrissa-barry-premier-de-la-region-de-conakry-au-bepc-toute-la-nuit-je-ne-faisais-que-jubiler","og_site_name":"guinee Conakry","article_published_time":"2023-07-04T19:07:00+00:00","author":"cfeditorfr","twitter_card":"summary_large_image","twitter_misc":{"\u00c9crit par":"cfeditorfr","Dur\u00e9e de lecture estim\u00e9e":"2 minutes"},"schema":{"@context":"https:\/\/schema.org","@graph":[{"@type":"Article","@id":"https:\/\/www.africa-press.net\/guinee-conakry\/politique\/idrissa-barry-premier-de-la-region-de-conakry-au-bepc-toute-la-nuit-je-ne-faisais-que-jubiler#article","isPartOf":{"@id":"https:\/\/www.africa-press.net\/guinee-conakry\/politique\/idrissa-barry-premier-de-la-region-de-conakry-au-bepc-toute-la-nuit-je-ne-faisais-que-jubiler"},"author":{"name":"cfeditorfr","@id":"https:\/\/www.africa-press.net\/guinee-conakry\/#\/schema\/person\/2b1cf3cd81a31e3cd26889ca66d677f1"},"headline":"Idrissa Barry, premier de la r\u00e9gion de Conakry au BEPC : \u00ab toute la nuit, je ne faisais que jubiler \u00bb","datePublished":"2023-07-04T19:07:00+00:00","mainEntityOfPage":{"@id":"https:\/\/www.africa-press.net\/guinee-conakry\/politique\/idrissa-barry-premier-de-la-region-de-conakry-au-bepc-toute-la-nuit-je-ne-faisais-que-jubiler"},"wordCount":396,"commentCount":0,"image":{"@id":"https:\/\/www.africa-press.net\/guinee-conakry\/politique\/idrissa-barry-premier-de-la-region-de-conakry-au-bepc-toute-la-nuit-je-ne-faisais-que-jubiler#primaryimage"},"thumbnailUrl":"https:\/\/static.africa-press.net\/conakry\/sites\/63\/2023\/07\/Jokar1688485029.782105.jpg","keywords":["Africa Press","Africa Press-Guin\u00e9e","Guin\u00e9e"],"articleSection":["Communaut\u00e9","Toutes les actualit\u00e9s","vid\u00e9o"],"inLanguage":"fr-FR","potentialAction":[{"@type":"CommentAction","name":"Comment","target":["https:\/\/www.africa-press.net\/guinee-conakry\/politique\/idrissa-barry-premier-de-la-region-de-conakry-au-bepc-toute-la-nuit-je-ne-faisais-que-jubiler#respond"]}]},{"@type":"WebPage","@id":"https:\/\/www.africa-press.net\/guinee-conakry\/politique\/idrissa-barry-premier-de-la-region-de-conakry-au-bepc-toute-la-nuit-je-ne-faisais-que-jubiler","url":"https:\/\/www.africa-press.net\/guinee-conakry\/politique\/idrissa-barry-premier-de-la-region-de-conakry-au-bepc-toute-la-nuit-je-ne-faisais-que-jubiler","name":"Idrissa Barry, premier de la r\u00e9gion de Conakry au BEPC : \u00ab toute la nuit, je ne faisais que jubiler \u00bb - guinee Conakry","isPartOf":{"@id":"https:\/\/www.africa-press.net\/guinee-conakry\/#website"},"primaryImageOfPage":{"@id":"https:\/\/www.africa-press.net\/guinee-conakry\/politique\/idrissa-barry-premier-de-la-region-de-conakry-au-bepc-toute-la-nuit-je-ne-faisais-que-jubiler#primaryimage"},"image":{"@id":"https:\/\/www.africa-press.net\/guinee-conakry\/politique\/idrissa-barry-premier-de-la-region-de-conakry-au-bepc-toute-la-nuit-je-ne-faisais-que-jubiler#primaryimage"},"thumbnailUrl":"https:\/\/static.africa-press.net\/conakry\/sites\/63\/2023\/07\/Jokar1688485029.782105.jpg","datePublished":"2023-07-04T19:07:00+00:00","author":{"@id":"https:\/\/www.africa-press.net\/guinee-conakry\/#\/schema\/person\/2b1cf3cd81a31e3cd26889ca66d677f1"},"breadcrumb":{"@id":"https:\/\/www.africa-press.net\/guinee-conakry\/politique\/idrissa-barry-premier-de-la-region-de-conakry-au-bepc-toute-la-nuit-je-ne-faisais-que-jubiler#breadcrumb"},"inLanguage":"fr-FR","potentialAction":[{"@type":"ReadAction","target":["https:\/\/www.africa-press.net\/guinee-conakry\/politique\/idrissa-barry-premier-de-la-region-de-conakry-au-bepc-toute-la-nuit-je-ne-faisais-que-jubiler"]}]},{"@type":"ImageObject","inLanguage":"fr-FR","@id":"https:\/\/www.africa-press.net\/guinee-conakry\/politique\/idrissa-barry-premier-de-la-region-de-conakry-au-bepc-toute-la-nuit-je-ne-faisais-que-jubiler#primaryimage","url":"https:\/\/static.africa-press.net\/conakry\/sites\/63\/2023\/07\/Jokar1688485029.782105.jpg","contentUrl":"https:\/\/static.africa-press.net\/conakry\/sites\/63\/2023\/07\/Jokar1688485029.782105.jpg","width":1209,"height":1280,"caption":"Idrissa Barry, premier de la r\u00e9gion de Conakry au BEPC : \u00ab toute la nuit, je ne faisais que jubiler \u00bb"},{"@type":"BreadcrumbList","@id":"https:\/\/www.africa-press.net\/guinee-conakry\/politique\/idrissa-barry-premier-de-la-region-de-conakry-au-bepc-toute-la-nuit-je-ne-faisais-que-jubiler#breadcrumb","itemListElement":[{"@type":"ListItem","position":1,"name":"Accueil","item":"https:\/\/www.africa-press.net\/guinee-conakry\/"},{"@type":"ListItem","position":2,"name":"Idrissa Barry, premier de la r\u00e9gion de Conakry au BEPC : \u00ab toute la nuit, je ne faisais que jubiler \u00bb"}]},{"@type":"WebSite","@id":"https:\/\/www.africa-press.net\/guinee-conakry\/#website","url":"https:\/\/www.africa-press.net\/guinee-conakry\/","name":"guinee Conakry","description":"Just another Africa News Agency Sites site","potentialAction":[{"@type":"SearchAction","target":{"@type":"EntryPoint","urlTemplate":"https:\/\/www.africa-press.net\/guinee-conakry\/?s={search_term_string}"},"query-input":{"@type":"PropertyValueSpecification","valueRequired":true,"valueName":"search_term_string"}}],"inLanguage":"fr-FR"},{"@type":"Person","@id":"https:\/\/www.africa-press.net\/guinee-conakry\/#\/schema\/person\/2b1cf3cd81a31e3cd26889ca66d677f1","name":"cfeditorfr"}]}},"_links":{"self":[{"href":"https:\/\/www.africa-press.net\/guinee-conakry\/wp-json\/wp\/v2\/posts\/14566","targetHints":{"allow":["GET"]}}],"collection":[{"href":"https:\/\/www.africa-press.net\/guinee-conakry\/wp-json\/wp\/v2\/posts"}],"about":[{"href":"https:\/\/www.africa-press.net\/guinee-conakry\/wp-json\/wp\/v2\/types\/post"}],"author":[{"embeddable":true,"href":"https:\/\/www.africa-press.net\/guinee-conakry\/wp-json\/wp\/v2\/users\/82"}],"replies":[{"embeddable":true,"href":"https:\/\/www.africa-press.net\/guinee-conakry\/wp-json\/wp\/v2\/comments?post=14566"}],"version-history":[{"count":0,"href":"https:\/\/www.africa-press.net\/guinee-conakry\/wp-json\/wp\/v2\/posts\/14566\/revisions"}],"wp:featuredmedia":[{"embeddable":true,"href":"https:\/\/www.africa-press.net\/guinee-conakry\/wp-json\/wp\/v2\/media\/14565"}],"wp:attachment":[{"href":"https:\/\/www.africa-press.net\/guinee-conakry\/wp-json\/wp\/v2\/media?parent=14566"}],"wp:term":[{"taxonomy":"category","embeddable":true,"href":"https:\/\/www.africa-press.net\/guinee-conakry\/wp-json\/wp\/v2\/categories?post=14566"},{"taxonomy":"post_tag","embeddable":true,"href":"https:\/\/www.africa-press.net\/guinee-conakry\/wp-json\/wp\/v2\/tags?post=14566"}],"curies":[{"name":"wp","href":"https:\/\/api.w.org\/{rel}","templated":true}]}}