{"id":14952,"date":"2023-07-28T20:13:00","date_gmt":"2023-07-28T20:13:00","guid":{"rendered":"https:\/\/www.africa-press.net\/guinee-conakry\/politique\/macky-sall-repond-au-capitaine-ibrahima-traore-les-chefs-detat-africains-ne-sont-pas-venus-en-russie-pour-mendier"},"modified":"2023-07-28T20:13:00","modified_gmt":"2023-07-28T20:13:00","slug":"macky-sall-repond-au-capitaine-ibrahima-traore-les-chefs-detat-africains-ne-sont-pas-venus-en-russie-pour-mendier","status":"publish","type":"post","link":"https:\/\/www.africa-press.net\/guinee-conakry\/politique\/macky-sall-repond-au-capitaine-ibrahima-traore-les-chefs-detat-africains-ne-sont-pas-venus-en-russie-pour-mendier","title":{"rendered":"Macky Sall r\u00e9pond au capitaine Ibrahima Traor\u00e9 : \u00ab les chefs d\u2019Etat [africains] ne sont pas venus en Russie pour mendier \u00bb"},"content":{"rendered":"<p><span style=\"color: #ff6600\"><strong>Africa-Press &#8211; Guin\u00e9e. <\/strong><\/span>C\u2019est une situation qui s\u2019apparente a\u0300 une passe d\u2019armes entre le pre\u0301sident de la Transition du Burkina Faso et le chef de l\u2019Etat se\u0301ne\u0301galais au sommet Russie-Afrique a\u0300 Saint-Pe\u0301tersbourg. Un peu plus to\u0302t cet apre\u0300s-midi, le capitaine Ibrahima Traore\u0301 a pris la parole pour de\u0301noncer \u00ab les chefs d\u2019Etat [africains] qui traversent le monde a\u0300 mendier \u00bb, mais aussi ceux qui n\u2019apportent rien a\u0300 leurs peuples.<\/p>\n<p>Mais, ce discours qui s\u2019apparente a\u0300 de l\u2019insolence a e\u0301te\u0301 tre\u0300s recadre\u0301 par Macky Sall. Le pre\u0301sident se\u0301ne\u0301galais a pris soin de pre\u0301ciser la nature du \u00ab combat de l\u2019Afrique \u00bb. Et, il a martele\u0301, a\u0300 l\u2019intention du capitaine Ibrahima Traore\u0301, \u00ab les chefs d\u2019Etat [africains] ne sont pas venus ici [a\u0300 Saint-Pe\u0301tersbourg] pour mendier \u00bb.<\/p>\n<p>\u00ab Je ne crois pas a\u0300 l\u2019aide en re\u0301alite\u0301. Et, pour re\u0301pondre a\u0300 notre jeune fre\u0300re, notre cadet, capitaine Traore\u0301, pre\u0301sident du Faso, les chefs d\u2019Etat [africains] ne sont pas venus ici pour mendier, tout comme nous n\u2019allons pas ailleurs pour tendre la main. Nous travaillons pour un partenariat d\u2019e\u0301gale dignite\u0301 entre les peuples. C\u2019est le me\u0302me discours qu\u2019on tient a\u0300 Dakar, ici a\u0300 Saint-Pe\u0301tersbourg ou Washington&#8230; Je pense que le combat de l\u2019Afrique, c\u2019est d\u2019abord un combat pour la dignite\u0301. Et, ce combat transcende les ge\u0301ne\u0301rations.<\/p>\n<p>Je suis tre\u0300s heureux moi d\u2019e\u0302tre a\u0300 co\u0302te\u0301 du pre\u0301sident Museveni ou du pre\u0301sident Denis Sassou-Nguesso qui ont e\u0301te\u0301 des combattants de la liberte\u0301 et des mode\u0300les de re\u0301silience. Et, chaque ge\u0301ne\u0301ration a son combat a\u0300 mener. Le no\u0302tre, c\u2019est de combattre d\u2019abord le terrorisme qui est en train de gangre\u0301ner notre continent ; mais aussi, c\u2019est de travailler pour le de\u0301veloppement de notre continent \u00bb, a de\u0301clare\u0301 Macky Sall.<\/p>\n<p><strong>Pour plus d&rsquo;informations et d&rsquo;analyses sur la <a href=\"https:\/\/www.africa-press.net\/guinee-conakry\">Guin\u00e9e<\/a>, suivez <a href=\"https:\/\/www.africa-press.net\/\">Africa-Press<\/a><\/strong><\/p>\n","protected":false},"excerpt":{"rendered":"<p>Africa-Press &#8211; Guin\u00e9e. C\u2019est une situation qui s\u2019apparente a\u0300 une passe d\u2019armes entre le pre\u0301sident de la Transition du Burkina Faso et le chef de l\u2019Etat se\u0301ne\u0301galais au sommet Russie-Afrique a\u0300 Saint-Pe\u0301tersbourg. Un peu plus to\u0302t cet apre\u0300s-midi, le capitaine Ibrahima Traore\u0301 a pris la parole pour de\u0301noncer \u00ab les chefs d\u2019Etat [africains] qui traversent [&hellip;]<\/p>\n","protected":false},"author":82,"featured_media":14951,"comment_status":"open","ping_status":"closed","sticky":false,"template":"","format":"standard","meta":{"footnotes":""},"categories":[2,10],"tags":[36,57,58],"class_list":["post-14952","post","type-post","status-publish","format-standard","has-post-thumbnail","hentry","category-politique","category-toutes-les-actualites","tag-africa-press","tag-africa-press-guinee","tag-guinee"],"yoast_head":"<!-- This site is optimized with the Yoast SEO Premium plugin v26.1 (Yoast SEO v27.0) - https:\/\/yoast.com\/product\/yoast-seo-premium-wordpress\/ -->\n<title>Macky Sall r\u00e9pond au capitaine Ibrahima Traor\u00e9 : \u00ab les chefs d\u2019Etat [africains] ne sont pas venus en Russie pour mendier \u00bb - guinee Conakry<\/title>\n<meta name=\"robots\" content=\"index, follow, max-snippet:-1, max-image-preview:large, max-video-preview:-1\" \/>\n<link rel=\"canonical\" href=\"https:\/\/www.africa-press.net\/guinee-conakry\/politique\/macky-sall-repond-au-capitaine-ibrahima-traore-les-chefs-detat-africains-ne-sont-pas-venus-en-russie-pour-mendier\" \/>\n<meta property=\"og:locale\" content=\"fr_FR\" \/>\n<meta property=\"og:type\" content=\"article\" \/>\n<meta property=\"og:title\" content=\"Macky Sall r\u00e9pond au capitaine Ibrahima Traor\u00e9 : \u00ab les chefs d\u2019Etat [africains] ne sont pas venus en Russie pour mendier \u00bb\" \/>\n<meta property=\"og:description\" content=\"Africa-Press &#8211; Guin\u00e9e. C\u2019est une situation qui s\u2019apparente a\u0300 une passe d\u2019armes entre le pre\u0301sident de la Transition du Burkina Faso et le chef de l\u2019Etat se\u0301ne\u0301galais au sommet Russie-Afrique a\u0300 Saint-Pe\u0301tersbourg. Un peu plus to\u0302t cet apre\u0300s-midi, le capitaine Ibrahima Traore\u0301 a pris la parole pour de\u0301noncer \u00ab les chefs d\u2019Etat [africains] qui traversent [&hellip;]\" \/>\n<meta property=\"og:url\" content=\"https:\/\/www.africa-press.net\/guinee-conakry\/politique\/macky-sall-repond-au-capitaine-ibrahima-traore-les-chefs-detat-africains-ne-sont-pas-venus-en-russie-pour-mendier\" \/>\n<meta property=\"og:site_name\" content=\"guinee Conakry\" \/>\n<meta property=\"article:published_time\" content=\"2023-07-28T20:13:00+00:00\" \/>\n<meta name=\"author\" content=\"cfeditorfr\" \/>\n<meta name=\"twitter:card\" content=\"summary_large_image\" \/>\n<meta name=\"twitter:label1\" content=\"\u00c9crit par\" \/>\n\t<meta name=\"twitter:data1\" content=\"cfeditorfr\" \/>\n\t<meta name=\"twitter:label2\" content=\"Dur\u00e9e de lecture estim\u00e9e\" \/>\n\t<meta name=\"twitter:data2\" content=\"2 minutes\" \/>\n<script type=\"application\/ld+json\" class=\"yoast-schema-graph\">{\"@context\":\"https:\/\/schema.org\",\"@graph\":[{\"@type\":\"Article\",\"@id\":\"https:\/\/www.africa-press.net\/guinee-conakry\/politique\/macky-sall-repond-au-capitaine-ibrahima-traore-les-chefs-detat-africains-ne-sont-pas-venus-en-russie-pour-mendier#article\",\"isPartOf\":{\"@id\":\"https:\/\/www.africa-press.net\/guinee-conakry\/politique\/macky-sall-repond-au-capitaine-ibrahima-traore-les-chefs-detat-africains-ne-sont-pas-venus-en-russie-pour-mendier\"},\"author\":{\"name\":\"cfeditorfr\",\"@id\":\"https:\/\/www.africa-press.net\/guinee-conakry\/#\/schema\/person\/2b1cf3cd81a31e3cd26889ca66d677f1\"},\"headline\":\"Macky Sall r\u00e9pond au capitaine Ibrahima Traor\u00e9 : \u00ab les chefs d\u2019Etat [africains] ne sont pas venus en Russie pour mendier \u00bb\",\"datePublished\":\"2023-07-28T20:13:00+00:00\",\"mainEntityOfPage\":{\"@id\":\"https:\/\/www.africa-press.net\/guinee-conakry\/politique\/macky-sall-repond-au-capitaine-ibrahima-traore-les-chefs-detat-africains-ne-sont-pas-venus-en-russie-pour-mendier\"},\"wordCount\":369,\"commentCount\":0,\"image\":{\"@id\":\"https:\/\/www.africa-press.net\/guinee-conakry\/politique\/macky-sall-repond-au-capitaine-ibrahima-traore-les-chefs-detat-africains-ne-sont-pas-venus-en-russie-pour-mendier#primaryimage\"},\"thumbnailUrl\":\"https:\/\/static.africa-press.net\/conakry\/sites\/63\/2023\/07\/Jokar1690562615.516009.jpg\",\"keywords\":[\"Africa Press\",\"Africa Press-Guin\u00e9e\",\"Guin\u00e9e\"],\"articleSection\":[\"Politique\",\"Toutes les actualit\u00e9s\"],\"inLanguage\":\"fr-FR\",\"potentialAction\":[{\"@type\":\"CommentAction\",\"name\":\"Comment\",\"target\":[\"https:\/\/www.africa-press.net\/guinee-conakry\/politique\/macky-sall-repond-au-capitaine-ibrahima-traore-les-chefs-detat-africains-ne-sont-pas-venus-en-russie-pour-mendier#respond\"]}]},{\"@type\":\"WebPage\",\"@id\":\"https:\/\/www.africa-press.net\/guinee-conakry\/politique\/macky-sall-repond-au-capitaine-ibrahima-traore-les-chefs-detat-africains-ne-sont-pas-venus-en-russie-pour-mendier\",\"url\":\"https:\/\/www.africa-press.net\/guinee-conakry\/politique\/macky-sall-repond-au-capitaine-ibrahima-traore-les-chefs-detat-africains-ne-sont-pas-venus-en-russie-pour-mendier\",\"name\":\"Macky Sall r\u00e9pond au capitaine Ibrahima Traor\u00e9 : \u00ab les chefs d\u2019Etat [africains] ne sont pas venus en Russie pour mendier \u00bb - guinee Conakry\",\"isPartOf\":{\"@id\":\"https:\/\/www.africa-press.net\/guinee-conakry\/#website\"},\"primaryImageOfPage\":{\"@id\":\"https:\/\/www.africa-press.net\/guinee-conakry\/politique\/macky-sall-repond-au-capitaine-ibrahima-traore-les-chefs-detat-africains-ne-sont-pas-venus-en-russie-pour-mendier#primaryimage\"},\"image\":{\"@id\":\"https:\/\/www.africa-press.net\/guinee-conakry\/politique\/macky-sall-repond-au-capitaine-ibrahima-traore-les-chefs-detat-africains-ne-sont-pas-venus-en-russie-pour-mendier#primaryimage\"},\"thumbnailUrl\":\"https:\/\/static.africa-press.net\/conakry\/sites\/63\/2023\/07\/Jokar1690562615.516009.jpg\",\"datePublished\":\"2023-07-28T20:13:00+00:00\",\"author\":{\"@id\":\"https:\/\/www.africa-press.net\/guinee-conakry\/#\/schema\/person\/2b1cf3cd81a31e3cd26889ca66d677f1\"},\"breadcrumb\":{\"@id\":\"https:\/\/www.africa-press.net\/guinee-conakry\/politique\/macky-sall-repond-au-capitaine-ibrahima-traore-les-chefs-detat-africains-ne-sont-pas-venus-en-russie-pour-mendier#breadcrumb\"},\"inLanguage\":\"fr-FR\",\"potentialAction\":[{\"@type\":\"ReadAction\",\"target\":[\"https:\/\/www.africa-press.net\/guinee-conakry\/politique\/macky-sall-repond-au-capitaine-ibrahima-traore-les-chefs-detat-africains-ne-sont-pas-venus-en-russie-pour-mendier\"]}]},{\"@type\":\"ImageObject\",\"inLanguage\":\"fr-FR\",\"@id\":\"https:\/\/www.africa-press.net\/guinee-conakry\/politique\/macky-sall-repond-au-capitaine-ibrahima-traore-les-chefs-detat-africains-ne-sont-pas-venus-en-russie-pour-mendier#primaryimage\",\"url\":\"https:\/\/static.africa-press.net\/conakry\/sites\/63\/2023\/07\/Jokar1690562615.516009.jpg\",\"contentUrl\":\"https:\/\/static.africa-press.net\/conakry\/sites\/63\/2023\/07\/Jokar1690562615.516009.jpg\",\"width\":1181,\"height\":638,\"caption\":\"Macky Sall r\u00e9pond au capitaine Ibrahima Traor\u00e9 : \u00ab les chefs d\u2019Etat [africains] ne sont pas venus en Russie pour mendier \u00bb\"},{\"@type\":\"BreadcrumbList\",\"@id\":\"https:\/\/www.africa-press.net\/guinee-conakry\/politique\/macky-sall-repond-au-capitaine-ibrahima-traore-les-chefs-detat-africains-ne-sont-pas-venus-en-russie-pour-mendier#breadcrumb\",\"itemListElement\":[{\"@type\":\"ListItem\",\"position\":1,\"name\":\"Accueil\",\"item\":\"https:\/\/www.africa-press.net\/guinee-conakry\/\"},{\"@type\":\"ListItem\",\"position\":2,\"name\":\"Macky Sall r\u00e9pond au capitaine Ibrahima Traor\u00e9 : \u00ab les chefs d\u2019Etat [africains] ne sont pas venus en Russie pour mendier \u00bb\"}]},{\"@type\":\"WebSite\",\"@id\":\"https:\/\/www.africa-press.net\/guinee-conakry\/#website\",\"url\":\"https:\/\/www.africa-press.net\/guinee-conakry\/\",\"name\":\"guinee Conakry\",\"description\":\"Just another Africa News Agency Sites site\",\"potentialAction\":[{\"@type\":\"SearchAction\",\"target\":{\"@type\":\"EntryPoint\",\"urlTemplate\":\"https:\/\/www.africa-press.net\/guinee-conakry\/?s={search_term_string}\"},\"query-input\":{\"@type\":\"PropertyValueSpecification\",\"valueRequired\":true,\"valueName\":\"search_term_string\"}}],\"inLanguage\":\"fr-FR\"},{\"@type\":\"Person\",\"@id\":\"https:\/\/www.africa-press.net\/guinee-conakry\/#\/schema\/person\/2b1cf3cd81a31e3cd26889ca66d677f1\",\"name\":\"cfeditorfr\"}]}<\/script>\n<!-- \/ Yoast SEO Premium plugin. -->","yoast_head_json":{"title":"Macky Sall r\u00e9pond au capitaine Ibrahima Traor\u00e9 : \u00ab les chefs d\u2019Etat [africains] ne sont pas venus en Russie pour mendier \u00bb - guinee Conakry","robots":{"index":"index","follow":"follow","max-snippet":"max-snippet:-1","max-image-preview":"max-image-preview:large","max-video-preview":"max-video-preview:-1"},"canonical":"https:\/\/www.africa-press.net\/guinee-conakry\/politique\/macky-sall-repond-au-capitaine-ibrahima-traore-les-chefs-detat-africains-ne-sont-pas-venus-en-russie-pour-mendier","og_locale":"fr_FR","og_type":"article","og_title":"Macky Sall r\u00e9pond au capitaine Ibrahima Traor\u00e9 : \u00ab les chefs d\u2019Etat [africains] ne sont pas venus en Russie pour mendier \u00bb","og_description":"Africa-Press &#8211; Guin\u00e9e. C\u2019est une situation qui s\u2019apparente a\u0300 une passe d\u2019armes entre le pre\u0301sident de la Transition du Burkina Faso et le chef de l\u2019Etat se\u0301ne\u0301galais au sommet Russie-Afrique a\u0300 Saint-Pe\u0301tersbourg. Un peu plus to\u0302t cet apre\u0300s-midi, le capitaine Ibrahima Traore\u0301 a pris la parole pour de\u0301noncer \u00ab les chefs d\u2019Etat [africains] qui traversent [&hellip;]","og_url":"https:\/\/www.africa-press.net\/guinee-conakry\/politique\/macky-sall-repond-au-capitaine-ibrahima-traore-les-chefs-detat-africains-ne-sont-pas-venus-en-russie-pour-mendier","og_site_name":"guinee Conakry","article_published_time":"2023-07-28T20:13:00+00:00","author":"cfeditorfr","twitter_card":"summary_large_image","twitter_misc":{"\u00c9crit par":"cfeditorfr","Dur\u00e9e de lecture estim\u00e9e":"2 minutes"},"schema":{"@context":"https:\/\/schema.org","@graph":[{"@type":"Article","@id":"https:\/\/www.africa-press.net\/guinee-conakry\/politique\/macky-sall-repond-au-capitaine-ibrahima-traore-les-chefs-detat-africains-ne-sont-pas-venus-en-russie-pour-mendier#article","isPartOf":{"@id":"https:\/\/www.africa-press.net\/guinee-conakry\/politique\/macky-sall-repond-au-capitaine-ibrahima-traore-les-chefs-detat-africains-ne-sont-pas-venus-en-russie-pour-mendier"},"author":{"name":"cfeditorfr","@id":"https:\/\/www.africa-press.net\/guinee-conakry\/#\/schema\/person\/2b1cf3cd81a31e3cd26889ca66d677f1"},"headline":"Macky Sall r\u00e9pond au capitaine Ibrahima Traor\u00e9 : \u00ab les chefs d\u2019Etat [africains] ne sont pas venus en Russie pour mendier \u00bb","datePublished":"2023-07-28T20:13:00+00:00","mainEntityOfPage":{"@id":"https:\/\/www.africa-press.net\/guinee-conakry\/politique\/macky-sall-repond-au-capitaine-ibrahima-traore-les-chefs-detat-africains-ne-sont-pas-venus-en-russie-pour-mendier"},"wordCount":369,"commentCount":0,"image":{"@id":"https:\/\/www.africa-press.net\/guinee-conakry\/politique\/macky-sall-repond-au-capitaine-ibrahima-traore-les-chefs-detat-africains-ne-sont-pas-venus-en-russie-pour-mendier#primaryimage"},"thumbnailUrl":"https:\/\/static.africa-press.net\/conakry\/sites\/63\/2023\/07\/Jokar1690562615.516009.jpg","keywords":["Africa Press","Africa Press-Guin\u00e9e","Guin\u00e9e"],"articleSection":["Politique","Toutes les actualit\u00e9s"],"inLanguage":"fr-FR","potentialAction":[{"@type":"CommentAction","name":"Comment","target":["https:\/\/www.africa-press.net\/guinee-conakry\/politique\/macky-sall-repond-au-capitaine-ibrahima-traore-les-chefs-detat-africains-ne-sont-pas-venus-en-russie-pour-mendier#respond"]}]},{"@type":"WebPage","@id":"https:\/\/www.africa-press.net\/guinee-conakry\/politique\/macky-sall-repond-au-capitaine-ibrahima-traore-les-chefs-detat-africains-ne-sont-pas-venus-en-russie-pour-mendier","url":"https:\/\/www.africa-press.net\/guinee-conakry\/politique\/macky-sall-repond-au-capitaine-ibrahima-traore-les-chefs-detat-africains-ne-sont-pas-venus-en-russie-pour-mendier","name":"Macky Sall r\u00e9pond au capitaine Ibrahima Traor\u00e9 : \u00ab les chefs d\u2019Etat [africains] ne sont pas venus en Russie pour mendier \u00bb - guinee Conakry","isPartOf":{"@id":"https:\/\/www.africa-press.net\/guinee-conakry\/#website"},"primaryImageOfPage":{"@id":"https:\/\/www.africa-press.net\/guinee-conakry\/politique\/macky-sall-repond-au-capitaine-ibrahima-traore-les-chefs-detat-africains-ne-sont-pas-venus-en-russie-pour-mendier#primaryimage"},"image":{"@id":"https:\/\/www.africa-press.net\/guinee-conakry\/politique\/macky-sall-repond-au-capitaine-ibrahima-traore-les-chefs-detat-africains-ne-sont-pas-venus-en-russie-pour-mendier#primaryimage"},"thumbnailUrl":"https:\/\/static.africa-press.net\/conakry\/sites\/63\/2023\/07\/Jokar1690562615.516009.jpg","datePublished":"2023-07-28T20:13:00+00:00","author":{"@id":"https:\/\/www.africa-press.net\/guinee-conakry\/#\/schema\/person\/2b1cf3cd81a31e3cd26889ca66d677f1"},"breadcrumb":{"@id":"https:\/\/www.africa-press.net\/guinee-conakry\/politique\/macky-sall-repond-au-capitaine-ibrahima-traore-les-chefs-detat-africains-ne-sont-pas-venus-en-russie-pour-mendier#breadcrumb"},"inLanguage":"fr-FR","potentialAction":[{"@type":"ReadAction","target":["https:\/\/www.africa-press.net\/guinee-conakry\/politique\/macky-sall-repond-au-capitaine-ibrahima-traore-les-chefs-detat-africains-ne-sont-pas-venus-en-russie-pour-mendier"]}]},{"@type":"ImageObject","inLanguage":"fr-FR","@id":"https:\/\/www.africa-press.net\/guinee-conakry\/politique\/macky-sall-repond-au-capitaine-ibrahima-traore-les-chefs-detat-africains-ne-sont-pas-venus-en-russie-pour-mendier#primaryimage","url":"https:\/\/static.africa-press.net\/conakry\/sites\/63\/2023\/07\/Jokar1690562615.516009.jpg","contentUrl":"https:\/\/static.africa-press.net\/conakry\/sites\/63\/2023\/07\/Jokar1690562615.516009.jpg","width":1181,"height":638,"caption":"Macky Sall r\u00e9pond au capitaine Ibrahima Traor\u00e9 : \u00ab les chefs d\u2019Etat [africains] ne sont pas venus en Russie pour mendier \u00bb"},{"@type":"BreadcrumbList","@id":"https:\/\/www.africa-press.net\/guinee-conakry\/politique\/macky-sall-repond-au-capitaine-ibrahima-traore-les-chefs-detat-africains-ne-sont-pas-venus-en-russie-pour-mendier#breadcrumb","itemListElement":[{"@type":"ListItem","position":1,"name":"Accueil","item":"https:\/\/www.africa-press.net\/guinee-conakry\/"},{"@type":"ListItem","position":2,"name":"Macky Sall r\u00e9pond au capitaine Ibrahima Traor\u00e9 : \u00ab les chefs d\u2019Etat [africains] ne sont pas venus en Russie pour mendier \u00bb"}]},{"@type":"WebSite","@id":"https:\/\/www.africa-press.net\/guinee-conakry\/#website","url":"https:\/\/www.africa-press.net\/guinee-conakry\/","name":"guinee Conakry","description":"Just another Africa News Agency Sites site","potentialAction":[{"@type":"SearchAction","target":{"@type":"EntryPoint","urlTemplate":"https:\/\/www.africa-press.net\/guinee-conakry\/?s={search_term_string}"},"query-input":{"@type":"PropertyValueSpecification","valueRequired":true,"valueName":"search_term_string"}}],"inLanguage":"fr-FR"},{"@type":"Person","@id":"https:\/\/www.africa-press.net\/guinee-conakry\/#\/schema\/person\/2b1cf3cd81a31e3cd26889ca66d677f1","name":"cfeditorfr"}]}},"_links":{"self":[{"href":"https:\/\/www.africa-press.net\/guinee-conakry\/wp-json\/wp\/v2\/posts\/14952","targetHints":{"allow":["GET"]}}],"collection":[{"href":"https:\/\/www.africa-press.net\/guinee-conakry\/wp-json\/wp\/v2\/posts"}],"about":[{"href":"https:\/\/www.africa-press.net\/guinee-conakry\/wp-json\/wp\/v2\/types\/post"}],"author":[{"embeddable":true,"href":"https:\/\/www.africa-press.net\/guinee-conakry\/wp-json\/wp\/v2\/users\/82"}],"replies":[{"embeddable":true,"href":"https:\/\/www.africa-press.net\/guinee-conakry\/wp-json\/wp\/v2\/comments?post=14952"}],"version-history":[{"count":0,"href":"https:\/\/www.africa-press.net\/guinee-conakry\/wp-json\/wp\/v2\/posts\/14952\/revisions"}],"wp:featuredmedia":[{"embeddable":true,"href":"https:\/\/www.africa-press.net\/guinee-conakry\/wp-json\/wp\/v2\/media\/14951"}],"wp:attachment":[{"href":"https:\/\/www.africa-press.net\/guinee-conakry\/wp-json\/wp\/v2\/media?parent=14952"}],"wp:term":[{"taxonomy":"category","embeddable":true,"href":"https:\/\/www.africa-press.net\/guinee-conakry\/wp-json\/wp\/v2\/categories?post=14952"},{"taxonomy":"post_tag","embeddable":true,"href":"https:\/\/www.africa-press.net\/guinee-conakry\/wp-json\/wp\/v2\/tags?post=14952"}],"curies":[{"name":"wp","href":"https:\/\/api.w.org\/{rel}","templated":true}]}}