{"id":17704,"date":"2023-12-02T18:54:00","date_gmt":"2023-12-02T18:54:00","guid":{"rendered":"https:\/\/www.africa-press.net\/guinee-conakry\/politique\/cellou-dalein-diallo-sera-t-il-face-a-une-commission-rogatoire-ou-dune-commission-dinculpation"},"modified":"2023-12-02T18:54:00","modified_gmt":"2023-12-02T18:54:00","slug":"cellou-dalein-diallo-sera-t-il-face-a-une-commission-rogatoire-ou-dune-commission-dinculpation","status":"publish","type":"post","link":"https:\/\/www.africa-press.net\/guinee-conakry\/politique\/cellou-dalein-diallo-sera-t-il-face-a-une-commission-rogatoire-ou-dune-commission-dinculpation","title":{"rendered":"Cellou Dalein Diallo sera-t-il face \u00e0 une commission rogatoire ou d\u2019une commission d\u2019inculpation ?"},"content":{"rendered":"<p><span style=\"color: #ff6600\"><strong>Africa-Press &#8211; Guin\u00e9e. <\/strong><\/span><b>Eliminer l\u2019un des potentiels candidats a\u0300 la probable e\u0301lection pre\u0301sidentielle en Guine\u0301e est un de\u0301fi pre\u0301occupant pour le CNRD qui pense avoir en main un solide grief contre Cellou Dalein Diallo. <\/b><\/p>\n<p>En l\u2019espe\u0300ce, trente-et-un ans apre\u0300s la privatisation de la Compagnie nationale Air-Guine\u0301e, cette affaire constitue toujours une e\u0301pe\u0301e de Damocle\u0300s au-dessus la te\u0302te de Cellou Dalein Diallo. On comprend encore mieux le but et l\u2019objectif de cette commission rogatoire frai\u0302chement cre\u0301e\u0301e par le Garde des Sceaux.<\/p>\n<p>Or, en France le 29 novembre 2023, l\u2019actuel ministre de la Justice, E\u0301ric Dupond-Moretti inculpe\u0301 pour prise ille\u0301gale d\u2019inte\u0301re\u0302ts et ayant reconnu l\u2019e\u0301le\u0301ment mate\u0301riel de la faute, a e\u0301te\u0301 relaxe\u0301 par la Cour de Justice de la Re\u0301publique. Par contre, en Guine\u0301e Cellou Dalein Diallo n\u2019a pas faute\u0301 ; mais il doit e\u0302tre de\u0301clare\u0301 mordicus coupable. C\u2019est le sens de la de\u0301claration du ministre guine\u0301en de la Justice Alphonse Charles Wright sur la presse nationale.<\/p>\n<p>De ce fait, cette commission rogatoire, initie\u0301e par le ministre et par le CNRD, n\u2019a rien de rogatoire ; c\u2019est une commission d\u2019inculpation et de culpabilite\u0301.<\/p>\n<p>En l\u2019espe\u0300ce, Cellou Dalein Diallo est en droit de ne pas accepter les audiences, ni se pre\u0302ter aux interrogatoires de cette commission rogatoire. Il ne pourra rien dire qui puisse le disculper et\/ou l\u2019innocenter face a\u0300 l\u2019acharnement conjoint de la CRIEF et du CNRD.<\/p>\n<p>L\u2019e\u0301minent confre\u0300re, Mai\u0302tre Amadou Diallo, a tout explique\u0301 pour mettre en relief l\u2019innocence du Pre\u0301sident Cellou Dalein. Mais devant l\u2019instrumentalisation de la justice qui est une forme de de\u0301linquance judiciaire, le droit enfuit et laisse place a\u0300 la politique.<\/p>\n<p>La justice guine\u0301enne a\u0300 l\u2019inspiration du CNRD doit savoir qu\u2019elle ne peut vouloir une chose et son contraire : a\u0300 savoir, organiser l\u2019exil de Cellou Dalein et le poursuivre a\u0300 l\u2019e\u0301tranger par une pseudo commission rogatoire. Celle-ci n\u2019a rien de juridictionnel ; elle est essentiellement un outil de re\u0300glement politique au service d\u2019un long harce\u0300lement judiciaire et d\u2019une chasse aux sorcie\u0300res en vue de future e\u0301lection pre\u0301sidentielle dont il convient de garantir le re\u0301sultat a\u0300 l\u2019avance.<\/p>\n<p>En tout e\u0301tat de cause, personne n\u2019est plus dupe, car selon l\u2019adage, me\u0302me le petit poisson devenu cible adulte est convaincu que le pe\u0302cheur acharne\u0301 ne vient pas pour le sauver de la noyade ! La de\u0301molition du domicile prive\u0301 de Monsieur Cellou Diallo Diallo en dit tre\u0300s long quant a\u0300 l\u2019inde\u0301pendance et l\u2019impartialite\u0301 de la justice guine\u0301enne.<\/p>\n<p>Vouloir disqualifier le potentiel candidat, en le condamnant par contumace, c\u2019est l\u2019objectif assigne\u0301 a\u0300 la CRIEF par le CNRD. D\u2019ou\u0300 l\u2019urgence d\u2019une prise de conscience collective du de\u0301lire institutionnel dans lequel vit notre pays actuellement.<\/p>\n<p><b>Affaire a\u0300 suivre.<\/b><\/p>\n<p><b>Saliou Bobo Taran DIALLO<\/b><\/p>\n<p><b>Docteur en droit<\/b><\/p>\n<p><b>Avocat au Barreau de Paris<\/b><\/p>\n<p><strong>Pour plus d&rsquo;informations et d&rsquo;analyses sur la <a href=\"https:\/\/www.africa-press.net\/guinee-conakry\">Guin\u00e9e<\/a>, suivez <a href=\"https:\/\/www.africa-press.net\/\">Africa-Press<\/a><\/strong><\/p>\n","protected":false},"excerpt":{"rendered":"<p>Africa-Press &#8211; Guin\u00e9e. Eliminer l\u2019un des potentiels candidats a\u0300 la probable e\u0301lection pre\u0301sidentielle en Guine\u0301e est un de\u0301fi pre\u0301occupant pour le CNRD qui pense avoir en main un solide grief contre Cellou Dalein Diallo. En l\u2019espe\u0300ce, trente-et-un ans apre\u0300s la privatisation de la Compagnie nationale Air-Guine\u0301e, cette affaire constitue toujours une e\u0301pe\u0301e de Damocle\u0300s au-dessus [&hellip;]<\/p>\n","protected":false},"author":82,"featured_media":17703,"comment_status":"open","ping_status":"closed","sticky":false,"template":"","format":"standard","meta":{"footnotes":""},"categories":[2,10],"tags":[36,57,58],"class_list":["post-17704","post","type-post","status-publish","format-standard","has-post-thumbnail","hentry","category-politique","category-toutes-les-actualites","tag-africa-press","tag-africa-press-guinee","tag-guinee"],"yoast_head":"<!-- This site is optimized with the Yoast SEO Premium plugin v26.1 (Yoast SEO v27.0) - https:\/\/yoast.com\/product\/yoast-seo-premium-wordpress\/ -->\n<title>Cellou Dalein Diallo sera-t-il face \u00e0 une commission rogatoire ou d\u2019une commission d\u2019inculpation ? - guinee Conakry<\/title>\n<meta name=\"robots\" content=\"index, follow, max-snippet:-1, max-image-preview:large, max-video-preview:-1\" \/>\n<link rel=\"canonical\" href=\"https:\/\/www.africa-press.net\/guinee-conakry\/politique\/cellou-dalein-diallo-sera-t-il-face-a-une-commission-rogatoire-ou-dune-commission-dinculpation\" \/>\n<meta property=\"og:locale\" content=\"fr_FR\" \/>\n<meta property=\"og:type\" content=\"article\" \/>\n<meta property=\"og:title\" content=\"Cellou Dalein Diallo sera-t-il face \u00e0 une commission rogatoire ou d\u2019une commission d\u2019inculpation ?\" \/>\n<meta property=\"og:description\" content=\"Africa-Press &#8211; Guin\u00e9e. Eliminer l\u2019un des potentiels candidats a\u0300 la probable e\u0301lection pre\u0301sidentielle en Guine\u0301e est un de\u0301fi pre\u0301occupant pour le CNRD qui pense avoir en main un solide grief contre Cellou Dalein Diallo. En l\u2019espe\u0300ce, trente-et-un ans apre\u0300s la privatisation de la Compagnie nationale Air-Guine\u0301e, cette affaire constitue toujours une e\u0301pe\u0301e de Damocle\u0300s au-dessus [&hellip;]\" \/>\n<meta property=\"og:url\" content=\"https:\/\/www.africa-press.net\/guinee-conakry\/politique\/cellou-dalein-diallo-sera-t-il-face-a-une-commission-rogatoire-ou-dune-commission-dinculpation\" \/>\n<meta property=\"og:site_name\" content=\"guinee Conakry\" \/>\n<meta property=\"article:published_time\" content=\"2023-12-02T18:54:00+00:00\" \/>\n<meta name=\"author\" content=\"cfeditorfr\" \/>\n<meta name=\"twitter:card\" content=\"summary_large_image\" \/>\n<meta name=\"twitter:label1\" content=\"\u00c9crit par\" \/>\n\t<meta name=\"twitter:data1\" content=\"cfeditorfr\" \/>\n\t<meta name=\"twitter:label2\" content=\"Dur\u00e9e de lecture estim\u00e9e\" \/>\n\t<meta name=\"twitter:data2\" content=\"3 minutes\" \/>\n<script type=\"application\/ld+json\" class=\"yoast-schema-graph\">{\"@context\":\"https:\/\/schema.org\",\"@graph\":[{\"@type\":\"Article\",\"@id\":\"https:\/\/www.africa-press.net\/guinee-conakry\/politique\/cellou-dalein-diallo-sera-t-il-face-a-une-commission-rogatoire-ou-dune-commission-dinculpation#article\",\"isPartOf\":{\"@id\":\"https:\/\/www.africa-press.net\/guinee-conakry\/politique\/cellou-dalein-diallo-sera-t-il-face-a-une-commission-rogatoire-ou-dune-commission-dinculpation\"},\"author\":{\"name\":\"cfeditorfr\",\"@id\":\"https:\/\/www.africa-press.net\/guinee-conakry\/#\/schema\/person\/2b1cf3cd81a31e3cd26889ca66d677f1\"},\"headline\":\"Cellou Dalein Diallo sera-t-il face \u00e0 une commission rogatoire ou d\u2019une commission d\u2019inculpation ?\",\"datePublished\":\"2023-12-02T18:54:00+00:00\",\"mainEntityOfPage\":{\"@id\":\"https:\/\/www.africa-press.net\/guinee-conakry\/politique\/cellou-dalein-diallo-sera-t-il-face-a-une-commission-rogatoire-ou-dune-commission-dinculpation\"},\"wordCount\":557,\"commentCount\":0,\"image\":{\"@id\":\"https:\/\/www.africa-press.net\/guinee-conakry\/politique\/cellou-dalein-diallo-sera-t-il-face-a-une-commission-rogatoire-ou-dune-commission-dinculpation#primaryimage\"},\"thumbnailUrl\":\"https:\/\/static.africa-press.net\/conakry\/sites\/63\/2023\/12\/Jokar1701530671.357249.jpg\",\"keywords\":[\"Africa Press\",\"Africa Press-Guin\u00e9e\",\"Guin\u00e9e\"],\"articleSection\":[\"Politique\",\"Toutes les actualit\u00e9s\"],\"inLanguage\":\"fr-FR\",\"potentialAction\":[{\"@type\":\"CommentAction\",\"name\":\"Comment\",\"target\":[\"https:\/\/www.africa-press.net\/guinee-conakry\/politique\/cellou-dalein-diallo-sera-t-il-face-a-une-commission-rogatoire-ou-dune-commission-dinculpation#respond\"]}]},{\"@type\":\"WebPage\",\"@id\":\"https:\/\/www.africa-press.net\/guinee-conakry\/politique\/cellou-dalein-diallo-sera-t-il-face-a-une-commission-rogatoire-ou-dune-commission-dinculpation\",\"url\":\"https:\/\/www.africa-press.net\/guinee-conakry\/politique\/cellou-dalein-diallo-sera-t-il-face-a-une-commission-rogatoire-ou-dune-commission-dinculpation\",\"name\":\"Cellou Dalein Diallo sera-t-il face \u00e0 une commission rogatoire ou d\u2019une commission d\u2019inculpation ? - guinee Conakry\",\"isPartOf\":{\"@id\":\"https:\/\/www.africa-press.net\/guinee-conakry\/#website\"},\"primaryImageOfPage\":{\"@id\":\"https:\/\/www.africa-press.net\/guinee-conakry\/politique\/cellou-dalein-diallo-sera-t-il-face-a-une-commission-rogatoire-ou-dune-commission-dinculpation#primaryimage\"},\"image\":{\"@id\":\"https:\/\/www.africa-press.net\/guinee-conakry\/politique\/cellou-dalein-diallo-sera-t-il-face-a-une-commission-rogatoire-ou-dune-commission-dinculpation#primaryimage\"},\"thumbnailUrl\":\"https:\/\/static.africa-press.net\/conakry\/sites\/63\/2023\/12\/Jokar1701530671.357249.jpg\",\"datePublished\":\"2023-12-02T18:54:00+00:00\",\"author\":{\"@id\":\"https:\/\/www.africa-press.net\/guinee-conakry\/#\/schema\/person\/2b1cf3cd81a31e3cd26889ca66d677f1\"},\"breadcrumb\":{\"@id\":\"https:\/\/www.africa-press.net\/guinee-conakry\/politique\/cellou-dalein-diallo-sera-t-il-face-a-une-commission-rogatoire-ou-dune-commission-dinculpation#breadcrumb\"},\"inLanguage\":\"fr-FR\",\"potentialAction\":[{\"@type\":\"ReadAction\",\"target\":[\"https:\/\/www.africa-press.net\/guinee-conakry\/politique\/cellou-dalein-diallo-sera-t-il-face-a-une-commission-rogatoire-ou-dune-commission-dinculpation\"]}]},{\"@type\":\"ImageObject\",\"inLanguage\":\"fr-FR\",\"@id\":\"https:\/\/www.africa-press.net\/guinee-conakry\/politique\/cellou-dalein-diallo-sera-t-il-face-a-une-commission-rogatoire-ou-dune-commission-dinculpation#primaryimage\",\"url\":\"https:\/\/static.africa-press.net\/conakry\/sites\/63\/2023\/12\/Jokar1701530671.357249.jpg\",\"contentUrl\":\"https:\/\/static.africa-press.net\/conakry\/sites\/63\/2023\/12\/Jokar1701530671.357249.jpg\",\"width\":450,\"height\":410,\"caption\":\"Cellou Dalein Diallo sera-t-il face \u00e0 une commission rogatoire ou d\u2019une commission d\u2019inculpation ?\"},{\"@type\":\"BreadcrumbList\",\"@id\":\"https:\/\/www.africa-press.net\/guinee-conakry\/politique\/cellou-dalein-diallo-sera-t-il-face-a-une-commission-rogatoire-ou-dune-commission-dinculpation#breadcrumb\",\"itemListElement\":[{\"@type\":\"ListItem\",\"position\":1,\"name\":\"Accueil\",\"item\":\"https:\/\/www.africa-press.net\/guinee-conakry\/\"},{\"@type\":\"ListItem\",\"position\":2,\"name\":\"Cellou Dalein Diallo sera-t-il face \u00e0 une commission rogatoire ou d\u2019une commission d\u2019inculpation ?\"}]},{\"@type\":\"WebSite\",\"@id\":\"https:\/\/www.africa-press.net\/guinee-conakry\/#website\",\"url\":\"https:\/\/www.africa-press.net\/guinee-conakry\/\",\"name\":\"guinee Conakry\",\"description\":\"Just another Africa News Agency Sites site\",\"potentialAction\":[{\"@type\":\"SearchAction\",\"target\":{\"@type\":\"EntryPoint\",\"urlTemplate\":\"https:\/\/www.africa-press.net\/guinee-conakry\/?s={search_term_string}\"},\"query-input\":{\"@type\":\"PropertyValueSpecification\",\"valueRequired\":true,\"valueName\":\"search_term_string\"}}],\"inLanguage\":\"fr-FR\"},{\"@type\":\"Person\",\"@id\":\"https:\/\/www.africa-press.net\/guinee-conakry\/#\/schema\/person\/2b1cf3cd81a31e3cd26889ca66d677f1\",\"name\":\"cfeditorfr\"}]}<\/script>\n<!-- \/ Yoast SEO Premium plugin. -->","yoast_head_json":{"title":"Cellou Dalein Diallo sera-t-il face \u00e0 une commission rogatoire ou d\u2019une commission d\u2019inculpation ? - guinee Conakry","robots":{"index":"index","follow":"follow","max-snippet":"max-snippet:-1","max-image-preview":"max-image-preview:large","max-video-preview":"max-video-preview:-1"},"canonical":"https:\/\/www.africa-press.net\/guinee-conakry\/politique\/cellou-dalein-diallo-sera-t-il-face-a-une-commission-rogatoire-ou-dune-commission-dinculpation","og_locale":"fr_FR","og_type":"article","og_title":"Cellou Dalein Diallo sera-t-il face \u00e0 une commission rogatoire ou d\u2019une commission d\u2019inculpation ?","og_description":"Africa-Press &#8211; Guin\u00e9e. Eliminer l\u2019un des potentiels candidats a\u0300 la probable e\u0301lection pre\u0301sidentielle en Guine\u0301e est un de\u0301fi pre\u0301occupant pour le CNRD qui pense avoir en main un solide grief contre Cellou Dalein Diallo. En l\u2019espe\u0300ce, trente-et-un ans apre\u0300s la privatisation de la Compagnie nationale Air-Guine\u0301e, cette affaire constitue toujours une e\u0301pe\u0301e de Damocle\u0300s au-dessus [&hellip;]","og_url":"https:\/\/www.africa-press.net\/guinee-conakry\/politique\/cellou-dalein-diallo-sera-t-il-face-a-une-commission-rogatoire-ou-dune-commission-dinculpation","og_site_name":"guinee Conakry","article_published_time":"2023-12-02T18:54:00+00:00","author":"cfeditorfr","twitter_card":"summary_large_image","twitter_misc":{"\u00c9crit par":"cfeditorfr","Dur\u00e9e de lecture estim\u00e9e":"3 minutes"},"schema":{"@context":"https:\/\/schema.org","@graph":[{"@type":"Article","@id":"https:\/\/www.africa-press.net\/guinee-conakry\/politique\/cellou-dalein-diallo-sera-t-il-face-a-une-commission-rogatoire-ou-dune-commission-dinculpation#article","isPartOf":{"@id":"https:\/\/www.africa-press.net\/guinee-conakry\/politique\/cellou-dalein-diallo-sera-t-il-face-a-une-commission-rogatoire-ou-dune-commission-dinculpation"},"author":{"name":"cfeditorfr","@id":"https:\/\/www.africa-press.net\/guinee-conakry\/#\/schema\/person\/2b1cf3cd81a31e3cd26889ca66d677f1"},"headline":"Cellou Dalein Diallo sera-t-il face \u00e0 une commission rogatoire ou d\u2019une commission d\u2019inculpation ?","datePublished":"2023-12-02T18:54:00+00:00","mainEntityOfPage":{"@id":"https:\/\/www.africa-press.net\/guinee-conakry\/politique\/cellou-dalein-diallo-sera-t-il-face-a-une-commission-rogatoire-ou-dune-commission-dinculpation"},"wordCount":557,"commentCount":0,"image":{"@id":"https:\/\/www.africa-press.net\/guinee-conakry\/politique\/cellou-dalein-diallo-sera-t-il-face-a-une-commission-rogatoire-ou-dune-commission-dinculpation#primaryimage"},"thumbnailUrl":"https:\/\/static.africa-press.net\/conakry\/sites\/63\/2023\/12\/Jokar1701530671.357249.jpg","keywords":["Africa Press","Africa Press-Guin\u00e9e","Guin\u00e9e"],"articleSection":["Politique","Toutes les actualit\u00e9s"],"inLanguage":"fr-FR","potentialAction":[{"@type":"CommentAction","name":"Comment","target":["https:\/\/www.africa-press.net\/guinee-conakry\/politique\/cellou-dalein-diallo-sera-t-il-face-a-une-commission-rogatoire-ou-dune-commission-dinculpation#respond"]}]},{"@type":"WebPage","@id":"https:\/\/www.africa-press.net\/guinee-conakry\/politique\/cellou-dalein-diallo-sera-t-il-face-a-une-commission-rogatoire-ou-dune-commission-dinculpation","url":"https:\/\/www.africa-press.net\/guinee-conakry\/politique\/cellou-dalein-diallo-sera-t-il-face-a-une-commission-rogatoire-ou-dune-commission-dinculpation","name":"Cellou Dalein Diallo sera-t-il face \u00e0 une commission rogatoire ou d\u2019une commission d\u2019inculpation ? - guinee Conakry","isPartOf":{"@id":"https:\/\/www.africa-press.net\/guinee-conakry\/#website"},"primaryImageOfPage":{"@id":"https:\/\/www.africa-press.net\/guinee-conakry\/politique\/cellou-dalein-diallo-sera-t-il-face-a-une-commission-rogatoire-ou-dune-commission-dinculpation#primaryimage"},"image":{"@id":"https:\/\/www.africa-press.net\/guinee-conakry\/politique\/cellou-dalein-diallo-sera-t-il-face-a-une-commission-rogatoire-ou-dune-commission-dinculpation#primaryimage"},"thumbnailUrl":"https:\/\/static.africa-press.net\/conakry\/sites\/63\/2023\/12\/Jokar1701530671.357249.jpg","datePublished":"2023-12-02T18:54:00+00:00","author":{"@id":"https:\/\/www.africa-press.net\/guinee-conakry\/#\/schema\/person\/2b1cf3cd81a31e3cd26889ca66d677f1"},"breadcrumb":{"@id":"https:\/\/www.africa-press.net\/guinee-conakry\/politique\/cellou-dalein-diallo-sera-t-il-face-a-une-commission-rogatoire-ou-dune-commission-dinculpation#breadcrumb"},"inLanguage":"fr-FR","potentialAction":[{"@type":"ReadAction","target":["https:\/\/www.africa-press.net\/guinee-conakry\/politique\/cellou-dalein-diallo-sera-t-il-face-a-une-commission-rogatoire-ou-dune-commission-dinculpation"]}]},{"@type":"ImageObject","inLanguage":"fr-FR","@id":"https:\/\/www.africa-press.net\/guinee-conakry\/politique\/cellou-dalein-diallo-sera-t-il-face-a-une-commission-rogatoire-ou-dune-commission-dinculpation#primaryimage","url":"https:\/\/static.africa-press.net\/conakry\/sites\/63\/2023\/12\/Jokar1701530671.357249.jpg","contentUrl":"https:\/\/static.africa-press.net\/conakry\/sites\/63\/2023\/12\/Jokar1701530671.357249.jpg","width":450,"height":410,"caption":"Cellou Dalein Diallo sera-t-il face \u00e0 une commission rogatoire ou d\u2019une commission d\u2019inculpation ?"},{"@type":"BreadcrumbList","@id":"https:\/\/www.africa-press.net\/guinee-conakry\/politique\/cellou-dalein-diallo-sera-t-il-face-a-une-commission-rogatoire-ou-dune-commission-dinculpation#breadcrumb","itemListElement":[{"@type":"ListItem","position":1,"name":"Accueil","item":"https:\/\/www.africa-press.net\/guinee-conakry\/"},{"@type":"ListItem","position":2,"name":"Cellou Dalein Diallo sera-t-il face \u00e0 une commission rogatoire ou d\u2019une commission d\u2019inculpation ?"}]},{"@type":"WebSite","@id":"https:\/\/www.africa-press.net\/guinee-conakry\/#website","url":"https:\/\/www.africa-press.net\/guinee-conakry\/","name":"guinee Conakry","description":"Just another Africa News Agency Sites site","potentialAction":[{"@type":"SearchAction","target":{"@type":"EntryPoint","urlTemplate":"https:\/\/www.africa-press.net\/guinee-conakry\/?s={search_term_string}"},"query-input":{"@type":"PropertyValueSpecification","valueRequired":true,"valueName":"search_term_string"}}],"inLanguage":"fr-FR"},{"@type":"Person","@id":"https:\/\/www.africa-press.net\/guinee-conakry\/#\/schema\/person\/2b1cf3cd81a31e3cd26889ca66d677f1","name":"cfeditorfr"}]}},"_links":{"self":[{"href":"https:\/\/www.africa-press.net\/guinee-conakry\/wp-json\/wp\/v2\/posts\/17704","targetHints":{"allow":["GET"]}}],"collection":[{"href":"https:\/\/www.africa-press.net\/guinee-conakry\/wp-json\/wp\/v2\/posts"}],"about":[{"href":"https:\/\/www.africa-press.net\/guinee-conakry\/wp-json\/wp\/v2\/types\/post"}],"author":[{"embeddable":true,"href":"https:\/\/www.africa-press.net\/guinee-conakry\/wp-json\/wp\/v2\/users\/82"}],"replies":[{"embeddable":true,"href":"https:\/\/www.africa-press.net\/guinee-conakry\/wp-json\/wp\/v2\/comments?post=17704"}],"version-history":[{"count":0,"href":"https:\/\/www.africa-press.net\/guinee-conakry\/wp-json\/wp\/v2\/posts\/17704\/revisions"}],"wp:featuredmedia":[{"embeddable":true,"href":"https:\/\/www.africa-press.net\/guinee-conakry\/wp-json\/wp\/v2\/media\/17703"}],"wp:attachment":[{"href":"https:\/\/www.africa-press.net\/guinee-conakry\/wp-json\/wp\/v2\/media?parent=17704"}],"wp:term":[{"taxonomy":"category","embeddable":true,"href":"https:\/\/www.africa-press.net\/guinee-conakry\/wp-json\/wp\/v2\/categories?post=17704"},{"taxonomy":"post_tag","embeddable":true,"href":"https:\/\/www.africa-press.net\/guinee-conakry\/wp-json\/wp\/v2\/tags?post=17704"}],"curies":[{"name":"wp","href":"https:\/\/api.w.org\/{rel}","templated":true}]}}