{"id":17755,"date":"2023-12-07T20:07:00","date_gmt":"2023-12-07T20:07:00","guid":{"rendered":"https:\/\/www.africa-press.net\/guinee-conakry\/politique\/proces-du-28-septembre-le-general-balde-a-la-barre-pour-le-moment-il-est-plus-ou-moins-coherent"},"modified":"2023-12-07T20:07:00","modified_gmt":"2023-12-07T20:07:00","slug":"proces-du-28-septembre-le-general-balde-a-la-barre-pour-le-moment-il-est-plus-ou-moins-coherent","status":"publish","type":"post","link":"https:\/\/www.africa-press.net\/guinee-conakry\/politique\/proces-du-28-septembre-le-general-balde-a-la-barre-pour-le-moment-il-est-plus-ou-moins-coherent","title":{"rendered":"Proc\u00e8s du 28 septembre, le g\u00e9n\u00e9ral Bald\u00e9 \u00e0 la barre : \u2018\u2019Pour le moment, il est plus ou moins coh\u00e9rent\u2019\u2019"},"content":{"rendered":"<p><span style=\"color: #ff6600\"><strong>Africa-Press &#8211; Guin\u00e9e. <\/strong><\/span><b>L\u2019avocat de la partie civile Mai\u0302tre Alpha Amadou DS Bah <\/b><b>a re\u0301agi mercredi<\/b><b> aux <\/b><b>premie\u0300res<\/b><b> de\u0301clarations a\u0300 la barre du tribunal de Dixinn de l\u2019ancien haut commandant de la gendarmerie nationale. <\/b><b>Le g<\/b><b>e\u0301ne\u0301ral Ibrahima Balde\u0301 <\/b><b>a de\u0301taille\u0301<\/b><b> son agenda de la journe\u0301e du lundi 28 septembre 2009.<\/b><\/p>\n<p>Apre\u0300s le premier pan de la de\u0301position du ge\u0301ne\u0301ral Ibrahima Balde\u0301, Mai\u0302tre Alpha Amadou DS Bah note que \u2018\u2019pour le moment, il est plus ou moins cohe\u0301rent\u2019\u2019.<\/p>\n<p>Il promet de poser au te\u0301moin des questions \u2018\u2019d\u2019e\u0301lucidation sur certains aspects notamment le ro\u0302le qu\u2019ont joue\u0301 re\u0301ellement certains de ses agents\u2019\u2019.<\/p>\n<p>\u2018\u2019Nous avons des informations qui nous laissent penser que certains agents de la gendarmerie se sont tre\u0300s mal comporte\u0301s et ont commis e\u0301norme\u0301ment d\u2019exactions. Sur cet aspect, il ne s\u2019est pas prononce\u0301. Nous avons des e\u0301le\u0301ments dans ce sens et nous allons mettre en e\u0301vidence lorsqu\u2019on aura notre parole\u2019\u2019, pre\u0301vient-il.<\/p>\n<p>L\u2019ancien haut commandant de la gendarmerie nationale a laisse\u0301 entendre que ses agents ne sont pas rentre\u0301s a\u0300 l\u2019inte\u0301rieur du stade le jour du massacre.<\/p>\n<p>\u2018\u2019Le maintien d\u2019ordre a concerne\u0301 toute la ville de Conakry. Les gendarmes sont intervenus au stade, a\u0300 l\u2019exte\u0301rieur et dans plusieurs communes de la capitale. Donc, sur ces aspects,,nous avons des informations. Le moment venu, je pense que il sera confondu\u2019\u2019, a pre\u0301venu l\u2019homme de droit.<\/p>\n<p><b>Abdoulaye Bella DIALLO<\/b><\/p>\n<p><strong>Pour plus d&rsquo;informations et d&rsquo;analyses sur la <a href=\"https:\/\/www.africa-press.net\/guinee-conakry\">Guin\u00e9e<\/a>, suivez <a href=\"https:\/\/www.africa-press.net\/\">Africa-Press<\/a><\/strong><\/p>\n","protected":false},"excerpt":{"rendered":"<p>Africa-Press &#8211; Guin\u00e9e. L\u2019avocat de la partie civile Mai\u0302tre Alpha Amadou DS Bah a re\u0301agi mercredi aux premie\u0300res de\u0301clarations a\u0300 la barre du tribunal de Dixinn de l\u2019ancien haut commandant de la gendarmerie nationale. Le ge\u0301ne\u0301ral Ibrahima Balde\u0301 a de\u0301taille\u0301 son agenda de la journe\u0301e du lundi 28 septembre 2009. Apre\u0300s le premier pan de [&hellip;]<\/p>\n","protected":false},"author":82,"featured_media":17754,"comment_status":"open","ping_status":"closed","sticky":false,"template":"","format":"standard","meta":{"footnotes":""},"categories":[2,10],"tags":[36,57,58],"class_list":["post-17755","post","type-post","status-publish","format-standard","has-post-thumbnail","hentry","category-politique","category-toutes-les-actualites","tag-africa-press","tag-africa-press-guinee","tag-guinee"],"yoast_head":"<!-- This site is optimized with the Yoast SEO Premium plugin v26.1 (Yoast SEO v27.0) - https:\/\/yoast.com\/product\/yoast-seo-premium-wordpress\/ -->\n<title>Proc\u00e8s du 28 septembre, le g\u00e9n\u00e9ral Bald\u00e9 \u00e0 la barre : \u2018\u2019Pour le moment, il est plus ou moins coh\u00e9rent\u2019\u2019 - guinee Conakry<\/title>\n<meta name=\"robots\" content=\"index, follow, max-snippet:-1, max-image-preview:large, max-video-preview:-1\" \/>\n<link rel=\"canonical\" href=\"https:\/\/www.africa-press.net\/guinee-conakry\/politique\/proces-du-28-septembre-le-general-balde-a-la-barre-pour-le-moment-il-est-plus-ou-moins-coherent\" \/>\n<meta property=\"og:locale\" content=\"fr_FR\" \/>\n<meta property=\"og:type\" content=\"article\" \/>\n<meta property=\"og:title\" content=\"Proc\u00e8s du 28 septembre, le g\u00e9n\u00e9ral Bald\u00e9 \u00e0 la barre : \u2018\u2019Pour le moment, il est plus ou moins coh\u00e9rent\u2019\u2019\" \/>\n<meta property=\"og:description\" content=\"Africa-Press &#8211; Guin\u00e9e. L\u2019avocat de la partie civile Mai\u0302tre Alpha Amadou DS Bah a re\u0301agi mercredi aux premie\u0300res de\u0301clarations a\u0300 la barre du tribunal de Dixinn de l\u2019ancien haut commandant de la gendarmerie nationale. Le ge\u0301ne\u0301ral Ibrahima Balde\u0301 a de\u0301taille\u0301 son agenda de la journe\u0301e du lundi 28 septembre 2009. Apre\u0300s le premier pan de [&hellip;]\" \/>\n<meta property=\"og:url\" content=\"https:\/\/www.africa-press.net\/guinee-conakry\/politique\/proces-du-28-septembre-le-general-balde-a-la-barre-pour-le-moment-il-est-plus-ou-moins-coherent\" \/>\n<meta property=\"og:site_name\" content=\"guinee Conakry\" \/>\n<meta property=\"article:published_time\" content=\"2023-12-07T20:07:00+00:00\" \/>\n<meta name=\"author\" content=\"cfeditorfr\" \/>\n<meta name=\"twitter:card\" content=\"summary_large_image\" \/>\n<meta name=\"twitter:label1\" content=\"\u00c9crit par\" \/>\n\t<meta name=\"twitter:data1\" content=\"cfeditorfr\" \/>\n\t<meta name=\"twitter:label2\" content=\"Dur\u00e9e de lecture estim\u00e9e\" \/>\n\t<meta name=\"twitter:data2\" content=\"1 minute\" \/>\n<script type=\"application\/ld+json\" class=\"yoast-schema-graph\">{\"@context\":\"https:\/\/schema.org\",\"@graph\":[{\"@type\":\"Article\",\"@id\":\"https:\/\/www.africa-press.net\/guinee-conakry\/politique\/proces-du-28-septembre-le-general-balde-a-la-barre-pour-le-moment-il-est-plus-ou-moins-coherent#article\",\"isPartOf\":{\"@id\":\"https:\/\/www.africa-press.net\/guinee-conakry\/politique\/proces-du-28-septembre-le-general-balde-a-la-barre-pour-le-moment-il-est-plus-ou-moins-coherent\"},\"author\":{\"name\":\"cfeditorfr\",\"@id\":\"https:\/\/www.africa-press.net\/guinee-conakry\/#\/schema\/person\/2b1cf3cd81a31e3cd26889ca66d677f1\"},\"headline\":\"Proc\u00e8s du 28 septembre, le g\u00e9n\u00e9ral Bald\u00e9 \u00e0 la barre : \u2018\u2019Pour le moment, il est plus ou moins coh\u00e9rent\u2019\u2019\",\"datePublished\":\"2023-12-07T20:07:00+00:00\",\"mainEntityOfPage\":{\"@id\":\"https:\/\/www.africa-press.net\/guinee-conakry\/politique\/proces-du-28-septembre-le-general-balde-a-la-barre-pour-le-moment-il-est-plus-ou-moins-coherent\"},\"wordCount\":300,\"commentCount\":0,\"image\":{\"@id\":\"https:\/\/www.africa-press.net\/guinee-conakry\/politique\/proces-du-28-septembre-le-general-balde-a-la-barre-pour-le-moment-il-est-plus-ou-moins-coherent#primaryimage\"},\"thumbnailUrl\":\"https:\/\/static.africa-press.net\/conakry\/sites\/63\/2023\/12\/Jokar1701967027.59613.jpg\",\"keywords\":[\"Africa Press\",\"Africa Press-Guin\u00e9e\",\"Guin\u00e9e\"],\"articleSection\":[\"Politique\",\"Toutes les actualit\u00e9s\"],\"inLanguage\":\"fr-FR\",\"potentialAction\":[{\"@type\":\"CommentAction\",\"name\":\"Comment\",\"target\":[\"https:\/\/www.africa-press.net\/guinee-conakry\/politique\/proces-du-28-septembre-le-general-balde-a-la-barre-pour-le-moment-il-est-plus-ou-moins-coherent#respond\"]}]},{\"@type\":\"WebPage\",\"@id\":\"https:\/\/www.africa-press.net\/guinee-conakry\/politique\/proces-du-28-septembre-le-general-balde-a-la-barre-pour-le-moment-il-est-plus-ou-moins-coherent\",\"url\":\"https:\/\/www.africa-press.net\/guinee-conakry\/politique\/proces-du-28-septembre-le-general-balde-a-la-barre-pour-le-moment-il-est-plus-ou-moins-coherent\",\"name\":\"Proc\u00e8s du 28 septembre, le g\u00e9n\u00e9ral Bald\u00e9 \u00e0 la barre : \u2018\u2019Pour le moment, il est plus ou moins coh\u00e9rent\u2019\u2019 - guinee Conakry\",\"isPartOf\":{\"@id\":\"https:\/\/www.africa-press.net\/guinee-conakry\/#website\"},\"primaryImageOfPage\":{\"@id\":\"https:\/\/www.africa-press.net\/guinee-conakry\/politique\/proces-du-28-septembre-le-general-balde-a-la-barre-pour-le-moment-il-est-plus-ou-moins-coherent#primaryimage\"},\"image\":{\"@id\":\"https:\/\/www.africa-press.net\/guinee-conakry\/politique\/proces-du-28-septembre-le-general-balde-a-la-barre-pour-le-moment-il-est-plus-ou-moins-coherent#primaryimage\"},\"thumbnailUrl\":\"https:\/\/static.africa-press.net\/conakry\/sites\/63\/2023\/12\/Jokar1701967027.59613.jpg\",\"datePublished\":\"2023-12-07T20:07:00+00:00\",\"author\":{\"@id\":\"https:\/\/www.africa-press.net\/guinee-conakry\/#\/schema\/person\/2b1cf3cd81a31e3cd26889ca66d677f1\"},\"breadcrumb\":{\"@id\":\"https:\/\/www.africa-press.net\/guinee-conakry\/politique\/proces-du-28-septembre-le-general-balde-a-la-barre-pour-le-moment-il-est-plus-ou-moins-coherent#breadcrumb\"},\"inLanguage\":\"fr-FR\",\"potentialAction\":[{\"@type\":\"ReadAction\",\"target\":[\"https:\/\/www.africa-press.net\/guinee-conakry\/politique\/proces-du-28-septembre-le-general-balde-a-la-barre-pour-le-moment-il-est-plus-ou-moins-coherent\"]}]},{\"@type\":\"ImageObject\",\"inLanguage\":\"fr-FR\",\"@id\":\"https:\/\/www.africa-press.net\/guinee-conakry\/politique\/proces-du-28-septembre-le-general-balde-a-la-barre-pour-le-moment-il-est-plus-ou-moins-coherent#primaryimage\",\"url\":\"https:\/\/static.africa-press.net\/conakry\/sites\/63\/2023\/12\/Jokar1701967027.59613.jpg\",\"contentUrl\":\"https:\/\/static.africa-press.net\/conakry\/sites\/63\/2023\/12\/Jokar1701967027.59613.jpg\",\"width\":1024,\"height\":683,\"caption\":\"Proc\u00e8s du 28 septembre, le g\u00e9n\u00e9ral Bald\u00e9 \u00e0 la barre : \u2018\u2019Pour le moment, il est plus ou moins coh\u00e9rent\u2019\u2019\"},{\"@type\":\"BreadcrumbList\",\"@id\":\"https:\/\/www.africa-press.net\/guinee-conakry\/politique\/proces-du-28-septembre-le-general-balde-a-la-barre-pour-le-moment-il-est-plus-ou-moins-coherent#breadcrumb\",\"itemListElement\":[{\"@type\":\"ListItem\",\"position\":1,\"name\":\"Accueil\",\"item\":\"https:\/\/www.africa-press.net\/guinee-conakry\/\"},{\"@type\":\"ListItem\",\"position\":2,\"name\":\"Proc\u00e8s du 28 septembre, le g\u00e9n\u00e9ral Bald\u00e9 \u00e0 la barre : \u2018\u2019Pour le moment, il est plus ou moins coh\u00e9rent\u2019\u2019\"}]},{\"@type\":\"WebSite\",\"@id\":\"https:\/\/www.africa-press.net\/guinee-conakry\/#website\",\"url\":\"https:\/\/www.africa-press.net\/guinee-conakry\/\",\"name\":\"guinee Conakry\",\"description\":\"Just another Africa News Agency Sites site\",\"potentialAction\":[{\"@type\":\"SearchAction\",\"target\":{\"@type\":\"EntryPoint\",\"urlTemplate\":\"https:\/\/www.africa-press.net\/guinee-conakry\/?s={search_term_string}\"},\"query-input\":{\"@type\":\"PropertyValueSpecification\",\"valueRequired\":true,\"valueName\":\"search_term_string\"}}],\"inLanguage\":\"fr-FR\"},{\"@type\":\"Person\",\"@id\":\"https:\/\/www.africa-press.net\/guinee-conakry\/#\/schema\/person\/2b1cf3cd81a31e3cd26889ca66d677f1\",\"name\":\"cfeditorfr\"}]}<\/script>\n<!-- \/ Yoast SEO Premium plugin. -->","yoast_head_json":{"title":"Proc\u00e8s du 28 septembre, le g\u00e9n\u00e9ral Bald\u00e9 \u00e0 la barre : \u2018\u2019Pour le moment, il est plus ou moins coh\u00e9rent\u2019\u2019 - guinee Conakry","robots":{"index":"index","follow":"follow","max-snippet":"max-snippet:-1","max-image-preview":"max-image-preview:large","max-video-preview":"max-video-preview:-1"},"canonical":"https:\/\/www.africa-press.net\/guinee-conakry\/politique\/proces-du-28-septembre-le-general-balde-a-la-barre-pour-le-moment-il-est-plus-ou-moins-coherent","og_locale":"fr_FR","og_type":"article","og_title":"Proc\u00e8s du 28 septembre, le g\u00e9n\u00e9ral Bald\u00e9 \u00e0 la barre : \u2018\u2019Pour le moment, il est plus ou moins coh\u00e9rent\u2019\u2019","og_description":"Africa-Press &#8211; Guin\u00e9e. L\u2019avocat de la partie civile Mai\u0302tre Alpha Amadou DS Bah a re\u0301agi mercredi aux premie\u0300res de\u0301clarations a\u0300 la barre du tribunal de Dixinn de l\u2019ancien haut commandant de la gendarmerie nationale. Le ge\u0301ne\u0301ral Ibrahima Balde\u0301 a de\u0301taille\u0301 son agenda de la journe\u0301e du lundi 28 septembre 2009. Apre\u0300s le premier pan de [&hellip;]","og_url":"https:\/\/www.africa-press.net\/guinee-conakry\/politique\/proces-du-28-septembre-le-general-balde-a-la-barre-pour-le-moment-il-est-plus-ou-moins-coherent","og_site_name":"guinee Conakry","article_published_time":"2023-12-07T20:07:00+00:00","author":"cfeditorfr","twitter_card":"summary_large_image","twitter_misc":{"\u00c9crit par":"cfeditorfr","Dur\u00e9e de lecture estim\u00e9e":"1 minute"},"schema":{"@context":"https:\/\/schema.org","@graph":[{"@type":"Article","@id":"https:\/\/www.africa-press.net\/guinee-conakry\/politique\/proces-du-28-septembre-le-general-balde-a-la-barre-pour-le-moment-il-est-plus-ou-moins-coherent#article","isPartOf":{"@id":"https:\/\/www.africa-press.net\/guinee-conakry\/politique\/proces-du-28-septembre-le-general-balde-a-la-barre-pour-le-moment-il-est-plus-ou-moins-coherent"},"author":{"name":"cfeditorfr","@id":"https:\/\/www.africa-press.net\/guinee-conakry\/#\/schema\/person\/2b1cf3cd81a31e3cd26889ca66d677f1"},"headline":"Proc\u00e8s du 28 septembre, le g\u00e9n\u00e9ral Bald\u00e9 \u00e0 la barre : \u2018\u2019Pour le moment, il est plus ou moins coh\u00e9rent\u2019\u2019","datePublished":"2023-12-07T20:07:00+00:00","mainEntityOfPage":{"@id":"https:\/\/www.africa-press.net\/guinee-conakry\/politique\/proces-du-28-septembre-le-general-balde-a-la-barre-pour-le-moment-il-est-plus-ou-moins-coherent"},"wordCount":300,"commentCount":0,"image":{"@id":"https:\/\/www.africa-press.net\/guinee-conakry\/politique\/proces-du-28-septembre-le-general-balde-a-la-barre-pour-le-moment-il-est-plus-ou-moins-coherent#primaryimage"},"thumbnailUrl":"https:\/\/static.africa-press.net\/conakry\/sites\/63\/2023\/12\/Jokar1701967027.59613.jpg","keywords":["Africa Press","Africa Press-Guin\u00e9e","Guin\u00e9e"],"articleSection":["Politique","Toutes les actualit\u00e9s"],"inLanguage":"fr-FR","potentialAction":[{"@type":"CommentAction","name":"Comment","target":["https:\/\/www.africa-press.net\/guinee-conakry\/politique\/proces-du-28-septembre-le-general-balde-a-la-barre-pour-le-moment-il-est-plus-ou-moins-coherent#respond"]}]},{"@type":"WebPage","@id":"https:\/\/www.africa-press.net\/guinee-conakry\/politique\/proces-du-28-septembre-le-general-balde-a-la-barre-pour-le-moment-il-est-plus-ou-moins-coherent","url":"https:\/\/www.africa-press.net\/guinee-conakry\/politique\/proces-du-28-septembre-le-general-balde-a-la-barre-pour-le-moment-il-est-plus-ou-moins-coherent","name":"Proc\u00e8s du 28 septembre, le g\u00e9n\u00e9ral Bald\u00e9 \u00e0 la barre : \u2018\u2019Pour le moment, il est plus ou moins coh\u00e9rent\u2019\u2019 - guinee Conakry","isPartOf":{"@id":"https:\/\/www.africa-press.net\/guinee-conakry\/#website"},"primaryImageOfPage":{"@id":"https:\/\/www.africa-press.net\/guinee-conakry\/politique\/proces-du-28-septembre-le-general-balde-a-la-barre-pour-le-moment-il-est-plus-ou-moins-coherent#primaryimage"},"image":{"@id":"https:\/\/www.africa-press.net\/guinee-conakry\/politique\/proces-du-28-septembre-le-general-balde-a-la-barre-pour-le-moment-il-est-plus-ou-moins-coherent#primaryimage"},"thumbnailUrl":"https:\/\/static.africa-press.net\/conakry\/sites\/63\/2023\/12\/Jokar1701967027.59613.jpg","datePublished":"2023-12-07T20:07:00+00:00","author":{"@id":"https:\/\/www.africa-press.net\/guinee-conakry\/#\/schema\/person\/2b1cf3cd81a31e3cd26889ca66d677f1"},"breadcrumb":{"@id":"https:\/\/www.africa-press.net\/guinee-conakry\/politique\/proces-du-28-septembre-le-general-balde-a-la-barre-pour-le-moment-il-est-plus-ou-moins-coherent#breadcrumb"},"inLanguage":"fr-FR","potentialAction":[{"@type":"ReadAction","target":["https:\/\/www.africa-press.net\/guinee-conakry\/politique\/proces-du-28-septembre-le-general-balde-a-la-barre-pour-le-moment-il-est-plus-ou-moins-coherent"]}]},{"@type":"ImageObject","inLanguage":"fr-FR","@id":"https:\/\/www.africa-press.net\/guinee-conakry\/politique\/proces-du-28-septembre-le-general-balde-a-la-barre-pour-le-moment-il-est-plus-ou-moins-coherent#primaryimage","url":"https:\/\/static.africa-press.net\/conakry\/sites\/63\/2023\/12\/Jokar1701967027.59613.jpg","contentUrl":"https:\/\/static.africa-press.net\/conakry\/sites\/63\/2023\/12\/Jokar1701967027.59613.jpg","width":1024,"height":683,"caption":"Proc\u00e8s du 28 septembre, le g\u00e9n\u00e9ral Bald\u00e9 \u00e0 la barre : \u2018\u2019Pour le moment, il est plus ou moins coh\u00e9rent\u2019\u2019"},{"@type":"BreadcrumbList","@id":"https:\/\/www.africa-press.net\/guinee-conakry\/politique\/proces-du-28-septembre-le-general-balde-a-la-barre-pour-le-moment-il-est-plus-ou-moins-coherent#breadcrumb","itemListElement":[{"@type":"ListItem","position":1,"name":"Accueil","item":"https:\/\/www.africa-press.net\/guinee-conakry\/"},{"@type":"ListItem","position":2,"name":"Proc\u00e8s du 28 septembre, le g\u00e9n\u00e9ral Bald\u00e9 \u00e0 la barre : \u2018\u2019Pour le moment, il est plus ou moins coh\u00e9rent\u2019\u2019"}]},{"@type":"WebSite","@id":"https:\/\/www.africa-press.net\/guinee-conakry\/#website","url":"https:\/\/www.africa-press.net\/guinee-conakry\/","name":"guinee Conakry","description":"Just another Africa News Agency Sites site","potentialAction":[{"@type":"SearchAction","target":{"@type":"EntryPoint","urlTemplate":"https:\/\/www.africa-press.net\/guinee-conakry\/?s={search_term_string}"},"query-input":{"@type":"PropertyValueSpecification","valueRequired":true,"valueName":"search_term_string"}}],"inLanguage":"fr-FR"},{"@type":"Person","@id":"https:\/\/www.africa-press.net\/guinee-conakry\/#\/schema\/person\/2b1cf3cd81a31e3cd26889ca66d677f1","name":"cfeditorfr"}]}},"_links":{"self":[{"href":"https:\/\/www.africa-press.net\/guinee-conakry\/wp-json\/wp\/v2\/posts\/17755","targetHints":{"allow":["GET"]}}],"collection":[{"href":"https:\/\/www.africa-press.net\/guinee-conakry\/wp-json\/wp\/v2\/posts"}],"about":[{"href":"https:\/\/www.africa-press.net\/guinee-conakry\/wp-json\/wp\/v2\/types\/post"}],"author":[{"embeddable":true,"href":"https:\/\/www.africa-press.net\/guinee-conakry\/wp-json\/wp\/v2\/users\/82"}],"replies":[{"embeddable":true,"href":"https:\/\/www.africa-press.net\/guinee-conakry\/wp-json\/wp\/v2\/comments?post=17755"}],"version-history":[{"count":0,"href":"https:\/\/www.africa-press.net\/guinee-conakry\/wp-json\/wp\/v2\/posts\/17755\/revisions"}],"wp:featuredmedia":[{"embeddable":true,"href":"https:\/\/www.africa-press.net\/guinee-conakry\/wp-json\/wp\/v2\/media\/17754"}],"wp:attachment":[{"href":"https:\/\/www.africa-press.net\/guinee-conakry\/wp-json\/wp\/v2\/media?parent=17755"}],"wp:term":[{"taxonomy":"category","embeddable":true,"href":"https:\/\/www.africa-press.net\/guinee-conakry\/wp-json\/wp\/v2\/categories?post=17755"},{"taxonomy":"post_tag","embeddable":true,"href":"https:\/\/www.africa-press.net\/guinee-conakry\/wp-json\/wp\/v2\/tags?post=17755"}],"curies":[{"name":"wp","href":"https:\/\/api.w.org\/{rel}","templated":true}]}}