{"id":17759,"date":"2023-12-07T20:11:00","date_gmt":"2023-12-07T20:11:00","guid":{"rendered":"https:\/\/www.africa-press.net\/guinee-conakry\/politique\/le-premier-ministre-bernard-gomou-aux-etudiants-la-guinee-est-notre-paradis"},"modified":"2023-12-07T20:11:00","modified_gmt":"2023-12-07T20:11:00","slug":"le-premier-ministre-bernard-gomou-aux-etudiants-la-guinee-est-notre-paradis","status":"publish","type":"post","link":"https:\/\/www.africa-press.net\/guinee-conakry\/politique\/le-premier-ministre-bernard-gomou-aux-etudiants-la-guinee-est-notre-paradis","title":{"rendered":"Le Premier ministre Bernard Gomou aux \u00e9tudiants : \u2018\u2019la Guin\u00e9e est notre paradis\u2019\u2019"},"content":{"rendered":"<p><span style=\"color: #ff6600\"><strong>Africa-Press &#8211; Guin\u00e9e. <\/strong><\/span><b>Le Premier ministre Bernard Gomou a pre\u0301side\u0301 mercredi la ce\u0301re\u0301monie d\u2019ouverture de la 4e e\u0301dition du Forum de l\u2019e\u0301tudiant guine\u0301en qui se tient au palais du peuple sous le the\u0300me : \u00ab Etudes supe\u0301rieures et pratiques professionnelles : le de\u0301fi et compe\u0301tences et de l\u2019employabilite\u0301 \u00bb.<\/b><b> <\/b><\/p>\n<p>Le chef du gouvernement a, dans sa prise de parole, rassure\u0301 les e\u0301tudiants que \u2018\u2019le colonel Mamadi Doumbouya vous porte ans son c\u0153ur\u2019\u2019. Il pre\u0301cise que sous le leadership du pre\u0301sident de la transition, des actions ont prises pour l\u2019ame\u0301lioration les conditions d\u2019e\u0301tudes ainsi que la qualite\u0301 de l\u2019enseignement et la formation des e\u0301tudiants.<\/p>\n<p>Paraphrasant le colonel Doumbouya, Bernard Gomou affirme que \u2018\u2019nous ne pouvons pas changer le monde en deux jours, mais il faut mettre les bases. Tout ce qu\u2019on fait aujourd\u2019hui, si nous sommes partis a\u0300 la mort, c\u2019est pour vous, les e\u0301tudiants. Tout ce qu\u2019on fait et fera, c\u2019est pour vous. Mais il faut que vous preniez vos responsabilite\u0301s pour qu\u2019en e\u0301tudiants, vous proposez des solutions a\u0300 nos proble\u0300mes. La seule chose dont la Guine\u0301e a besoin, c\u2019est l\u2019engagement. L\u2019amour de son prochain. Je voudrais que vous tuez l\u2019ethnie dans notre pays (&#8230;). Cultivez l\u2019xcellence pour mettre chacun a\u0300 sa place\u2019\u2019.<\/p>\n<p>Il invite les e\u0301tudiants a\u0300 \u2018\u2019de\u0301passer les clivages communautaires et ethniques entretenus par ceux qui n\u2019ont eu aucun projet viable pour la Guine\u0301e et sa jeunesse. Concentrez-vous sur des valeurs communes qui fondent la Re\u0301publique et qui sont traduites dans notre devise nationale : le travail, la justice et la solidarite\u0301\u2019\u2019.<\/p>\n<p>\u2018\u2019Vous avez ce pays en he\u0301ritage, il est le vo\u0302tre. Vous avez le devoir de l\u2019aimer, de le che\u0301rir, de le servir et le transformer positivement pour vous et pour les ge\u0301ne\u0301rations futures\u2019\u2019, indique-t-il a\u0300 la couche estudiantine, ajoutant que \u2018\u2019le CNRD et son pre\u0301sident vous en donnent l\u2019opportunite\u0301. Saisissez-la. Cette e\u0301poque-la\u0300, c\u2019est la vo\u0302tre. Vous e\u0302tes la ve\u0301ritable richesse de ce beau pays. Vous e\u0302tes l\u2019arbre saint qui donnera de bons fruits a\u0300 notre nation\u2019\u2019.<\/p>\n<p>Il souhaite que les e\u0301tudiants soient des \u2018\u2019acteurs, leaders et leviers de la transformation de notre Guine\u0301e. Tuons en nous le manque d\u2019espe\u0301rance a\u0300 notre paradis, la Guine\u0301e est notre paradis. Mais le de\u0301sespoir pousse malheureusement certains d\u2019entre vous a\u0300 emprunter des chemins pe\u0301rilleux, en traversant la me\u0301diterrane\u0301e et l\u2019Atlantique. Nous le refusons\u2019\u2019.<\/p>\n<p>Le Premier ministre promet que \u2018\u2019nous ferons tout pour inverser cette tendance. C\u2019est l\u2019engagement de votre gouvernement de vous donner plus de perspectives\u2019\u2019.<\/p>\n<p><b>Pathe\u0301 BAH<\/b><\/p>\n<p><strong>Pour plus d&rsquo;informations et d&rsquo;analyses sur la <a href=\"https:\/\/www.africa-press.net\/guinee-conakry\">Guin\u00e9e<\/a>, suivez <a href=\"https:\/\/www.africa-press.net\/\">Africa-Press<\/a><\/strong><\/p>\n","protected":false},"excerpt":{"rendered":"<p>Africa-Press &#8211; Guin\u00e9e. Le Premier ministre Bernard Gomou a pre\u0301side\u0301 mercredi la ce\u0301re\u0301monie d\u2019ouverture de la 4e e\u0301dition du Forum de l\u2019e\u0301tudiant guine\u0301en qui se tient au palais du peuple sous le the\u0300me : \u00ab Etudes supe\u0301rieures et pratiques professionnelles : le de\u0301fi et compe\u0301tences et de l\u2019employabilite\u0301 \u00bb. Le chef du gouvernement a, dans [&hellip;]<\/p>\n","protected":false},"author":82,"featured_media":17758,"comment_status":"open","ping_status":"closed","sticky":false,"template":"","format":"standard","meta":{"footnotes":""},"categories":[21,2,10],"tags":[36,57,58],"class_list":["post-17759","post","type-post","status-publish","format-standard","has-post-thumbnail","hentry","category-communaute","category-politique","category-toutes-les-actualites","tag-africa-press","tag-africa-press-guinee","tag-guinee"],"yoast_head":"<!-- This site is optimized with the Yoast SEO Premium plugin v26.1 (Yoast SEO v27.0) - https:\/\/yoast.com\/product\/yoast-seo-premium-wordpress\/ -->\n<title>Le Premier ministre Bernard Gomou aux \u00e9tudiants : \u2018\u2019la Guin\u00e9e est notre paradis\u2019\u2019 - guinee Conakry<\/title>\n<meta name=\"robots\" content=\"index, follow, max-snippet:-1, max-image-preview:large, max-video-preview:-1\" \/>\n<link rel=\"canonical\" href=\"https:\/\/www.africa-press.net\/guinee-conakry\/politique\/le-premier-ministre-bernard-gomou-aux-etudiants-la-guinee-est-notre-paradis\" \/>\n<meta property=\"og:locale\" content=\"fr_FR\" \/>\n<meta property=\"og:type\" content=\"article\" \/>\n<meta property=\"og:title\" content=\"Le Premier ministre Bernard Gomou aux \u00e9tudiants : \u2018\u2019la Guin\u00e9e est notre paradis\u2019\u2019\" \/>\n<meta property=\"og:description\" content=\"Africa-Press &#8211; Guin\u00e9e. Le Premier ministre Bernard Gomou a pre\u0301side\u0301 mercredi la ce\u0301re\u0301monie d\u2019ouverture de la 4e e\u0301dition du Forum de l\u2019e\u0301tudiant guine\u0301en qui se tient au palais du peuple sous le the\u0300me : \u00ab Etudes supe\u0301rieures et pratiques professionnelles : le de\u0301fi et compe\u0301tences et de l\u2019employabilite\u0301 \u00bb. Le chef du gouvernement a, dans [&hellip;]\" \/>\n<meta property=\"og:url\" content=\"https:\/\/www.africa-press.net\/guinee-conakry\/politique\/le-premier-ministre-bernard-gomou-aux-etudiants-la-guinee-est-notre-paradis\" \/>\n<meta property=\"og:site_name\" content=\"guinee Conakry\" \/>\n<meta property=\"article:published_time\" content=\"2023-12-07T20:11:00+00:00\" \/>\n<meta name=\"author\" content=\"cfeditorfr\" \/>\n<meta name=\"twitter:card\" content=\"summary_large_image\" \/>\n<meta name=\"twitter:label1\" content=\"\u00c9crit par\" \/>\n\t<meta name=\"twitter:data1\" content=\"cfeditorfr\" \/>\n\t<meta name=\"twitter:label2\" content=\"Dur\u00e9e de lecture estim\u00e9e\" \/>\n\t<meta name=\"twitter:data2\" content=\"2 minutes\" \/>\n<script type=\"application\/ld+json\" class=\"yoast-schema-graph\">{\"@context\":\"https:\/\/schema.org\",\"@graph\":[{\"@type\":\"Article\",\"@id\":\"https:\/\/www.africa-press.net\/guinee-conakry\/politique\/le-premier-ministre-bernard-gomou-aux-etudiants-la-guinee-est-notre-paradis#article\",\"isPartOf\":{\"@id\":\"https:\/\/www.africa-press.net\/guinee-conakry\/politique\/le-premier-ministre-bernard-gomou-aux-etudiants-la-guinee-est-notre-paradis\"},\"author\":{\"name\":\"cfeditorfr\",\"@id\":\"https:\/\/www.africa-press.net\/guinee-conakry\/#\/schema\/person\/2b1cf3cd81a31e3cd26889ca66d677f1\"},\"headline\":\"Le Premier ministre Bernard Gomou aux \u00e9tudiants : \u2018\u2019la Guin\u00e9e est notre paradis\u2019\u2019\",\"datePublished\":\"2023-12-07T20:11:00+00:00\",\"mainEntityOfPage\":{\"@id\":\"https:\/\/www.africa-press.net\/guinee-conakry\/politique\/le-premier-ministre-bernard-gomou-aux-etudiants-la-guinee-est-notre-paradis\"},\"wordCount\":501,\"commentCount\":0,\"image\":{\"@id\":\"https:\/\/www.africa-press.net\/guinee-conakry\/politique\/le-premier-ministre-bernard-gomou-aux-etudiants-la-guinee-est-notre-paradis#primaryimage\"},\"thumbnailUrl\":\"https:\/\/static.africa-press.net\/conakry\/sites\/63\/2023\/12\/Jokar1701967307.28528.jpg\",\"keywords\":[\"Africa Press\",\"Africa Press-Guin\u00e9e\",\"Guin\u00e9e\"],\"articleSection\":[\"Communaut\u00e9\",\"Politique\",\"Toutes les actualit\u00e9s\"],\"inLanguage\":\"fr-FR\",\"potentialAction\":[{\"@type\":\"CommentAction\",\"name\":\"Comment\",\"target\":[\"https:\/\/www.africa-press.net\/guinee-conakry\/politique\/le-premier-ministre-bernard-gomou-aux-etudiants-la-guinee-est-notre-paradis#respond\"]}]},{\"@type\":\"WebPage\",\"@id\":\"https:\/\/www.africa-press.net\/guinee-conakry\/politique\/le-premier-ministre-bernard-gomou-aux-etudiants-la-guinee-est-notre-paradis\",\"url\":\"https:\/\/www.africa-press.net\/guinee-conakry\/politique\/le-premier-ministre-bernard-gomou-aux-etudiants-la-guinee-est-notre-paradis\",\"name\":\"Le Premier ministre Bernard Gomou aux \u00e9tudiants : \u2018\u2019la Guin\u00e9e est notre paradis\u2019\u2019 - guinee Conakry\",\"isPartOf\":{\"@id\":\"https:\/\/www.africa-press.net\/guinee-conakry\/#website\"},\"primaryImageOfPage\":{\"@id\":\"https:\/\/www.africa-press.net\/guinee-conakry\/politique\/le-premier-ministre-bernard-gomou-aux-etudiants-la-guinee-est-notre-paradis#primaryimage\"},\"image\":{\"@id\":\"https:\/\/www.africa-press.net\/guinee-conakry\/politique\/le-premier-ministre-bernard-gomou-aux-etudiants-la-guinee-est-notre-paradis#primaryimage\"},\"thumbnailUrl\":\"https:\/\/static.africa-press.net\/conakry\/sites\/63\/2023\/12\/Jokar1701967307.28528.jpg\",\"datePublished\":\"2023-12-07T20:11:00+00:00\",\"author\":{\"@id\":\"https:\/\/www.africa-press.net\/guinee-conakry\/#\/schema\/person\/2b1cf3cd81a31e3cd26889ca66d677f1\"},\"breadcrumb\":{\"@id\":\"https:\/\/www.africa-press.net\/guinee-conakry\/politique\/le-premier-ministre-bernard-gomou-aux-etudiants-la-guinee-est-notre-paradis#breadcrumb\"},\"inLanguage\":\"fr-FR\",\"potentialAction\":[{\"@type\":\"ReadAction\",\"target\":[\"https:\/\/www.africa-press.net\/guinee-conakry\/politique\/le-premier-ministre-bernard-gomou-aux-etudiants-la-guinee-est-notre-paradis\"]}]},{\"@type\":\"ImageObject\",\"inLanguage\":\"fr-FR\",\"@id\":\"https:\/\/www.africa-press.net\/guinee-conakry\/politique\/le-premier-ministre-bernard-gomou-aux-etudiants-la-guinee-est-notre-paradis#primaryimage\",\"url\":\"https:\/\/static.africa-press.net\/conakry\/sites\/63\/2023\/12\/Jokar1701967307.28528.jpg\",\"contentUrl\":\"https:\/\/static.africa-press.net\/conakry\/sites\/63\/2023\/12\/Jokar1701967307.28528.jpg\",\"width\":1024,\"height\":779,\"caption\":\"Le Premier ministre Bernard Gomou aux \u00e9tudiants : \u2018\u2019la Guin\u00e9e est notre paradis\u2019\u2019\"},{\"@type\":\"BreadcrumbList\",\"@id\":\"https:\/\/www.africa-press.net\/guinee-conakry\/politique\/le-premier-ministre-bernard-gomou-aux-etudiants-la-guinee-est-notre-paradis#breadcrumb\",\"itemListElement\":[{\"@type\":\"ListItem\",\"position\":1,\"name\":\"Accueil\",\"item\":\"https:\/\/www.africa-press.net\/guinee-conakry\/\"},{\"@type\":\"ListItem\",\"position\":2,\"name\":\"Le Premier ministre Bernard Gomou aux \u00e9tudiants : \u2018\u2019la Guin\u00e9e est notre paradis\u2019\u2019\"}]},{\"@type\":\"WebSite\",\"@id\":\"https:\/\/www.africa-press.net\/guinee-conakry\/#website\",\"url\":\"https:\/\/www.africa-press.net\/guinee-conakry\/\",\"name\":\"guinee Conakry\",\"description\":\"Just another Africa News Agency Sites site\",\"potentialAction\":[{\"@type\":\"SearchAction\",\"target\":{\"@type\":\"EntryPoint\",\"urlTemplate\":\"https:\/\/www.africa-press.net\/guinee-conakry\/?s={search_term_string}\"},\"query-input\":{\"@type\":\"PropertyValueSpecification\",\"valueRequired\":true,\"valueName\":\"search_term_string\"}}],\"inLanguage\":\"fr-FR\"},{\"@type\":\"Person\",\"@id\":\"https:\/\/www.africa-press.net\/guinee-conakry\/#\/schema\/person\/2b1cf3cd81a31e3cd26889ca66d677f1\",\"name\":\"cfeditorfr\"}]}<\/script>\n<!-- \/ Yoast SEO Premium plugin. -->","yoast_head_json":{"title":"Le Premier ministre Bernard Gomou aux \u00e9tudiants : \u2018\u2019la Guin\u00e9e est notre paradis\u2019\u2019 - guinee Conakry","robots":{"index":"index","follow":"follow","max-snippet":"max-snippet:-1","max-image-preview":"max-image-preview:large","max-video-preview":"max-video-preview:-1"},"canonical":"https:\/\/www.africa-press.net\/guinee-conakry\/politique\/le-premier-ministre-bernard-gomou-aux-etudiants-la-guinee-est-notre-paradis","og_locale":"fr_FR","og_type":"article","og_title":"Le Premier ministre Bernard Gomou aux \u00e9tudiants : \u2018\u2019la Guin\u00e9e est notre paradis\u2019\u2019","og_description":"Africa-Press &#8211; Guin\u00e9e. Le Premier ministre Bernard Gomou a pre\u0301side\u0301 mercredi la ce\u0301re\u0301monie d\u2019ouverture de la 4e e\u0301dition du Forum de l\u2019e\u0301tudiant guine\u0301en qui se tient au palais du peuple sous le the\u0300me : \u00ab Etudes supe\u0301rieures et pratiques professionnelles : le de\u0301fi et compe\u0301tences et de l\u2019employabilite\u0301 \u00bb. Le chef du gouvernement a, dans [&hellip;]","og_url":"https:\/\/www.africa-press.net\/guinee-conakry\/politique\/le-premier-ministre-bernard-gomou-aux-etudiants-la-guinee-est-notre-paradis","og_site_name":"guinee Conakry","article_published_time":"2023-12-07T20:11:00+00:00","author":"cfeditorfr","twitter_card":"summary_large_image","twitter_misc":{"\u00c9crit par":"cfeditorfr","Dur\u00e9e de lecture estim\u00e9e":"2 minutes"},"schema":{"@context":"https:\/\/schema.org","@graph":[{"@type":"Article","@id":"https:\/\/www.africa-press.net\/guinee-conakry\/politique\/le-premier-ministre-bernard-gomou-aux-etudiants-la-guinee-est-notre-paradis#article","isPartOf":{"@id":"https:\/\/www.africa-press.net\/guinee-conakry\/politique\/le-premier-ministre-bernard-gomou-aux-etudiants-la-guinee-est-notre-paradis"},"author":{"name":"cfeditorfr","@id":"https:\/\/www.africa-press.net\/guinee-conakry\/#\/schema\/person\/2b1cf3cd81a31e3cd26889ca66d677f1"},"headline":"Le Premier ministre Bernard Gomou aux \u00e9tudiants : \u2018\u2019la Guin\u00e9e est notre paradis\u2019\u2019","datePublished":"2023-12-07T20:11:00+00:00","mainEntityOfPage":{"@id":"https:\/\/www.africa-press.net\/guinee-conakry\/politique\/le-premier-ministre-bernard-gomou-aux-etudiants-la-guinee-est-notre-paradis"},"wordCount":501,"commentCount":0,"image":{"@id":"https:\/\/www.africa-press.net\/guinee-conakry\/politique\/le-premier-ministre-bernard-gomou-aux-etudiants-la-guinee-est-notre-paradis#primaryimage"},"thumbnailUrl":"https:\/\/static.africa-press.net\/conakry\/sites\/63\/2023\/12\/Jokar1701967307.28528.jpg","keywords":["Africa Press","Africa Press-Guin\u00e9e","Guin\u00e9e"],"articleSection":["Communaut\u00e9","Politique","Toutes les actualit\u00e9s"],"inLanguage":"fr-FR","potentialAction":[{"@type":"CommentAction","name":"Comment","target":["https:\/\/www.africa-press.net\/guinee-conakry\/politique\/le-premier-ministre-bernard-gomou-aux-etudiants-la-guinee-est-notre-paradis#respond"]}]},{"@type":"WebPage","@id":"https:\/\/www.africa-press.net\/guinee-conakry\/politique\/le-premier-ministre-bernard-gomou-aux-etudiants-la-guinee-est-notre-paradis","url":"https:\/\/www.africa-press.net\/guinee-conakry\/politique\/le-premier-ministre-bernard-gomou-aux-etudiants-la-guinee-est-notre-paradis","name":"Le Premier ministre Bernard Gomou aux \u00e9tudiants : \u2018\u2019la Guin\u00e9e est notre paradis\u2019\u2019 - guinee Conakry","isPartOf":{"@id":"https:\/\/www.africa-press.net\/guinee-conakry\/#website"},"primaryImageOfPage":{"@id":"https:\/\/www.africa-press.net\/guinee-conakry\/politique\/le-premier-ministre-bernard-gomou-aux-etudiants-la-guinee-est-notre-paradis#primaryimage"},"image":{"@id":"https:\/\/www.africa-press.net\/guinee-conakry\/politique\/le-premier-ministre-bernard-gomou-aux-etudiants-la-guinee-est-notre-paradis#primaryimage"},"thumbnailUrl":"https:\/\/static.africa-press.net\/conakry\/sites\/63\/2023\/12\/Jokar1701967307.28528.jpg","datePublished":"2023-12-07T20:11:00+00:00","author":{"@id":"https:\/\/www.africa-press.net\/guinee-conakry\/#\/schema\/person\/2b1cf3cd81a31e3cd26889ca66d677f1"},"breadcrumb":{"@id":"https:\/\/www.africa-press.net\/guinee-conakry\/politique\/le-premier-ministre-bernard-gomou-aux-etudiants-la-guinee-est-notre-paradis#breadcrumb"},"inLanguage":"fr-FR","potentialAction":[{"@type":"ReadAction","target":["https:\/\/www.africa-press.net\/guinee-conakry\/politique\/le-premier-ministre-bernard-gomou-aux-etudiants-la-guinee-est-notre-paradis"]}]},{"@type":"ImageObject","inLanguage":"fr-FR","@id":"https:\/\/www.africa-press.net\/guinee-conakry\/politique\/le-premier-ministre-bernard-gomou-aux-etudiants-la-guinee-est-notre-paradis#primaryimage","url":"https:\/\/static.africa-press.net\/conakry\/sites\/63\/2023\/12\/Jokar1701967307.28528.jpg","contentUrl":"https:\/\/static.africa-press.net\/conakry\/sites\/63\/2023\/12\/Jokar1701967307.28528.jpg","width":1024,"height":779,"caption":"Le Premier ministre Bernard Gomou aux \u00e9tudiants : \u2018\u2019la Guin\u00e9e est notre paradis\u2019\u2019"},{"@type":"BreadcrumbList","@id":"https:\/\/www.africa-press.net\/guinee-conakry\/politique\/le-premier-ministre-bernard-gomou-aux-etudiants-la-guinee-est-notre-paradis#breadcrumb","itemListElement":[{"@type":"ListItem","position":1,"name":"Accueil","item":"https:\/\/www.africa-press.net\/guinee-conakry\/"},{"@type":"ListItem","position":2,"name":"Le Premier ministre Bernard Gomou aux \u00e9tudiants : \u2018\u2019la Guin\u00e9e est notre paradis\u2019\u2019"}]},{"@type":"WebSite","@id":"https:\/\/www.africa-press.net\/guinee-conakry\/#website","url":"https:\/\/www.africa-press.net\/guinee-conakry\/","name":"guinee Conakry","description":"Just another Africa News Agency Sites site","potentialAction":[{"@type":"SearchAction","target":{"@type":"EntryPoint","urlTemplate":"https:\/\/www.africa-press.net\/guinee-conakry\/?s={search_term_string}"},"query-input":{"@type":"PropertyValueSpecification","valueRequired":true,"valueName":"search_term_string"}}],"inLanguage":"fr-FR"},{"@type":"Person","@id":"https:\/\/www.africa-press.net\/guinee-conakry\/#\/schema\/person\/2b1cf3cd81a31e3cd26889ca66d677f1","name":"cfeditorfr"}]}},"_links":{"self":[{"href":"https:\/\/www.africa-press.net\/guinee-conakry\/wp-json\/wp\/v2\/posts\/17759","targetHints":{"allow":["GET"]}}],"collection":[{"href":"https:\/\/www.africa-press.net\/guinee-conakry\/wp-json\/wp\/v2\/posts"}],"about":[{"href":"https:\/\/www.africa-press.net\/guinee-conakry\/wp-json\/wp\/v2\/types\/post"}],"author":[{"embeddable":true,"href":"https:\/\/www.africa-press.net\/guinee-conakry\/wp-json\/wp\/v2\/users\/82"}],"replies":[{"embeddable":true,"href":"https:\/\/www.africa-press.net\/guinee-conakry\/wp-json\/wp\/v2\/comments?post=17759"}],"version-history":[{"count":0,"href":"https:\/\/www.africa-press.net\/guinee-conakry\/wp-json\/wp\/v2\/posts\/17759\/revisions"}],"wp:featuredmedia":[{"embeddable":true,"href":"https:\/\/www.africa-press.net\/guinee-conakry\/wp-json\/wp\/v2\/media\/17758"}],"wp:attachment":[{"href":"https:\/\/www.africa-press.net\/guinee-conakry\/wp-json\/wp\/v2\/media?parent=17759"}],"wp:term":[{"taxonomy":"category","embeddable":true,"href":"https:\/\/www.africa-press.net\/guinee-conakry\/wp-json\/wp\/v2\/categories?post=17759"},{"taxonomy":"post_tag","embeddable":true,"href":"https:\/\/www.africa-press.net\/guinee-conakry\/wp-json\/wp\/v2\/tags?post=17759"}],"curies":[{"name":"wp","href":"https:\/\/api.w.org\/{rel}","templated":true}]}}