{"id":17765,"date":"2023-12-08T20:57:00","date_gmt":"2023-12-08T20:57:00","guid":{"rendered":"https:\/\/www.africa-press.net\/guinee-conakry\/politique\/des-journalistes-de-medias-prives-dans-le-viseur-de-julien-yombouno-ils-ne-tarissent-pas-dinjures-contre-certains-ministres"},"modified":"2023-12-08T20:57:00","modified_gmt":"2023-12-08T20:57:00","slug":"des-journalistes-de-medias-prives-dans-le-viseur-de-julien-yombouno-ils-ne-tarissent-pas-dinjures-contre-certains-ministres","status":"publish","type":"post","link":"https:\/\/www.africa-press.net\/guinee-conakry\/toutes-les-actualites\/des-journalistes-de-medias-prives-dans-le-viseur-de-julien-yombouno-ils-ne-tarissent-pas-dinjures-contre-certains-ministres","title":{"rendered":"Des journalistes de m\u00e9dias priv\u00e9s dans le viseur de Julien Yombouno\u00a0: \u2018\u2019ils ne tarissent pas d\u2019injures contre certains ministres\u2026\u2019\u2019"},"content":{"rendered":"<p><span style=\"color: #ff6600\"><strong>Africa-Press &#8211; Guin\u00e9e. <\/strong><\/span><b>Le ministre Julien Yombouno a re\u0301ve\u0301le\u0301 ce vendredi 8 de\u0301cembre que ses services ont de\u0301tecte\u0301 la pre\u0301sence de journalistes travaillant dans des me\u0301dias prive\u0301s alors qu<\/b><b>\u2019ils<\/b><b> e\u0301margent a\u0300 la fonction publique.<\/b><\/p>\n<p>Le patron du de\u0301partement de la fonction assure que ces journalistes dont il pre\u0301fe\u0300re taire les noms, brillent par des attaques dans les me\u0301dias contre les membres du gouvernement.<\/p>\n<p>\u2018\u2019Nous les avons identifie\u0301s, mais pour des raisons d\u2019e\u0301thiques, nous n\u2019allons rendre leurs informations et leurs noms publics. On les ge\u0300re de fac\u0327on administrative. Vous savez, tout homme peut tomber. Si on tombe a\u0300 bras raccourcis sur eux, ce n\u2019est pas bon. Ceux qui sont dans le lot, ils le savent. Nous n\u2019allons mettre leurs noms sur la place publique\u2019\u2019, indique-t-il quand il lui est demande\u0301 pourquoi il ne publie pas la liste des journalistes en question.<\/p>\n<p>Avant de pre\u0301ciser avec insistance que \u2018\u2019je n\u2019ai mentionne\u0301 que le cas de me\u0301dias qui ne tarissent pas d\u2019injures et d\u2019attaques frontales contre certains ministres pour de\u0301montrer que ce sont eux qui ont la vertu, pas nous. Ceux qui crient tout le tout le temps et disent du mal de la corruption, sont les gens qui tiennent les plus dangereux de la corruption. Je veux parler d\u2019un certain nombre de journalistes\u2019\u2019.<\/p>\n<p>\u2018\u2019S\u2019il nous e\u0301tait permis, nous allions de\u0301voiler leurs noms sur la place publique. 24h\/24, ils critiquent. Ce n\u2019est pas seulement dans le monde des me\u0301dias. C\u2019est une cate\u0301gorie de journalistes qui croient qu\u2019ils sont les seuls a\u0300 avoir e\u0301tudie\u0301, les seuls qui sont intelligents\u2019\u2019, clarifie-t-il encore.<\/p>\n<p>Le ministre Yombouno affirme que \u2018\u2019quand vous les entendez parler, vous allez dire qu\u2019ils sont sortis d\u2019e\u0301coles que nul autre n\u2019a fait, qu\u2019ils ont la vertu, qu\u2019ils sont compe\u0301tents et sont les dieux vivant sur terre. Or, dans toutes les cate\u0301gories de la socie\u0301te\u0301, il y a des bons et des bons\u2019\u2019.<\/p>\n<p><b>Pathe\u0301 BAH<\/b><\/p>\n<p><strong>Pour plus d&rsquo;informations et d&rsquo;analyses sur la <a href=\"https:\/\/www.africa-press.net\/guinee-conakry\">Guin\u00e9e<\/a>, suivez <a href=\"https:\/\/www.africa-press.net\/\">Africa-Press<\/a><\/strong><\/p>\n","protected":false},"excerpt":{"rendered":"<p>Africa-Press &#8211; Guin\u00e9e. Le ministre Julien Yombouno a re\u0301ve\u0301le\u0301 ce vendredi 8 de\u0301cembre que ses services ont de\u0301tecte\u0301 la pre\u0301sence de journalistes travaillant dans des me\u0301dias prive\u0301s alors qu\u2019ils e\u0301margent a\u0300 la fonction publique. Le patron du de\u0301partement de la fonction assure que ces journalistes dont il pre\u0301fe\u0300re taire les noms, brillent par des attaques [&hellip;]<\/p>\n","protected":false},"author":82,"featured_media":17764,"comment_status":"open","ping_status":"closed","sticky":false,"template":"","format":"standard","meta":{"footnotes":""},"categories":[21,10],"tags":[36,57,58],"class_list":["post-17765","post","type-post","status-publish","format-standard","has-post-thumbnail","hentry","category-communaute","category-toutes-les-actualites","tag-africa-press","tag-africa-press-guinee","tag-guinee"],"yoast_head":"<!-- This site is optimized with the Yoast SEO Premium plugin v26.1 (Yoast SEO v27.0) - https:\/\/yoast.com\/product\/yoast-seo-premium-wordpress\/ -->\n<title>Des journalistes de m\u00e9dias priv\u00e9s dans le viseur de Julien Yombouno\u00a0: \u2018\u2019ils ne tarissent pas d\u2019injures contre certains ministres\u2026\u2019\u2019 - guinee Conakry<\/title>\n<meta name=\"robots\" content=\"index, follow, max-snippet:-1, max-image-preview:large, max-video-preview:-1\" \/>\n<link rel=\"canonical\" href=\"https:\/\/www.africa-press.net\/guinee-conakry\/politique\/des-journalistes-de-medias-prives-dans-le-viseur-de-julien-yombouno-ils-ne-tarissent-pas-dinjures-contre-certains-ministres\" \/>\n<meta property=\"og:locale\" content=\"fr_FR\" \/>\n<meta property=\"og:type\" content=\"article\" \/>\n<meta property=\"og:title\" content=\"Des journalistes de m\u00e9dias priv\u00e9s dans le viseur de Julien Yombouno\u00a0: \u2018\u2019ils ne tarissent pas d\u2019injures contre certains ministres\u2026\u2019\u2019\" \/>\n<meta property=\"og:description\" content=\"Africa-Press &#8211; Guin\u00e9e. Le ministre Julien Yombouno a re\u0301ve\u0301le\u0301 ce vendredi 8 de\u0301cembre que ses services ont de\u0301tecte\u0301 la pre\u0301sence de journalistes travaillant dans des me\u0301dias prive\u0301s alors qu\u2019ils e\u0301margent a\u0300 la fonction publique. Le patron du de\u0301partement de la fonction assure que ces journalistes dont il pre\u0301fe\u0300re taire les noms, brillent par des attaques [&hellip;]\" \/>\n<meta property=\"og:url\" content=\"https:\/\/www.africa-press.net\/guinee-conakry\/politique\/des-journalistes-de-medias-prives-dans-le-viseur-de-julien-yombouno-ils-ne-tarissent-pas-dinjures-contre-certains-ministres\" \/>\n<meta property=\"og:site_name\" content=\"guinee Conakry\" \/>\n<meta property=\"article:published_time\" content=\"2023-12-08T20:57:00+00:00\" \/>\n<meta name=\"author\" content=\"cfeditorfr\" \/>\n<meta name=\"twitter:card\" content=\"summary_large_image\" \/>\n<meta name=\"twitter:label1\" content=\"\u00c9crit par\" \/>\n\t<meta name=\"twitter:data1\" content=\"cfeditorfr\" \/>\n\t<meta name=\"twitter:label2\" content=\"Dur\u00e9e de lecture estim\u00e9e\" \/>\n\t<meta name=\"twitter:data2\" content=\"2 minutes\" \/>\n<script type=\"application\/ld+json\" class=\"yoast-schema-graph\">{\"@context\":\"https:\/\/schema.org\",\"@graph\":[{\"@type\":\"Article\",\"@id\":\"https:\/\/www.africa-press.net\/guinee-conakry\/politique\/des-journalistes-de-medias-prives-dans-le-viseur-de-julien-yombouno-ils-ne-tarissent-pas-dinjures-contre-certains-ministres#article\",\"isPartOf\":{\"@id\":\"https:\/\/www.africa-press.net\/guinee-conakry\/politique\/des-journalistes-de-medias-prives-dans-le-viseur-de-julien-yombouno-ils-ne-tarissent-pas-dinjures-contre-certains-ministres\"},\"author\":{\"name\":\"cfeditorfr\",\"@id\":\"https:\/\/www.africa-press.net\/guinee-conakry\/#\/schema\/person\/2b1cf3cd81a31e3cd26889ca66d677f1\"},\"headline\":\"Des journalistes de m\u00e9dias priv\u00e9s dans le viseur de Julien Yombouno\u00a0: \u2018\u2019ils ne tarissent pas d\u2019injures contre certains ministres\u2026\u2019\u2019\",\"datePublished\":\"2023-12-08T20:57:00+00:00\",\"mainEntityOfPage\":{\"@id\":\"https:\/\/www.africa-press.net\/guinee-conakry\/politique\/des-journalistes-de-medias-prives-dans-le-viseur-de-julien-yombouno-ils-ne-tarissent-pas-dinjures-contre-certains-ministres\"},\"wordCount\":392,\"commentCount\":0,\"image\":{\"@id\":\"https:\/\/www.africa-press.net\/guinee-conakry\/politique\/des-journalistes-de-medias-prives-dans-le-viseur-de-julien-yombouno-ils-ne-tarissent-pas-dinjures-contre-certains-ministres#primaryimage\"},\"thumbnailUrl\":\"https:\/\/static.africa-press.net\/conakry\/sites\/63\/2023\/12\/Jokar1702056444.35102.jpg\",\"keywords\":[\"Africa Press\",\"Africa Press-Guin\u00e9e\",\"Guin\u00e9e\"],\"articleSection\":[\"Communaut\u00e9\",\"Toutes les actualit\u00e9s\"],\"inLanguage\":\"fr-FR\",\"potentialAction\":[{\"@type\":\"CommentAction\",\"name\":\"Comment\",\"target\":[\"https:\/\/www.africa-press.net\/guinee-conakry\/politique\/des-journalistes-de-medias-prives-dans-le-viseur-de-julien-yombouno-ils-ne-tarissent-pas-dinjures-contre-certains-ministres#respond\"]}]},{\"@type\":\"WebPage\",\"@id\":\"https:\/\/www.africa-press.net\/guinee-conakry\/politique\/des-journalistes-de-medias-prives-dans-le-viseur-de-julien-yombouno-ils-ne-tarissent-pas-dinjures-contre-certains-ministres\",\"url\":\"https:\/\/www.africa-press.net\/guinee-conakry\/politique\/des-journalistes-de-medias-prives-dans-le-viseur-de-julien-yombouno-ils-ne-tarissent-pas-dinjures-contre-certains-ministres\",\"name\":\"Des journalistes de m\u00e9dias priv\u00e9s dans le viseur de Julien Yombouno\u00a0: \u2018\u2019ils ne tarissent pas d\u2019injures contre certains ministres\u2026\u2019\u2019 - guinee Conakry\",\"isPartOf\":{\"@id\":\"https:\/\/www.africa-press.net\/guinee-conakry\/#website\"},\"primaryImageOfPage\":{\"@id\":\"https:\/\/www.africa-press.net\/guinee-conakry\/politique\/des-journalistes-de-medias-prives-dans-le-viseur-de-julien-yombouno-ils-ne-tarissent-pas-dinjures-contre-certains-ministres#primaryimage\"},\"image\":{\"@id\":\"https:\/\/www.africa-press.net\/guinee-conakry\/politique\/des-journalistes-de-medias-prives-dans-le-viseur-de-julien-yombouno-ils-ne-tarissent-pas-dinjures-contre-certains-ministres#primaryimage\"},\"thumbnailUrl\":\"https:\/\/static.africa-press.net\/conakry\/sites\/63\/2023\/12\/Jokar1702056444.35102.jpg\",\"datePublished\":\"2023-12-08T20:57:00+00:00\",\"author\":{\"@id\":\"https:\/\/www.africa-press.net\/guinee-conakry\/#\/schema\/person\/2b1cf3cd81a31e3cd26889ca66d677f1\"},\"breadcrumb\":{\"@id\":\"https:\/\/www.africa-press.net\/guinee-conakry\/politique\/des-journalistes-de-medias-prives-dans-le-viseur-de-julien-yombouno-ils-ne-tarissent-pas-dinjures-contre-certains-ministres#breadcrumb\"},\"inLanguage\":\"fr-FR\",\"potentialAction\":[{\"@type\":\"ReadAction\",\"target\":[\"https:\/\/www.africa-press.net\/guinee-conakry\/politique\/des-journalistes-de-medias-prives-dans-le-viseur-de-julien-yombouno-ils-ne-tarissent-pas-dinjures-contre-certains-ministres\"]}]},{\"@type\":\"ImageObject\",\"inLanguage\":\"fr-FR\",\"@id\":\"https:\/\/www.africa-press.net\/guinee-conakry\/politique\/des-journalistes-de-medias-prives-dans-le-viseur-de-julien-yombouno-ils-ne-tarissent-pas-dinjures-contre-certains-ministres#primaryimage\",\"url\":\"https:\/\/static.africa-press.net\/conakry\/sites\/63\/2023\/12\/Jokar1702056444.35102.jpg\",\"contentUrl\":\"https:\/\/static.africa-press.net\/conakry\/sites\/63\/2023\/12\/Jokar1702056444.35102.jpg\",\"width\":852,\"height\":578,\"caption\":\"Des journalistes de m\u00e9dias priv\u00e9s dans le viseur de Julien Yombouno\u00a0: \u2018\u2019ils ne tarissent pas d\u2019injures contre certains ministres\u2026\u2019\u2019\"},{\"@type\":\"BreadcrumbList\",\"@id\":\"https:\/\/www.africa-press.net\/guinee-conakry\/politique\/des-journalistes-de-medias-prives-dans-le-viseur-de-julien-yombouno-ils-ne-tarissent-pas-dinjures-contre-certains-ministres#breadcrumb\",\"itemListElement\":[{\"@type\":\"ListItem\",\"position\":1,\"name\":\"Accueil\",\"item\":\"https:\/\/www.africa-press.net\/guinee-conakry\/\"},{\"@type\":\"ListItem\",\"position\":2,\"name\":\"Des journalistes de m\u00e9dias priv\u00e9s dans le viseur de Julien Yombouno\u00a0: \u2018\u2019ils ne tarissent pas d\u2019injures contre certains ministres\u2026\u2019\u2019\"}]},{\"@type\":\"WebSite\",\"@id\":\"https:\/\/www.africa-press.net\/guinee-conakry\/#website\",\"url\":\"https:\/\/www.africa-press.net\/guinee-conakry\/\",\"name\":\"guinee Conakry\",\"description\":\"Just another Africa News Agency Sites site\",\"potentialAction\":[{\"@type\":\"SearchAction\",\"target\":{\"@type\":\"EntryPoint\",\"urlTemplate\":\"https:\/\/www.africa-press.net\/guinee-conakry\/?s={search_term_string}\"},\"query-input\":{\"@type\":\"PropertyValueSpecification\",\"valueRequired\":true,\"valueName\":\"search_term_string\"}}],\"inLanguage\":\"fr-FR\"},{\"@type\":\"Person\",\"@id\":\"https:\/\/www.africa-press.net\/guinee-conakry\/#\/schema\/person\/2b1cf3cd81a31e3cd26889ca66d677f1\",\"name\":\"cfeditorfr\"}]}<\/script>\n<!-- \/ Yoast SEO Premium plugin. -->","yoast_head_json":{"title":"Des journalistes de m\u00e9dias priv\u00e9s dans le viseur de Julien Yombouno\u00a0: \u2018\u2019ils ne tarissent pas d\u2019injures contre certains ministres\u2026\u2019\u2019 - guinee Conakry","robots":{"index":"index","follow":"follow","max-snippet":"max-snippet:-1","max-image-preview":"max-image-preview:large","max-video-preview":"max-video-preview:-1"},"canonical":"https:\/\/www.africa-press.net\/guinee-conakry\/politique\/des-journalistes-de-medias-prives-dans-le-viseur-de-julien-yombouno-ils-ne-tarissent-pas-dinjures-contre-certains-ministres","og_locale":"fr_FR","og_type":"article","og_title":"Des journalistes de m\u00e9dias priv\u00e9s dans le viseur de Julien Yombouno\u00a0: \u2018\u2019ils ne tarissent pas d\u2019injures contre certains ministres\u2026\u2019\u2019","og_description":"Africa-Press &#8211; Guin\u00e9e. Le ministre Julien Yombouno a re\u0301ve\u0301le\u0301 ce vendredi 8 de\u0301cembre que ses services ont de\u0301tecte\u0301 la pre\u0301sence de journalistes travaillant dans des me\u0301dias prive\u0301s alors qu\u2019ils e\u0301margent a\u0300 la fonction publique. Le patron du de\u0301partement de la fonction assure que ces journalistes dont il pre\u0301fe\u0300re taire les noms, brillent par des attaques [&hellip;]","og_url":"https:\/\/www.africa-press.net\/guinee-conakry\/politique\/des-journalistes-de-medias-prives-dans-le-viseur-de-julien-yombouno-ils-ne-tarissent-pas-dinjures-contre-certains-ministres","og_site_name":"guinee Conakry","article_published_time":"2023-12-08T20:57:00+00:00","author":"cfeditorfr","twitter_card":"summary_large_image","twitter_misc":{"\u00c9crit par":"cfeditorfr","Dur\u00e9e de lecture estim\u00e9e":"2 minutes"},"schema":{"@context":"https:\/\/schema.org","@graph":[{"@type":"Article","@id":"https:\/\/www.africa-press.net\/guinee-conakry\/politique\/des-journalistes-de-medias-prives-dans-le-viseur-de-julien-yombouno-ils-ne-tarissent-pas-dinjures-contre-certains-ministres#article","isPartOf":{"@id":"https:\/\/www.africa-press.net\/guinee-conakry\/politique\/des-journalistes-de-medias-prives-dans-le-viseur-de-julien-yombouno-ils-ne-tarissent-pas-dinjures-contre-certains-ministres"},"author":{"name":"cfeditorfr","@id":"https:\/\/www.africa-press.net\/guinee-conakry\/#\/schema\/person\/2b1cf3cd81a31e3cd26889ca66d677f1"},"headline":"Des journalistes de m\u00e9dias priv\u00e9s dans le viseur de Julien Yombouno\u00a0: \u2018\u2019ils ne tarissent pas d\u2019injures contre certains ministres\u2026\u2019\u2019","datePublished":"2023-12-08T20:57:00+00:00","mainEntityOfPage":{"@id":"https:\/\/www.africa-press.net\/guinee-conakry\/politique\/des-journalistes-de-medias-prives-dans-le-viseur-de-julien-yombouno-ils-ne-tarissent-pas-dinjures-contre-certains-ministres"},"wordCount":392,"commentCount":0,"image":{"@id":"https:\/\/www.africa-press.net\/guinee-conakry\/politique\/des-journalistes-de-medias-prives-dans-le-viseur-de-julien-yombouno-ils-ne-tarissent-pas-dinjures-contre-certains-ministres#primaryimage"},"thumbnailUrl":"https:\/\/static.africa-press.net\/conakry\/sites\/63\/2023\/12\/Jokar1702056444.35102.jpg","keywords":["Africa Press","Africa Press-Guin\u00e9e","Guin\u00e9e"],"articleSection":["Communaut\u00e9","Toutes les actualit\u00e9s"],"inLanguage":"fr-FR","potentialAction":[{"@type":"CommentAction","name":"Comment","target":["https:\/\/www.africa-press.net\/guinee-conakry\/politique\/des-journalistes-de-medias-prives-dans-le-viseur-de-julien-yombouno-ils-ne-tarissent-pas-dinjures-contre-certains-ministres#respond"]}]},{"@type":"WebPage","@id":"https:\/\/www.africa-press.net\/guinee-conakry\/politique\/des-journalistes-de-medias-prives-dans-le-viseur-de-julien-yombouno-ils-ne-tarissent-pas-dinjures-contre-certains-ministres","url":"https:\/\/www.africa-press.net\/guinee-conakry\/politique\/des-journalistes-de-medias-prives-dans-le-viseur-de-julien-yombouno-ils-ne-tarissent-pas-dinjures-contre-certains-ministres","name":"Des journalistes de m\u00e9dias priv\u00e9s dans le viseur de Julien Yombouno\u00a0: \u2018\u2019ils ne tarissent pas d\u2019injures contre certains ministres\u2026\u2019\u2019 - guinee Conakry","isPartOf":{"@id":"https:\/\/www.africa-press.net\/guinee-conakry\/#website"},"primaryImageOfPage":{"@id":"https:\/\/www.africa-press.net\/guinee-conakry\/politique\/des-journalistes-de-medias-prives-dans-le-viseur-de-julien-yombouno-ils-ne-tarissent-pas-dinjures-contre-certains-ministres#primaryimage"},"image":{"@id":"https:\/\/www.africa-press.net\/guinee-conakry\/politique\/des-journalistes-de-medias-prives-dans-le-viseur-de-julien-yombouno-ils-ne-tarissent-pas-dinjures-contre-certains-ministres#primaryimage"},"thumbnailUrl":"https:\/\/static.africa-press.net\/conakry\/sites\/63\/2023\/12\/Jokar1702056444.35102.jpg","datePublished":"2023-12-08T20:57:00+00:00","author":{"@id":"https:\/\/www.africa-press.net\/guinee-conakry\/#\/schema\/person\/2b1cf3cd81a31e3cd26889ca66d677f1"},"breadcrumb":{"@id":"https:\/\/www.africa-press.net\/guinee-conakry\/politique\/des-journalistes-de-medias-prives-dans-le-viseur-de-julien-yombouno-ils-ne-tarissent-pas-dinjures-contre-certains-ministres#breadcrumb"},"inLanguage":"fr-FR","potentialAction":[{"@type":"ReadAction","target":["https:\/\/www.africa-press.net\/guinee-conakry\/politique\/des-journalistes-de-medias-prives-dans-le-viseur-de-julien-yombouno-ils-ne-tarissent-pas-dinjures-contre-certains-ministres"]}]},{"@type":"ImageObject","inLanguage":"fr-FR","@id":"https:\/\/www.africa-press.net\/guinee-conakry\/politique\/des-journalistes-de-medias-prives-dans-le-viseur-de-julien-yombouno-ils-ne-tarissent-pas-dinjures-contre-certains-ministres#primaryimage","url":"https:\/\/static.africa-press.net\/conakry\/sites\/63\/2023\/12\/Jokar1702056444.35102.jpg","contentUrl":"https:\/\/static.africa-press.net\/conakry\/sites\/63\/2023\/12\/Jokar1702056444.35102.jpg","width":852,"height":578,"caption":"Des journalistes de m\u00e9dias priv\u00e9s dans le viseur de Julien Yombouno\u00a0: \u2018\u2019ils ne tarissent pas d\u2019injures contre certains ministres\u2026\u2019\u2019"},{"@type":"BreadcrumbList","@id":"https:\/\/www.africa-press.net\/guinee-conakry\/politique\/des-journalistes-de-medias-prives-dans-le-viseur-de-julien-yombouno-ils-ne-tarissent-pas-dinjures-contre-certains-ministres#breadcrumb","itemListElement":[{"@type":"ListItem","position":1,"name":"Accueil","item":"https:\/\/www.africa-press.net\/guinee-conakry\/"},{"@type":"ListItem","position":2,"name":"Des journalistes de m\u00e9dias priv\u00e9s dans le viseur de Julien Yombouno\u00a0: \u2018\u2019ils ne tarissent pas d\u2019injures contre certains ministres\u2026\u2019\u2019"}]},{"@type":"WebSite","@id":"https:\/\/www.africa-press.net\/guinee-conakry\/#website","url":"https:\/\/www.africa-press.net\/guinee-conakry\/","name":"guinee Conakry","description":"Just another Africa News Agency Sites site","potentialAction":[{"@type":"SearchAction","target":{"@type":"EntryPoint","urlTemplate":"https:\/\/www.africa-press.net\/guinee-conakry\/?s={search_term_string}"},"query-input":{"@type":"PropertyValueSpecification","valueRequired":true,"valueName":"search_term_string"}}],"inLanguage":"fr-FR"},{"@type":"Person","@id":"https:\/\/www.africa-press.net\/guinee-conakry\/#\/schema\/person\/2b1cf3cd81a31e3cd26889ca66d677f1","name":"cfeditorfr"}]}},"_links":{"self":[{"href":"https:\/\/www.africa-press.net\/guinee-conakry\/wp-json\/wp\/v2\/posts\/17765","targetHints":{"allow":["GET"]}}],"collection":[{"href":"https:\/\/www.africa-press.net\/guinee-conakry\/wp-json\/wp\/v2\/posts"}],"about":[{"href":"https:\/\/www.africa-press.net\/guinee-conakry\/wp-json\/wp\/v2\/types\/post"}],"author":[{"embeddable":true,"href":"https:\/\/www.africa-press.net\/guinee-conakry\/wp-json\/wp\/v2\/users\/82"}],"replies":[{"embeddable":true,"href":"https:\/\/www.africa-press.net\/guinee-conakry\/wp-json\/wp\/v2\/comments?post=17765"}],"version-history":[{"count":0,"href":"https:\/\/www.africa-press.net\/guinee-conakry\/wp-json\/wp\/v2\/posts\/17765\/revisions"}],"wp:featuredmedia":[{"embeddable":true,"href":"https:\/\/www.africa-press.net\/guinee-conakry\/wp-json\/wp\/v2\/media\/17764"}],"wp:attachment":[{"href":"https:\/\/www.africa-press.net\/guinee-conakry\/wp-json\/wp\/v2\/media?parent=17765"}],"wp:term":[{"taxonomy":"category","embeddable":true,"href":"https:\/\/www.africa-press.net\/guinee-conakry\/wp-json\/wp\/v2\/categories?post=17765"},{"taxonomy":"post_tag","embeddable":true,"href":"https:\/\/www.africa-press.net\/guinee-conakry\/wp-json\/wp\/v2\/tags?post=17765"}],"curies":[{"name":"wp","href":"https:\/\/api.w.org\/{rel}","templated":true}]}}