{"id":17779,"date":"2023-12-08T21:12:00","date_gmt":"2023-12-08T21:12:00","guid":{"rendered":"https:\/\/www.africa-press.net\/guinee-conakry\/politique\/proces-du-28-septembre-si-cest-necessaire-daller-temoigner-je-le-ferai-rassure-dalein-2"},"modified":"2023-12-08T21:12:00","modified_gmt":"2023-12-08T21:12:00","slug":"proces-du-28-septembre-si-cest-necessaire-daller-temoigner-je-le-ferai-rassure-dalein-2","status":"publish","type":"post","link":"https:\/\/www.africa-press.net\/guinee-conakry\/politique\/proces-du-28-septembre-si-cest-necessaire-daller-temoigner-je-le-ferai-rassure-dalein-2","title":{"rendered":"Proc\u00e8s du 28 septembre\u00a0: \u2018\u2019Si c\u2019est n\u00e9cessaire d\u2019aller t\u00e9moigner, je le ferai\u2019\u2019, rassure Dalein"},"content":{"rendered":"<p><span style=\"color: #ff6600\"><strong>Africa-Press &#8211; Guin\u00e9e. <\/strong><\/span><b>Des acteurs politiques dont Bah Oury et Lounceny Fall ont comparu devant la barre du tribunal de Dixinn dans le cadre du proce\u0300s sur les e\u0301ve\u0300nements du 28 septembre. Depuis Dakar il vit, le pre\u0301sident de l\u2019Union des forces de\u0301mocratiques de Guine\u0301e (UFDG), Cellou Dalein Diallo, a rassure\u0301 mercredi qu\u2019il est pre\u0302t a\u0300 dire sa part de ve\u0301rite\u0301. <\/b><b> <\/b><\/p>\n<p>L\u2019homme politique qui vit dans la capitale se\u0301ne\u0301galaise, depuis plus d\u2019un an apre\u0300s la de\u0301molition de sa re\u0301sidence par la junte, se re\u0301jouit de l\u2019organisation du proce\u0300s des e\u0301ve\u0300nements survenus au stade de Conakry le 28 septembre 2009.<\/p>\n<p>\u2018\u2019J\u2019ai salue\u0301 l\u2019ouverture du proce\u0300s du 28 septembre 2009. Il y a eu beaucoup de guine\u0301ens qui ont perdu la vie lors de cette manifestation. J\u2019e\u0301tais membre des forces vives qui ont appele\u0301 a\u0300 cette manifestation. Des femmes ont e\u0301te\u0301 viole\u0301es, des crimes ont e\u0301te\u0301 commis et on a attendu 13 ans pour avoir droit a\u0300 ce proce\u0300s. Le fait que le proce\u0300s soit e\u0301te\u0301 me\u0301diatise\u0301, c\u2019est une excellente chose\u2019\u2019, a-t-il e\u0301voque\u0301.<\/p>\n<p>A la question de savoir s\u2019il compte rentrer au pays pour faire sa de\u0301position, l\u2019ancien Premier ministre affirme que \u2018\u2019j\u2019ai de\u0301ja\u0300 re\u0301pondu a\u0300 l\u2019invitation des juges pour donner ma version des faits. Si c\u2019est ne\u0301cessaire d\u2019aller te\u0301moigner, je le ferai. A la lumie\u0300re de ce qui a e\u0301te\u0301 dit, c\u2019est su\u0302r que je n\u2019avais pas la me\u0302me analyse au sortir du stade avant qu\u2019on m\u2019assomme\u2019\u2019.<\/p>\n<p>Plus d\u2019un an apre\u0300s le de\u0301but du proce\u0300s, Dalein assure que \u2018\u2019j\u2019ai e\u0301coute\u0301 les te\u0301moins et j\u2019ai compris pas mal de choses. Donc, je peux livrer ma part de ve\u0301rite\u0301. Je l\u2019avais de\u0301ja\u0300 fait\u2019\u2019.<\/p>\n<p><b>Salimatou BALDE<\/b><\/p>\n<p><strong>Pour plus d&rsquo;informations et d&rsquo;analyses sur la <a href=\"https:\/\/www.africa-press.net\/guinee-conakry\">Guin\u00e9e<\/a>, suivez <a href=\"https:\/\/www.africa-press.net\/\">Africa-Press<\/a><\/strong><\/p>\n","protected":false},"excerpt":{"rendered":"<p>Africa-Press &#8211; Guin\u00e9e. Des acteurs politiques dont Bah Oury et Lounceny Fall ont comparu devant la barre du tribunal de Dixinn dans le cadre du proce\u0300s sur les e\u0301ve\u0300nements du 28 septembre. Depuis Dakar il vit, le pre\u0301sident de l\u2019Union des forces de\u0301mocratiques de Guine\u0301e (UFDG), Cellou Dalein Diallo, a rassure\u0301 mercredi qu\u2019il est pre\u0302t [&hellip;]<\/p>\n","protected":false},"author":82,"featured_media":17778,"comment_status":"open","ping_status":"closed","sticky":false,"template":"","format":"standard","meta":{"footnotes":""},"categories":[2,10],"tags":[36,57,58],"class_list":["post-17779","post","type-post","status-publish","format-standard","has-post-thumbnail","hentry","category-politique","category-toutes-les-actualites","tag-africa-press","tag-africa-press-guinee","tag-guinee"],"yoast_head":"<!-- This site is optimized with the Yoast SEO Premium plugin v26.1 (Yoast SEO v27.0) - https:\/\/yoast.com\/product\/yoast-seo-premium-wordpress\/ -->\n<title>Proc\u00e8s du 28 septembre\u00a0: \u2018\u2019Si c\u2019est n\u00e9cessaire d\u2019aller t\u00e9moigner, je le ferai\u2019\u2019, rassure Dalein - guinee Conakry<\/title>\n<meta name=\"robots\" content=\"index, follow, max-snippet:-1, max-image-preview:large, max-video-preview:-1\" \/>\n<link rel=\"canonical\" href=\"https:\/\/www.africa-press.net\/guinee-conakry\/politique\/proces-du-28-septembre-si-cest-necessaire-daller-temoigner-je-le-ferai-rassure-dalein-2\" \/>\n<meta property=\"og:locale\" content=\"fr_FR\" \/>\n<meta property=\"og:type\" content=\"article\" \/>\n<meta property=\"og:title\" content=\"Proc\u00e8s du 28 septembre\u00a0: \u2018\u2019Si c\u2019est n\u00e9cessaire d\u2019aller t\u00e9moigner, je le ferai\u2019\u2019, rassure Dalein\" \/>\n<meta property=\"og:description\" content=\"Africa-Press &#8211; Guin\u00e9e. Des acteurs politiques dont Bah Oury et Lounceny Fall ont comparu devant la barre du tribunal de Dixinn dans le cadre du proce\u0300s sur les e\u0301ve\u0300nements du 28 septembre. Depuis Dakar il vit, le pre\u0301sident de l\u2019Union des forces de\u0301mocratiques de Guine\u0301e (UFDG), Cellou Dalein Diallo, a rassure\u0301 mercredi qu\u2019il est pre\u0302t [&hellip;]\" \/>\n<meta property=\"og:url\" content=\"https:\/\/www.africa-press.net\/guinee-conakry\/politique\/proces-du-28-septembre-si-cest-necessaire-daller-temoigner-je-le-ferai-rassure-dalein-2\" \/>\n<meta property=\"og:site_name\" content=\"guinee Conakry\" \/>\n<meta property=\"article:published_time\" content=\"2023-12-08T21:12:00+00:00\" \/>\n<meta name=\"author\" content=\"cfeditorfr\" \/>\n<meta name=\"twitter:card\" content=\"summary_large_image\" \/>\n<meta name=\"twitter:label1\" content=\"\u00c9crit par\" \/>\n\t<meta name=\"twitter:data1\" content=\"cfeditorfr\" \/>\n\t<meta name=\"twitter:label2\" content=\"Dur\u00e9e de lecture estim\u00e9e\" \/>\n\t<meta name=\"twitter:data2\" content=\"2 minutes\" \/>\n<script type=\"application\/ld+json\" class=\"yoast-schema-graph\">{\"@context\":\"https:\/\/schema.org\",\"@graph\":[{\"@type\":\"Article\",\"@id\":\"https:\/\/www.africa-press.net\/guinee-conakry\/politique\/proces-du-28-septembre-si-cest-necessaire-daller-temoigner-je-le-ferai-rassure-dalein-2#article\",\"isPartOf\":{\"@id\":\"https:\/\/www.africa-press.net\/guinee-conakry\/politique\/proces-du-28-septembre-si-cest-necessaire-daller-temoigner-je-le-ferai-rassure-dalein-2\"},\"author\":{\"name\":\"cfeditorfr\",\"@id\":\"https:\/\/www.africa-press.net\/guinee-conakry\/#\/schema\/person\/2b1cf3cd81a31e3cd26889ca66d677f1\"},\"headline\":\"Proc\u00e8s du 28 septembre\u00a0: \u2018\u2019Si c\u2019est n\u00e9cessaire d\u2019aller t\u00e9moigner, je le ferai\u2019\u2019, rassure Dalein\",\"datePublished\":\"2023-12-08T21:12:00+00:00\",\"mainEntityOfPage\":{\"@id\":\"https:\/\/www.africa-press.net\/guinee-conakry\/politique\/proces-du-28-septembre-si-cest-necessaire-daller-temoigner-je-le-ferai-rassure-dalein-2\"},\"wordCount\":365,\"commentCount\":0,\"image\":{\"@id\":\"https:\/\/www.africa-press.net\/guinee-conakry\/politique\/proces-du-28-septembre-si-cest-necessaire-daller-temoigner-je-le-ferai-rassure-dalein-2#primaryimage\"},\"thumbnailUrl\":\"https:\/\/static.africa-press.net\/conakry\/sites\/63\/2023\/12\/Jokar1702057363.391022.jpg\",\"keywords\":[\"Africa Press\",\"Africa Press-Guin\u00e9e\",\"Guin\u00e9e\"],\"articleSection\":[\"Politique\",\"Toutes les actualit\u00e9s\"],\"inLanguage\":\"fr-FR\",\"potentialAction\":[{\"@type\":\"CommentAction\",\"name\":\"Comment\",\"target\":[\"https:\/\/www.africa-press.net\/guinee-conakry\/politique\/proces-du-28-septembre-si-cest-necessaire-daller-temoigner-je-le-ferai-rassure-dalein-2#respond\"]}]},{\"@type\":\"WebPage\",\"@id\":\"https:\/\/www.africa-press.net\/guinee-conakry\/politique\/proces-du-28-septembre-si-cest-necessaire-daller-temoigner-je-le-ferai-rassure-dalein-2\",\"url\":\"https:\/\/www.africa-press.net\/guinee-conakry\/politique\/proces-du-28-septembre-si-cest-necessaire-daller-temoigner-je-le-ferai-rassure-dalein-2\",\"name\":\"Proc\u00e8s du 28 septembre\u00a0: \u2018\u2019Si c\u2019est n\u00e9cessaire d\u2019aller t\u00e9moigner, je le ferai\u2019\u2019, rassure Dalein - guinee Conakry\",\"isPartOf\":{\"@id\":\"https:\/\/www.africa-press.net\/guinee-conakry\/#website\"},\"primaryImageOfPage\":{\"@id\":\"https:\/\/www.africa-press.net\/guinee-conakry\/politique\/proces-du-28-septembre-si-cest-necessaire-daller-temoigner-je-le-ferai-rassure-dalein-2#primaryimage\"},\"image\":{\"@id\":\"https:\/\/www.africa-press.net\/guinee-conakry\/politique\/proces-du-28-septembre-si-cest-necessaire-daller-temoigner-je-le-ferai-rassure-dalein-2#primaryimage\"},\"thumbnailUrl\":\"https:\/\/static.africa-press.net\/conakry\/sites\/63\/2023\/12\/Jokar1702057363.391022.jpg\",\"datePublished\":\"2023-12-08T21:12:00+00:00\",\"author\":{\"@id\":\"https:\/\/www.africa-press.net\/guinee-conakry\/#\/schema\/person\/2b1cf3cd81a31e3cd26889ca66d677f1\"},\"breadcrumb\":{\"@id\":\"https:\/\/www.africa-press.net\/guinee-conakry\/politique\/proces-du-28-septembre-si-cest-necessaire-daller-temoigner-je-le-ferai-rassure-dalein-2#breadcrumb\"},\"inLanguage\":\"fr-FR\",\"potentialAction\":[{\"@type\":\"ReadAction\",\"target\":[\"https:\/\/www.africa-press.net\/guinee-conakry\/politique\/proces-du-28-septembre-si-cest-necessaire-daller-temoigner-je-le-ferai-rassure-dalein-2\"]}]},{\"@type\":\"ImageObject\",\"inLanguage\":\"fr-FR\",\"@id\":\"https:\/\/www.africa-press.net\/guinee-conakry\/politique\/proces-du-28-septembre-si-cest-necessaire-daller-temoigner-je-le-ferai-rassure-dalein-2#primaryimage\",\"url\":\"https:\/\/static.africa-press.net\/conakry\/sites\/63\/2023\/12\/Jokar1702057363.391022.jpg\",\"contentUrl\":\"https:\/\/static.africa-press.net\/conakry\/sites\/63\/2023\/12\/Jokar1702057363.391022.jpg\",\"width\":560,\"height\":373,\"caption\":\"Proc\u00e8s du 28 septembre\u00a0: \u2018\u2019Si c\u2019est n\u00e9cessaire d\u2019aller t\u00e9moigner, je le ferai\u2019\u2019, rassure Dalein\"},{\"@type\":\"BreadcrumbList\",\"@id\":\"https:\/\/www.africa-press.net\/guinee-conakry\/politique\/proces-du-28-septembre-si-cest-necessaire-daller-temoigner-je-le-ferai-rassure-dalein-2#breadcrumb\",\"itemListElement\":[{\"@type\":\"ListItem\",\"position\":1,\"name\":\"Accueil\",\"item\":\"https:\/\/www.africa-press.net\/guinee-conakry\/\"},{\"@type\":\"ListItem\",\"position\":2,\"name\":\"Proc\u00e8s du 28 septembre\u00a0: \u2018\u2019Si c\u2019est n\u00e9cessaire d\u2019aller t\u00e9moigner, je le ferai\u2019\u2019, rassure Dalein\"}]},{\"@type\":\"WebSite\",\"@id\":\"https:\/\/www.africa-press.net\/guinee-conakry\/#website\",\"url\":\"https:\/\/www.africa-press.net\/guinee-conakry\/\",\"name\":\"guinee Conakry\",\"description\":\"Just another Africa News Agency Sites site\",\"potentialAction\":[{\"@type\":\"SearchAction\",\"target\":{\"@type\":\"EntryPoint\",\"urlTemplate\":\"https:\/\/www.africa-press.net\/guinee-conakry\/?s={search_term_string}\"},\"query-input\":{\"@type\":\"PropertyValueSpecification\",\"valueRequired\":true,\"valueName\":\"search_term_string\"}}],\"inLanguage\":\"fr-FR\"},{\"@type\":\"Person\",\"@id\":\"https:\/\/www.africa-press.net\/guinee-conakry\/#\/schema\/person\/2b1cf3cd81a31e3cd26889ca66d677f1\",\"name\":\"cfeditorfr\"}]}<\/script>\n<!-- \/ Yoast SEO Premium plugin. -->","yoast_head_json":{"title":"Proc\u00e8s du 28 septembre\u00a0: \u2018\u2019Si c\u2019est n\u00e9cessaire d\u2019aller t\u00e9moigner, je le ferai\u2019\u2019, rassure Dalein - guinee Conakry","robots":{"index":"index","follow":"follow","max-snippet":"max-snippet:-1","max-image-preview":"max-image-preview:large","max-video-preview":"max-video-preview:-1"},"canonical":"https:\/\/www.africa-press.net\/guinee-conakry\/politique\/proces-du-28-septembre-si-cest-necessaire-daller-temoigner-je-le-ferai-rassure-dalein-2","og_locale":"fr_FR","og_type":"article","og_title":"Proc\u00e8s du 28 septembre\u00a0: \u2018\u2019Si c\u2019est n\u00e9cessaire d\u2019aller t\u00e9moigner, je le ferai\u2019\u2019, rassure Dalein","og_description":"Africa-Press &#8211; Guin\u00e9e. Des acteurs politiques dont Bah Oury et Lounceny Fall ont comparu devant la barre du tribunal de Dixinn dans le cadre du proce\u0300s sur les e\u0301ve\u0300nements du 28 septembre. Depuis Dakar il vit, le pre\u0301sident de l\u2019Union des forces de\u0301mocratiques de Guine\u0301e (UFDG), Cellou Dalein Diallo, a rassure\u0301 mercredi qu\u2019il est pre\u0302t [&hellip;]","og_url":"https:\/\/www.africa-press.net\/guinee-conakry\/politique\/proces-du-28-septembre-si-cest-necessaire-daller-temoigner-je-le-ferai-rassure-dalein-2","og_site_name":"guinee Conakry","article_published_time":"2023-12-08T21:12:00+00:00","author":"cfeditorfr","twitter_card":"summary_large_image","twitter_misc":{"\u00c9crit par":"cfeditorfr","Dur\u00e9e de lecture estim\u00e9e":"2 minutes"},"schema":{"@context":"https:\/\/schema.org","@graph":[{"@type":"Article","@id":"https:\/\/www.africa-press.net\/guinee-conakry\/politique\/proces-du-28-septembre-si-cest-necessaire-daller-temoigner-je-le-ferai-rassure-dalein-2#article","isPartOf":{"@id":"https:\/\/www.africa-press.net\/guinee-conakry\/politique\/proces-du-28-septembre-si-cest-necessaire-daller-temoigner-je-le-ferai-rassure-dalein-2"},"author":{"name":"cfeditorfr","@id":"https:\/\/www.africa-press.net\/guinee-conakry\/#\/schema\/person\/2b1cf3cd81a31e3cd26889ca66d677f1"},"headline":"Proc\u00e8s du 28 septembre\u00a0: \u2018\u2019Si c\u2019est n\u00e9cessaire d\u2019aller t\u00e9moigner, je le ferai\u2019\u2019, rassure Dalein","datePublished":"2023-12-08T21:12:00+00:00","mainEntityOfPage":{"@id":"https:\/\/www.africa-press.net\/guinee-conakry\/politique\/proces-du-28-septembre-si-cest-necessaire-daller-temoigner-je-le-ferai-rassure-dalein-2"},"wordCount":365,"commentCount":0,"image":{"@id":"https:\/\/www.africa-press.net\/guinee-conakry\/politique\/proces-du-28-septembre-si-cest-necessaire-daller-temoigner-je-le-ferai-rassure-dalein-2#primaryimage"},"thumbnailUrl":"https:\/\/static.africa-press.net\/conakry\/sites\/63\/2023\/12\/Jokar1702057363.391022.jpg","keywords":["Africa Press","Africa Press-Guin\u00e9e","Guin\u00e9e"],"articleSection":["Politique","Toutes les actualit\u00e9s"],"inLanguage":"fr-FR","potentialAction":[{"@type":"CommentAction","name":"Comment","target":["https:\/\/www.africa-press.net\/guinee-conakry\/politique\/proces-du-28-septembre-si-cest-necessaire-daller-temoigner-je-le-ferai-rassure-dalein-2#respond"]}]},{"@type":"WebPage","@id":"https:\/\/www.africa-press.net\/guinee-conakry\/politique\/proces-du-28-septembre-si-cest-necessaire-daller-temoigner-je-le-ferai-rassure-dalein-2","url":"https:\/\/www.africa-press.net\/guinee-conakry\/politique\/proces-du-28-septembre-si-cest-necessaire-daller-temoigner-je-le-ferai-rassure-dalein-2","name":"Proc\u00e8s du 28 septembre\u00a0: \u2018\u2019Si c\u2019est n\u00e9cessaire d\u2019aller t\u00e9moigner, je le ferai\u2019\u2019, rassure Dalein - guinee Conakry","isPartOf":{"@id":"https:\/\/www.africa-press.net\/guinee-conakry\/#website"},"primaryImageOfPage":{"@id":"https:\/\/www.africa-press.net\/guinee-conakry\/politique\/proces-du-28-septembre-si-cest-necessaire-daller-temoigner-je-le-ferai-rassure-dalein-2#primaryimage"},"image":{"@id":"https:\/\/www.africa-press.net\/guinee-conakry\/politique\/proces-du-28-septembre-si-cest-necessaire-daller-temoigner-je-le-ferai-rassure-dalein-2#primaryimage"},"thumbnailUrl":"https:\/\/static.africa-press.net\/conakry\/sites\/63\/2023\/12\/Jokar1702057363.391022.jpg","datePublished":"2023-12-08T21:12:00+00:00","author":{"@id":"https:\/\/www.africa-press.net\/guinee-conakry\/#\/schema\/person\/2b1cf3cd81a31e3cd26889ca66d677f1"},"breadcrumb":{"@id":"https:\/\/www.africa-press.net\/guinee-conakry\/politique\/proces-du-28-septembre-si-cest-necessaire-daller-temoigner-je-le-ferai-rassure-dalein-2#breadcrumb"},"inLanguage":"fr-FR","potentialAction":[{"@type":"ReadAction","target":["https:\/\/www.africa-press.net\/guinee-conakry\/politique\/proces-du-28-septembre-si-cest-necessaire-daller-temoigner-je-le-ferai-rassure-dalein-2"]}]},{"@type":"ImageObject","inLanguage":"fr-FR","@id":"https:\/\/www.africa-press.net\/guinee-conakry\/politique\/proces-du-28-septembre-si-cest-necessaire-daller-temoigner-je-le-ferai-rassure-dalein-2#primaryimage","url":"https:\/\/static.africa-press.net\/conakry\/sites\/63\/2023\/12\/Jokar1702057363.391022.jpg","contentUrl":"https:\/\/static.africa-press.net\/conakry\/sites\/63\/2023\/12\/Jokar1702057363.391022.jpg","width":560,"height":373,"caption":"Proc\u00e8s du 28 septembre\u00a0: \u2018\u2019Si c\u2019est n\u00e9cessaire d\u2019aller t\u00e9moigner, je le ferai\u2019\u2019, rassure Dalein"},{"@type":"BreadcrumbList","@id":"https:\/\/www.africa-press.net\/guinee-conakry\/politique\/proces-du-28-septembre-si-cest-necessaire-daller-temoigner-je-le-ferai-rassure-dalein-2#breadcrumb","itemListElement":[{"@type":"ListItem","position":1,"name":"Accueil","item":"https:\/\/www.africa-press.net\/guinee-conakry\/"},{"@type":"ListItem","position":2,"name":"Proc\u00e8s du 28 septembre\u00a0: \u2018\u2019Si c\u2019est n\u00e9cessaire d\u2019aller t\u00e9moigner, je le ferai\u2019\u2019, rassure Dalein"}]},{"@type":"WebSite","@id":"https:\/\/www.africa-press.net\/guinee-conakry\/#website","url":"https:\/\/www.africa-press.net\/guinee-conakry\/","name":"guinee Conakry","description":"Just another Africa News Agency Sites site","potentialAction":[{"@type":"SearchAction","target":{"@type":"EntryPoint","urlTemplate":"https:\/\/www.africa-press.net\/guinee-conakry\/?s={search_term_string}"},"query-input":{"@type":"PropertyValueSpecification","valueRequired":true,"valueName":"search_term_string"}}],"inLanguage":"fr-FR"},{"@type":"Person","@id":"https:\/\/www.africa-press.net\/guinee-conakry\/#\/schema\/person\/2b1cf3cd81a31e3cd26889ca66d677f1","name":"cfeditorfr"}]}},"_links":{"self":[{"href":"https:\/\/www.africa-press.net\/guinee-conakry\/wp-json\/wp\/v2\/posts\/17779","targetHints":{"allow":["GET"]}}],"collection":[{"href":"https:\/\/www.africa-press.net\/guinee-conakry\/wp-json\/wp\/v2\/posts"}],"about":[{"href":"https:\/\/www.africa-press.net\/guinee-conakry\/wp-json\/wp\/v2\/types\/post"}],"author":[{"embeddable":true,"href":"https:\/\/www.africa-press.net\/guinee-conakry\/wp-json\/wp\/v2\/users\/82"}],"replies":[{"embeddable":true,"href":"https:\/\/www.africa-press.net\/guinee-conakry\/wp-json\/wp\/v2\/comments?post=17779"}],"version-history":[{"count":0,"href":"https:\/\/www.africa-press.net\/guinee-conakry\/wp-json\/wp\/v2\/posts\/17779\/revisions"}],"wp:featuredmedia":[{"embeddable":true,"href":"https:\/\/www.africa-press.net\/guinee-conakry\/wp-json\/wp\/v2\/media\/17778"}],"wp:attachment":[{"href":"https:\/\/www.africa-press.net\/guinee-conakry\/wp-json\/wp\/v2\/media?parent=17779"}],"wp:term":[{"taxonomy":"category","embeddable":true,"href":"https:\/\/www.africa-press.net\/guinee-conakry\/wp-json\/wp\/v2\/categories?post=17779"},{"taxonomy":"post_tag","embeddable":true,"href":"https:\/\/www.africa-press.net\/guinee-conakry\/wp-json\/wp\/v2\/tags?post=17779"}],"curies":[{"name":"wp","href":"https:\/\/api.w.org\/{rel}","templated":true}]}}