{"id":17802,"date":"2023-12-10T19:32:00","date_gmt":"2023-12-10T19:32:00","guid":{"rendered":"https:\/\/www.africa-press.net\/guinee-conakry\/politique\/a-un-an-de-la-fin-de-la-transition-le-camp-de-dalein-soppose-a-tout-glissement-ils-ont-pris-une-decision-il-faut-quils-assument"},"modified":"2023-12-10T19:32:00","modified_gmt":"2023-12-10T19:32:00","slug":"a-un-an-de-la-fin-de-la-transition-le-camp-de-dalein-soppose-a-tout-glissement-ils-ont-pris-une-decision-il-faut-quils-assument","status":"publish","type":"post","link":"https:\/\/www.africa-press.net\/guinee-conakry\/politique\/a-un-an-de-la-fin-de-la-transition-le-camp-de-dalein-soppose-a-tout-glissement-ils-ont-pris-une-decision-il-faut-quils-assument","title":{"rendered":"A un an de la fin de la transition, le camp de Dalein s\u2019oppose \u00e0 tout glissement\u00a0: \u2018\u2019Ils ont pris une d\u00e9cision, il faut qu\u2019ils assument\u2019\u2019"},"content":{"rendered":"<p><span style=\"color: #ff6600\"><strong>Africa-Press &#8211; Guin\u00e9e. <\/strong><\/span><b>Plus de deux apre\u0300s le coup d\u2019Etat contre le re\u0301gime d\u2019Alpha Conde\u0301, l\u2019Union des forces de\u0301mocratiques de Guine\u0301e (UFDG) ne veut entendre parler d\u2019aucun glissement de calendrier de transition. Pour le parti dirige\u0301 par Cellou Dalein Diallo, la junte doit respecter ses engagements a\u0300 la fin de l\u2019anne\u0301e 2024. <\/b><\/p>\n<p>S\u2019exprimant sur l\u2019issue du cadre du dialogue inclusif, le vice-pre\u0301sident de l\u2019UFDG dira que \u2018\u2019nous avons rec\u0327u un courrier signe\u0301 par le Premier ministre nous invitant a\u0300 une ce\u0301re\u0301monie de remise d\u2019un rapport au chef de l\u2019Etat. Par respect, on a parcouru ce courrier. Il y a un ministre qui est charge\u0301 de ge\u0301rer ce dialogue (&#8230;). On n\u2019a pas besoin d\u2019organiser de la mamaya qui va cou\u0302ter cher au contribuable guine\u0301en. On ne s\u2019associe pas a\u0300 cela. Avant, on avait rec\u0327u un autre courrier pour dire qu\u2019il faut que les coalitions donnent des agre\u0301ments des partis qui les composent. Mais qui signe les agre\u0301ments ? Ce sont les coalitions ou le ministe\u0300re ? Celui qui octroie les agre\u0301ments, s\u2019il nous le demande, c\u0327a veut dire quoi ? C\u2019est une fuite en avant, juste pour amuser la galerie\u2019\u2019.<\/p>\n<p>Devant les militants de Cellou Dalein Diallo, Kale\u0301modou Yansane\u0301 assure qu\u2019il n\u2019est pas question de parler d\u2019un glissement en Guine\u0301e. \u2018\u2019Ceux qui parlent de glissement, nous, ce n\u2019est pas dans notre agenda et ce n\u2019est pas envisageable. Ce n\u2019est pas la peine de parler c\u0327a ici. Nous, nous ne connaissons pas cela, on n\u2019en parle me\u0302me pas. Depuis 2021, ils ont pris la de\u0301cision sans aucun mandat du peuple de Guine\u0301e, il faut qu\u2019ils assument. Si c\u0327a va, ce sont eux et si c\u0327a ne va pas ,c\u2019est Doumbouya seul. L\u2019histoire est te\u0302tue\u2019\u2019, souligne-t-il.<\/p>\n<p>Plus de deux ans apre\u0300s l\u2019ave\u0300nement de la junte au pouvoir, il affirme qu\u2019il \u2018\u2019faut que le colonel Mamadi Doumbouya se ressaisisse, qu\u2019ils se de\u0301barrassent des champions des mouvements de soutien. Le jour ou\u0300 c\u0327a ne va pas, je ne le souhaite pas pour lui, ce sont les me\u0302mes personnes qui vont se retourner contre lui et vont e\u0302tre avec ses pires ennemis\u2019\u2019.<\/p>\n<p>Il admet que \u2018\u2019l\u2019entourage peut avoir une influence sur un chef, mais si l\u2019entourage re\u0301ussit a\u0300 le dominer comple\u0301ment, c\u2019est qu\u2019il est fautif. Parce que le chef, ce n\u2019est celui qui exe\u0301cute, mais pluto\u0302t celui qui sert de pont entre le bon et le mal\u2019\u2019.<\/p>\n<p>\u2018\u2019Aujourd\u2019hui, il y a des coupures de courant et d\u2019internet, des tueries d\u2019enfants, des proble\u0300mes e\u0301conomique et on casse les maisons de gens, le colonel ne re\u0301agit pas. Donc, il sera oblige\u0301 plus tard d\u2019assumer ses responsabilite\u0301s\u2019\u2019, pre\u0301vient M. Yansane\u0301.<\/p>\n<p><b>Boussouriou Doumba<\/b><\/p>\n<p><strong>Pour plus d&rsquo;informations et d&rsquo;analyses sur la <a href=\"https:\/\/www.africa-press.net\/guinee-conakry\">Guin\u00e9e<\/a>, suivez <a href=\"https:\/\/www.africa-press.net\/\">Africa-Press<\/a><\/strong><\/p>\n","protected":false},"excerpt":{"rendered":"<p>Africa-Press &#8211; Guin\u00e9e. Plus de deux apre\u0300s le coup d\u2019Etat contre le re\u0301gime d\u2019Alpha Conde\u0301, l\u2019Union des forces de\u0301mocratiques de Guine\u0301e (UFDG) ne veut entendre parler d\u2019aucun glissement de calendrier de transition. Pour le parti dirige\u0301 par Cellou Dalein Diallo, la junte doit respecter ses engagements a\u0300 la fin de l\u2019anne\u0301e 2024. S\u2019exprimant sur l\u2019issue [&hellip;]<\/p>\n","protected":false},"author":82,"featured_media":17801,"comment_status":"open","ping_status":"closed","sticky":false,"template":"","format":"standard","meta":{"footnotes":""},"categories":[2,10],"tags":[36,57,58],"class_list":["post-17802","post","type-post","status-publish","format-standard","has-post-thumbnail","hentry","category-politique","category-toutes-les-actualites","tag-africa-press","tag-africa-press-guinee","tag-guinee"],"yoast_head":"<!-- This site is optimized with the Yoast SEO Premium plugin v26.1 (Yoast SEO v27.0) - https:\/\/yoast.com\/product\/yoast-seo-premium-wordpress\/ -->\n<title>A un an de la fin de la transition, le camp de Dalein s\u2019oppose \u00e0 tout glissement\u00a0: \u2018\u2019Ils ont pris une d\u00e9cision, il faut qu\u2019ils assument\u2019\u2019 - guinee Conakry<\/title>\n<meta name=\"robots\" content=\"index, follow, max-snippet:-1, max-image-preview:large, max-video-preview:-1\" \/>\n<link rel=\"canonical\" href=\"https:\/\/www.africa-press.net\/guinee-conakry\/politique\/a-un-an-de-la-fin-de-la-transition-le-camp-de-dalein-soppose-a-tout-glissement-ils-ont-pris-une-decision-il-faut-quils-assument\" \/>\n<meta property=\"og:locale\" content=\"fr_FR\" \/>\n<meta property=\"og:type\" content=\"article\" \/>\n<meta property=\"og:title\" content=\"A un an de la fin de la transition, le camp de Dalein s\u2019oppose \u00e0 tout glissement\u00a0: \u2018\u2019Ils ont pris une d\u00e9cision, il faut qu\u2019ils assument\u2019\u2019\" \/>\n<meta property=\"og:description\" content=\"Africa-Press &#8211; Guin\u00e9e. Plus de deux apre\u0300s le coup d\u2019Etat contre le re\u0301gime d\u2019Alpha Conde\u0301, l\u2019Union des forces de\u0301mocratiques de Guine\u0301e (UFDG) ne veut entendre parler d\u2019aucun glissement de calendrier de transition. Pour le parti dirige\u0301 par Cellou Dalein Diallo, la junte doit respecter ses engagements a\u0300 la fin de l\u2019anne\u0301e 2024. S\u2019exprimant sur l\u2019issue [&hellip;]\" \/>\n<meta property=\"og:url\" content=\"https:\/\/www.africa-press.net\/guinee-conakry\/politique\/a-un-an-de-la-fin-de-la-transition-le-camp-de-dalein-soppose-a-tout-glissement-ils-ont-pris-une-decision-il-faut-quils-assument\" \/>\n<meta property=\"og:site_name\" content=\"guinee Conakry\" \/>\n<meta property=\"article:published_time\" content=\"2023-12-10T19:32:00+00:00\" \/>\n<meta name=\"author\" content=\"cfeditorfr\" \/>\n<meta name=\"twitter:card\" content=\"summary_large_image\" \/>\n<meta name=\"twitter:label1\" content=\"\u00c9crit par\" \/>\n\t<meta name=\"twitter:data1\" content=\"cfeditorfr\" \/>\n\t<meta name=\"twitter:label2\" content=\"Dur\u00e9e de lecture estim\u00e9e\" \/>\n\t<meta name=\"twitter:data2\" content=\"3 minutes\" \/>\n<script type=\"application\/ld+json\" class=\"yoast-schema-graph\">{\"@context\":\"https:\/\/schema.org\",\"@graph\":[{\"@type\":\"Article\",\"@id\":\"https:\/\/www.africa-press.net\/guinee-conakry\/politique\/a-un-an-de-la-fin-de-la-transition-le-camp-de-dalein-soppose-a-tout-glissement-ils-ont-pris-une-decision-il-faut-quils-assument#article\",\"isPartOf\":{\"@id\":\"https:\/\/www.africa-press.net\/guinee-conakry\/politique\/a-un-an-de-la-fin-de-la-transition-le-camp-de-dalein-soppose-a-tout-glissement-ils-ont-pris-une-decision-il-faut-quils-assument\"},\"author\":{\"name\":\"cfeditorfr\",\"@id\":\"https:\/\/www.africa-press.net\/guinee-conakry\/#\/schema\/person\/2b1cf3cd81a31e3cd26889ca66d677f1\"},\"headline\":\"A un an de la fin de la transition, le camp de Dalein s\u2019oppose \u00e0 tout glissement\u00a0: \u2018\u2019Ils ont pris une d\u00e9cision, il faut qu\u2019ils assument\u2019\u2019\",\"datePublished\":\"2023-12-10T19:32:00+00:00\",\"mainEntityOfPage\":{\"@id\":\"https:\/\/www.africa-press.net\/guinee-conakry\/politique\/a-un-an-de-la-fin-de-la-transition-le-camp-de-dalein-soppose-a-tout-glissement-ils-ont-pris-une-decision-il-faut-quils-assument\"},\"wordCount\":550,\"commentCount\":0,\"image\":{\"@id\":\"https:\/\/www.africa-press.net\/guinee-conakry\/politique\/a-un-an-de-la-fin-de-la-transition-le-camp-de-dalein-soppose-a-tout-glissement-ils-ont-pris-une-decision-il-faut-quils-assument#primaryimage\"},\"thumbnailUrl\":\"https:\/\/static.africa-press.net\/conakry\/sites\/63\/2023\/12\/Jokar1702224127.707991.jpg\",\"keywords\":[\"Africa Press\",\"Africa Press-Guin\u00e9e\",\"Guin\u00e9e\"],\"articleSection\":[\"Politique\",\"Toutes les actualit\u00e9s\"],\"inLanguage\":\"fr-FR\",\"potentialAction\":[{\"@type\":\"CommentAction\",\"name\":\"Comment\",\"target\":[\"https:\/\/www.africa-press.net\/guinee-conakry\/politique\/a-un-an-de-la-fin-de-la-transition-le-camp-de-dalein-soppose-a-tout-glissement-ils-ont-pris-une-decision-il-faut-quils-assument#respond\"]}]},{\"@type\":\"WebPage\",\"@id\":\"https:\/\/www.africa-press.net\/guinee-conakry\/politique\/a-un-an-de-la-fin-de-la-transition-le-camp-de-dalein-soppose-a-tout-glissement-ils-ont-pris-une-decision-il-faut-quils-assument\",\"url\":\"https:\/\/www.africa-press.net\/guinee-conakry\/politique\/a-un-an-de-la-fin-de-la-transition-le-camp-de-dalein-soppose-a-tout-glissement-ils-ont-pris-une-decision-il-faut-quils-assument\",\"name\":\"A un an de la fin de la transition, le camp de Dalein s\u2019oppose \u00e0 tout glissement\u00a0: \u2018\u2019Ils ont pris une d\u00e9cision, il faut qu\u2019ils assument\u2019\u2019 - guinee Conakry\",\"isPartOf\":{\"@id\":\"https:\/\/www.africa-press.net\/guinee-conakry\/#website\"},\"primaryImageOfPage\":{\"@id\":\"https:\/\/www.africa-press.net\/guinee-conakry\/politique\/a-un-an-de-la-fin-de-la-transition-le-camp-de-dalein-soppose-a-tout-glissement-ils-ont-pris-une-decision-il-faut-quils-assument#primaryimage\"},\"image\":{\"@id\":\"https:\/\/www.africa-press.net\/guinee-conakry\/politique\/a-un-an-de-la-fin-de-la-transition-le-camp-de-dalein-soppose-a-tout-glissement-ils-ont-pris-une-decision-il-faut-quils-assument#primaryimage\"},\"thumbnailUrl\":\"https:\/\/static.africa-press.net\/conakry\/sites\/63\/2023\/12\/Jokar1702224127.707991.jpg\",\"datePublished\":\"2023-12-10T19:32:00+00:00\",\"author\":{\"@id\":\"https:\/\/www.africa-press.net\/guinee-conakry\/#\/schema\/person\/2b1cf3cd81a31e3cd26889ca66d677f1\"},\"breadcrumb\":{\"@id\":\"https:\/\/www.africa-press.net\/guinee-conakry\/politique\/a-un-an-de-la-fin-de-la-transition-le-camp-de-dalein-soppose-a-tout-glissement-ils-ont-pris-une-decision-il-faut-quils-assument#breadcrumb\"},\"inLanguage\":\"fr-FR\",\"potentialAction\":[{\"@type\":\"ReadAction\",\"target\":[\"https:\/\/www.africa-press.net\/guinee-conakry\/politique\/a-un-an-de-la-fin-de-la-transition-le-camp-de-dalein-soppose-a-tout-glissement-ils-ont-pris-une-decision-il-faut-quils-assument\"]}]},{\"@type\":\"ImageObject\",\"inLanguage\":\"fr-FR\",\"@id\":\"https:\/\/www.africa-press.net\/guinee-conakry\/politique\/a-un-an-de-la-fin-de-la-transition-le-camp-de-dalein-soppose-a-tout-glissement-ils-ont-pris-une-decision-il-faut-quils-assument#primaryimage\",\"url\":\"https:\/\/static.africa-press.net\/conakry\/sites\/63\/2023\/12\/Jokar1702224127.707991.jpg\",\"contentUrl\":\"https:\/\/static.africa-press.net\/conakry\/sites\/63\/2023\/12\/Jokar1702224127.707991.jpg\",\"width\":1024,\"height\":788,\"caption\":\"A un an de la fin de la transition, le camp de Dalein s\u2019oppose \u00e0 tout glissement\u00a0: \u2018\u2019Ils ont pris une d\u00e9cision, il faut qu\u2019ils assument\u2019\u2019\"},{\"@type\":\"BreadcrumbList\",\"@id\":\"https:\/\/www.africa-press.net\/guinee-conakry\/politique\/a-un-an-de-la-fin-de-la-transition-le-camp-de-dalein-soppose-a-tout-glissement-ils-ont-pris-une-decision-il-faut-quils-assument#breadcrumb\",\"itemListElement\":[{\"@type\":\"ListItem\",\"position\":1,\"name\":\"Accueil\",\"item\":\"https:\/\/www.africa-press.net\/guinee-conakry\/\"},{\"@type\":\"ListItem\",\"position\":2,\"name\":\"A un an de la fin de la transition, le camp de Dalein s\u2019oppose \u00e0 tout glissement\u00a0: \u2018\u2019Ils ont pris une d\u00e9cision, il faut qu\u2019ils assument\u2019\u2019\"}]},{\"@type\":\"WebSite\",\"@id\":\"https:\/\/www.africa-press.net\/guinee-conakry\/#website\",\"url\":\"https:\/\/www.africa-press.net\/guinee-conakry\/\",\"name\":\"guinee Conakry\",\"description\":\"Just another Africa News Agency Sites site\",\"potentialAction\":[{\"@type\":\"SearchAction\",\"target\":{\"@type\":\"EntryPoint\",\"urlTemplate\":\"https:\/\/www.africa-press.net\/guinee-conakry\/?s={search_term_string}\"},\"query-input\":{\"@type\":\"PropertyValueSpecification\",\"valueRequired\":true,\"valueName\":\"search_term_string\"}}],\"inLanguage\":\"fr-FR\"},{\"@type\":\"Person\",\"@id\":\"https:\/\/www.africa-press.net\/guinee-conakry\/#\/schema\/person\/2b1cf3cd81a31e3cd26889ca66d677f1\",\"name\":\"cfeditorfr\"}]}<\/script>\n<!-- \/ Yoast SEO Premium plugin. -->","yoast_head_json":{"title":"A un an de la fin de la transition, le camp de Dalein s\u2019oppose \u00e0 tout glissement\u00a0: \u2018\u2019Ils ont pris une d\u00e9cision, il faut qu\u2019ils assument\u2019\u2019 - guinee Conakry","robots":{"index":"index","follow":"follow","max-snippet":"max-snippet:-1","max-image-preview":"max-image-preview:large","max-video-preview":"max-video-preview:-1"},"canonical":"https:\/\/www.africa-press.net\/guinee-conakry\/politique\/a-un-an-de-la-fin-de-la-transition-le-camp-de-dalein-soppose-a-tout-glissement-ils-ont-pris-une-decision-il-faut-quils-assument","og_locale":"fr_FR","og_type":"article","og_title":"A un an de la fin de la transition, le camp de Dalein s\u2019oppose \u00e0 tout glissement\u00a0: \u2018\u2019Ils ont pris une d\u00e9cision, il faut qu\u2019ils assument\u2019\u2019","og_description":"Africa-Press &#8211; Guin\u00e9e. Plus de deux apre\u0300s le coup d\u2019Etat contre le re\u0301gime d\u2019Alpha Conde\u0301, l\u2019Union des forces de\u0301mocratiques de Guine\u0301e (UFDG) ne veut entendre parler d\u2019aucun glissement de calendrier de transition. Pour le parti dirige\u0301 par Cellou Dalein Diallo, la junte doit respecter ses engagements a\u0300 la fin de l\u2019anne\u0301e 2024. S\u2019exprimant sur l\u2019issue [&hellip;]","og_url":"https:\/\/www.africa-press.net\/guinee-conakry\/politique\/a-un-an-de-la-fin-de-la-transition-le-camp-de-dalein-soppose-a-tout-glissement-ils-ont-pris-une-decision-il-faut-quils-assument","og_site_name":"guinee Conakry","article_published_time":"2023-12-10T19:32:00+00:00","author":"cfeditorfr","twitter_card":"summary_large_image","twitter_misc":{"\u00c9crit par":"cfeditorfr","Dur\u00e9e de lecture estim\u00e9e":"3 minutes"},"schema":{"@context":"https:\/\/schema.org","@graph":[{"@type":"Article","@id":"https:\/\/www.africa-press.net\/guinee-conakry\/politique\/a-un-an-de-la-fin-de-la-transition-le-camp-de-dalein-soppose-a-tout-glissement-ils-ont-pris-une-decision-il-faut-quils-assument#article","isPartOf":{"@id":"https:\/\/www.africa-press.net\/guinee-conakry\/politique\/a-un-an-de-la-fin-de-la-transition-le-camp-de-dalein-soppose-a-tout-glissement-ils-ont-pris-une-decision-il-faut-quils-assument"},"author":{"name":"cfeditorfr","@id":"https:\/\/www.africa-press.net\/guinee-conakry\/#\/schema\/person\/2b1cf3cd81a31e3cd26889ca66d677f1"},"headline":"A un an de la fin de la transition, le camp de Dalein s\u2019oppose \u00e0 tout glissement\u00a0: \u2018\u2019Ils ont pris une d\u00e9cision, il faut qu\u2019ils assument\u2019\u2019","datePublished":"2023-12-10T19:32:00+00:00","mainEntityOfPage":{"@id":"https:\/\/www.africa-press.net\/guinee-conakry\/politique\/a-un-an-de-la-fin-de-la-transition-le-camp-de-dalein-soppose-a-tout-glissement-ils-ont-pris-une-decision-il-faut-quils-assument"},"wordCount":550,"commentCount":0,"image":{"@id":"https:\/\/www.africa-press.net\/guinee-conakry\/politique\/a-un-an-de-la-fin-de-la-transition-le-camp-de-dalein-soppose-a-tout-glissement-ils-ont-pris-une-decision-il-faut-quils-assument#primaryimage"},"thumbnailUrl":"https:\/\/static.africa-press.net\/conakry\/sites\/63\/2023\/12\/Jokar1702224127.707991.jpg","keywords":["Africa Press","Africa Press-Guin\u00e9e","Guin\u00e9e"],"articleSection":["Politique","Toutes les actualit\u00e9s"],"inLanguage":"fr-FR","potentialAction":[{"@type":"CommentAction","name":"Comment","target":["https:\/\/www.africa-press.net\/guinee-conakry\/politique\/a-un-an-de-la-fin-de-la-transition-le-camp-de-dalein-soppose-a-tout-glissement-ils-ont-pris-une-decision-il-faut-quils-assument#respond"]}]},{"@type":"WebPage","@id":"https:\/\/www.africa-press.net\/guinee-conakry\/politique\/a-un-an-de-la-fin-de-la-transition-le-camp-de-dalein-soppose-a-tout-glissement-ils-ont-pris-une-decision-il-faut-quils-assument","url":"https:\/\/www.africa-press.net\/guinee-conakry\/politique\/a-un-an-de-la-fin-de-la-transition-le-camp-de-dalein-soppose-a-tout-glissement-ils-ont-pris-une-decision-il-faut-quils-assument","name":"A un an de la fin de la transition, le camp de Dalein s\u2019oppose \u00e0 tout glissement\u00a0: \u2018\u2019Ils ont pris une d\u00e9cision, il faut qu\u2019ils assument\u2019\u2019 - guinee Conakry","isPartOf":{"@id":"https:\/\/www.africa-press.net\/guinee-conakry\/#website"},"primaryImageOfPage":{"@id":"https:\/\/www.africa-press.net\/guinee-conakry\/politique\/a-un-an-de-la-fin-de-la-transition-le-camp-de-dalein-soppose-a-tout-glissement-ils-ont-pris-une-decision-il-faut-quils-assument#primaryimage"},"image":{"@id":"https:\/\/www.africa-press.net\/guinee-conakry\/politique\/a-un-an-de-la-fin-de-la-transition-le-camp-de-dalein-soppose-a-tout-glissement-ils-ont-pris-une-decision-il-faut-quils-assument#primaryimage"},"thumbnailUrl":"https:\/\/static.africa-press.net\/conakry\/sites\/63\/2023\/12\/Jokar1702224127.707991.jpg","datePublished":"2023-12-10T19:32:00+00:00","author":{"@id":"https:\/\/www.africa-press.net\/guinee-conakry\/#\/schema\/person\/2b1cf3cd81a31e3cd26889ca66d677f1"},"breadcrumb":{"@id":"https:\/\/www.africa-press.net\/guinee-conakry\/politique\/a-un-an-de-la-fin-de-la-transition-le-camp-de-dalein-soppose-a-tout-glissement-ils-ont-pris-une-decision-il-faut-quils-assument#breadcrumb"},"inLanguage":"fr-FR","potentialAction":[{"@type":"ReadAction","target":["https:\/\/www.africa-press.net\/guinee-conakry\/politique\/a-un-an-de-la-fin-de-la-transition-le-camp-de-dalein-soppose-a-tout-glissement-ils-ont-pris-une-decision-il-faut-quils-assument"]}]},{"@type":"ImageObject","inLanguage":"fr-FR","@id":"https:\/\/www.africa-press.net\/guinee-conakry\/politique\/a-un-an-de-la-fin-de-la-transition-le-camp-de-dalein-soppose-a-tout-glissement-ils-ont-pris-une-decision-il-faut-quils-assument#primaryimage","url":"https:\/\/static.africa-press.net\/conakry\/sites\/63\/2023\/12\/Jokar1702224127.707991.jpg","contentUrl":"https:\/\/static.africa-press.net\/conakry\/sites\/63\/2023\/12\/Jokar1702224127.707991.jpg","width":1024,"height":788,"caption":"A un an de la fin de la transition, le camp de Dalein s\u2019oppose \u00e0 tout glissement\u00a0: \u2018\u2019Ils ont pris une d\u00e9cision, il faut qu\u2019ils assument\u2019\u2019"},{"@type":"BreadcrumbList","@id":"https:\/\/www.africa-press.net\/guinee-conakry\/politique\/a-un-an-de-la-fin-de-la-transition-le-camp-de-dalein-soppose-a-tout-glissement-ils-ont-pris-une-decision-il-faut-quils-assument#breadcrumb","itemListElement":[{"@type":"ListItem","position":1,"name":"Accueil","item":"https:\/\/www.africa-press.net\/guinee-conakry\/"},{"@type":"ListItem","position":2,"name":"A un an de la fin de la transition, le camp de Dalein s\u2019oppose \u00e0 tout glissement\u00a0: \u2018\u2019Ils ont pris une d\u00e9cision, il faut qu\u2019ils assument\u2019\u2019"}]},{"@type":"WebSite","@id":"https:\/\/www.africa-press.net\/guinee-conakry\/#website","url":"https:\/\/www.africa-press.net\/guinee-conakry\/","name":"guinee Conakry","description":"Just another Africa News Agency Sites site","potentialAction":[{"@type":"SearchAction","target":{"@type":"EntryPoint","urlTemplate":"https:\/\/www.africa-press.net\/guinee-conakry\/?s={search_term_string}"},"query-input":{"@type":"PropertyValueSpecification","valueRequired":true,"valueName":"search_term_string"}}],"inLanguage":"fr-FR"},{"@type":"Person","@id":"https:\/\/www.africa-press.net\/guinee-conakry\/#\/schema\/person\/2b1cf3cd81a31e3cd26889ca66d677f1","name":"cfeditorfr"}]}},"_links":{"self":[{"href":"https:\/\/www.africa-press.net\/guinee-conakry\/wp-json\/wp\/v2\/posts\/17802","targetHints":{"allow":["GET"]}}],"collection":[{"href":"https:\/\/www.africa-press.net\/guinee-conakry\/wp-json\/wp\/v2\/posts"}],"about":[{"href":"https:\/\/www.africa-press.net\/guinee-conakry\/wp-json\/wp\/v2\/types\/post"}],"author":[{"embeddable":true,"href":"https:\/\/www.africa-press.net\/guinee-conakry\/wp-json\/wp\/v2\/users\/82"}],"replies":[{"embeddable":true,"href":"https:\/\/www.africa-press.net\/guinee-conakry\/wp-json\/wp\/v2\/comments?post=17802"}],"version-history":[{"count":0,"href":"https:\/\/www.africa-press.net\/guinee-conakry\/wp-json\/wp\/v2\/posts\/17802\/revisions"}],"wp:featuredmedia":[{"embeddable":true,"href":"https:\/\/www.africa-press.net\/guinee-conakry\/wp-json\/wp\/v2\/media\/17801"}],"wp:attachment":[{"href":"https:\/\/www.africa-press.net\/guinee-conakry\/wp-json\/wp\/v2\/media?parent=17802"}],"wp:term":[{"taxonomy":"category","embeddable":true,"href":"https:\/\/www.africa-press.net\/guinee-conakry\/wp-json\/wp\/v2\/categories?post=17802"},{"taxonomy":"post_tag","embeddable":true,"href":"https:\/\/www.africa-press.net\/guinee-conakry\/wp-json\/wp\/v2\/tags?post=17802"}],"curies":[{"name":"wp","href":"https:\/\/api.w.org\/{rel}","templated":true}]}}