{"id":17808,"date":"2023-12-12T18:56:00","date_gmt":"2023-12-12T18:56:00","guid":{"rendered":"https:\/\/www.africa-press.net\/guinee-conakry\/politique\/la-cedeao-a-lepreuve-des-faits-intrepides-par-bella-kamano"},"modified":"2023-12-12T18:56:00","modified_gmt":"2023-12-12T18:56:00","slug":"la-cedeao-a-lepreuve-des-faits-intrepides-par-bella-kamano","status":"publish","type":"post","link":"https:\/\/www.africa-press.net\/guinee-conakry\/politique\/la-cedeao-a-lepreuve-des-faits-intrepides-par-bella-kamano","title":{"rendered":"La CEDEAO \u00e0 l\u2019\u00e9preuve des faits intr\u00e9pides (Par Bella Kamano)"},"content":{"rendered":"<p><span style=\"color: #ff6600\"><strong>Africa-Press &#8211; Guin\u00e9e. <\/strong><\/span><b>Quel diantre aurait-il arrime\u0301 la politique a\u0300 la CEDEAO ? Oui, l\u2019on est bien en droit de s\u2019interroger, tant les de\u0301convenues sont devenues re\u0301currentes.<\/b><\/p>\n<p>Le dernier sommet de la confe\u0301rence des chefs d\u2019Etat vient de de\u0301montrer une fois encore, qu\u2019entre sa de\u0301nomination e\u0301vocatrice et la chose politique, son inefficacite\u0301 est insurmontable.<\/p>\n<p>Face aux pays en transition, notamment, la Guine\u0301e, le Burkina, le Mali et le Niger l\u2019impuissance de la caduque institution sous-re\u0301gionale donne raison a\u0300 ses de\u0301tracteurs.<\/p>\n<p>Si le fameux communique\u0301 final de ce sommet n\u2019apporte rien de nouveau, il a quand me\u0302me le me\u0301rite d\u2019asseoir la conviction des citoyens de sa zone, qu\u2019elle a un besoin vital de faire une mue fondamentale.<\/p>\n<p>Quelle boutade internationale, de parler de leve\u0301e d\u2019interdiction de voyager du pre\u0301sident, du premier ministre et du ministre des affaires guine\u0301ens? Si ce n\u2019est d\u2019ailleurs, un tatbir institutionnel (autoflagellation Chiite).<\/p>\n<p>La vacuite\u0301 de ce communique\u0301 final n\u2019a d\u2019e\u0301gal que la ste\u0301rilite\u0301 de ses sanctions prises a\u0300 la lueur brillante des ne\u0301gociations qui aurait pre\u0301ce\u0301de\u0301e l\u2019aube des sanctions.<\/p>\n<p>Parlant de l\u2019accord qu\u2019elle-me\u0302me a signe\u0301 avec les autorite\u0301s de la transition guine\u0301enne, ledit communique\u0301 rele\u0300ve implicitement, qu\u2019il y a progre\u0300s mais que ces progre\u0300s ne sont pas significatifs. Alors, la question est de savoir, a\u0300 qui faut-il reprocher ce manque de progre\u0300s significatif ?<\/p>\n<p>Pire, est la position malicieuse que la CEDEAO y adopte, s\u2019agissant du financement du retour a\u0300 l\u2019ordre constitutionnel et qui contraste avec le contenu de l\u2019accord qu\u2019elle a volontairement signe\u0301.<\/p>\n<p>A cette allure, l\u2019institution pourrait apprendre a\u0300 ses de\u0301pens que, les condamnations d\u2019un coup d\u2019Etat a\u0300 fortiori consomme\u0301, sont classiques mais les sanctions ne sont pas indispensables. Surtout lorsqu\u2019on a eu une attitude coupable face a\u0300 la mission de pre\u0301vention qui est la votre. Car me\u0302me en pleine guerre, la diplomatie a toujours son sie\u0300ge entre les positions bellige\u0301rantes.<\/p>\n<p>Il est inde\u0301niable que, tant que la CEDEAO se mettra au service du jeu des puissances e\u0301trange\u0300res, elle passera a\u0300 co\u0302te\u0301 des enjeux de l\u2019heure dans sa circonscription. Mais comment l\u2019e\u0301viter, alors qu\u2019elle a choisi d\u2019e\u0302tre sous perfusion financie\u0300re comme ses E\u0301tats membres ? Conse\u0301quence d\u2019une pathologie tre\u0300s contagieuse qui s\u2019appelle, mauvaise gouvernance.<\/p>\n<p>E\u0301galement, il n\u2019est pas futile de rappeler que, la se\u0301rie des coups d\u2019E\u0301tats intervenue dans la sous-re\u0301gion, a favorise\u0301 l\u2019ave\u0300nement au pouvoir d\u2019une ge\u0301ne\u0301ration aux discours nationalistes, heureusement bien accueillis.<\/p>\n<p>Et c\u2019est le re\u0301sultat d\u2019un diagnostic sans appel, fait des vieilles relations entre ces puissances e\u0301trange\u0300res et ces pays respectifs. Me\u0302me si, c\u2019est la France qui en est devenue la be\u0302te noire.<\/p>\n<p>En Guine\u0301e par exemple, lorsque le ministre des affaires e\u0301trange\u0300res, Morissanda Kouyate\u0301 de\u0301clare devant les ambassadeurs accre\u0301dite\u0301s que, pour le paraphraser; tout pays qui va refuser son sol a\u0300 une autorite\u0301 guine\u0301enne, ses ressortissants se verront refuser celui de la Guine\u0301e. Ou, lorsqu\u2019il dit avec emphase en France que, tout rapatriement sauvage d\u2019un guine\u0301en, sera re\u0301pondu par le renvoi du citoyen du pays auteur. Ces extraits de discours illustrent parfaitement, la nature de la politique e\u0301trange\u0300re souveraine de la nouvelle ge\u0301ne\u0301ration de dirigeants.<\/p>\n<p>Plus e\u0301loquente expression de cette mentalite\u0301 nationaliste, et qui est par ailleurs indicateur d\u2019une certaine lassitude, a e\u0301te\u0301 mise en exergue par le pre\u0301sident de la transition malienne. Sans me\u0301nagement aucun, il a chasse\u0301 la mission militaire franc\u0327aise (Barkane) de la terre de ses ance\u0302tres.<\/p>\n<p>Au Niger, le Ge\u0301ne\u0301ral Thiani, pre\u0301sident de la transition, apre\u0300s avoir re\u0301uni les preuves des agissements subversifs de l\u2019ambassadeur franc\u0327ais, l\u2019a de\u0301clare\u0301 persona non grata.<\/p>\n<p>Rien que ses discours de\u0301complexe\u0301s, intre\u0301pides et actes patriotiques suffisent pour que, l\u2019archai\u0308que CEDEAO choisisse soit, de changer de fusil d\u2019e\u0301paule pour e\u0302tre en phase avec son e\u0301poque, soit de retourner a\u0300 sa vocation premie\u0300re.<\/p>\n<p><b>Bella Kamano<\/b><\/p>\n<p><strong>Pour plus d&rsquo;informations et d&rsquo;analyses sur la <a href=\"https:\/\/www.africa-press.net\/guinee-conakry\">Guin\u00e9e<\/a>, suivez <a href=\"https:\/\/www.africa-press.net\/\">Africa-Press<\/a><\/strong><\/p>\n","protected":false},"excerpt":{"rendered":"<p>Africa-Press &#8211; Guin\u00e9e. Quel diantre aurait-il arrime\u0301 la politique a\u0300 la CEDEAO ? Oui, l\u2019on est bien en droit de s\u2019interroger, tant les de\u0301convenues sont devenues re\u0301currentes. Le dernier sommet de la confe\u0301rence des chefs d\u2019Etat vient de de\u0301montrer une fois encore, qu\u2019entre sa de\u0301nomination e\u0301vocatrice et la chose politique, son inefficacite\u0301 est insurmontable. Face [&hellip;]<\/p>\n","protected":false},"author":82,"featured_media":17807,"comment_status":"open","ping_status":"closed","sticky":false,"template":"","format":"standard","meta":{"footnotes":""},"categories":[2,56,10],"tags":[36,57,58],"class_list":["post-17808","post","type-post","status-publish","format-standard","has-post-thumbnail","hentry","category-politique","category-to-homepage","category-toutes-les-actualites","tag-africa-press","tag-africa-press-guinee","tag-guinee"],"yoast_head":"<!-- This site is optimized with the Yoast SEO Premium plugin v26.1 (Yoast SEO v27.0) - https:\/\/yoast.com\/product\/yoast-seo-premium-wordpress\/ -->\n<title>La CEDEAO \u00e0 l\u2019\u00e9preuve des faits intr\u00e9pides (Par Bella Kamano) - guinee Conakry<\/title>\n<meta name=\"robots\" content=\"index, follow, max-snippet:-1, max-image-preview:large, max-video-preview:-1\" \/>\n<link rel=\"canonical\" href=\"https:\/\/www.africa-press.net\/guinee-conakry\/politique\/la-cedeao-a-lepreuve-des-faits-intrepides-par-bella-kamano\" \/>\n<meta property=\"og:locale\" content=\"fr_FR\" \/>\n<meta property=\"og:type\" content=\"article\" \/>\n<meta property=\"og:title\" content=\"La CEDEAO \u00e0 l\u2019\u00e9preuve des faits intr\u00e9pides (Par Bella Kamano)\" \/>\n<meta property=\"og:description\" content=\"Africa-Press &#8211; Guin\u00e9e. Quel diantre aurait-il arrime\u0301 la politique a\u0300 la CEDEAO ? Oui, l\u2019on est bien en droit de s\u2019interroger, tant les de\u0301convenues sont devenues re\u0301currentes. Le dernier sommet de la confe\u0301rence des chefs d\u2019Etat vient de de\u0301montrer une fois encore, qu\u2019entre sa de\u0301nomination e\u0301vocatrice et la chose politique, son inefficacite\u0301 est insurmontable. Face [&hellip;]\" \/>\n<meta property=\"og:url\" content=\"https:\/\/www.africa-press.net\/guinee-conakry\/politique\/la-cedeao-a-lepreuve-des-faits-intrepides-par-bella-kamano\" \/>\n<meta property=\"og:site_name\" content=\"guinee Conakry\" \/>\n<meta property=\"article:published_time\" content=\"2023-12-12T18:56:00+00:00\" \/>\n<meta name=\"author\" content=\"cfeditorfr\" \/>\n<meta name=\"twitter:card\" content=\"summary_large_image\" \/>\n<meta name=\"twitter:label1\" content=\"\u00c9crit par\" \/>\n\t<meta name=\"twitter:data1\" content=\"cfeditorfr\" \/>\n\t<meta name=\"twitter:label2\" content=\"Dur\u00e9e de lecture estim\u00e9e\" \/>\n\t<meta name=\"twitter:data2\" content=\"4 minutes\" \/>\n<script type=\"application\/ld+json\" class=\"yoast-schema-graph\">{\"@context\":\"https:\/\/schema.org\",\"@graph\":[{\"@type\":\"Article\",\"@id\":\"https:\/\/www.africa-press.net\/guinee-conakry\/politique\/la-cedeao-a-lepreuve-des-faits-intrepides-par-bella-kamano#article\",\"isPartOf\":{\"@id\":\"https:\/\/www.africa-press.net\/guinee-conakry\/politique\/la-cedeao-a-lepreuve-des-faits-intrepides-par-bella-kamano\"},\"author\":{\"name\":\"cfeditorfr\",\"@id\":\"https:\/\/www.africa-press.net\/guinee-conakry\/#\/schema\/person\/2b1cf3cd81a31e3cd26889ca66d677f1\"},\"headline\":\"La CEDEAO \u00e0 l\u2019\u00e9preuve des faits intr\u00e9pides (Par Bella Kamano)\",\"datePublished\":\"2023-12-12T18:56:00+00:00\",\"mainEntityOfPage\":{\"@id\":\"https:\/\/www.africa-press.net\/guinee-conakry\/politique\/la-cedeao-a-lepreuve-des-faits-intrepides-par-bella-kamano\"},\"wordCount\":768,\"commentCount\":0,\"image\":{\"@id\":\"https:\/\/www.africa-press.net\/guinee-conakry\/politique\/la-cedeao-a-lepreuve-des-faits-intrepides-par-bella-kamano#primaryimage\"},\"thumbnailUrl\":\"https:\/\/static.africa-press.net\/conakry\/sites\/63\/2023\/12\/Jokar1702394784.5432.jpg\",\"keywords\":[\"Africa Press\",\"Africa Press-Guin\u00e9e\",\"Guin\u00e9e\"],\"articleSection\":[\"Politique\",\"to-homepage\",\"Toutes les actualit\u00e9s\"],\"inLanguage\":\"fr-FR\",\"potentialAction\":[{\"@type\":\"CommentAction\",\"name\":\"Comment\",\"target\":[\"https:\/\/www.africa-press.net\/guinee-conakry\/politique\/la-cedeao-a-lepreuve-des-faits-intrepides-par-bella-kamano#respond\"]}]},{\"@type\":\"WebPage\",\"@id\":\"https:\/\/www.africa-press.net\/guinee-conakry\/politique\/la-cedeao-a-lepreuve-des-faits-intrepides-par-bella-kamano\",\"url\":\"https:\/\/www.africa-press.net\/guinee-conakry\/politique\/la-cedeao-a-lepreuve-des-faits-intrepides-par-bella-kamano\",\"name\":\"La CEDEAO \u00e0 l\u2019\u00e9preuve des faits intr\u00e9pides (Par Bella Kamano) - guinee Conakry\",\"isPartOf\":{\"@id\":\"https:\/\/www.africa-press.net\/guinee-conakry\/#website\"},\"primaryImageOfPage\":{\"@id\":\"https:\/\/www.africa-press.net\/guinee-conakry\/politique\/la-cedeao-a-lepreuve-des-faits-intrepides-par-bella-kamano#primaryimage\"},\"image\":{\"@id\":\"https:\/\/www.africa-press.net\/guinee-conakry\/politique\/la-cedeao-a-lepreuve-des-faits-intrepides-par-bella-kamano#primaryimage\"},\"thumbnailUrl\":\"https:\/\/static.africa-press.net\/conakry\/sites\/63\/2023\/12\/Jokar1702394784.5432.jpg\",\"datePublished\":\"2023-12-12T18:56:00+00:00\",\"author\":{\"@id\":\"https:\/\/www.africa-press.net\/guinee-conakry\/#\/schema\/person\/2b1cf3cd81a31e3cd26889ca66d677f1\"},\"breadcrumb\":{\"@id\":\"https:\/\/www.africa-press.net\/guinee-conakry\/politique\/la-cedeao-a-lepreuve-des-faits-intrepides-par-bella-kamano#breadcrumb\"},\"inLanguage\":\"fr-FR\",\"potentialAction\":[{\"@type\":\"ReadAction\",\"target\":[\"https:\/\/www.africa-press.net\/guinee-conakry\/politique\/la-cedeao-a-lepreuve-des-faits-intrepides-par-bella-kamano\"]}]},{\"@type\":\"ImageObject\",\"inLanguage\":\"fr-FR\",\"@id\":\"https:\/\/www.africa-press.net\/guinee-conakry\/politique\/la-cedeao-a-lepreuve-des-faits-intrepides-par-bella-kamano#primaryimage\",\"url\":\"https:\/\/static.africa-press.net\/conakry\/sites\/63\/2023\/12\/Jokar1702394784.5432.jpg\",\"contentUrl\":\"https:\/\/static.africa-press.net\/conakry\/sites\/63\/2023\/12\/Jokar1702394784.5432.jpg\",\"width\":768,\"height\":512,\"caption\":\"La CEDEAO \u00e0 l\u2019\u00e9preuve des faits intr\u00e9pides (Par Bella Kamano)\"},{\"@type\":\"BreadcrumbList\",\"@id\":\"https:\/\/www.africa-press.net\/guinee-conakry\/politique\/la-cedeao-a-lepreuve-des-faits-intrepides-par-bella-kamano#breadcrumb\",\"itemListElement\":[{\"@type\":\"ListItem\",\"position\":1,\"name\":\"Accueil\",\"item\":\"https:\/\/www.africa-press.net\/guinee-conakry\/\"},{\"@type\":\"ListItem\",\"position\":2,\"name\":\"La CEDEAO \u00e0 l\u2019\u00e9preuve des faits intr\u00e9pides (Par Bella Kamano)\"}]},{\"@type\":\"WebSite\",\"@id\":\"https:\/\/www.africa-press.net\/guinee-conakry\/#website\",\"url\":\"https:\/\/www.africa-press.net\/guinee-conakry\/\",\"name\":\"guinee Conakry\",\"description\":\"Just another Africa News Agency Sites site\",\"potentialAction\":[{\"@type\":\"SearchAction\",\"target\":{\"@type\":\"EntryPoint\",\"urlTemplate\":\"https:\/\/www.africa-press.net\/guinee-conakry\/?s={search_term_string}\"},\"query-input\":{\"@type\":\"PropertyValueSpecification\",\"valueRequired\":true,\"valueName\":\"search_term_string\"}}],\"inLanguage\":\"fr-FR\"},{\"@type\":\"Person\",\"@id\":\"https:\/\/www.africa-press.net\/guinee-conakry\/#\/schema\/person\/2b1cf3cd81a31e3cd26889ca66d677f1\",\"name\":\"cfeditorfr\"}]}<\/script>\n<!-- \/ Yoast SEO Premium plugin. -->","yoast_head_json":{"title":"La CEDEAO \u00e0 l\u2019\u00e9preuve des faits intr\u00e9pides (Par Bella Kamano) - guinee Conakry","robots":{"index":"index","follow":"follow","max-snippet":"max-snippet:-1","max-image-preview":"max-image-preview:large","max-video-preview":"max-video-preview:-1"},"canonical":"https:\/\/www.africa-press.net\/guinee-conakry\/politique\/la-cedeao-a-lepreuve-des-faits-intrepides-par-bella-kamano","og_locale":"fr_FR","og_type":"article","og_title":"La CEDEAO \u00e0 l\u2019\u00e9preuve des faits intr\u00e9pides (Par Bella Kamano)","og_description":"Africa-Press &#8211; Guin\u00e9e. Quel diantre aurait-il arrime\u0301 la politique a\u0300 la CEDEAO ? Oui, l\u2019on est bien en droit de s\u2019interroger, tant les de\u0301convenues sont devenues re\u0301currentes. Le dernier sommet de la confe\u0301rence des chefs d\u2019Etat vient de de\u0301montrer une fois encore, qu\u2019entre sa de\u0301nomination e\u0301vocatrice et la chose politique, son inefficacite\u0301 est insurmontable. Face [&hellip;]","og_url":"https:\/\/www.africa-press.net\/guinee-conakry\/politique\/la-cedeao-a-lepreuve-des-faits-intrepides-par-bella-kamano","og_site_name":"guinee Conakry","article_published_time":"2023-12-12T18:56:00+00:00","author":"cfeditorfr","twitter_card":"summary_large_image","twitter_misc":{"\u00c9crit par":"cfeditorfr","Dur\u00e9e de lecture estim\u00e9e":"4 minutes"},"schema":{"@context":"https:\/\/schema.org","@graph":[{"@type":"Article","@id":"https:\/\/www.africa-press.net\/guinee-conakry\/politique\/la-cedeao-a-lepreuve-des-faits-intrepides-par-bella-kamano#article","isPartOf":{"@id":"https:\/\/www.africa-press.net\/guinee-conakry\/politique\/la-cedeao-a-lepreuve-des-faits-intrepides-par-bella-kamano"},"author":{"name":"cfeditorfr","@id":"https:\/\/www.africa-press.net\/guinee-conakry\/#\/schema\/person\/2b1cf3cd81a31e3cd26889ca66d677f1"},"headline":"La CEDEAO \u00e0 l\u2019\u00e9preuve des faits intr\u00e9pides (Par Bella Kamano)","datePublished":"2023-12-12T18:56:00+00:00","mainEntityOfPage":{"@id":"https:\/\/www.africa-press.net\/guinee-conakry\/politique\/la-cedeao-a-lepreuve-des-faits-intrepides-par-bella-kamano"},"wordCount":768,"commentCount":0,"image":{"@id":"https:\/\/www.africa-press.net\/guinee-conakry\/politique\/la-cedeao-a-lepreuve-des-faits-intrepides-par-bella-kamano#primaryimage"},"thumbnailUrl":"https:\/\/static.africa-press.net\/conakry\/sites\/63\/2023\/12\/Jokar1702394784.5432.jpg","keywords":["Africa Press","Africa Press-Guin\u00e9e","Guin\u00e9e"],"articleSection":["Politique","to-homepage","Toutes les actualit\u00e9s"],"inLanguage":"fr-FR","potentialAction":[{"@type":"CommentAction","name":"Comment","target":["https:\/\/www.africa-press.net\/guinee-conakry\/politique\/la-cedeao-a-lepreuve-des-faits-intrepides-par-bella-kamano#respond"]}]},{"@type":"WebPage","@id":"https:\/\/www.africa-press.net\/guinee-conakry\/politique\/la-cedeao-a-lepreuve-des-faits-intrepides-par-bella-kamano","url":"https:\/\/www.africa-press.net\/guinee-conakry\/politique\/la-cedeao-a-lepreuve-des-faits-intrepides-par-bella-kamano","name":"La CEDEAO \u00e0 l\u2019\u00e9preuve des faits intr\u00e9pides (Par Bella Kamano) - guinee Conakry","isPartOf":{"@id":"https:\/\/www.africa-press.net\/guinee-conakry\/#website"},"primaryImageOfPage":{"@id":"https:\/\/www.africa-press.net\/guinee-conakry\/politique\/la-cedeao-a-lepreuve-des-faits-intrepides-par-bella-kamano#primaryimage"},"image":{"@id":"https:\/\/www.africa-press.net\/guinee-conakry\/politique\/la-cedeao-a-lepreuve-des-faits-intrepides-par-bella-kamano#primaryimage"},"thumbnailUrl":"https:\/\/static.africa-press.net\/conakry\/sites\/63\/2023\/12\/Jokar1702394784.5432.jpg","datePublished":"2023-12-12T18:56:00+00:00","author":{"@id":"https:\/\/www.africa-press.net\/guinee-conakry\/#\/schema\/person\/2b1cf3cd81a31e3cd26889ca66d677f1"},"breadcrumb":{"@id":"https:\/\/www.africa-press.net\/guinee-conakry\/politique\/la-cedeao-a-lepreuve-des-faits-intrepides-par-bella-kamano#breadcrumb"},"inLanguage":"fr-FR","potentialAction":[{"@type":"ReadAction","target":["https:\/\/www.africa-press.net\/guinee-conakry\/politique\/la-cedeao-a-lepreuve-des-faits-intrepides-par-bella-kamano"]}]},{"@type":"ImageObject","inLanguage":"fr-FR","@id":"https:\/\/www.africa-press.net\/guinee-conakry\/politique\/la-cedeao-a-lepreuve-des-faits-intrepides-par-bella-kamano#primaryimage","url":"https:\/\/static.africa-press.net\/conakry\/sites\/63\/2023\/12\/Jokar1702394784.5432.jpg","contentUrl":"https:\/\/static.africa-press.net\/conakry\/sites\/63\/2023\/12\/Jokar1702394784.5432.jpg","width":768,"height":512,"caption":"La CEDEAO \u00e0 l\u2019\u00e9preuve des faits intr\u00e9pides (Par Bella Kamano)"},{"@type":"BreadcrumbList","@id":"https:\/\/www.africa-press.net\/guinee-conakry\/politique\/la-cedeao-a-lepreuve-des-faits-intrepides-par-bella-kamano#breadcrumb","itemListElement":[{"@type":"ListItem","position":1,"name":"Accueil","item":"https:\/\/www.africa-press.net\/guinee-conakry\/"},{"@type":"ListItem","position":2,"name":"La CEDEAO \u00e0 l\u2019\u00e9preuve des faits intr\u00e9pides (Par Bella Kamano)"}]},{"@type":"WebSite","@id":"https:\/\/www.africa-press.net\/guinee-conakry\/#website","url":"https:\/\/www.africa-press.net\/guinee-conakry\/","name":"guinee Conakry","description":"Just another Africa News Agency Sites site","potentialAction":[{"@type":"SearchAction","target":{"@type":"EntryPoint","urlTemplate":"https:\/\/www.africa-press.net\/guinee-conakry\/?s={search_term_string}"},"query-input":{"@type":"PropertyValueSpecification","valueRequired":true,"valueName":"search_term_string"}}],"inLanguage":"fr-FR"},{"@type":"Person","@id":"https:\/\/www.africa-press.net\/guinee-conakry\/#\/schema\/person\/2b1cf3cd81a31e3cd26889ca66d677f1","name":"cfeditorfr"}]}},"_links":{"self":[{"href":"https:\/\/www.africa-press.net\/guinee-conakry\/wp-json\/wp\/v2\/posts\/17808","targetHints":{"allow":["GET"]}}],"collection":[{"href":"https:\/\/www.africa-press.net\/guinee-conakry\/wp-json\/wp\/v2\/posts"}],"about":[{"href":"https:\/\/www.africa-press.net\/guinee-conakry\/wp-json\/wp\/v2\/types\/post"}],"author":[{"embeddable":true,"href":"https:\/\/www.africa-press.net\/guinee-conakry\/wp-json\/wp\/v2\/users\/82"}],"replies":[{"embeddable":true,"href":"https:\/\/www.africa-press.net\/guinee-conakry\/wp-json\/wp\/v2\/comments?post=17808"}],"version-history":[{"count":0,"href":"https:\/\/www.africa-press.net\/guinee-conakry\/wp-json\/wp\/v2\/posts\/17808\/revisions"}],"wp:featuredmedia":[{"embeddable":true,"href":"https:\/\/www.africa-press.net\/guinee-conakry\/wp-json\/wp\/v2\/media\/17807"}],"wp:attachment":[{"href":"https:\/\/www.africa-press.net\/guinee-conakry\/wp-json\/wp\/v2\/media?parent=17808"}],"wp:term":[{"taxonomy":"category","embeddable":true,"href":"https:\/\/www.africa-press.net\/guinee-conakry\/wp-json\/wp\/v2\/categories?post=17808"},{"taxonomy":"post_tag","embeddable":true,"href":"https:\/\/www.africa-press.net\/guinee-conakry\/wp-json\/wp\/v2\/tags?post=17808"}],"curies":[{"name":"wp","href":"https:\/\/api.w.org\/{rel}","templated":true}]}}