{"id":17816,"date":"2023-12-14T20:10:00","date_gmt":"2023-12-14T20:10:00","guid":{"rendered":"https:\/\/www.africa-press.net\/guinee-conakry\/politique\/un-avocat-assure-que-le-colonel-kalonzo-na-rien-a-voir-avec-les-evenements-du-28-septembre"},"modified":"2023-12-14T20:10:00","modified_gmt":"2023-12-14T20:10:00","slug":"un-avocat-assure-que-le-colonel-kalonzo-na-rien-a-voir-avec-les-evenements-du-28-septembre","status":"publish","type":"post","link":"https:\/\/www.africa-press.net\/guinee-conakry\/politique\/un-avocat-assure-que-le-colonel-kalonzo-na-rien-a-voir-avec-les-evenements-du-28-septembre","title":{"rendered":"Un avocat assure que \u2018\u2019le colonel Kalonzo n\u2019a rien \u00e0 voir avec les \u00e9v\u00e9nements du 28 septembre\u2019\u2019"},"content":{"rendered":"<p><span style=\"color: #ff6600\"><strong>Africa-Press &#8211; Guin\u00e9e. <\/strong><\/span><b>Lors de son interrogatoire devant le juge d\u2019instruction, Sory Conde\u0301, agent des services spe\u0301ciaux a parle\u0301 d<\/b><b>u colonel <\/b><b>Ibrahima Camara dit Kalonzo. L\u2019avocat de ce<\/b><b> dernier<\/b><b> estime qu\u2019il s\u2019agit d\u2019une mauvaise transcription des de\u0301clarations. <\/b><\/p>\n<p>Sory Conde\u0301, lieutenant-colonel aujourd\u2019hui et e\u0301le\u0301ment des services spe\u0301ciaux s\u2019est-il re\u0301tracte\u0301 concernant Ibrahima Camara alias Kalonzo ?<\/p>\n<p>Mai\u0302tre Lancey 3 Doumbouya affirme que \u2018\u2019c\u2019est l\u2019impression qui a e\u0301te\u0301 donne\u0301 dans cette affaire. En re\u0301alite\u0301, me\u0302me devant les magistrats instructeurs, le te\u0301moin capitaine Sory Conde\u0301 a\u0300 l\u2019e\u0301poque n\u2019a pas de\u0301clare\u0301 que Ibrahima Camara dit Kalonzo e\u0301tait au stade. Il ne l\u2019a jamais dit\u2019\u2019.<\/p>\n<p>L\u2019homme en robe noire tente de convaincre l\u2019opinion que \u2018\u2019la question qui lui avait e\u0301te\u0301 pose\u0301e e\u0301tait de savoir qui e\u0301tait leur chef d\u2019e\u0301quipe. Est-ce-que c\u2019e\u0301tait le chef d\u2019e\u0301quipe du jour ou d\u2019un autre moment ? Aucune pre\u0301cision n\u2019a e\u0301te\u0301 donne\u0301e\u2019\u2019.<\/p>\n<p>Me Doumbouya estime qu\u2019a\u0300 partir de la\u0300, \u2018\u2019on ne peut pas dire qu\u2019il a dit devant les magistrats instructeurs que Ibrahima Camara dit Kalonzo e\u0301tait le chef d\u2019e\u0301quipe le 28 septembre lors de la patrouille\u2019\u2019.<\/p>\n<p>\u2018\u2019Il l\u2019a confirme\u0301 a\u0300 la barre. D\u2019ailleurs, il dit que le nom Ibrahima Camara alias Kalonzo n\u2019a jamais e\u0301te\u0301 cite\u0301 par lui et qu\u2019il ne sait pas comment est-ce-que cela lui a e\u0301te\u0301 attribue\u0301\u2019\u2019.<\/p>\n<p>L\u2019avocat persiste et signe sur le fait qu\u2019en re\u0301alite\u0301, \u2018\u2019Ibrahima Camara alias Kalonzo n\u2019a rien a\u0300 voir avec les e\u0301ve\u0301nements du 28 septembre parce qu\u2019il n\u2019e\u0301tait me\u0302me pas en fonction\u2019\u2019.<\/p>\n<p>Avant de conclure que \u2018\u2019parfois, les transcriptions peuvent ne pas e\u0302tre fide\u0300lement transcrites. C\u0327a peut arriver, mais cela ne veut pas dire que ce sont des variations\u2019\u2019.<\/p>\n<p><b>Abdoulaye Bella DIALLO<\/b><\/p>\n<p><strong>Pour plus d&rsquo;informations et d&rsquo;analyses sur la <a href=\"https:\/\/www.africa-press.net\/guinee-conakry\">Guin\u00e9e<\/a>, suivez <a href=\"https:\/\/www.africa-press.net\/\">Africa-Press<\/a><\/strong><\/p>\n","protected":false},"excerpt":{"rendered":"<p>Africa-Press &#8211; Guin\u00e9e. Lors de son interrogatoire devant le juge d\u2019instruction, Sory Conde\u0301, agent des services spe\u0301ciaux a parle\u0301 du colonel Ibrahima Camara dit Kalonzo. L\u2019avocat de ce dernier estime qu\u2019il s\u2019agit d\u2019une mauvaise transcription des de\u0301clarations. Sory Conde\u0301, lieutenant-colonel aujourd\u2019hui et e\u0301le\u0301ment des services spe\u0301ciaux s\u2019est-il re\u0301tracte\u0301 concernant Ibrahima Camara alias Kalonzo ? Mai\u0302tre [&hellip;]<\/p>\n","protected":false},"author":82,"featured_media":17815,"comment_status":"open","ping_status":"closed","sticky":false,"template":"","format":"standard","meta":{"footnotes":""},"categories":[2,10],"tags":[36,57,58],"class_list":["post-17816","post","type-post","status-publish","format-standard","has-post-thumbnail","hentry","category-politique","category-toutes-les-actualites","tag-africa-press","tag-africa-press-guinee","tag-guinee"],"yoast_head":"<!-- This site is optimized with the Yoast SEO Premium plugin v26.1 (Yoast SEO v27.0) - https:\/\/yoast.com\/product\/yoast-seo-premium-wordpress\/ -->\n<title>Un avocat assure que \u2018\u2019le colonel Kalonzo n\u2019a rien \u00e0 voir avec les \u00e9v\u00e9nements du 28 septembre\u2019\u2019 - guinee Conakry<\/title>\n<meta name=\"robots\" content=\"index, follow, max-snippet:-1, max-image-preview:large, max-video-preview:-1\" \/>\n<link rel=\"canonical\" href=\"https:\/\/www.africa-press.net\/guinee-conakry\/politique\/un-avocat-assure-que-le-colonel-kalonzo-na-rien-a-voir-avec-les-evenements-du-28-septembre\" \/>\n<meta property=\"og:locale\" content=\"fr_FR\" \/>\n<meta property=\"og:type\" content=\"article\" \/>\n<meta property=\"og:title\" content=\"Un avocat assure que \u2018\u2019le colonel Kalonzo n\u2019a rien \u00e0 voir avec les \u00e9v\u00e9nements du 28 septembre\u2019\u2019\" \/>\n<meta property=\"og:description\" content=\"Africa-Press &#8211; Guin\u00e9e. Lors de son interrogatoire devant le juge d\u2019instruction, Sory Conde\u0301, agent des services spe\u0301ciaux a parle\u0301 du colonel Ibrahima Camara dit Kalonzo. L\u2019avocat de ce dernier estime qu\u2019il s\u2019agit d\u2019une mauvaise transcription des de\u0301clarations. Sory Conde\u0301, lieutenant-colonel aujourd\u2019hui et e\u0301le\u0301ment des services spe\u0301ciaux s\u2019est-il re\u0301tracte\u0301 concernant Ibrahima Camara alias Kalonzo ? Mai\u0302tre [&hellip;]\" \/>\n<meta property=\"og:url\" content=\"https:\/\/www.africa-press.net\/guinee-conakry\/politique\/un-avocat-assure-que-le-colonel-kalonzo-na-rien-a-voir-avec-les-evenements-du-28-septembre\" \/>\n<meta property=\"og:site_name\" content=\"guinee Conakry\" \/>\n<meta property=\"article:published_time\" content=\"2023-12-14T20:10:00+00:00\" \/>\n<meta name=\"author\" content=\"cfeditorfr\" \/>\n<meta name=\"twitter:card\" content=\"summary_large_image\" \/>\n<meta name=\"twitter:label1\" content=\"\u00c9crit par\" \/>\n\t<meta name=\"twitter:data1\" content=\"cfeditorfr\" \/>\n\t<meta name=\"twitter:label2\" content=\"Dur\u00e9e de lecture estim\u00e9e\" \/>\n\t<meta name=\"twitter:data2\" content=\"2 minutes\" \/>\n<script type=\"application\/ld+json\" class=\"yoast-schema-graph\">{\"@context\":\"https:\/\/schema.org\",\"@graph\":[{\"@type\":\"Article\",\"@id\":\"https:\/\/www.africa-press.net\/guinee-conakry\/politique\/un-avocat-assure-que-le-colonel-kalonzo-na-rien-a-voir-avec-les-evenements-du-28-septembre#article\",\"isPartOf\":{\"@id\":\"https:\/\/www.africa-press.net\/guinee-conakry\/politique\/un-avocat-assure-que-le-colonel-kalonzo-na-rien-a-voir-avec-les-evenements-du-28-septembre\"},\"author\":{\"name\":\"cfeditorfr\",\"@id\":\"https:\/\/www.africa-press.net\/guinee-conakry\/#\/schema\/person\/2b1cf3cd81a31e3cd26889ca66d677f1\"},\"headline\":\"Un avocat assure que \u2018\u2019le colonel Kalonzo n\u2019a rien \u00e0 voir avec les \u00e9v\u00e9nements du 28 septembre\u2019\u2019\",\"datePublished\":\"2023-12-14T20:10:00+00:00\",\"mainEntityOfPage\":{\"@id\":\"https:\/\/www.africa-press.net\/guinee-conakry\/politique\/un-avocat-assure-que-le-colonel-kalonzo-na-rien-a-voir-avec-les-evenements-du-28-septembre\"},\"wordCount\":363,\"commentCount\":0,\"image\":{\"@id\":\"https:\/\/www.africa-press.net\/guinee-conakry\/politique\/un-avocat-assure-que-le-colonel-kalonzo-na-rien-a-voir-avec-les-evenements-du-28-septembre#primaryimage\"},\"thumbnailUrl\":\"https:\/\/static.africa-press.net\/conakry\/sites\/63\/2023\/12\/Jokar1702572049.899938.jpg\",\"keywords\":[\"Africa Press\",\"Africa Press-Guin\u00e9e\",\"Guin\u00e9e\"],\"articleSection\":[\"Politique\",\"Toutes les actualit\u00e9s\"],\"inLanguage\":\"fr-FR\",\"potentialAction\":[{\"@type\":\"CommentAction\",\"name\":\"Comment\",\"target\":[\"https:\/\/www.africa-press.net\/guinee-conakry\/politique\/un-avocat-assure-que-le-colonel-kalonzo-na-rien-a-voir-avec-les-evenements-du-28-septembre#respond\"]}]},{\"@type\":\"WebPage\",\"@id\":\"https:\/\/www.africa-press.net\/guinee-conakry\/politique\/un-avocat-assure-que-le-colonel-kalonzo-na-rien-a-voir-avec-les-evenements-du-28-septembre\",\"url\":\"https:\/\/www.africa-press.net\/guinee-conakry\/politique\/un-avocat-assure-que-le-colonel-kalonzo-na-rien-a-voir-avec-les-evenements-du-28-septembre\",\"name\":\"Un avocat assure que \u2018\u2019le colonel Kalonzo n\u2019a rien \u00e0 voir avec les \u00e9v\u00e9nements du 28 septembre\u2019\u2019 - guinee Conakry\",\"isPartOf\":{\"@id\":\"https:\/\/www.africa-press.net\/guinee-conakry\/#website\"},\"primaryImageOfPage\":{\"@id\":\"https:\/\/www.africa-press.net\/guinee-conakry\/politique\/un-avocat-assure-que-le-colonel-kalonzo-na-rien-a-voir-avec-les-evenements-du-28-septembre#primaryimage\"},\"image\":{\"@id\":\"https:\/\/www.africa-press.net\/guinee-conakry\/politique\/un-avocat-assure-que-le-colonel-kalonzo-na-rien-a-voir-avec-les-evenements-du-28-septembre#primaryimage\"},\"thumbnailUrl\":\"https:\/\/static.africa-press.net\/conakry\/sites\/63\/2023\/12\/Jokar1702572049.899938.jpg\",\"datePublished\":\"2023-12-14T20:10:00+00:00\",\"author\":{\"@id\":\"https:\/\/www.africa-press.net\/guinee-conakry\/#\/schema\/person\/2b1cf3cd81a31e3cd26889ca66d677f1\"},\"breadcrumb\":{\"@id\":\"https:\/\/www.africa-press.net\/guinee-conakry\/politique\/un-avocat-assure-que-le-colonel-kalonzo-na-rien-a-voir-avec-les-evenements-du-28-septembre#breadcrumb\"},\"inLanguage\":\"fr-FR\",\"potentialAction\":[{\"@type\":\"ReadAction\",\"target\":[\"https:\/\/www.africa-press.net\/guinee-conakry\/politique\/un-avocat-assure-que-le-colonel-kalonzo-na-rien-a-voir-avec-les-evenements-du-28-septembre\"]}]},{\"@type\":\"ImageObject\",\"inLanguage\":\"fr-FR\",\"@id\":\"https:\/\/www.africa-press.net\/guinee-conakry\/politique\/un-avocat-assure-que-le-colonel-kalonzo-na-rien-a-voir-avec-les-evenements-du-28-septembre#primaryimage\",\"url\":\"https:\/\/static.africa-press.net\/conakry\/sites\/63\/2023\/12\/Jokar1702572049.899938.jpg\",\"contentUrl\":\"https:\/\/static.africa-press.net\/conakry\/sites\/63\/2023\/12\/Jokar1702572049.899938.jpg\",\"width\":1024,\"height\":683,\"caption\":\"Un avocat assure que \u2018\u2019le colonel Kalonzo n\u2019a rien \u00e0 voir avec les \u00e9v\u00e9nements du 28 septembre\u2019\u2019\"},{\"@type\":\"BreadcrumbList\",\"@id\":\"https:\/\/www.africa-press.net\/guinee-conakry\/politique\/un-avocat-assure-que-le-colonel-kalonzo-na-rien-a-voir-avec-les-evenements-du-28-septembre#breadcrumb\",\"itemListElement\":[{\"@type\":\"ListItem\",\"position\":1,\"name\":\"Accueil\",\"item\":\"https:\/\/www.africa-press.net\/guinee-conakry\/\"},{\"@type\":\"ListItem\",\"position\":2,\"name\":\"Un avocat assure que \u2018\u2019le colonel Kalonzo n\u2019a rien \u00e0 voir avec les \u00e9v\u00e9nements du 28 septembre\u2019\u2019\"}]},{\"@type\":\"WebSite\",\"@id\":\"https:\/\/www.africa-press.net\/guinee-conakry\/#website\",\"url\":\"https:\/\/www.africa-press.net\/guinee-conakry\/\",\"name\":\"guinee Conakry\",\"description\":\"Just another Africa News Agency Sites site\",\"potentialAction\":[{\"@type\":\"SearchAction\",\"target\":{\"@type\":\"EntryPoint\",\"urlTemplate\":\"https:\/\/www.africa-press.net\/guinee-conakry\/?s={search_term_string}\"},\"query-input\":{\"@type\":\"PropertyValueSpecification\",\"valueRequired\":true,\"valueName\":\"search_term_string\"}}],\"inLanguage\":\"fr-FR\"},{\"@type\":\"Person\",\"@id\":\"https:\/\/www.africa-press.net\/guinee-conakry\/#\/schema\/person\/2b1cf3cd81a31e3cd26889ca66d677f1\",\"name\":\"cfeditorfr\"}]}<\/script>\n<!-- \/ Yoast SEO Premium plugin. -->","yoast_head_json":{"title":"Un avocat assure que \u2018\u2019le colonel Kalonzo n\u2019a rien \u00e0 voir avec les \u00e9v\u00e9nements du 28 septembre\u2019\u2019 - guinee Conakry","robots":{"index":"index","follow":"follow","max-snippet":"max-snippet:-1","max-image-preview":"max-image-preview:large","max-video-preview":"max-video-preview:-1"},"canonical":"https:\/\/www.africa-press.net\/guinee-conakry\/politique\/un-avocat-assure-que-le-colonel-kalonzo-na-rien-a-voir-avec-les-evenements-du-28-septembre","og_locale":"fr_FR","og_type":"article","og_title":"Un avocat assure que \u2018\u2019le colonel Kalonzo n\u2019a rien \u00e0 voir avec les \u00e9v\u00e9nements du 28 septembre\u2019\u2019","og_description":"Africa-Press &#8211; Guin\u00e9e. Lors de son interrogatoire devant le juge d\u2019instruction, Sory Conde\u0301, agent des services spe\u0301ciaux a parle\u0301 du colonel Ibrahima Camara dit Kalonzo. L\u2019avocat de ce dernier estime qu\u2019il s\u2019agit d\u2019une mauvaise transcription des de\u0301clarations. Sory Conde\u0301, lieutenant-colonel aujourd\u2019hui et e\u0301le\u0301ment des services spe\u0301ciaux s\u2019est-il re\u0301tracte\u0301 concernant Ibrahima Camara alias Kalonzo ? Mai\u0302tre [&hellip;]","og_url":"https:\/\/www.africa-press.net\/guinee-conakry\/politique\/un-avocat-assure-que-le-colonel-kalonzo-na-rien-a-voir-avec-les-evenements-du-28-septembre","og_site_name":"guinee Conakry","article_published_time":"2023-12-14T20:10:00+00:00","author":"cfeditorfr","twitter_card":"summary_large_image","twitter_misc":{"\u00c9crit par":"cfeditorfr","Dur\u00e9e de lecture estim\u00e9e":"2 minutes"},"schema":{"@context":"https:\/\/schema.org","@graph":[{"@type":"Article","@id":"https:\/\/www.africa-press.net\/guinee-conakry\/politique\/un-avocat-assure-que-le-colonel-kalonzo-na-rien-a-voir-avec-les-evenements-du-28-septembre#article","isPartOf":{"@id":"https:\/\/www.africa-press.net\/guinee-conakry\/politique\/un-avocat-assure-que-le-colonel-kalonzo-na-rien-a-voir-avec-les-evenements-du-28-septembre"},"author":{"name":"cfeditorfr","@id":"https:\/\/www.africa-press.net\/guinee-conakry\/#\/schema\/person\/2b1cf3cd81a31e3cd26889ca66d677f1"},"headline":"Un avocat assure que \u2018\u2019le colonel Kalonzo n\u2019a rien \u00e0 voir avec les \u00e9v\u00e9nements du 28 septembre\u2019\u2019","datePublished":"2023-12-14T20:10:00+00:00","mainEntityOfPage":{"@id":"https:\/\/www.africa-press.net\/guinee-conakry\/politique\/un-avocat-assure-que-le-colonel-kalonzo-na-rien-a-voir-avec-les-evenements-du-28-septembre"},"wordCount":363,"commentCount":0,"image":{"@id":"https:\/\/www.africa-press.net\/guinee-conakry\/politique\/un-avocat-assure-que-le-colonel-kalonzo-na-rien-a-voir-avec-les-evenements-du-28-septembre#primaryimage"},"thumbnailUrl":"https:\/\/static.africa-press.net\/conakry\/sites\/63\/2023\/12\/Jokar1702572049.899938.jpg","keywords":["Africa Press","Africa Press-Guin\u00e9e","Guin\u00e9e"],"articleSection":["Politique","Toutes les actualit\u00e9s"],"inLanguage":"fr-FR","potentialAction":[{"@type":"CommentAction","name":"Comment","target":["https:\/\/www.africa-press.net\/guinee-conakry\/politique\/un-avocat-assure-que-le-colonel-kalonzo-na-rien-a-voir-avec-les-evenements-du-28-septembre#respond"]}]},{"@type":"WebPage","@id":"https:\/\/www.africa-press.net\/guinee-conakry\/politique\/un-avocat-assure-que-le-colonel-kalonzo-na-rien-a-voir-avec-les-evenements-du-28-septembre","url":"https:\/\/www.africa-press.net\/guinee-conakry\/politique\/un-avocat-assure-que-le-colonel-kalonzo-na-rien-a-voir-avec-les-evenements-du-28-septembre","name":"Un avocat assure que \u2018\u2019le colonel Kalonzo n\u2019a rien \u00e0 voir avec les \u00e9v\u00e9nements du 28 septembre\u2019\u2019 - guinee Conakry","isPartOf":{"@id":"https:\/\/www.africa-press.net\/guinee-conakry\/#website"},"primaryImageOfPage":{"@id":"https:\/\/www.africa-press.net\/guinee-conakry\/politique\/un-avocat-assure-que-le-colonel-kalonzo-na-rien-a-voir-avec-les-evenements-du-28-septembre#primaryimage"},"image":{"@id":"https:\/\/www.africa-press.net\/guinee-conakry\/politique\/un-avocat-assure-que-le-colonel-kalonzo-na-rien-a-voir-avec-les-evenements-du-28-septembre#primaryimage"},"thumbnailUrl":"https:\/\/static.africa-press.net\/conakry\/sites\/63\/2023\/12\/Jokar1702572049.899938.jpg","datePublished":"2023-12-14T20:10:00+00:00","author":{"@id":"https:\/\/www.africa-press.net\/guinee-conakry\/#\/schema\/person\/2b1cf3cd81a31e3cd26889ca66d677f1"},"breadcrumb":{"@id":"https:\/\/www.africa-press.net\/guinee-conakry\/politique\/un-avocat-assure-que-le-colonel-kalonzo-na-rien-a-voir-avec-les-evenements-du-28-septembre#breadcrumb"},"inLanguage":"fr-FR","potentialAction":[{"@type":"ReadAction","target":["https:\/\/www.africa-press.net\/guinee-conakry\/politique\/un-avocat-assure-que-le-colonel-kalonzo-na-rien-a-voir-avec-les-evenements-du-28-septembre"]}]},{"@type":"ImageObject","inLanguage":"fr-FR","@id":"https:\/\/www.africa-press.net\/guinee-conakry\/politique\/un-avocat-assure-que-le-colonel-kalonzo-na-rien-a-voir-avec-les-evenements-du-28-septembre#primaryimage","url":"https:\/\/static.africa-press.net\/conakry\/sites\/63\/2023\/12\/Jokar1702572049.899938.jpg","contentUrl":"https:\/\/static.africa-press.net\/conakry\/sites\/63\/2023\/12\/Jokar1702572049.899938.jpg","width":1024,"height":683,"caption":"Un avocat assure que \u2018\u2019le colonel Kalonzo n\u2019a rien \u00e0 voir avec les \u00e9v\u00e9nements du 28 septembre\u2019\u2019"},{"@type":"BreadcrumbList","@id":"https:\/\/www.africa-press.net\/guinee-conakry\/politique\/un-avocat-assure-que-le-colonel-kalonzo-na-rien-a-voir-avec-les-evenements-du-28-septembre#breadcrumb","itemListElement":[{"@type":"ListItem","position":1,"name":"Accueil","item":"https:\/\/www.africa-press.net\/guinee-conakry\/"},{"@type":"ListItem","position":2,"name":"Un avocat assure que \u2018\u2019le colonel Kalonzo n\u2019a rien \u00e0 voir avec les \u00e9v\u00e9nements du 28 septembre\u2019\u2019"}]},{"@type":"WebSite","@id":"https:\/\/www.africa-press.net\/guinee-conakry\/#website","url":"https:\/\/www.africa-press.net\/guinee-conakry\/","name":"guinee Conakry","description":"Just another Africa News Agency Sites site","potentialAction":[{"@type":"SearchAction","target":{"@type":"EntryPoint","urlTemplate":"https:\/\/www.africa-press.net\/guinee-conakry\/?s={search_term_string}"},"query-input":{"@type":"PropertyValueSpecification","valueRequired":true,"valueName":"search_term_string"}}],"inLanguage":"fr-FR"},{"@type":"Person","@id":"https:\/\/www.africa-press.net\/guinee-conakry\/#\/schema\/person\/2b1cf3cd81a31e3cd26889ca66d677f1","name":"cfeditorfr"}]}},"_links":{"self":[{"href":"https:\/\/www.africa-press.net\/guinee-conakry\/wp-json\/wp\/v2\/posts\/17816","targetHints":{"allow":["GET"]}}],"collection":[{"href":"https:\/\/www.africa-press.net\/guinee-conakry\/wp-json\/wp\/v2\/posts"}],"about":[{"href":"https:\/\/www.africa-press.net\/guinee-conakry\/wp-json\/wp\/v2\/types\/post"}],"author":[{"embeddable":true,"href":"https:\/\/www.africa-press.net\/guinee-conakry\/wp-json\/wp\/v2\/users\/82"}],"replies":[{"embeddable":true,"href":"https:\/\/www.africa-press.net\/guinee-conakry\/wp-json\/wp\/v2\/comments?post=17816"}],"version-history":[{"count":0,"href":"https:\/\/www.africa-press.net\/guinee-conakry\/wp-json\/wp\/v2\/posts\/17816\/revisions"}],"wp:featuredmedia":[{"embeddable":true,"href":"https:\/\/www.africa-press.net\/guinee-conakry\/wp-json\/wp\/v2\/media\/17815"}],"wp:attachment":[{"href":"https:\/\/www.africa-press.net\/guinee-conakry\/wp-json\/wp\/v2\/media?parent=17816"}],"wp:term":[{"taxonomy":"category","embeddable":true,"href":"https:\/\/www.africa-press.net\/guinee-conakry\/wp-json\/wp\/v2\/categories?post=17816"},{"taxonomy":"post_tag","embeddable":true,"href":"https:\/\/www.africa-press.net\/guinee-conakry\/wp-json\/wp\/v2\/tags?post=17816"}],"curies":[{"name":"wp","href":"https:\/\/api.w.org\/{rel}","templated":true}]}}