{"id":17818,"date":"2023-12-14T20:11:00","date_gmt":"2023-12-14T20:11:00","guid":{"rendered":"https:\/\/www.africa-press.net\/guinee-conakry\/politique\/la-ministre-rose-pola-pricemou-lance-les-travaux-de-la-revue-annuelle-2023-des-termes-de-references-avec-lunicef"},"modified":"2023-12-14T20:11:00","modified_gmt":"2023-12-14T20:11:00","slug":"la-ministre-rose-pola-pricemou-lance-les-travaux-de-la-revue-annuelle-2023-des-termes-de-references-avec-lunicef","status":"publish","type":"post","link":"https:\/\/www.africa-press.net\/guinee-conakry\/economie\/la-ministre-rose-pola-pricemou-lance-les-travaux-de-la-revue-annuelle-2023-des-termes-de-references-avec-lunicef","title":{"rendered":"La ministre Rose Pola Pricemou lance les travaux de la revue annuelle 2023 des termes de r\u00e9f\u00e9rences avec l\u2019UNICEF"},"content":{"rendered":"<p><span style=\"color: #ff6600\"><strong>Africa-Press &#8211; Guin\u00e9e. <\/strong><\/span><b>Approuve\u0301 par le Conseil d\u2019administration de l\u2019UNICEF en septembre 2017, le programme de coope\u0301ration avec le gouvernement guine\u0301en s\u2019aligne sur les priorite\u0301s du Plan national de de\u0301veloppement e\u0301conomique et social (PNDES) et e\u0301mane du Plan-cadre des Nations Unies pour l\u2019aide au de\u0301veloppement (PNUAD 2018-2022). Ce jeudi 14 de\u0301cembre, lors du lancement d\u2019un atelier de deux jours sur la revue des termes de re\u0301fe\u0301rences, la ministre du Plan et de la coope\u0301ration a indique\u0301 que l\u2019objectif ge\u0301ne\u0301ral vise a\u0300 appuyer les efforts du gouvernement a\u0300 e\u0301liminer les principaux goulots e\u0301tranglements qui font obstacle a\u0300 la re\u0301alisation des droits de l\u2019enfant en Guine\u0301e. <\/b><\/p>\n<p>Au cours de cette anne\u0301e 2023, un nouveau programme de coope\u0301ration a e\u0301te\u0301 e\u0301labore\u0301 a\u0300 travers une approche programmatique ascendante et largement participative. L\u2019objectif principal de la revue annuelle 2023 est d\u2019examiner les progre\u0300s accomplis vers l\u2019atteinte des re\u0301sultats a\u0300 la fin de la dernie\u0300re anne\u0301e de mise en \u0153uvre du programme 2018-2023, tirer les lec\u0327ons majeures de mise en \u0153uvre du programme finissant et de pre\u0301parer les plans du travail pour l\u2019anne\u0301e 2024. Il sera e\u0301galement question de capitaliser sur les changements positifs apporte\u0301s au contexte de la programmation et d\u2019examiner la performance du programme.<\/p>\n<p>Plus spe\u0301cifiquement, la revue annuelle vise entre autres a\u0300 faire le point sur les changements intervenus dans la situation des enfants et des femmes, appre\u0301cier les programmes accomplis dans la re\u0301alisation des re\u0301sultats tels qu\u2019ils ont e\u0301te\u0301 de\u0301finis dans les plans de travail pour l\u2019anne\u0301e 2023 et documenter les enseignements tire\u0301s, analyser les indicateurs et leurs cibles, les renseigner et examiner les implications qui en de\u0301coulent, analyser les performances programmatiques par composante, examiner les barrie\u0300res, obstacles et de\u0301fis rencontre\u0301s, de\u0301terminer les priorite\u0301s du plan du travail 2024 et la cible annuelle sur la base des documents programmatiques du nouveau programme 2024-2028 et examiner la question de disponibilite\u0301 des donne\u0301es fiables et de\u0301sagre\u0301ge\u0301es.<\/p>\n<p>Pour le repre\u0301sentant de l\u2019UNICEF en Guine\u0301e, cette rencontre permettra d\u2019e\u0301changer sur la fin du cycle programmatique couvrant la pe\u0301riode 2018-2023 et entamer une conversation relative au nouveau cycle de programme de coope\u0301ration 2024-2028.<\/p>\n<p>En effet, souligne Fe\u0301lix Ke\u0301bo, \u2018\u2019les revues offrent une occasion privile\u0301gie\u0301e d\u2019e\u0301valuer le chemin parcouru, de faire le bilan des succe\u0300s tout en abordant de manie\u0300re approfondie et objective les mesures correctrices ne\u0301cessaire pour surmonter les obstacles persistants qui entravent la re\u0301alisation des droits des enfants, ou\u0300 tous les enfants ont la possibilite\u0301 de re\u0301aliser pleinement leur potentiel\u2019\u2019.<\/p>\n<p>Le programme 2024-2028 offre une opportunite\u0301 a\u0300 la Guine\u0301e de continuer collaboration avec l\u2019UNICEF et de relever les de\u0301fis qui deviennent de plus en plus contraignants. Pour le prochain programme de coope\u0301ration, le Fonds des Nations Unies pour l\u2019enfance s\u2019engage a\u0300 soutenir le gouvernement guine\u0301en pour le renforcement des syste\u0300mes de sante\u0301 incluant une couverture vaccinale acceptable, la promotion d\u2019une e\u0301ducation et des apprentissages de qualite\u0301, l\u2019acce\u0300s aux services sociaux de base, la lutte contre la violence et l\u2019exploitation des enfants, la promotion de l\u2019acce\u0300s a\u0300 l\u2019eau potable, a\u0300 l\u2019hygie\u0300ne et l\u2019assainissement, la lutte contre la violence et l\u2019exploitation des enfants et la promotion de l\u2019e\u0301galite\u0301 de genre. Un point d\u2019attention particulie\u0300re sera accorde\u0301 a\u0300 la jeune fille tout au long de son cycle de vie.<\/p>\n<p>Pour la ministre du Plan et de la coope\u0301ration internationale, cette rencontre se tient a\u0300 une phase cruciale du de\u0301veloppement e\u0301conomique de la Guine\u0301e ou\u0300 le maitre mot est l\u2019efficacite\u0301 et l\u2019efficiente pro\u0302ne\u0301es par le gouvernement de la transition.<\/p>\n<p>Rose Pola Pricemou souligne qu\u2019en organisant cette revue, l\u2019occasion propice est offerte aux participants de reprendre conscience des de\u0301fis propres aux enfants et aux adolescents de la Guine\u0301e en vue d\u2019envisager des solutions durables a\u0300 y apporter. \u2018\u2019Cette pratique devenue une tradition vise a\u0300 capitaliser sur les changements positifs apporte\u0301s au contexte de la programmation et a\u0300 examiner la performance du programme en cours et au finissant. Pendant ces deux jours, l\u2019accent sera mis sur le renforcement des e\u0301changes intersectoriels, sur les analyses des goulots persistants et sur les priorite\u0301s sectorielles e\u0301mergentes, tout en privile\u0301giant les synergies entre ministe\u0300res\u2019\u2019, indique-t-il.<\/p>\n<p>Cette revue annuelle fait suite a\u0300 des revues re\u0301gionales fructueuses tenues alternativement dans les re\u0301gions de Boke\u0301, Faranah, Labe\u0301 et Nze\u0301re\u0301kore\u0301. Elle soutient que des acquis concrets ont e\u0301merge\u0301 notamment la consolidation de l\u2019ensemble des composantes, la pre\u0301paration des versions pre\u0301liminaires des plans pluriannuels de travail 2024-2025 et l\u2019excellente opportunite\u0301 des activite\u0301s re\u0301gionales sur le terrain par les cadres et agents publics (&#8230;). Des enseignements tire\u0301s ainsi des lec\u0327ons apprises et les conclusions et recommandations de cette revue 2023 seront cruciaux pour la bonne planification et l\u2019exe\u0301cution du prochain plan de travail 2024-2025.<\/p>\n<p>\u2018\u2019Au cours de cette dernie\u0300re anne\u0301e de mise en \u0153uvre, un nouveau programme de coope\u0301ration anime\u0301 de Programme de re\u0301fe\u0301rence inte\u0301rimaire 2022-2025 ainsi qu\u2019un cadre de la Coope\u0301ration des nations pour le de\u0301veloppement durable a e\u0301te\u0301 e\u0301labore\u0301 a\u0300 travers une approche programmatique, la priorite\u0301 des intervention, la de\u0301finition des voies de changement au niveau des re\u0301sultats avec une articulation avec des ressources\u2019\u2019, pre\u0301cise la ministre Pricemou.<\/p>\n<p>La revue en cours permettra de revisiter certains aspects programmatiques et d\u2019apporter des re\u0301ajustements requis en vue d\u2019acce\u0301le\u0301rer l\u2019atteinte des re\u0301sultats escompte\u0301s dans le prochain cadre de coope\u0301ration. C\u2019est pourquoi, Rose Pola Pricemou exhorte l\u2019ensemble des participants a\u0300 prendre part activement aux travaux de cette revue dont les conclusions devraient e\u0302tre inte\u0301gre\u0301es dans les nouveaux plans de travail pour 2024 et 2025.<\/p>\n<p><b>Boussouriou Doumba<\/b><\/p>\n<p><strong>Pour plus d&rsquo;informations et d&rsquo;analyses sur la <a href=\"https:\/\/www.africa-press.net\/guinee-conakry\">Guin\u00e9e<\/a>, suivez <a href=\"https:\/\/www.africa-press.net\/\">Africa-Press<\/a><\/strong><\/p>\n","protected":false},"excerpt":{"rendered":"<p>Africa-Press &#8211; Guin\u00e9e. Approuve\u0301 par le Conseil d\u2019administration de l\u2019UNICEF en septembre 2017, le programme de coope\u0301ration avec le gouvernement guine\u0301en s\u2019aligne sur les priorite\u0301s du Plan national de de\u0301veloppement e\u0301conomique et social (PNDES) et e\u0301mane du Plan-cadre des Nations Unies pour l\u2019aide au de\u0301veloppement (PNUAD 2018-2022). Ce jeudi 14 de\u0301cembre, lors du lancement d\u2019un [&hellip;]<\/p>\n","protected":false},"author":82,"featured_media":17817,"comment_status":"open","ping_status":"closed","sticky":false,"template":"","format":"standard","meta":{"footnotes":""},"categories":[3,10],"tags":[36,57,58],"class_list":["post-17818","post","type-post","status-publish","format-standard","has-post-thumbnail","hentry","category-economie","category-toutes-les-actualites","tag-africa-press","tag-africa-press-guinee","tag-guinee"],"yoast_head":"<!-- This site is optimized with the Yoast SEO Premium plugin v26.1 (Yoast SEO v27.0) - https:\/\/yoast.com\/product\/yoast-seo-premium-wordpress\/ -->\n<title>La ministre Rose Pola Pricemou lance les travaux de la revue annuelle 2023 des termes de r\u00e9f\u00e9rences avec l\u2019UNICEF - guinee Conakry<\/title>\n<meta name=\"robots\" content=\"index, follow, max-snippet:-1, max-image-preview:large, max-video-preview:-1\" \/>\n<link rel=\"canonical\" href=\"https:\/\/www.africa-press.net\/guinee-conakry\/politique\/la-ministre-rose-pola-pricemou-lance-les-travaux-de-la-revue-annuelle-2023-des-termes-de-references-avec-lunicef\" \/>\n<meta property=\"og:locale\" content=\"fr_FR\" \/>\n<meta property=\"og:type\" content=\"article\" \/>\n<meta property=\"og:title\" content=\"La ministre Rose Pola Pricemou lance les travaux de la revue annuelle 2023 des termes de r\u00e9f\u00e9rences avec l\u2019UNICEF\" \/>\n<meta property=\"og:description\" content=\"Africa-Press &#8211; Guin\u00e9e. Approuve\u0301 par le Conseil d\u2019administration de l\u2019UNICEF en septembre 2017, le programme de coope\u0301ration avec le gouvernement guine\u0301en s\u2019aligne sur les priorite\u0301s du Plan national de de\u0301veloppement e\u0301conomique et social (PNDES) et e\u0301mane du Plan-cadre des Nations Unies pour l\u2019aide au de\u0301veloppement (PNUAD 2018-2022). Ce jeudi 14 de\u0301cembre, lors du lancement d\u2019un [&hellip;]\" \/>\n<meta property=\"og:url\" content=\"https:\/\/www.africa-press.net\/guinee-conakry\/politique\/la-ministre-rose-pola-pricemou-lance-les-travaux-de-la-revue-annuelle-2023-des-termes-de-references-avec-lunicef\" \/>\n<meta property=\"og:site_name\" content=\"guinee Conakry\" \/>\n<meta property=\"article:published_time\" content=\"2023-12-14T20:11:00+00:00\" \/>\n<meta name=\"author\" content=\"cfeditorfr\" \/>\n<meta name=\"twitter:card\" content=\"summary_large_image\" \/>\n<meta name=\"twitter:label1\" content=\"\u00c9crit par\" \/>\n\t<meta name=\"twitter:data1\" content=\"cfeditorfr\" \/>\n\t<meta name=\"twitter:label2\" content=\"Dur\u00e9e de lecture estim\u00e9e\" \/>\n\t<meta name=\"twitter:data2\" content=\"5 minutes\" \/>\n<script type=\"application\/ld+json\" class=\"yoast-schema-graph\">{\"@context\":\"https:\/\/schema.org\",\"@graph\":[{\"@type\":\"Article\",\"@id\":\"https:\/\/www.africa-press.net\/guinee-conakry\/politique\/la-ministre-rose-pola-pricemou-lance-les-travaux-de-la-revue-annuelle-2023-des-termes-de-references-avec-lunicef#article\",\"isPartOf\":{\"@id\":\"https:\/\/www.africa-press.net\/guinee-conakry\/politique\/la-ministre-rose-pola-pricemou-lance-les-travaux-de-la-revue-annuelle-2023-des-termes-de-references-avec-lunicef\"},\"author\":{\"name\":\"cfeditorfr\",\"@id\":\"https:\/\/www.africa-press.net\/guinee-conakry\/#\/schema\/person\/2b1cf3cd81a31e3cd26889ca66d677f1\"},\"headline\":\"La ministre Rose Pola Pricemou lance les travaux de la revue annuelle 2023 des termes de r\u00e9f\u00e9rences avec l\u2019UNICEF\",\"datePublished\":\"2023-12-14T20:11:00+00:00\",\"mainEntityOfPage\":{\"@id\":\"https:\/\/www.africa-press.net\/guinee-conakry\/politique\/la-ministre-rose-pola-pricemou-lance-les-travaux-de-la-revue-annuelle-2023-des-termes-de-references-avec-lunicef\"},\"wordCount\":1083,\"commentCount\":0,\"image\":{\"@id\":\"https:\/\/www.africa-press.net\/guinee-conakry\/politique\/la-ministre-rose-pola-pricemou-lance-les-travaux-de-la-revue-annuelle-2023-des-termes-de-references-avec-lunicef#primaryimage\"},\"thumbnailUrl\":\"https:\/\/static.africa-press.net\/conakry\/sites\/63\/2023\/12\/Jokar1702572098.737206.jpg\",\"keywords\":[\"Africa Press\",\"Africa Press-Guin\u00e9e\",\"Guin\u00e9e\"],\"articleSection\":[\"\u00c9conomie\",\"Toutes les actualit\u00e9s\"],\"inLanguage\":\"fr-FR\",\"potentialAction\":[{\"@type\":\"CommentAction\",\"name\":\"Comment\",\"target\":[\"https:\/\/www.africa-press.net\/guinee-conakry\/politique\/la-ministre-rose-pola-pricemou-lance-les-travaux-de-la-revue-annuelle-2023-des-termes-de-references-avec-lunicef#respond\"]}]},{\"@type\":\"WebPage\",\"@id\":\"https:\/\/www.africa-press.net\/guinee-conakry\/politique\/la-ministre-rose-pola-pricemou-lance-les-travaux-de-la-revue-annuelle-2023-des-termes-de-references-avec-lunicef\",\"url\":\"https:\/\/www.africa-press.net\/guinee-conakry\/politique\/la-ministre-rose-pola-pricemou-lance-les-travaux-de-la-revue-annuelle-2023-des-termes-de-references-avec-lunicef\",\"name\":\"La ministre Rose Pola Pricemou lance les travaux de la revue annuelle 2023 des termes de r\u00e9f\u00e9rences avec l\u2019UNICEF - guinee Conakry\",\"isPartOf\":{\"@id\":\"https:\/\/www.africa-press.net\/guinee-conakry\/#website\"},\"primaryImageOfPage\":{\"@id\":\"https:\/\/www.africa-press.net\/guinee-conakry\/politique\/la-ministre-rose-pola-pricemou-lance-les-travaux-de-la-revue-annuelle-2023-des-termes-de-references-avec-lunicef#primaryimage\"},\"image\":{\"@id\":\"https:\/\/www.africa-press.net\/guinee-conakry\/politique\/la-ministre-rose-pola-pricemou-lance-les-travaux-de-la-revue-annuelle-2023-des-termes-de-references-avec-lunicef#primaryimage\"},\"thumbnailUrl\":\"https:\/\/static.africa-press.net\/conakry\/sites\/63\/2023\/12\/Jokar1702572098.737206.jpg\",\"datePublished\":\"2023-12-14T20:11:00+00:00\",\"author\":{\"@id\":\"https:\/\/www.africa-press.net\/guinee-conakry\/#\/schema\/person\/2b1cf3cd81a31e3cd26889ca66d677f1\"},\"breadcrumb\":{\"@id\":\"https:\/\/www.africa-press.net\/guinee-conakry\/politique\/la-ministre-rose-pola-pricemou-lance-les-travaux-de-la-revue-annuelle-2023-des-termes-de-references-avec-lunicef#breadcrumb\"},\"inLanguage\":\"fr-FR\",\"potentialAction\":[{\"@type\":\"ReadAction\",\"target\":[\"https:\/\/www.africa-press.net\/guinee-conakry\/politique\/la-ministre-rose-pola-pricemou-lance-les-travaux-de-la-revue-annuelle-2023-des-termes-de-references-avec-lunicef\"]}]},{\"@type\":\"ImageObject\",\"inLanguage\":\"fr-FR\",\"@id\":\"https:\/\/www.africa-press.net\/guinee-conakry\/politique\/la-ministre-rose-pola-pricemou-lance-les-travaux-de-la-revue-annuelle-2023-des-termes-de-references-avec-lunicef#primaryimage\",\"url\":\"https:\/\/static.africa-press.net\/conakry\/sites\/63\/2023\/12\/Jokar1702572098.737206.jpg\",\"contentUrl\":\"https:\/\/static.africa-press.net\/conakry\/sites\/63\/2023\/12\/Jokar1702572098.737206.jpg\",\"width\":1024,\"height\":576,\"caption\":\"La ministre Rose Pola Pricemou lance les travaux de la revue annuelle 2023 des termes de r\u00e9f\u00e9rences avec l\u2019UNICEF\"},{\"@type\":\"BreadcrumbList\",\"@id\":\"https:\/\/www.africa-press.net\/guinee-conakry\/politique\/la-ministre-rose-pola-pricemou-lance-les-travaux-de-la-revue-annuelle-2023-des-termes-de-references-avec-lunicef#breadcrumb\",\"itemListElement\":[{\"@type\":\"ListItem\",\"position\":1,\"name\":\"Accueil\",\"item\":\"https:\/\/www.africa-press.net\/guinee-conakry\/\"},{\"@type\":\"ListItem\",\"position\":2,\"name\":\"La ministre Rose Pola Pricemou lance les travaux de la revue annuelle 2023 des termes de r\u00e9f\u00e9rences avec l\u2019UNICEF\"}]},{\"@type\":\"WebSite\",\"@id\":\"https:\/\/www.africa-press.net\/guinee-conakry\/#website\",\"url\":\"https:\/\/www.africa-press.net\/guinee-conakry\/\",\"name\":\"guinee Conakry\",\"description\":\"Just another Africa News Agency Sites site\",\"potentialAction\":[{\"@type\":\"SearchAction\",\"target\":{\"@type\":\"EntryPoint\",\"urlTemplate\":\"https:\/\/www.africa-press.net\/guinee-conakry\/?s={search_term_string}\"},\"query-input\":{\"@type\":\"PropertyValueSpecification\",\"valueRequired\":true,\"valueName\":\"search_term_string\"}}],\"inLanguage\":\"fr-FR\"},{\"@type\":\"Person\",\"@id\":\"https:\/\/www.africa-press.net\/guinee-conakry\/#\/schema\/person\/2b1cf3cd81a31e3cd26889ca66d677f1\",\"name\":\"cfeditorfr\"}]}<\/script>\n<!-- \/ Yoast SEO Premium plugin. -->","yoast_head_json":{"title":"La ministre Rose Pola Pricemou lance les travaux de la revue annuelle 2023 des termes de r\u00e9f\u00e9rences avec l\u2019UNICEF - guinee Conakry","robots":{"index":"index","follow":"follow","max-snippet":"max-snippet:-1","max-image-preview":"max-image-preview:large","max-video-preview":"max-video-preview:-1"},"canonical":"https:\/\/www.africa-press.net\/guinee-conakry\/politique\/la-ministre-rose-pola-pricemou-lance-les-travaux-de-la-revue-annuelle-2023-des-termes-de-references-avec-lunicef","og_locale":"fr_FR","og_type":"article","og_title":"La ministre Rose Pola Pricemou lance les travaux de la revue annuelle 2023 des termes de r\u00e9f\u00e9rences avec l\u2019UNICEF","og_description":"Africa-Press &#8211; Guin\u00e9e. Approuve\u0301 par le Conseil d\u2019administration de l\u2019UNICEF en septembre 2017, le programme de coope\u0301ration avec le gouvernement guine\u0301en s\u2019aligne sur les priorite\u0301s du Plan national de de\u0301veloppement e\u0301conomique et social (PNDES) et e\u0301mane du Plan-cadre des Nations Unies pour l\u2019aide au de\u0301veloppement (PNUAD 2018-2022). Ce jeudi 14 de\u0301cembre, lors du lancement d\u2019un [&hellip;]","og_url":"https:\/\/www.africa-press.net\/guinee-conakry\/politique\/la-ministre-rose-pola-pricemou-lance-les-travaux-de-la-revue-annuelle-2023-des-termes-de-references-avec-lunicef","og_site_name":"guinee Conakry","article_published_time":"2023-12-14T20:11:00+00:00","author":"cfeditorfr","twitter_card":"summary_large_image","twitter_misc":{"\u00c9crit par":"cfeditorfr","Dur\u00e9e de lecture estim\u00e9e":"5 minutes"},"schema":{"@context":"https:\/\/schema.org","@graph":[{"@type":"Article","@id":"https:\/\/www.africa-press.net\/guinee-conakry\/politique\/la-ministre-rose-pola-pricemou-lance-les-travaux-de-la-revue-annuelle-2023-des-termes-de-references-avec-lunicef#article","isPartOf":{"@id":"https:\/\/www.africa-press.net\/guinee-conakry\/politique\/la-ministre-rose-pola-pricemou-lance-les-travaux-de-la-revue-annuelle-2023-des-termes-de-references-avec-lunicef"},"author":{"name":"cfeditorfr","@id":"https:\/\/www.africa-press.net\/guinee-conakry\/#\/schema\/person\/2b1cf3cd81a31e3cd26889ca66d677f1"},"headline":"La ministre Rose Pola Pricemou lance les travaux de la revue annuelle 2023 des termes de r\u00e9f\u00e9rences avec l\u2019UNICEF","datePublished":"2023-12-14T20:11:00+00:00","mainEntityOfPage":{"@id":"https:\/\/www.africa-press.net\/guinee-conakry\/politique\/la-ministre-rose-pola-pricemou-lance-les-travaux-de-la-revue-annuelle-2023-des-termes-de-references-avec-lunicef"},"wordCount":1083,"commentCount":0,"image":{"@id":"https:\/\/www.africa-press.net\/guinee-conakry\/politique\/la-ministre-rose-pola-pricemou-lance-les-travaux-de-la-revue-annuelle-2023-des-termes-de-references-avec-lunicef#primaryimage"},"thumbnailUrl":"https:\/\/static.africa-press.net\/conakry\/sites\/63\/2023\/12\/Jokar1702572098.737206.jpg","keywords":["Africa Press","Africa Press-Guin\u00e9e","Guin\u00e9e"],"articleSection":["\u00c9conomie","Toutes les actualit\u00e9s"],"inLanguage":"fr-FR","potentialAction":[{"@type":"CommentAction","name":"Comment","target":["https:\/\/www.africa-press.net\/guinee-conakry\/politique\/la-ministre-rose-pola-pricemou-lance-les-travaux-de-la-revue-annuelle-2023-des-termes-de-references-avec-lunicef#respond"]}]},{"@type":"WebPage","@id":"https:\/\/www.africa-press.net\/guinee-conakry\/politique\/la-ministre-rose-pola-pricemou-lance-les-travaux-de-la-revue-annuelle-2023-des-termes-de-references-avec-lunicef","url":"https:\/\/www.africa-press.net\/guinee-conakry\/politique\/la-ministre-rose-pola-pricemou-lance-les-travaux-de-la-revue-annuelle-2023-des-termes-de-references-avec-lunicef","name":"La ministre Rose Pola Pricemou lance les travaux de la revue annuelle 2023 des termes de r\u00e9f\u00e9rences avec l\u2019UNICEF - guinee Conakry","isPartOf":{"@id":"https:\/\/www.africa-press.net\/guinee-conakry\/#website"},"primaryImageOfPage":{"@id":"https:\/\/www.africa-press.net\/guinee-conakry\/politique\/la-ministre-rose-pola-pricemou-lance-les-travaux-de-la-revue-annuelle-2023-des-termes-de-references-avec-lunicef#primaryimage"},"image":{"@id":"https:\/\/www.africa-press.net\/guinee-conakry\/politique\/la-ministre-rose-pola-pricemou-lance-les-travaux-de-la-revue-annuelle-2023-des-termes-de-references-avec-lunicef#primaryimage"},"thumbnailUrl":"https:\/\/static.africa-press.net\/conakry\/sites\/63\/2023\/12\/Jokar1702572098.737206.jpg","datePublished":"2023-12-14T20:11:00+00:00","author":{"@id":"https:\/\/www.africa-press.net\/guinee-conakry\/#\/schema\/person\/2b1cf3cd81a31e3cd26889ca66d677f1"},"breadcrumb":{"@id":"https:\/\/www.africa-press.net\/guinee-conakry\/politique\/la-ministre-rose-pola-pricemou-lance-les-travaux-de-la-revue-annuelle-2023-des-termes-de-references-avec-lunicef#breadcrumb"},"inLanguage":"fr-FR","potentialAction":[{"@type":"ReadAction","target":["https:\/\/www.africa-press.net\/guinee-conakry\/politique\/la-ministre-rose-pola-pricemou-lance-les-travaux-de-la-revue-annuelle-2023-des-termes-de-references-avec-lunicef"]}]},{"@type":"ImageObject","inLanguage":"fr-FR","@id":"https:\/\/www.africa-press.net\/guinee-conakry\/politique\/la-ministre-rose-pola-pricemou-lance-les-travaux-de-la-revue-annuelle-2023-des-termes-de-references-avec-lunicef#primaryimage","url":"https:\/\/static.africa-press.net\/conakry\/sites\/63\/2023\/12\/Jokar1702572098.737206.jpg","contentUrl":"https:\/\/static.africa-press.net\/conakry\/sites\/63\/2023\/12\/Jokar1702572098.737206.jpg","width":1024,"height":576,"caption":"La ministre Rose Pola Pricemou lance les travaux de la revue annuelle 2023 des termes de r\u00e9f\u00e9rences avec l\u2019UNICEF"},{"@type":"BreadcrumbList","@id":"https:\/\/www.africa-press.net\/guinee-conakry\/politique\/la-ministre-rose-pola-pricemou-lance-les-travaux-de-la-revue-annuelle-2023-des-termes-de-references-avec-lunicef#breadcrumb","itemListElement":[{"@type":"ListItem","position":1,"name":"Accueil","item":"https:\/\/www.africa-press.net\/guinee-conakry\/"},{"@type":"ListItem","position":2,"name":"La ministre Rose Pola Pricemou lance les travaux de la revue annuelle 2023 des termes de r\u00e9f\u00e9rences avec l\u2019UNICEF"}]},{"@type":"WebSite","@id":"https:\/\/www.africa-press.net\/guinee-conakry\/#website","url":"https:\/\/www.africa-press.net\/guinee-conakry\/","name":"guinee Conakry","description":"Just another Africa News Agency Sites site","potentialAction":[{"@type":"SearchAction","target":{"@type":"EntryPoint","urlTemplate":"https:\/\/www.africa-press.net\/guinee-conakry\/?s={search_term_string}"},"query-input":{"@type":"PropertyValueSpecification","valueRequired":true,"valueName":"search_term_string"}}],"inLanguage":"fr-FR"},{"@type":"Person","@id":"https:\/\/www.africa-press.net\/guinee-conakry\/#\/schema\/person\/2b1cf3cd81a31e3cd26889ca66d677f1","name":"cfeditorfr"}]}},"_links":{"self":[{"href":"https:\/\/www.africa-press.net\/guinee-conakry\/wp-json\/wp\/v2\/posts\/17818","targetHints":{"allow":["GET"]}}],"collection":[{"href":"https:\/\/www.africa-press.net\/guinee-conakry\/wp-json\/wp\/v2\/posts"}],"about":[{"href":"https:\/\/www.africa-press.net\/guinee-conakry\/wp-json\/wp\/v2\/types\/post"}],"author":[{"embeddable":true,"href":"https:\/\/www.africa-press.net\/guinee-conakry\/wp-json\/wp\/v2\/users\/82"}],"replies":[{"embeddable":true,"href":"https:\/\/www.africa-press.net\/guinee-conakry\/wp-json\/wp\/v2\/comments?post=17818"}],"version-history":[{"count":0,"href":"https:\/\/www.africa-press.net\/guinee-conakry\/wp-json\/wp\/v2\/posts\/17818\/revisions"}],"wp:featuredmedia":[{"embeddable":true,"href":"https:\/\/www.africa-press.net\/guinee-conakry\/wp-json\/wp\/v2\/media\/17817"}],"wp:attachment":[{"href":"https:\/\/www.africa-press.net\/guinee-conakry\/wp-json\/wp\/v2\/media?parent=17818"}],"wp:term":[{"taxonomy":"category","embeddable":true,"href":"https:\/\/www.africa-press.net\/guinee-conakry\/wp-json\/wp\/v2\/categories?post=17818"},{"taxonomy":"post_tag","embeddable":true,"href":"https:\/\/www.africa-press.net\/guinee-conakry\/wp-json\/wp\/v2\/tags?post=17818"}],"curies":[{"name":"wp","href":"https:\/\/api.w.org\/{rel}","templated":true}]}}