{"id":17824,"date":"2023-12-14T20:14:00","date_gmt":"2023-12-14T20:14:00","guid":{"rendered":"https:\/\/www.africa-press.net\/guinee-conakry\/politique\/le-ministre-bea-diallo-en-colere-contre-les-guineens-qui-ont-pris-en-otage-le-football-la-guinee-ne-leur-appartient-pas"},"modified":"2023-12-14T20:14:00","modified_gmt":"2023-12-14T20:14:00","slug":"le-ministre-bea-diallo-en-colere-contre-les-guineens-qui-ont-pris-en-otage-le-football-la-guinee-ne-leur-appartient-pas","status":"publish","type":"post","link":"https:\/\/www.africa-press.net\/guinee-conakry\/sports\/le-ministre-bea-diallo-en-colere-contre-les-guineens-qui-ont-pris-en-otage-le-football-la-guinee-ne-leur-appartient-pas","title":{"rendered":"Le ministre B\u00e9a Diallo en col\u00e8re contre les \u2018\u2019guin\u00e9ens qui ont pris en otage\u2019\u2019 le football\u00a0: \u2018\u2019la Guin\u00e9e ne leur appartient pas\u2019\u2019"},"content":{"rendered":"<p><span style=\"color: #ff6600\"><strong>Africa-Press &#8211; Guin\u00e9e. <\/strong><\/span><b>Face a\u0300 la crise que traverse la Fe\u0301de\u0301ration guine\u0301en du football, le ministre de la jeunesse et des sports assure que les autorite\u0301s de la transition suivent avec attention la situation, tout en mettant en garde ceux qui continuent de prendre en otage le sport roi en Guine\u0301e. <\/b><\/p>\n<p>\u2018\u2019Le gouvernement a choisi de ne pas se me\u0302ler. On a des e\u0301lections et le gouvernement dit qu\u2019on n\u2019a pas de candidats. Je crois que c\u2019est la premie\u0300re fois qu\u2019on va a\u0300 des e\u0301lections sans que le gouvernement ne se positionne derrie\u0300re un candidat ou un autre. Aujourd\u2019hui, il faut que les acteurs arrivent a\u0300 s\u2019entendre. A un moment donne\u0301, le Premier ministre a pris son ba\u0302ton de pe\u0300lerin et est venu avec moi pour qu\u2019on puisse conscientiser les acteurs du football. Le processus e\u0301lectoral est aujourd\u2019hui tre\u0300s complique\u0301. Un candidat a e\u0301te\u0301 e\u0301limine\u0301, il y avait une commission e\u0301lectorale totalement inde\u0301pendante qui a pris cette de\u0301cision. La manie\u0300re dont c\u0327a s\u2019est passe\u0301, on peut contester ou pas. Ce n\u2019est pas notre ro\u0302le. Il y a la CAF et la FIFA pour cela. Seulement, on n\u2019a pas envie de se me\u0302ler a\u0300 la crise\u2019\u2019, indique le ministre de la jeunesse et de sports.<\/p>\n<p>Il souligne que le blocage du congre\u0300s e\u0301lectif est ne\u0301 suite a\u0300 la disqualification du ge\u0301ne\u0301ral Mathurin Bangoura de la course pour le fauteuil pre\u0301sidentiel. \u2018\u2019Qu\u2019est-ce qui est passe\u0301 ? On a e\u0301limine\u0301 un candidat qui avait l\u2019air d\u2019avoir la majorite\u0301 du groupe qui permettait d\u2019aller aux e\u0301lections. On a e\u0301te\u0301 au congre\u0300s, mais il n\u2019y a pas eu de quorum. C\u0327a veut dire qu\u2019il y a un blocage (&#8230;). Si on reprend les e\u0301lections et que les me\u0302mes acteurs reviennent, on va rester dans ce blocus\u2019\u2019.<\/p>\n<p>A l\u2019entendre sur la te\u0301le\u0301vision nationale, \u2018\u2019on nous a appele\u0301s pour re\u0301soudre la crise. On leur a dit : \u2018Aujourd\u2019hui, on est dans la refondation, vous avez vu dans quel e\u0301tat d\u2019esprit le pre\u0301sident. Il veut que les guine\u0301ens qui ont pris ce pays en otage depuis des anne\u0301es arre\u0302tent de le faire. La Guine\u0301e ne leur appartient pas, c\u2019est un bien commun. Et le football est un bien commun. Donc, il faut qu\u2019ensemble, on puisse trouver de solutions\u2019. On leur a demande\u0301 quelle est la meilleure solution qu\u2019ils nous proposent pour sortir de cette crise\u2019\u2019.<\/p>\n<p>\u2018\u2019Moi, je suis un de\u0301mocrate, j\u2019ai e\u0301te\u0301 parlementaire pendant pre\u0300s de 20 ans en Belgique. J\u2019ai e\u0301te\u0301 e\u0301lu local pendant dans pre\u0300s de 20 ans en Belgique. Ce n\u2019est pas en venant en Guine\u0301e que je vais commencer a\u0300 m\u2019immiscer dans un processus. Les gens essayent d\u2019inventer des choses. Qu\u2019ils ne soient pas d\u2019accord avec vous, c\u2019est une chose, mais qu\u2019on n\u2019essaye pas de faire croire que j\u2019essaye de m\u2019immiscer dans le processus e\u0301lectoral surtout que je suis en contact permanent avec la FIFA et la CAF. J\u2019ai e\u0301te\u0301 l\u2019un des premiers a\u0300 e\u0302tre invite\u0301 la\u0300-bas pour me dire ce qui se passait et ce qu\u2019on pouvait dire. Quand je suis revenu de la\u0300, le gouvernement a pris son ba\u0302ton de pe\u0300lerin et le Premier ministre a dit : \u2018Maintenant c\u0327a suffit, je mets ce processus e\u0301lectoral en place\u2019\u2019\u2019, souligne Lansana Be\u0301a Diallo.<\/p>\n<p><b>Boussouriou Doumba<\/b><\/p>\n<p><strong>Pour plus d&rsquo;informations et d&rsquo;analyses sur la <a href=\"https:\/\/www.africa-press.net\/guinee-conakry\">Guin\u00e9e<\/a>, suivez <a href=\"https:\/\/www.africa-press.net\/\">Africa-Press<\/a><\/strong><\/p>\n","protected":false},"excerpt":{"rendered":"<p>Africa-Press &#8211; Guin\u00e9e. Face a\u0300 la crise que traverse la Fe\u0301de\u0301ration guine\u0301en du football, le ministre de la jeunesse et des sports assure que les autorite\u0301s de la transition suivent avec attention la situation, tout en mettant en garde ceux qui continuent de prendre en otage le sport roi en Guine\u0301e. \u2018\u2019Le gouvernement a choisi [&hellip;]<\/p>\n","protected":false},"author":82,"featured_media":17823,"comment_status":"open","ping_status":"closed","sticky":false,"template":"","format":"standard","meta":{"footnotes":""},"categories":[6,10],"tags":[36,57,58],"class_list":["post-17824","post","type-post","status-publish","format-standard","has-post-thumbnail","hentry","category-sports","category-toutes-les-actualites","tag-africa-press","tag-africa-press-guinee","tag-guinee"],"yoast_head":"<!-- This site is optimized with the Yoast SEO Premium plugin v26.1 (Yoast SEO v27.0) - https:\/\/yoast.com\/product\/yoast-seo-premium-wordpress\/ -->\n<title>Le ministre B\u00e9a Diallo en col\u00e8re contre les \u2018\u2019guin\u00e9ens qui ont pris en otage\u2019\u2019 le football\u00a0: \u2018\u2019la Guin\u00e9e ne leur appartient pas\u2019\u2019 - guinee Conakry<\/title>\n<meta name=\"robots\" content=\"index, follow, max-snippet:-1, max-image-preview:large, max-video-preview:-1\" \/>\n<link rel=\"canonical\" href=\"https:\/\/www.africa-press.net\/guinee-conakry\/politique\/le-ministre-bea-diallo-en-colere-contre-les-guineens-qui-ont-pris-en-otage-le-football-la-guinee-ne-leur-appartient-pas\" \/>\n<meta property=\"og:locale\" content=\"fr_FR\" \/>\n<meta property=\"og:type\" content=\"article\" \/>\n<meta property=\"og:title\" content=\"Le ministre B\u00e9a Diallo en col\u00e8re contre les \u2018\u2019guin\u00e9ens qui ont pris en otage\u2019\u2019 le football\u00a0: \u2018\u2019la Guin\u00e9e ne leur appartient pas\u2019\u2019\" \/>\n<meta property=\"og:description\" content=\"Africa-Press &#8211; Guin\u00e9e. Face a\u0300 la crise que traverse la Fe\u0301de\u0301ration guine\u0301en du football, le ministre de la jeunesse et des sports assure que les autorite\u0301s de la transition suivent avec attention la situation, tout en mettant en garde ceux qui continuent de prendre en otage le sport roi en Guine\u0301e. \u2018\u2019Le gouvernement a choisi [&hellip;]\" \/>\n<meta property=\"og:url\" content=\"https:\/\/www.africa-press.net\/guinee-conakry\/politique\/le-ministre-bea-diallo-en-colere-contre-les-guineens-qui-ont-pris-en-otage-le-football-la-guinee-ne-leur-appartient-pas\" \/>\n<meta property=\"og:site_name\" content=\"guinee Conakry\" \/>\n<meta property=\"article:published_time\" content=\"2023-12-14T20:14:00+00:00\" \/>\n<meta name=\"author\" content=\"cfeditorfr\" \/>\n<meta name=\"twitter:card\" content=\"summary_large_image\" \/>\n<meta name=\"twitter:label1\" content=\"\u00c9crit par\" \/>\n\t<meta name=\"twitter:data1\" content=\"cfeditorfr\" \/>\n\t<meta name=\"twitter:label2\" content=\"Dur\u00e9e de lecture estim\u00e9e\" \/>\n\t<meta name=\"twitter:data2\" content=\"3 minutes\" \/>\n<script type=\"application\/ld+json\" class=\"yoast-schema-graph\">{\"@context\":\"https:\/\/schema.org\",\"@graph\":[{\"@type\":\"Article\",\"@id\":\"https:\/\/www.africa-press.net\/guinee-conakry\/politique\/le-ministre-bea-diallo-en-colere-contre-les-guineens-qui-ont-pris-en-otage-le-football-la-guinee-ne-leur-appartient-pas#article\",\"isPartOf\":{\"@id\":\"https:\/\/www.africa-press.net\/guinee-conakry\/politique\/le-ministre-bea-diallo-en-colere-contre-les-guineens-qui-ont-pris-en-otage-le-football-la-guinee-ne-leur-appartient-pas\"},\"author\":{\"name\":\"cfeditorfr\",\"@id\":\"https:\/\/www.africa-press.net\/guinee-conakry\/#\/schema\/person\/2b1cf3cd81a31e3cd26889ca66d677f1\"},\"headline\":\"Le ministre B\u00e9a Diallo en col\u00e8re contre les \u2018\u2019guin\u00e9ens qui ont pris en otage\u2019\u2019 le football\u00a0: \u2018\u2019la Guin\u00e9e ne leur appartient pas\u2019\u2019\",\"datePublished\":\"2023-12-14T20:14:00+00:00\",\"mainEntityOfPage\":{\"@id\":\"https:\/\/www.africa-press.net\/guinee-conakry\/politique\/le-ministre-bea-diallo-en-colere-contre-les-guineens-qui-ont-pris-en-otage-le-football-la-guinee-ne-leur-appartient-pas\"},\"wordCount\":665,\"commentCount\":0,\"image\":{\"@id\":\"https:\/\/www.africa-press.net\/guinee-conakry\/politique\/le-ministre-bea-diallo-en-colere-contre-les-guineens-qui-ont-pris-en-otage-le-football-la-guinee-ne-leur-appartient-pas#primaryimage\"},\"thumbnailUrl\":\"https:\/\/static.africa-press.net\/conakry\/sites\/63\/2023\/12\/Jokar1702572282.534517.jpg\",\"keywords\":[\"Africa Press\",\"Africa Press-Guin\u00e9e\",\"Guin\u00e9e\"],\"articleSection\":[\"Sports\",\"Toutes les actualit\u00e9s\"],\"inLanguage\":\"fr-FR\",\"potentialAction\":[{\"@type\":\"CommentAction\",\"name\":\"Comment\",\"target\":[\"https:\/\/www.africa-press.net\/guinee-conakry\/politique\/le-ministre-bea-diallo-en-colere-contre-les-guineens-qui-ont-pris-en-otage-le-football-la-guinee-ne-leur-appartient-pas#respond\"]}]},{\"@type\":\"WebPage\",\"@id\":\"https:\/\/www.africa-press.net\/guinee-conakry\/politique\/le-ministre-bea-diallo-en-colere-contre-les-guineens-qui-ont-pris-en-otage-le-football-la-guinee-ne-leur-appartient-pas\",\"url\":\"https:\/\/www.africa-press.net\/guinee-conakry\/politique\/le-ministre-bea-diallo-en-colere-contre-les-guineens-qui-ont-pris-en-otage-le-football-la-guinee-ne-leur-appartient-pas\",\"name\":\"Le ministre B\u00e9a Diallo en col\u00e8re contre les \u2018\u2019guin\u00e9ens qui ont pris en otage\u2019\u2019 le football\u00a0: \u2018\u2019la Guin\u00e9e ne leur appartient pas\u2019\u2019 - guinee Conakry\",\"isPartOf\":{\"@id\":\"https:\/\/www.africa-press.net\/guinee-conakry\/#website\"},\"primaryImageOfPage\":{\"@id\":\"https:\/\/www.africa-press.net\/guinee-conakry\/politique\/le-ministre-bea-diallo-en-colere-contre-les-guineens-qui-ont-pris-en-otage-le-football-la-guinee-ne-leur-appartient-pas#primaryimage\"},\"image\":{\"@id\":\"https:\/\/www.africa-press.net\/guinee-conakry\/politique\/le-ministre-bea-diallo-en-colere-contre-les-guineens-qui-ont-pris-en-otage-le-football-la-guinee-ne-leur-appartient-pas#primaryimage\"},\"thumbnailUrl\":\"https:\/\/static.africa-press.net\/conakry\/sites\/63\/2023\/12\/Jokar1702572282.534517.jpg\",\"datePublished\":\"2023-12-14T20:14:00+00:00\",\"author\":{\"@id\":\"https:\/\/www.africa-press.net\/guinee-conakry\/#\/schema\/person\/2b1cf3cd81a31e3cd26889ca66d677f1\"},\"breadcrumb\":{\"@id\":\"https:\/\/www.africa-press.net\/guinee-conakry\/politique\/le-ministre-bea-diallo-en-colere-contre-les-guineens-qui-ont-pris-en-otage-le-football-la-guinee-ne-leur-appartient-pas#breadcrumb\"},\"inLanguage\":\"fr-FR\",\"potentialAction\":[{\"@type\":\"ReadAction\",\"target\":[\"https:\/\/www.africa-press.net\/guinee-conakry\/politique\/le-ministre-bea-diallo-en-colere-contre-les-guineens-qui-ont-pris-en-otage-le-football-la-guinee-ne-leur-appartient-pas\"]}]},{\"@type\":\"ImageObject\",\"inLanguage\":\"fr-FR\",\"@id\":\"https:\/\/www.africa-press.net\/guinee-conakry\/politique\/le-ministre-bea-diallo-en-colere-contre-les-guineens-qui-ont-pris-en-otage-le-football-la-guinee-ne-leur-appartient-pas#primaryimage\",\"url\":\"https:\/\/static.africa-press.net\/conakry\/sites\/63\/2023\/12\/Jokar1702572282.534517.jpg\",\"contentUrl\":\"https:\/\/static.africa-press.net\/conakry\/sites\/63\/2023\/12\/Jokar1702572282.534517.jpg\",\"width\":719,\"height\":439,\"caption\":\"Le ministre B\u00e9a Diallo en col\u00e8re contre les \u2018\u2019guin\u00e9ens qui ont pris en otage\u2019\u2019 le football\u00a0: \u2018\u2019la Guin\u00e9e ne leur appartient pas\u2019\u2019\"},{\"@type\":\"BreadcrumbList\",\"@id\":\"https:\/\/www.africa-press.net\/guinee-conakry\/politique\/le-ministre-bea-diallo-en-colere-contre-les-guineens-qui-ont-pris-en-otage-le-football-la-guinee-ne-leur-appartient-pas#breadcrumb\",\"itemListElement\":[{\"@type\":\"ListItem\",\"position\":1,\"name\":\"Accueil\",\"item\":\"https:\/\/www.africa-press.net\/guinee-conakry\/\"},{\"@type\":\"ListItem\",\"position\":2,\"name\":\"Le ministre B\u00e9a Diallo en col\u00e8re contre les \u2018\u2019guin\u00e9ens qui ont pris en otage\u2019\u2019 le football\u00a0: \u2018\u2019la Guin\u00e9e ne leur appartient pas\u2019\u2019\"}]},{\"@type\":\"WebSite\",\"@id\":\"https:\/\/www.africa-press.net\/guinee-conakry\/#website\",\"url\":\"https:\/\/www.africa-press.net\/guinee-conakry\/\",\"name\":\"guinee Conakry\",\"description\":\"Just another Africa News Agency Sites site\",\"potentialAction\":[{\"@type\":\"SearchAction\",\"target\":{\"@type\":\"EntryPoint\",\"urlTemplate\":\"https:\/\/www.africa-press.net\/guinee-conakry\/?s={search_term_string}\"},\"query-input\":{\"@type\":\"PropertyValueSpecification\",\"valueRequired\":true,\"valueName\":\"search_term_string\"}}],\"inLanguage\":\"fr-FR\"},{\"@type\":\"Person\",\"@id\":\"https:\/\/www.africa-press.net\/guinee-conakry\/#\/schema\/person\/2b1cf3cd81a31e3cd26889ca66d677f1\",\"name\":\"cfeditorfr\"}]}<\/script>\n<!-- \/ Yoast SEO Premium plugin. -->","yoast_head_json":{"title":"Le ministre B\u00e9a Diallo en col\u00e8re contre les \u2018\u2019guin\u00e9ens qui ont pris en otage\u2019\u2019 le football\u00a0: \u2018\u2019la Guin\u00e9e ne leur appartient pas\u2019\u2019 - guinee Conakry","robots":{"index":"index","follow":"follow","max-snippet":"max-snippet:-1","max-image-preview":"max-image-preview:large","max-video-preview":"max-video-preview:-1"},"canonical":"https:\/\/www.africa-press.net\/guinee-conakry\/politique\/le-ministre-bea-diallo-en-colere-contre-les-guineens-qui-ont-pris-en-otage-le-football-la-guinee-ne-leur-appartient-pas","og_locale":"fr_FR","og_type":"article","og_title":"Le ministre B\u00e9a Diallo en col\u00e8re contre les \u2018\u2019guin\u00e9ens qui ont pris en otage\u2019\u2019 le football\u00a0: \u2018\u2019la Guin\u00e9e ne leur appartient pas\u2019\u2019","og_description":"Africa-Press &#8211; Guin\u00e9e. Face a\u0300 la crise que traverse la Fe\u0301de\u0301ration guine\u0301en du football, le ministre de la jeunesse et des sports assure que les autorite\u0301s de la transition suivent avec attention la situation, tout en mettant en garde ceux qui continuent de prendre en otage le sport roi en Guine\u0301e. \u2018\u2019Le gouvernement a choisi [&hellip;]","og_url":"https:\/\/www.africa-press.net\/guinee-conakry\/politique\/le-ministre-bea-diallo-en-colere-contre-les-guineens-qui-ont-pris-en-otage-le-football-la-guinee-ne-leur-appartient-pas","og_site_name":"guinee Conakry","article_published_time":"2023-12-14T20:14:00+00:00","author":"cfeditorfr","twitter_card":"summary_large_image","twitter_misc":{"\u00c9crit par":"cfeditorfr","Dur\u00e9e de lecture estim\u00e9e":"3 minutes"},"schema":{"@context":"https:\/\/schema.org","@graph":[{"@type":"Article","@id":"https:\/\/www.africa-press.net\/guinee-conakry\/politique\/le-ministre-bea-diallo-en-colere-contre-les-guineens-qui-ont-pris-en-otage-le-football-la-guinee-ne-leur-appartient-pas#article","isPartOf":{"@id":"https:\/\/www.africa-press.net\/guinee-conakry\/politique\/le-ministre-bea-diallo-en-colere-contre-les-guineens-qui-ont-pris-en-otage-le-football-la-guinee-ne-leur-appartient-pas"},"author":{"name":"cfeditorfr","@id":"https:\/\/www.africa-press.net\/guinee-conakry\/#\/schema\/person\/2b1cf3cd81a31e3cd26889ca66d677f1"},"headline":"Le ministre B\u00e9a Diallo en col\u00e8re contre les \u2018\u2019guin\u00e9ens qui ont pris en otage\u2019\u2019 le football\u00a0: \u2018\u2019la Guin\u00e9e ne leur appartient pas\u2019\u2019","datePublished":"2023-12-14T20:14:00+00:00","mainEntityOfPage":{"@id":"https:\/\/www.africa-press.net\/guinee-conakry\/politique\/le-ministre-bea-diallo-en-colere-contre-les-guineens-qui-ont-pris-en-otage-le-football-la-guinee-ne-leur-appartient-pas"},"wordCount":665,"commentCount":0,"image":{"@id":"https:\/\/www.africa-press.net\/guinee-conakry\/politique\/le-ministre-bea-diallo-en-colere-contre-les-guineens-qui-ont-pris-en-otage-le-football-la-guinee-ne-leur-appartient-pas#primaryimage"},"thumbnailUrl":"https:\/\/static.africa-press.net\/conakry\/sites\/63\/2023\/12\/Jokar1702572282.534517.jpg","keywords":["Africa Press","Africa Press-Guin\u00e9e","Guin\u00e9e"],"articleSection":["Sports","Toutes les actualit\u00e9s"],"inLanguage":"fr-FR","potentialAction":[{"@type":"CommentAction","name":"Comment","target":["https:\/\/www.africa-press.net\/guinee-conakry\/politique\/le-ministre-bea-diallo-en-colere-contre-les-guineens-qui-ont-pris-en-otage-le-football-la-guinee-ne-leur-appartient-pas#respond"]}]},{"@type":"WebPage","@id":"https:\/\/www.africa-press.net\/guinee-conakry\/politique\/le-ministre-bea-diallo-en-colere-contre-les-guineens-qui-ont-pris-en-otage-le-football-la-guinee-ne-leur-appartient-pas","url":"https:\/\/www.africa-press.net\/guinee-conakry\/politique\/le-ministre-bea-diallo-en-colere-contre-les-guineens-qui-ont-pris-en-otage-le-football-la-guinee-ne-leur-appartient-pas","name":"Le ministre B\u00e9a Diallo en col\u00e8re contre les \u2018\u2019guin\u00e9ens qui ont pris en otage\u2019\u2019 le football\u00a0: \u2018\u2019la Guin\u00e9e ne leur appartient pas\u2019\u2019 - guinee Conakry","isPartOf":{"@id":"https:\/\/www.africa-press.net\/guinee-conakry\/#website"},"primaryImageOfPage":{"@id":"https:\/\/www.africa-press.net\/guinee-conakry\/politique\/le-ministre-bea-diallo-en-colere-contre-les-guineens-qui-ont-pris-en-otage-le-football-la-guinee-ne-leur-appartient-pas#primaryimage"},"image":{"@id":"https:\/\/www.africa-press.net\/guinee-conakry\/politique\/le-ministre-bea-diallo-en-colere-contre-les-guineens-qui-ont-pris-en-otage-le-football-la-guinee-ne-leur-appartient-pas#primaryimage"},"thumbnailUrl":"https:\/\/static.africa-press.net\/conakry\/sites\/63\/2023\/12\/Jokar1702572282.534517.jpg","datePublished":"2023-12-14T20:14:00+00:00","author":{"@id":"https:\/\/www.africa-press.net\/guinee-conakry\/#\/schema\/person\/2b1cf3cd81a31e3cd26889ca66d677f1"},"breadcrumb":{"@id":"https:\/\/www.africa-press.net\/guinee-conakry\/politique\/le-ministre-bea-diallo-en-colere-contre-les-guineens-qui-ont-pris-en-otage-le-football-la-guinee-ne-leur-appartient-pas#breadcrumb"},"inLanguage":"fr-FR","potentialAction":[{"@type":"ReadAction","target":["https:\/\/www.africa-press.net\/guinee-conakry\/politique\/le-ministre-bea-diallo-en-colere-contre-les-guineens-qui-ont-pris-en-otage-le-football-la-guinee-ne-leur-appartient-pas"]}]},{"@type":"ImageObject","inLanguage":"fr-FR","@id":"https:\/\/www.africa-press.net\/guinee-conakry\/politique\/le-ministre-bea-diallo-en-colere-contre-les-guineens-qui-ont-pris-en-otage-le-football-la-guinee-ne-leur-appartient-pas#primaryimage","url":"https:\/\/static.africa-press.net\/conakry\/sites\/63\/2023\/12\/Jokar1702572282.534517.jpg","contentUrl":"https:\/\/static.africa-press.net\/conakry\/sites\/63\/2023\/12\/Jokar1702572282.534517.jpg","width":719,"height":439,"caption":"Le ministre B\u00e9a Diallo en col\u00e8re contre les \u2018\u2019guin\u00e9ens qui ont pris en otage\u2019\u2019 le football\u00a0: \u2018\u2019la Guin\u00e9e ne leur appartient pas\u2019\u2019"},{"@type":"BreadcrumbList","@id":"https:\/\/www.africa-press.net\/guinee-conakry\/politique\/le-ministre-bea-diallo-en-colere-contre-les-guineens-qui-ont-pris-en-otage-le-football-la-guinee-ne-leur-appartient-pas#breadcrumb","itemListElement":[{"@type":"ListItem","position":1,"name":"Accueil","item":"https:\/\/www.africa-press.net\/guinee-conakry\/"},{"@type":"ListItem","position":2,"name":"Le ministre B\u00e9a Diallo en col\u00e8re contre les \u2018\u2019guin\u00e9ens qui ont pris en otage\u2019\u2019 le football\u00a0: \u2018\u2019la Guin\u00e9e ne leur appartient pas\u2019\u2019"}]},{"@type":"WebSite","@id":"https:\/\/www.africa-press.net\/guinee-conakry\/#website","url":"https:\/\/www.africa-press.net\/guinee-conakry\/","name":"guinee Conakry","description":"Just another Africa News Agency Sites site","potentialAction":[{"@type":"SearchAction","target":{"@type":"EntryPoint","urlTemplate":"https:\/\/www.africa-press.net\/guinee-conakry\/?s={search_term_string}"},"query-input":{"@type":"PropertyValueSpecification","valueRequired":true,"valueName":"search_term_string"}}],"inLanguage":"fr-FR"},{"@type":"Person","@id":"https:\/\/www.africa-press.net\/guinee-conakry\/#\/schema\/person\/2b1cf3cd81a31e3cd26889ca66d677f1","name":"cfeditorfr"}]}},"_links":{"self":[{"href":"https:\/\/www.africa-press.net\/guinee-conakry\/wp-json\/wp\/v2\/posts\/17824","targetHints":{"allow":["GET"]}}],"collection":[{"href":"https:\/\/www.africa-press.net\/guinee-conakry\/wp-json\/wp\/v2\/posts"}],"about":[{"href":"https:\/\/www.africa-press.net\/guinee-conakry\/wp-json\/wp\/v2\/types\/post"}],"author":[{"embeddable":true,"href":"https:\/\/www.africa-press.net\/guinee-conakry\/wp-json\/wp\/v2\/users\/82"}],"replies":[{"embeddable":true,"href":"https:\/\/www.africa-press.net\/guinee-conakry\/wp-json\/wp\/v2\/comments?post=17824"}],"version-history":[{"count":0,"href":"https:\/\/www.africa-press.net\/guinee-conakry\/wp-json\/wp\/v2\/posts\/17824\/revisions"}],"wp:featuredmedia":[{"embeddable":true,"href":"https:\/\/www.africa-press.net\/guinee-conakry\/wp-json\/wp\/v2\/media\/17823"}],"wp:attachment":[{"href":"https:\/\/www.africa-press.net\/guinee-conakry\/wp-json\/wp\/v2\/media?parent=17824"}],"wp:term":[{"taxonomy":"category","embeddable":true,"href":"https:\/\/www.africa-press.net\/guinee-conakry\/wp-json\/wp\/v2\/categories?post=17824"},{"taxonomy":"post_tag","embeddable":true,"href":"https:\/\/www.africa-press.net\/guinee-conakry\/wp-json\/wp\/v2\/tags?post=17824"}],"curies":[{"name":"wp","href":"https:\/\/api.w.org\/{rel}","templated":true}]}}