{"id":17828,"date":"2023-12-14T20:16:00","date_gmt":"2023-12-14T20:16:00","guid":{"rendered":"https:\/\/www.africa-press.net\/guinee-conakry\/politique\/me-lancinet-sylla-se-rejouit-du-temoignage-de-sory-conde-il-na-pas-vu-toumba-porter-une-arme"},"modified":"2023-12-14T20:16:00","modified_gmt":"2023-12-14T20:16:00","slug":"me-lancinet-sylla-se-rejouit-du-temoignage-de-sory-conde-il-na-pas-vu-toumba-porter-une-arme","status":"publish","type":"post","link":"https:\/\/www.africa-press.net\/guinee-conakry\/politique\/me-lancinet-sylla-se-rejouit-du-temoignage-de-sory-conde-il-na-pas-vu-toumba-porter-une-arme","title":{"rendered":"Me Lancinet Sylla se r\u00e9jouit du t\u00e9moignage de Sory Cond\u00e9\u00a0: \u2018\u2019Il n\u2019a pas vu Toumba porter une arme\u2019\u2019"},"content":{"rendered":"<p><span style=\"color: #ff6600\"><strong>Africa-Press &#8211; Guin\u00e9e. <\/strong><\/span><b>Dans un re\u0301cit teinte\u0301 de variations avec <\/b><b>s<\/b><b>es de\u0301clarations consigne\u0301es dans le proce\u0300s-verbal, le lieutenant-colonel Sory Conde\u0301 est revenu sur sa journe\u0301e du 28 septembre 2009. L\u2019agent des services spe\u0301ciaux a de\u0301clare\u0301 avoir vu Toumba Diakite\u0301 <\/b><b>au stade<\/b><b> avec d\u2019autres militaires. <\/b><\/p>\n<p>Dans sa de\u0301position, le gendarme a donne\u0301 plusieurs informations parfois contradictoires avec ce qu\u2019il avait dit devant le juge d\u2019instruction.<\/p>\n<p>Sory Conde\u0301, sous-lieutenant au moment des faits, a-t-il fait ou pas des de\u0301clarations a\u0300 charge contre de Aboubacar Diakite\u0301 alias Toumba ?<\/p>\n<p>\u2018\u2019Il n\u2019a jamais charge\u0301 Toumba. A cette phase, ce qui est important, ce sont les de\u0301clarations faites par le te\u0301moin devant le tribunal criminel\u2019\u2019, indique Mai\u0302tre Lancinet Sylla.<\/p>\n<p>Ce conseil de l\u2019ancien aide de camp de Dadis Camara rappelle que Sory Conde\u0301 a e\u0301te\u0301 tre\u0300s clair a\u0300 la barre. \u2018\u2019Il s\u2019est re\u0301tracte\u0301 en re\u0301ponse a\u0300 des questions qui lui ont e\u0301te\u0301 pose\u0301es par le ministe\u0300re public et sur lesquels, je suis intervenu. Il a tout confirme\u0301. Il a confirme\u0301 que M. Diakite\u0301 n\u2019est pas arrive\u0301 en sa pre\u0301sence\u2019\u2019.<\/p>\n<p>\u2018\u2019Il a confirme\u0301 qu\u2019il n\u2019e\u0301tait pas a\u0300 l\u2019inte\u0301rieur du stade. Il dit qu\u2019il e\u0301tait a\u0300 l\u2019exte\u0301rieur. Il a aussi dit qu\u2019il ne pouvait dire que M. Aboubacar Diakite\u0301 commandait ces be\u0301rets rouges parce qu\u2019il n\u2019a pas vu Toumba leur donner des ordres. Il ne les a me\u0302me pas vus ensemble. Il n\u2019a pas vu non plus Toumba porter une arme\u2019\u2019, de\u0301taille l\u2019homme de droit.<\/p>\n<p>Me Sylla estime que les de\u0301clarations de Sory Conde\u0301 sont \u2018\u2019suffisamment claires pour que l\u2019on puisse e\u0302tre tente\u0301 de conclure qu\u2019il aurait charge\u0301 M. Aboubacar Diakite\u0301 (&#8230;)\u2019\u2019.<\/p>\n<p><b>Abdoulaye Bella DIALLO<\/b><\/p>\n<p><strong>Pour plus d&rsquo;informations et d&rsquo;analyses sur la <a href=\"https:\/\/www.africa-press.net\/guinee-conakry\">Guin\u00e9e<\/a>, suivez <a href=\"https:\/\/www.africa-press.net\/\">Africa-Press<\/a><\/strong><\/p>\n","protected":false},"excerpt":{"rendered":"<p>Africa-Press &#8211; Guin\u00e9e. Dans un re\u0301cit teinte\u0301 de variations avec ses de\u0301clarations consigne\u0301es dans le proce\u0300s-verbal, le lieutenant-colonel Sory Conde\u0301 est revenu sur sa journe\u0301e du 28 septembre 2009. L\u2019agent des services spe\u0301ciaux a de\u0301clare\u0301 avoir vu Toumba Diakite\u0301 au stade avec d\u2019autres militaires. Dans sa de\u0301position, le gendarme a donne\u0301 plusieurs informations parfois contradictoires [&hellip;]<\/p>\n","protected":false},"author":82,"featured_media":17827,"comment_status":"open","ping_status":"closed","sticky":false,"template":"","format":"standard","meta":{"footnotes":""},"categories":[2,10],"tags":[36,57,58],"class_list":["post-17828","post","type-post","status-publish","format-standard","has-post-thumbnail","hentry","category-politique","category-toutes-les-actualites","tag-africa-press","tag-africa-press-guinee","tag-guinee"],"yoast_head":"<!-- This site is optimized with the Yoast SEO Premium plugin v26.1 (Yoast SEO v27.0) - https:\/\/yoast.com\/product\/yoast-seo-premium-wordpress\/ -->\n<title>Me Lancinet Sylla se r\u00e9jouit du t\u00e9moignage de Sory Cond\u00e9\u00a0: \u2018\u2019Il n\u2019a pas vu Toumba porter une arme\u2019\u2019 - guinee Conakry<\/title>\n<meta name=\"robots\" content=\"index, follow, max-snippet:-1, max-image-preview:large, max-video-preview:-1\" \/>\n<link rel=\"canonical\" href=\"https:\/\/www.africa-press.net\/guinee-conakry\/politique\/me-lancinet-sylla-se-rejouit-du-temoignage-de-sory-conde-il-na-pas-vu-toumba-porter-une-arme\" \/>\n<meta property=\"og:locale\" content=\"fr_FR\" \/>\n<meta property=\"og:type\" content=\"article\" \/>\n<meta property=\"og:title\" content=\"Me Lancinet Sylla se r\u00e9jouit du t\u00e9moignage de Sory Cond\u00e9\u00a0: \u2018\u2019Il n\u2019a pas vu Toumba porter une arme\u2019\u2019\" \/>\n<meta property=\"og:description\" content=\"Africa-Press &#8211; Guin\u00e9e. Dans un re\u0301cit teinte\u0301 de variations avec ses de\u0301clarations consigne\u0301es dans le proce\u0300s-verbal, le lieutenant-colonel Sory Conde\u0301 est revenu sur sa journe\u0301e du 28 septembre 2009. L\u2019agent des services spe\u0301ciaux a de\u0301clare\u0301 avoir vu Toumba Diakite\u0301 au stade avec d\u2019autres militaires. Dans sa de\u0301position, le gendarme a donne\u0301 plusieurs informations parfois contradictoires [&hellip;]\" \/>\n<meta property=\"og:url\" content=\"https:\/\/www.africa-press.net\/guinee-conakry\/politique\/me-lancinet-sylla-se-rejouit-du-temoignage-de-sory-conde-il-na-pas-vu-toumba-porter-une-arme\" \/>\n<meta property=\"og:site_name\" content=\"guinee Conakry\" \/>\n<meta property=\"article:published_time\" content=\"2023-12-14T20:16:00+00:00\" \/>\n<meta name=\"author\" content=\"cfeditorfr\" \/>\n<meta name=\"twitter:card\" content=\"summary_large_image\" \/>\n<meta name=\"twitter:label1\" content=\"\u00c9crit par\" \/>\n\t<meta name=\"twitter:data1\" content=\"cfeditorfr\" \/>\n\t<meta name=\"twitter:label2\" content=\"Dur\u00e9e de lecture estim\u00e9e\" \/>\n\t<meta name=\"twitter:data2\" content=\"2 minutes\" \/>\n<script type=\"application\/ld+json\" class=\"yoast-schema-graph\">{\"@context\":\"https:\/\/schema.org\",\"@graph\":[{\"@type\":\"Article\",\"@id\":\"https:\/\/www.africa-press.net\/guinee-conakry\/politique\/me-lancinet-sylla-se-rejouit-du-temoignage-de-sory-conde-il-na-pas-vu-toumba-porter-une-arme#article\",\"isPartOf\":{\"@id\":\"https:\/\/www.africa-press.net\/guinee-conakry\/politique\/me-lancinet-sylla-se-rejouit-du-temoignage-de-sory-conde-il-na-pas-vu-toumba-porter-une-arme\"},\"author\":{\"name\":\"cfeditorfr\",\"@id\":\"https:\/\/www.africa-press.net\/guinee-conakry\/#\/schema\/person\/2b1cf3cd81a31e3cd26889ca66d677f1\"},\"headline\":\"Me Lancinet Sylla se r\u00e9jouit du t\u00e9moignage de Sory Cond\u00e9\u00a0: \u2018\u2019Il n\u2019a pas vu Toumba porter une arme\u2019\u2019\",\"datePublished\":\"2023-12-14T20:16:00+00:00\",\"mainEntityOfPage\":{\"@id\":\"https:\/\/www.africa-press.net\/guinee-conakry\/politique\/me-lancinet-sylla-se-rejouit-du-temoignage-de-sory-conde-il-na-pas-vu-toumba-porter-une-arme\"},\"wordCount\":349,\"commentCount\":0,\"image\":{\"@id\":\"https:\/\/www.africa-press.net\/guinee-conakry\/politique\/me-lancinet-sylla-se-rejouit-du-temoignage-de-sory-conde-il-na-pas-vu-toumba-porter-une-arme#primaryimage\"},\"thumbnailUrl\":\"https:\/\/static.africa-press.net\/conakry\/sites\/63\/2023\/12\/Jokar1702572415.587606.jpg\",\"keywords\":[\"Africa Press\",\"Africa Press-Guin\u00e9e\",\"Guin\u00e9e\"],\"articleSection\":[\"Politique\",\"Toutes les actualit\u00e9s\"],\"inLanguage\":\"fr-FR\",\"potentialAction\":[{\"@type\":\"CommentAction\",\"name\":\"Comment\",\"target\":[\"https:\/\/www.africa-press.net\/guinee-conakry\/politique\/me-lancinet-sylla-se-rejouit-du-temoignage-de-sory-conde-il-na-pas-vu-toumba-porter-une-arme#respond\"]}]},{\"@type\":\"WebPage\",\"@id\":\"https:\/\/www.africa-press.net\/guinee-conakry\/politique\/me-lancinet-sylla-se-rejouit-du-temoignage-de-sory-conde-il-na-pas-vu-toumba-porter-une-arme\",\"url\":\"https:\/\/www.africa-press.net\/guinee-conakry\/politique\/me-lancinet-sylla-se-rejouit-du-temoignage-de-sory-conde-il-na-pas-vu-toumba-porter-une-arme\",\"name\":\"Me Lancinet Sylla se r\u00e9jouit du t\u00e9moignage de Sory Cond\u00e9\u00a0: \u2018\u2019Il n\u2019a pas vu Toumba porter une arme\u2019\u2019 - guinee Conakry\",\"isPartOf\":{\"@id\":\"https:\/\/www.africa-press.net\/guinee-conakry\/#website\"},\"primaryImageOfPage\":{\"@id\":\"https:\/\/www.africa-press.net\/guinee-conakry\/politique\/me-lancinet-sylla-se-rejouit-du-temoignage-de-sory-conde-il-na-pas-vu-toumba-porter-une-arme#primaryimage\"},\"image\":{\"@id\":\"https:\/\/www.africa-press.net\/guinee-conakry\/politique\/me-lancinet-sylla-se-rejouit-du-temoignage-de-sory-conde-il-na-pas-vu-toumba-porter-une-arme#primaryimage\"},\"thumbnailUrl\":\"https:\/\/static.africa-press.net\/conakry\/sites\/63\/2023\/12\/Jokar1702572415.587606.jpg\",\"datePublished\":\"2023-12-14T20:16:00+00:00\",\"author\":{\"@id\":\"https:\/\/www.africa-press.net\/guinee-conakry\/#\/schema\/person\/2b1cf3cd81a31e3cd26889ca66d677f1\"},\"breadcrumb\":{\"@id\":\"https:\/\/www.africa-press.net\/guinee-conakry\/politique\/me-lancinet-sylla-se-rejouit-du-temoignage-de-sory-conde-il-na-pas-vu-toumba-porter-une-arme#breadcrumb\"},\"inLanguage\":\"fr-FR\",\"potentialAction\":[{\"@type\":\"ReadAction\",\"target\":[\"https:\/\/www.africa-press.net\/guinee-conakry\/politique\/me-lancinet-sylla-se-rejouit-du-temoignage-de-sory-conde-il-na-pas-vu-toumba-porter-une-arme\"]}]},{\"@type\":\"ImageObject\",\"inLanguage\":\"fr-FR\",\"@id\":\"https:\/\/www.africa-press.net\/guinee-conakry\/politique\/me-lancinet-sylla-se-rejouit-du-temoignage-de-sory-conde-il-na-pas-vu-toumba-porter-une-arme#primaryimage\",\"url\":\"https:\/\/static.africa-press.net\/conakry\/sites\/63\/2023\/12\/Jokar1702572415.587606.jpg\",\"contentUrl\":\"https:\/\/static.africa-press.net\/conakry\/sites\/63\/2023\/12\/Jokar1702572415.587606.jpg\",\"width\":1024,\"height\":683,\"caption\":\"Me Lancinet Sylla se r\u00e9jouit du t\u00e9moignage de Sory Cond\u00e9\u00a0: \u2018\u2019Il n\u2019a pas vu Toumba porter une arme\u2019\u2019\"},{\"@type\":\"BreadcrumbList\",\"@id\":\"https:\/\/www.africa-press.net\/guinee-conakry\/politique\/me-lancinet-sylla-se-rejouit-du-temoignage-de-sory-conde-il-na-pas-vu-toumba-porter-une-arme#breadcrumb\",\"itemListElement\":[{\"@type\":\"ListItem\",\"position\":1,\"name\":\"Accueil\",\"item\":\"https:\/\/www.africa-press.net\/guinee-conakry\/\"},{\"@type\":\"ListItem\",\"position\":2,\"name\":\"Me Lancinet Sylla se r\u00e9jouit du t\u00e9moignage de Sory Cond\u00e9\u00a0: \u2018\u2019Il n\u2019a pas vu Toumba porter une arme\u2019\u2019\"}]},{\"@type\":\"WebSite\",\"@id\":\"https:\/\/www.africa-press.net\/guinee-conakry\/#website\",\"url\":\"https:\/\/www.africa-press.net\/guinee-conakry\/\",\"name\":\"guinee Conakry\",\"description\":\"Just another Africa News Agency Sites site\",\"potentialAction\":[{\"@type\":\"SearchAction\",\"target\":{\"@type\":\"EntryPoint\",\"urlTemplate\":\"https:\/\/www.africa-press.net\/guinee-conakry\/?s={search_term_string}\"},\"query-input\":{\"@type\":\"PropertyValueSpecification\",\"valueRequired\":true,\"valueName\":\"search_term_string\"}}],\"inLanguage\":\"fr-FR\"},{\"@type\":\"Person\",\"@id\":\"https:\/\/www.africa-press.net\/guinee-conakry\/#\/schema\/person\/2b1cf3cd81a31e3cd26889ca66d677f1\",\"name\":\"cfeditorfr\"}]}<\/script>\n<!-- \/ Yoast SEO Premium plugin. -->","yoast_head_json":{"title":"Me Lancinet Sylla se r\u00e9jouit du t\u00e9moignage de Sory Cond\u00e9\u00a0: \u2018\u2019Il n\u2019a pas vu Toumba porter une arme\u2019\u2019 - guinee Conakry","robots":{"index":"index","follow":"follow","max-snippet":"max-snippet:-1","max-image-preview":"max-image-preview:large","max-video-preview":"max-video-preview:-1"},"canonical":"https:\/\/www.africa-press.net\/guinee-conakry\/politique\/me-lancinet-sylla-se-rejouit-du-temoignage-de-sory-conde-il-na-pas-vu-toumba-porter-une-arme","og_locale":"fr_FR","og_type":"article","og_title":"Me Lancinet Sylla se r\u00e9jouit du t\u00e9moignage de Sory Cond\u00e9\u00a0: \u2018\u2019Il n\u2019a pas vu Toumba porter une arme\u2019\u2019","og_description":"Africa-Press &#8211; Guin\u00e9e. Dans un re\u0301cit teinte\u0301 de variations avec ses de\u0301clarations consigne\u0301es dans le proce\u0300s-verbal, le lieutenant-colonel Sory Conde\u0301 est revenu sur sa journe\u0301e du 28 septembre 2009. L\u2019agent des services spe\u0301ciaux a de\u0301clare\u0301 avoir vu Toumba Diakite\u0301 au stade avec d\u2019autres militaires. Dans sa de\u0301position, le gendarme a donne\u0301 plusieurs informations parfois contradictoires [&hellip;]","og_url":"https:\/\/www.africa-press.net\/guinee-conakry\/politique\/me-lancinet-sylla-se-rejouit-du-temoignage-de-sory-conde-il-na-pas-vu-toumba-porter-une-arme","og_site_name":"guinee Conakry","article_published_time":"2023-12-14T20:16:00+00:00","author":"cfeditorfr","twitter_card":"summary_large_image","twitter_misc":{"\u00c9crit par":"cfeditorfr","Dur\u00e9e de lecture estim\u00e9e":"2 minutes"},"schema":{"@context":"https:\/\/schema.org","@graph":[{"@type":"Article","@id":"https:\/\/www.africa-press.net\/guinee-conakry\/politique\/me-lancinet-sylla-se-rejouit-du-temoignage-de-sory-conde-il-na-pas-vu-toumba-porter-une-arme#article","isPartOf":{"@id":"https:\/\/www.africa-press.net\/guinee-conakry\/politique\/me-lancinet-sylla-se-rejouit-du-temoignage-de-sory-conde-il-na-pas-vu-toumba-porter-une-arme"},"author":{"name":"cfeditorfr","@id":"https:\/\/www.africa-press.net\/guinee-conakry\/#\/schema\/person\/2b1cf3cd81a31e3cd26889ca66d677f1"},"headline":"Me Lancinet Sylla se r\u00e9jouit du t\u00e9moignage de Sory Cond\u00e9\u00a0: \u2018\u2019Il n\u2019a pas vu Toumba porter une arme\u2019\u2019","datePublished":"2023-12-14T20:16:00+00:00","mainEntityOfPage":{"@id":"https:\/\/www.africa-press.net\/guinee-conakry\/politique\/me-lancinet-sylla-se-rejouit-du-temoignage-de-sory-conde-il-na-pas-vu-toumba-porter-une-arme"},"wordCount":349,"commentCount":0,"image":{"@id":"https:\/\/www.africa-press.net\/guinee-conakry\/politique\/me-lancinet-sylla-se-rejouit-du-temoignage-de-sory-conde-il-na-pas-vu-toumba-porter-une-arme#primaryimage"},"thumbnailUrl":"https:\/\/static.africa-press.net\/conakry\/sites\/63\/2023\/12\/Jokar1702572415.587606.jpg","keywords":["Africa Press","Africa Press-Guin\u00e9e","Guin\u00e9e"],"articleSection":["Politique","Toutes les actualit\u00e9s"],"inLanguage":"fr-FR","potentialAction":[{"@type":"CommentAction","name":"Comment","target":["https:\/\/www.africa-press.net\/guinee-conakry\/politique\/me-lancinet-sylla-se-rejouit-du-temoignage-de-sory-conde-il-na-pas-vu-toumba-porter-une-arme#respond"]}]},{"@type":"WebPage","@id":"https:\/\/www.africa-press.net\/guinee-conakry\/politique\/me-lancinet-sylla-se-rejouit-du-temoignage-de-sory-conde-il-na-pas-vu-toumba-porter-une-arme","url":"https:\/\/www.africa-press.net\/guinee-conakry\/politique\/me-lancinet-sylla-se-rejouit-du-temoignage-de-sory-conde-il-na-pas-vu-toumba-porter-une-arme","name":"Me Lancinet Sylla se r\u00e9jouit du t\u00e9moignage de Sory Cond\u00e9\u00a0: \u2018\u2019Il n\u2019a pas vu Toumba porter une arme\u2019\u2019 - guinee Conakry","isPartOf":{"@id":"https:\/\/www.africa-press.net\/guinee-conakry\/#website"},"primaryImageOfPage":{"@id":"https:\/\/www.africa-press.net\/guinee-conakry\/politique\/me-lancinet-sylla-se-rejouit-du-temoignage-de-sory-conde-il-na-pas-vu-toumba-porter-une-arme#primaryimage"},"image":{"@id":"https:\/\/www.africa-press.net\/guinee-conakry\/politique\/me-lancinet-sylla-se-rejouit-du-temoignage-de-sory-conde-il-na-pas-vu-toumba-porter-une-arme#primaryimage"},"thumbnailUrl":"https:\/\/static.africa-press.net\/conakry\/sites\/63\/2023\/12\/Jokar1702572415.587606.jpg","datePublished":"2023-12-14T20:16:00+00:00","author":{"@id":"https:\/\/www.africa-press.net\/guinee-conakry\/#\/schema\/person\/2b1cf3cd81a31e3cd26889ca66d677f1"},"breadcrumb":{"@id":"https:\/\/www.africa-press.net\/guinee-conakry\/politique\/me-lancinet-sylla-se-rejouit-du-temoignage-de-sory-conde-il-na-pas-vu-toumba-porter-une-arme#breadcrumb"},"inLanguage":"fr-FR","potentialAction":[{"@type":"ReadAction","target":["https:\/\/www.africa-press.net\/guinee-conakry\/politique\/me-lancinet-sylla-se-rejouit-du-temoignage-de-sory-conde-il-na-pas-vu-toumba-porter-une-arme"]}]},{"@type":"ImageObject","inLanguage":"fr-FR","@id":"https:\/\/www.africa-press.net\/guinee-conakry\/politique\/me-lancinet-sylla-se-rejouit-du-temoignage-de-sory-conde-il-na-pas-vu-toumba-porter-une-arme#primaryimage","url":"https:\/\/static.africa-press.net\/conakry\/sites\/63\/2023\/12\/Jokar1702572415.587606.jpg","contentUrl":"https:\/\/static.africa-press.net\/conakry\/sites\/63\/2023\/12\/Jokar1702572415.587606.jpg","width":1024,"height":683,"caption":"Me Lancinet Sylla se r\u00e9jouit du t\u00e9moignage de Sory Cond\u00e9\u00a0: \u2018\u2019Il n\u2019a pas vu Toumba porter une arme\u2019\u2019"},{"@type":"BreadcrumbList","@id":"https:\/\/www.africa-press.net\/guinee-conakry\/politique\/me-lancinet-sylla-se-rejouit-du-temoignage-de-sory-conde-il-na-pas-vu-toumba-porter-une-arme#breadcrumb","itemListElement":[{"@type":"ListItem","position":1,"name":"Accueil","item":"https:\/\/www.africa-press.net\/guinee-conakry\/"},{"@type":"ListItem","position":2,"name":"Me Lancinet Sylla se r\u00e9jouit du t\u00e9moignage de Sory Cond\u00e9\u00a0: \u2018\u2019Il n\u2019a pas vu Toumba porter une arme\u2019\u2019"}]},{"@type":"WebSite","@id":"https:\/\/www.africa-press.net\/guinee-conakry\/#website","url":"https:\/\/www.africa-press.net\/guinee-conakry\/","name":"guinee Conakry","description":"Just another Africa News Agency Sites site","potentialAction":[{"@type":"SearchAction","target":{"@type":"EntryPoint","urlTemplate":"https:\/\/www.africa-press.net\/guinee-conakry\/?s={search_term_string}"},"query-input":{"@type":"PropertyValueSpecification","valueRequired":true,"valueName":"search_term_string"}}],"inLanguage":"fr-FR"},{"@type":"Person","@id":"https:\/\/www.africa-press.net\/guinee-conakry\/#\/schema\/person\/2b1cf3cd81a31e3cd26889ca66d677f1","name":"cfeditorfr"}]}},"_links":{"self":[{"href":"https:\/\/www.africa-press.net\/guinee-conakry\/wp-json\/wp\/v2\/posts\/17828","targetHints":{"allow":["GET"]}}],"collection":[{"href":"https:\/\/www.africa-press.net\/guinee-conakry\/wp-json\/wp\/v2\/posts"}],"about":[{"href":"https:\/\/www.africa-press.net\/guinee-conakry\/wp-json\/wp\/v2\/types\/post"}],"author":[{"embeddable":true,"href":"https:\/\/www.africa-press.net\/guinee-conakry\/wp-json\/wp\/v2\/users\/82"}],"replies":[{"embeddable":true,"href":"https:\/\/www.africa-press.net\/guinee-conakry\/wp-json\/wp\/v2\/comments?post=17828"}],"version-history":[{"count":0,"href":"https:\/\/www.africa-press.net\/guinee-conakry\/wp-json\/wp\/v2\/posts\/17828\/revisions"}],"wp:featuredmedia":[{"embeddable":true,"href":"https:\/\/www.africa-press.net\/guinee-conakry\/wp-json\/wp\/v2\/media\/17827"}],"wp:attachment":[{"href":"https:\/\/www.africa-press.net\/guinee-conakry\/wp-json\/wp\/v2\/media?parent=17828"}],"wp:term":[{"taxonomy":"category","embeddable":true,"href":"https:\/\/www.africa-press.net\/guinee-conakry\/wp-json\/wp\/v2\/categories?post=17828"},{"taxonomy":"post_tag","embeddable":true,"href":"https:\/\/www.africa-press.net\/guinee-conakry\/wp-json\/wp\/v2\/tags?post=17828"}],"curies":[{"name":"wp","href":"https:\/\/api.w.org\/{rel}","templated":true}]}}