{"id":17832,"date":"2023-12-14T20:18:00","date_gmt":"2023-12-14T20:18:00","guid":{"rendered":"https:\/\/www.africa-press.net\/guinee-conakry\/politique\/khaite-sall-monte-en-grade-et-devient-numero-deux-du-ministere-de-la-sante"},"modified":"2023-12-14T20:18:00","modified_gmt":"2023-12-14T20:18:00","slug":"khaite-sall-monte-en-grade-et-devient-numero-deux-du-ministere-de-la-sante","status":"publish","type":"post","link":"https:\/\/www.africa-press.net\/guinee-conakry\/politique\/khaite-sall-monte-en-grade-et-devient-numero-deux-du-ministere-de-la-sante","title":{"rendered":"Kha\u00eft\u00e9 Sall monte en grade et devient Num\u00e9ro deux du minist\u00e8re de la sant\u00e9"},"content":{"rendered":"<p><span style=\"color: #ff6600\"><strong>Africa-Press &#8211; Guin\u00e9e. <\/strong><\/span><b>Jusque-la\u0300 cheffe de cabinet du ministe\u0300re de la sante\u0301 et de l\u2019hygie\u0300ne publique, Khai\u0308te\u0301 Sall, titulaire d\u2019un Master en <\/b><b>a<\/b><b>dministration <\/b><b>p<\/b><b>ublique<\/b><b> avec une spe\u0301cialisation <\/b><b>en Administration des <\/b><b>s<\/b><b>oins de <\/b><b>s<\/b><b>ante\u0301, est de\u0301sormais la secre\u0301taire ge\u0301ne\u0301rale du ministe\u0300re de la Sante\u0301 et de l\u2019hygie\u0300ne publique. L\u2019annonce a e\u0301te\u0301 faite, ce mardi 12 de\u0301cembre, dans un de\u0301cret lu a\u0300 la te\u0301le\u0301vision nationale.<\/b><\/p>\n<p>C\u2019est une nouvelle promotion pour Khai\u0308te\u0301 Sall qui occupait depuis novembre 2021 le poste de cheffe de cabinet du ministe\u0300re de la sante\u0301 et de l\u2019hygie\u0300ne publique. Elle avait jusque-la\u0300 la lourde ta\u0302che de diriger et coordonner, entre autres, les activite\u0301s des services d\u2019appui du de\u0301partement, planifier les audiences, les missions et les discours du ministre, assurer la coordination des relations avec le secteur prive\u0301\/public, les institutions et les de\u0301partements sectoriels, organiser les conseils et les re\u0301unions du cabinet et assurer le suivi des de\u0301cisions du ministre.<\/p>\n<p>Titulaire d\u2019un Master en administration des services de sante\u0301 de Long Island University, New York, Brookville, la novelle secre\u0301taire ge\u0301ne\u0301rale du ministe\u0300re de la sante\u0301 et de l\u2019hygie\u0300ne publique doit son ascension au pre\u0301sident de la transition qui a renouvele\u0301 sa confiance en elle, mais aussi et surtout a\u0300 sa connaissance approfondie du travail avec les organismes gouvernementaux pour obtenir des re\u0301sultats exceptionnels, ses compe\u0301tences ave\u0301re\u0301es en analyse budge\u0301taire, gestion d\u2019e\u0301quipes, planification strate\u0301gique, audit et suivi des de\u0301partements.<\/p>\n<p>Avant sa nomination au poste de cheffe cde cabinet du ministe\u0300re de la sante\u0301 et de l\u2019hygie\u0300ne publique en novembre de 2021, Khaite\u0301 Sall a fait ses preuves a\u0300 l\u2019international. De de\u0301cembre 2019 a\u0300 novembre 2021, elle occupait le poste de directrice des services de sante\u0301 communautaire et des e\u0301quipes mobiles cliniques a\u0300 Federation of Organizations a\u0300 New York. Elle y assurait la surveillance hebdomadaire du de\u0301veloppement et de l\u2019e\u0301valuation du personnel et des programmes par le biais de la supervision.<\/p>\n<p>Elle e\u0301tait e\u0301galement en charge de l\u2019e\u0301laboration et de la surveillance des processus ope\u0301rationnels clairs en conformite\u0301 avec les lois fe\u0301de\u0301rales, e\u0301tatiques et locales, ainsi qu\u2019avec les politiques et proce\u0301dures de l\u2019agence, en effectuant des ve\u0301rifications mensuelles, des contro\u0302les des dossiers, et des examens trimestriels de la performance des programmes.<\/p>\n<p>De de\u0301cembre 2015 a\u0300 novembre 2019, la nouvelle secre\u0301taire ge\u0301ne\u0301rale du ministe\u0300re guine\u0301en de la sante\u0301 et de l\u2019hygie\u0300ne publique a e\u0301te\u0301 par ailleurs gestionnaire de programme des Equipes mobiles cliniques multidisciplinaires au compte de la Fe\u0301de\u0301ration des Organisations base\u0301e dans l\u2019Etat de New York.<\/p>\n<p><b>Pathe\u0301 BAH<\/b><\/p>\n<p><strong>Pour plus d&rsquo;informations et d&rsquo;analyses sur la <a href=\"https:\/\/www.africa-press.net\/guinee-conakry\">Guin\u00e9e<\/a>, suivez <a href=\"https:\/\/www.africa-press.net\/\">Africa-Press<\/a><\/strong><\/p>\n","protected":false},"excerpt":{"rendered":"<p>Africa-Press &#8211; Guin\u00e9e. Jusque-la\u0300 cheffe de cabinet du ministe\u0300re de la sante\u0301 et de l\u2019hygie\u0300ne publique, Khai\u0308te\u0301 Sall, titulaire d\u2019un Master en administration publique avec une spe\u0301cialisation en Administration des soins de sante\u0301, est de\u0301sormais la secre\u0301taire ge\u0301ne\u0301rale du ministe\u0300re de la Sante\u0301 et de l\u2019hygie\u0300ne publique. L\u2019annonce a e\u0301te\u0301 faite, ce mardi 12 de\u0301cembre, [&hellip;]<\/p>\n","protected":false},"author":82,"featured_media":17831,"comment_status":"open","ping_status":"closed","sticky":false,"template":"","format":"standard","meta":{"footnotes":""},"categories":[2,10],"tags":[36,57,58],"class_list":["post-17832","post","type-post","status-publish","format-standard","has-post-thumbnail","hentry","category-politique","category-toutes-les-actualites","tag-africa-press","tag-africa-press-guinee","tag-guinee"],"yoast_head":"<!-- This site is optimized with the Yoast SEO Premium plugin v26.1 (Yoast SEO v27.0) - https:\/\/yoast.com\/product\/yoast-seo-premium-wordpress\/ -->\n<title>Kha\u00eft\u00e9 Sall monte en grade et devient Num\u00e9ro deux du minist\u00e8re de la sant\u00e9 - guinee Conakry<\/title>\n<meta name=\"robots\" content=\"index, follow, max-snippet:-1, max-image-preview:large, max-video-preview:-1\" \/>\n<link rel=\"canonical\" href=\"https:\/\/www.africa-press.net\/guinee-conakry\/politique\/khaite-sall-monte-en-grade-et-devient-numero-deux-du-ministere-de-la-sante\" \/>\n<meta property=\"og:locale\" content=\"fr_FR\" \/>\n<meta property=\"og:type\" content=\"article\" \/>\n<meta property=\"og:title\" content=\"Kha\u00eft\u00e9 Sall monte en grade et devient Num\u00e9ro deux du minist\u00e8re de la sant\u00e9\" \/>\n<meta property=\"og:description\" content=\"Africa-Press &#8211; Guin\u00e9e. Jusque-la\u0300 cheffe de cabinet du ministe\u0300re de la sante\u0301 et de l\u2019hygie\u0300ne publique, Khai\u0308te\u0301 Sall, titulaire d\u2019un Master en administration publique avec une spe\u0301cialisation en Administration des soins de sante\u0301, est de\u0301sormais la secre\u0301taire ge\u0301ne\u0301rale du ministe\u0300re de la Sante\u0301 et de l\u2019hygie\u0300ne publique. L\u2019annonce a e\u0301te\u0301 faite, ce mardi 12 de\u0301cembre, [&hellip;]\" \/>\n<meta property=\"og:url\" content=\"https:\/\/www.africa-press.net\/guinee-conakry\/politique\/khaite-sall-monte-en-grade-et-devient-numero-deux-du-ministere-de-la-sante\" \/>\n<meta property=\"og:site_name\" content=\"guinee Conakry\" \/>\n<meta property=\"article:published_time\" content=\"2023-12-14T20:18:00+00:00\" \/>\n<meta name=\"author\" content=\"cfeditorfr\" \/>\n<meta name=\"twitter:card\" content=\"summary_large_image\" \/>\n<meta name=\"twitter:label1\" content=\"\u00c9crit par\" \/>\n\t<meta name=\"twitter:data1\" content=\"cfeditorfr\" \/>\n\t<meta name=\"twitter:label2\" content=\"Dur\u00e9e de lecture estim\u00e9e\" \/>\n\t<meta name=\"twitter:data2\" content=\"2 minutes\" \/>\n<script type=\"application\/ld+json\" class=\"yoast-schema-graph\">{\"@context\":\"https:\/\/schema.org\",\"@graph\":[{\"@type\":\"Article\",\"@id\":\"https:\/\/www.africa-press.net\/guinee-conakry\/politique\/khaite-sall-monte-en-grade-et-devient-numero-deux-du-ministere-de-la-sante#article\",\"isPartOf\":{\"@id\":\"https:\/\/www.africa-press.net\/guinee-conakry\/politique\/khaite-sall-monte-en-grade-et-devient-numero-deux-du-ministere-de-la-sante\"},\"author\":{\"name\":\"cfeditorfr\",\"@id\":\"https:\/\/www.africa-press.net\/guinee-conakry\/#\/schema\/person\/2b1cf3cd81a31e3cd26889ca66d677f1\"},\"headline\":\"Kha\u00eft\u00e9 Sall monte en grade et devient Num\u00e9ro deux du minist\u00e8re de la sant\u00e9\",\"datePublished\":\"2023-12-14T20:18:00+00:00\",\"mainEntityOfPage\":{\"@id\":\"https:\/\/www.africa-press.net\/guinee-conakry\/politique\/khaite-sall-monte-en-grade-et-devient-numero-deux-du-ministere-de-la-sante\"},\"wordCount\":518,\"commentCount\":0,\"image\":{\"@id\":\"https:\/\/www.africa-press.net\/guinee-conakry\/politique\/khaite-sall-monte-en-grade-et-devient-numero-deux-du-ministere-de-la-sante#primaryimage\"},\"thumbnailUrl\":\"https:\/\/static.africa-press.net\/conakry\/sites\/63\/2023\/12\/Jokar1702572522.483558.jpg\",\"keywords\":[\"Africa Press\",\"Africa Press-Guin\u00e9e\",\"Guin\u00e9e\"],\"articleSection\":[\"Politique\",\"Toutes les actualit\u00e9s\"],\"inLanguage\":\"fr-FR\",\"potentialAction\":[{\"@type\":\"CommentAction\",\"name\":\"Comment\",\"target\":[\"https:\/\/www.africa-press.net\/guinee-conakry\/politique\/khaite-sall-monte-en-grade-et-devient-numero-deux-du-ministere-de-la-sante#respond\"]}]},{\"@type\":\"WebPage\",\"@id\":\"https:\/\/www.africa-press.net\/guinee-conakry\/politique\/khaite-sall-monte-en-grade-et-devient-numero-deux-du-ministere-de-la-sante\",\"url\":\"https:\/\/www.africa-press.net\/guinee-conakry\/politique\/khaite-sall-monte-en-grade-et-devient-numero-deux-du-ministere-de-la-sante\",\"name\":\"Kha\u00eft\u00e9 Sall monte en grade et devient Num\u00e9ro deux du minist\u00e8re de la sant\u00e9 - guinee Conakry\",\"isPartOf\":{\"@id\":\"https:\/\/www.africa-press.net\/guinee-conakry\/#website\"},\"primaryImageOfPage\":{\"@id\":\"https:\/\/www.africa-press.net\/guinee-conakry\/politique\/khaite-sall-monte-en-grade-et-devient-numero-deux-du-ministere-de-la-sante#primaryimage\"},\"image\":{\"@id\":\"https:\/\/www.africa-press.net\/guinee-conakry\/politique\/khaite-sall-monte-en-grade-et-devient-numero-deux-du-ministere-de-la-sante#primaryimage\"},\"thumbnailUrl\":\"https:\/\/static.africa-press.net\/conakry\/sites\/63\/2023\/12\/Jokar1702572522.483558.jpg\",\"datePublished\":\"2023-12-14T20:18:00+00:00\",\"author\":{\"@id\":\"https:\/\/www.africa-press.net\/guinee-conakry\/#\/schema\/person\/2b1cf3cd81a31e3cd26889ca66d677f1\"},\"breadcrumb\":{\"@id\":\"https:\/\/www.africa-press.net\/guinee-conakry\/politique\/khaite-sall-monte-en-grade-et-devient-numero-deux-du-ministere-de-la-sante#breadcrumb\"},\"inLanguage\":\"fr-FR\",\"potentialAction\":[{\"@type\":\"ReadAction\",\"target\":[\"https:\/\/www.africa-press.net\/guinee-conakry\/politique\/khaite-sall-monte-en-grade-et-devient-numero-deux-du-ministere-de-la-sante\"]}]},{\"@type\":\"ImageObject\",\"inLanguage\":\"fr-FR\",\"@id\":\"https:\/\/www.africa-press.net\/guinee-conakry\/politique\/khaite-sall-monte-en-grade-et-devient-numero-deux-du-ministere-de-la-sante#primaryimage\",\"url\":\"https:\/\/static.africa-press.net\/conakry\/sites\/63\/2023\/12\/Jokar1702572522.483558.jpg\",\"contentUrl\":\"https:\/\/static.africa-press.net\/conakry\/sites\/63\/2023\/12\/Jokar1702572522.483558.jpg\",\"width\":1024,\"height\":683,\"caption\":\"Kha\u00eft\u00e9 Sall monte en grade et devient Num\u00e9ro deux du minist\u00e8re de la sant\u00e9\"},{\"@type\":\"BreadcrumbList\",\"@id\":\"https:\/\/www.africa-press.net\/guinee-conakry\/politique\/khaite-sall-monte-en-grade-et-devient-numero-deux-du-ministere-de-la-sante#breadcrumb\",\"itemListElement\":[{\"@type\":\"ListItem\",\"position\":1,\"name\":\"Accueil\",\"item\":\"https:\/\/www.africa-press.net\/guinee-conakry\/\"},{\"@type\":\"ListItem\",\"position\":2,\"name\":\"Kha\u00eft\u00e9 Sall monte en grade et devient Num\u00e9ro deux du minist\u00e8re de la sant\u00e9\"}]},{\"@type\":\"WebSite\",\"@id\":\"https:\/\/www.africa-press.net\/guinee-conakry\/#website\",\"url\":\"https:\/\/www.africa-press.net\/guinee-conakry\/\",\"name\":\"guinee Conakry\",\"description\":\"Just another Africa News Agency Sites site\",\"potentialAction\":[{\"@type\":\"SearchAction\",\"target\":{\"@type\":\"EntryPoint\",\"urlTemplate\":\"https:\/\/www.africa-press.net\/guinee-conakry\/?s={search_term_string}\"},\"query-input\":{\"@type\":\"PropertyValueSpecification\",\"valueRequired\":true,\"valueName\":\"search_term_string\"}}],\"inLanguage\":\"fr-FR\"},{\"@type\":\"Person\",\"@id\":\"https:\/\/www.africa-press.net\/guinee-conakry\/#\/schema\/person\/2b1cf3cd81a31e3cd26889ca66d677f1\",\"name\":\"cfeditorfr\"}]}<\/script>\n<!-- \/ Yoast SEO Premium plugin. -->","yoast_head_json":{"title":"Kha\u00eft\u00e9 Sall monte en grade et devient Num\u00e9ro deux du minist\u00e8re de la sant\u00e9 - guinee Conakry","robots":{"index":"index","follow":"follow","max-snippet":"max-snippet:-1","max-image-preview":"max-image-preview:large","max-video-preview":"max-video-preview:-1"},"canonical":"https:\/\/www.africa-press.net\/guinee-conakry\/politique\/khaite-sall-monte-en-grade-et-devient-numero-deux-du-ministere-de-la-sante","og_locale":"fr_FR","og_type":"article","og_title":"Kha\u00eft\u00e9 Sall monte en grade et devient Num\u00e9ro deux du minist\u00e8re de la sant\u00e9","og_description":"Africa-Press &#8211; Guin\u00e9e. Jusque-la\u0300 cheffe de cabinet du ministe\u0300re de la sante\u0301 et de l\u2019hygie\u0300ne publique, Khai\u0308te\u0301 Sall, titulaire d\u2019un Master en administration publique avec une spe\u0301cialisation en Administration des soins de sante\u0301, est de\u0301sormais la secre\u0301taire ge\u0301ne\u0301rale du ministe\u0300re de la Sante\u0301 et de l\u2019hygie\u0300ne publique. L\u2019annonce a e\u0301te\u0301 faite, ce mardi 12 de\u0301cembre, [&hellip;]","og_url":"https:\/\/www.africa-press.net\/guinee-conakry\/politique\/khaite-sall-monte-en-grade-et-devient-numero-deux-du-ministere-de-la-sante","og_site_name":"guinee Conakry","article_published_time":"2023-12-14T20:18:00+00:00","author":"cfeditorfr","twitter_card":"summary_large_image","twitter_misc":{"\u00c9crit par":"cfeditorfr","Dur\u00e9e de lecture estim\u00e9e":"2 minutes"},"schema":{"@context":"https:\/\/schema.org","@graph":[{"@type":"Article","@id":"https:\/\/www.africa-press.net\/guinee-conakry\/politique\/khaite-sall-monte-en-grade-et-devient-numero-deux-du-ministere-de-la-sante#article","isPartOf":{"@id":"https:\/\/www.africa-press.net\/guinee-conakry\/politique\/khaite-sall-monte-en-grade-et-devient-numero-deux-du-ministere-de-la-sante"},"author":{"name":"cfeditorfr","@id":"https:\/\/www.africa-press.net\/guinee-conakry\/#\/schema\/person\/2b1cf3cd81a31e3cd26889ca66d677f1"},"headline":"Kha\u00eft\u00e9 Sall monte en grade et devient Num\u00e9ro deux du minist\u00e8re de la sant\u00e9","datePublished":"2023-12-14T20:18:00+00:00","mainEntityOfPage":{"@id":"https:\/\/www.africa-press.net\/guinee-conakry\/politique\/khaite-sall-monte-en-grade-et-devient-numero-deux-du-ministere-de-la-sante"},"wordCount":518,"commentCount":0,"image":{"@id":"https:\/\/www.africa-press.net\/guinee-conakry\/politique\/khaite-sall-monte-en-grade-et-devient-numero-deux-du-ministere-de-la-sante#primaryimage"},"thumbnailUrl":"https:\/\/static.africa-press.net\/conakry\/sites\/63\/2023\/12\/Jokar1702572522.483558.jpg","keywords":["Africa Press","Africa Press-Guin\u00e9e","Guin\u00e9e"],"articleSection":["Politique","Toutes les actualit\u00e9s"],"inLanguage":"fr-FR","potentialAction":[{"@type":"CommentAction","name":"Comment","target":["https:\/\/www.africa-press.net\/guinee-conakry\/politique\/khaite-sall-monte-en-grade-et-devient-numero-deux-du-ministere-de-la-sante#respond"]}]},{"@type":"WebPage","@id":"https:\/\/www.africa-press.net\/guinee-conakry\/politique\/khaite-sall-monte-en-grade-et-devient-numero-deux-du-ministere-de-la-sante","url":"https:\/\/www.africa-press.net\/guinee-conakry\/politique\/khaite-sall-monte-en-grade-et-devient-numero-deux-du-ministere-de-la-sante","name":"Kha\u00eft\u00e9 Sall monte en grade et devient Num\u00e9ro deux du minist\u00e8re de la sant\u00e9 - guinee Conakry","isPartOf":{"@id":"https:\/\/www.africa-press.net\/guinee-conakry\/#website"},"primaryImageOfPage":{"@id":"https:\/\/www.africa-press.net\/guinee-conakry\/politique\/khaite-sall-monte-en-grade-et-devient-numero-deux-du-ministere-de-la-sante#primaryimage"},"image":{"@id":"https:\/\/www.africa-press.net\/guinee-conakry\/politique\/khaite-sall-monte-en-grade-et-devient-numero-deux-du-ministere-de-la-sante#primaryimage"},"thumbnailUrl":"https:\/\/static.africa-press.net\/conakry\/sites\/63\/2023\/12\/Jokar1702572522.483558.jpg","datePublished":"2023-12-14T20:18:00+00:00","author":{"@id":"https:\/\/www.africa-press.net\/guinee-conakry\/#\/schema\/person\/2b1cf3cd81a31e3cd26889ca66d677f1"},"breadcrumb":{"@id":"https:\/\/www.africa-press.net\/guinee-conakry\/politique\/khaite-sall-monte-en-grade-et-devient-numero-deux-du-ministere-de-la-sante#breadcrumb"},"inLanguage":"fr-FR","potentialAction":[{"@type":"ReadAction","target":["https:\/\/www.africa-press.net\/guinee-conakry\/politique\/khaite-sall-monte-en-grade-et-devient-numero-deux-du-ministere-de-la-sante"]}]},{"@type":"ImageObject","inLanguage":"fr-FR","@id":"https:\/\/www.africa-press.net\/guinee-conakry\/politique\/khaite-sall-monte-en-grade-et-devient-numero-deux-du-ministere-de-la-sante#primaryimage","url":"https:\/\/static.africa-press.net\/conakry\/sites\/63\/2023\/12\/Jokar1702572522.483558.jpg","contentUrl":"https:\/\/static.africa-press.net\/conakry\/sites\/63\/2023\/12\/Jokar1702572522.483558.jpg","width":1024,"height":683,"caption":"Kha\u00eft\u00e9 Sall monte en grade et devient Num\u00e9ro deux du minist\u00e8re de la sant\u00e9"},{"@type":"BreadcrumbList","@id":"https:\/\/www.africa-press.net\/guinee-conakry\/politique\/khaite-sall-monte-en-grade-et-devient-numero-deux-du-ministere-de-la-sante#breadcrumb","itemListElement":[{"@type":"ListItem","position":1,"name":"Accueil","item":"https:\/\/www.africa-press.net\/guinee-conakry\/"},{"@type":"ListItem","position":2,"name":"Kha\u00eft\u00e9 Sall monte en grade et devient Num\u00e9ro deux du minist\u00e8re de la sant\u00e9"}]},{"@type":"WebSite","@id":"https:\/\/www.africa-press.net\/guinee-conakry\/#website","url":"https:\/\/www.africa-press.net\/guinee-conakry\/","name":"guinee Conakry","description":"Just another Africa News Agency Sites site","potentialAction":[{"@type":"SearchAction","target":{"@type":"EntryPoint","urlTemplate":"https:\/\/www.africa-press.net\/guinee-conakry\/?s={search_term_string}"},"query-input":{"@type":"PropertyValueSpecification","valueRequired":true,"valueName":"search_term_string"}}],"inLanguage":"fr-FR"},{"@type":"Person","@id":"https:\/\/www.africa-press.net\/guinee-conakry\/#\/schema\/person\/2b1cf3cd81a31e3cd26889ca66d677f1","name":"cfeditorfr"}]}},"_links":{"self":[{"href":"https:\/\/www.africa-press.net\/guinee-conakry\/wp-json\/wp\/v2\/posts\/17832","targetHints":{"allow":["GET"]}}],"collection":[{"href":"https:\/\/www.africa-press.net\/guinee-conakry\/wp-json\/wp\/v2\/posts"}],"about":[{"href":"https:\/\/www.africa-press.net\/guinee-conakry\/wp-json\/wp\/v2\/types\/post"}],"author":[{"embeddable":true,"href":"https:\/\/www.africa-press.net\/guinee-conakry\/wp-json\/wp\/v2\/users\/82"}],"replies":[{"embeddable":true,"href":"https:\/\/www.africa-press.net\/guinee-conakry\/wp-json\/wp\/v2\/comments?post=17832"}],"version-history":[{"count":0,"href":"https:\/\/www.africa-press.net\/guinee-conakry\/wp-json\/wp\/v2\/posts\/17832\/revisions"}],"wp:featuredmedia":[{"embeddable":true,"href":"https:\/\/www.africa-press.net\/guinee-conakry\/wp-json\/wp\/v2\/media\/17831"}],"wp:attachment":[{"href":"https:\/\/www.africa-press.net\/guinee-conakry\/wp-json\/wp\/v2\/media?parent=17832"}],"wp:term":[{"taxonomy":"category","embeddable":true,"href":"https:\/\/www.africa-press.net\/guinee-conakry\/wp-json\/wp\/v2\/categories?post=17832"},{"taxonomy":"post_tag","embeddable":true,"href":"https:\/\/www.africa-press.net\/guinee-conakry\/wp-json\/wp\/v2\/tags?post=17832"}],"curies":[{"name":"wp","href":"https:\/\/api.w.org\/{rel}","templated":true}]}}