{"id":17834,"date":"2023-12-14T20:19:00","date_gmt":"2023-12-14T20:19:00","guid":{"rendered":"https:\/\/www.africa-press.net\/guinee-conakry\/politique\/coupures-intempestives-delectricite-il-ny-a-pas-de-delestages-a-conakry-selon-edg"},"modified":"2023-12-14T20:19:00","modified_gmt":"2023-12-14T20:19:00","slug":"coupures-intempestives-delectricite-il-ny-a-pas-de-delestages-a-conakry-selon-edg","status":"publish","type":"post","link":"https:\/\/www.africa-press.net\/guinee-conakry\/toutes-les-actualites\/coupures-intempestives-delectricite-il-ny-a-pas-de-delestages-a-conakry-selon-edg","title":{"rendered":"Coupures intempestives d\u2019\u00e9lectricit\u00e9 : \u2018\u2019il n\u2019y a pas de d\u00e9lestages \u00e0 Conakry\u2019\u2019, selon EDG"},"content":{"rendered":"<p><span style=\"color: #ff6600\"><strong>Africa-Press &#8211; Guin\u00e9e. <\/strong><\/span>Face aux coupures intempestives d\u2019e\u0301lectricite\u0301 qui deviennent de plus en plus re\u0301currentes dans les foyers a\u0300 Conakry, le directeur ge\u0301ne\u0301ral adjoint de l\u2019E\u0301lectricite\u0301 de Guine\u0301e (EDG) e\u0301tait devant les e\u0301lus et les citoyens de la commune de Matoto pour tenter d\u2019expliquer les causes.<\/p>\n<p>La rencontre a eu lieu le mardi 12 de\u0301cembre entre les responsables d\u2019EDG, la mairie de Matoto et les populations de cette commune. Le directeur Abdoulaye Kone\u0301 a laisse\u0301 entendre que ce proble\u0300me est du\u0302 a\u0300 la surcharge des transformateurs en raison des branchements clandestins.<\/p>\n<p>Le maire de la commune Matoto, Mamadouba Toss Camara a indique\u0301 qu\u2019il \u2018\u2019y a des manifestations re\u0301currentes lie\u0301es aux de\u0301lestages du courant e\u0301lectrique dans les quartiers. Pour pallier cela, l\u2019autorite\u0301 communale a juge\u0301 ne\u0301cessaire de se rapprocher des responsables d\u2019EDG afin de tenir une journe\u0301e porte ouverte pour qu\u2019on puisse discuter pour connai\u0302tre les diffe\u0301rentes causes des proble\u0300mes lie\u0301s a\u0300 la desserte du courant\u2019\u2019.<\/p>\n<p>Pour le maire, \u2018\u2019le dialogue a e\u0301te\u0301 franc parce que chacun a compris ce qu\u2019il doit faire pour e\u0301viter que les me\u0302mes proble\u0300mes se re\u0301pe\u0300tent\u2019\u2019.<\/p>\n<p>Dans son intervention, le DGA de l\u2019EDG Abdoulaye Kone\u0301 a remercie\u0301 le maire pour avoir initie\u0301 une telle rencontre entre la socie\u0301te\u0301 en charge de la distribution d\u2019e\u0301lectricite\u0301 et les populations de Matoto.<\/p>\n<p>\u2018\u2019Il n\u2019y a pas de de\u0301lestage a\u0300 Conakry. Il n\u2019y a que des pannes lie\u0301es a\u0300 la surcharge des transformateurs en plus la mauvaise utilisation du courant par des citoyens qui ne payent pas les factures et qui s\u2019en fichent de l\u2019utilisation raisonnable du courant. Voila\u0300 ce qui cre\u0301e des pannes au niveau des transformateurs\u2019\u2019 ,explique Abdoulaye Kone\u0301..<\/p>\n<p>Il annonce que dans les prochains jours, \u2018\u2019on va travailler avec les chefs de quartier pour identifier tous les citoyens consommateurs d\u2019e\u0301nergie e\u0301lectrique sans abonnement. Quand on est abonne\u0301, on utilise le courant de fac\u0327on rationnelle. La meilleure solution que nous avons propose\u0301e, c\u2019est le compteur a\u0300 pre\u0301paiement qu\u2019ils vont ge\u0301rer comme leurs propres te\u0301le\u0301phones en rechargeant\u2019\u2019.<\/p>\n<p>Salimatou BALDE<\/p>\n<p><strong>Pour plus d&rsquo;informations et d&rsquo;analyses sur la <a href=\"https:\/\/www.africa-press.net\/guinee-conakry\">Guin\u00e9e<\/a>, suivez <a href=\"https:\/\/www.africa-press.net\/\">Africa-Press<\/a><\/strong><\/p>\n","protected":false},"excerpt":{"rendered":"<p>Africa-Press &#8211; Guin\u00e9e. Face aux coupures intempestives d\u2019e\u0301lectricite\u0301 qui deviennent de plus en plus re\u0301currentes dans les foyers a\u0300 Conakry, le directeur ge\u0301ne\u0301ral adjoint de l\u2019E\u0301lectricite\u0301 de Guine\u0301e (EDG) e\u0301tait devant les e\u0301lus et les citoyens de la commune de Matoto pour tenter d\u2019expliquer les causes. La rencontre a eu lieu le mardi 12 de\u0301cembre [&hellip;]<\/p>\n","protected":false},"author":82,"featured_media":17833,"comment_status":"open","ping_status":"closed","sticky":false,"template":"","format":"standard","meta":{"footnotes":""},"categories":[21,10],"tags":[36,57,58],"class_list":["post-17834","post","type-post","status-publish","format-standard","has-post-thumbnail","hentry","category-communaute","category-toutes-les-actualites","tag-africa-press","tag-africa-press-guinee","tag-guinee"],"yoast_head":"<!-- This site is optimized with the Yoast SEO Premium plugin v26.1 (Yoast SEO v27.0) - https:\/\/yoast.com\/product\/yoast-seo-premium-wordpress\/ -->\n<title>Coupures intempestives d\u2019\u00e9lectricit\u00e9 : \u2018\u2019il n\u2019y a pas de d\u00e9lestages \u00e0 Conakry\u2019\u2019, selon EDG - guinee Conakry<\/title>\n<meta name=\"robots\" content=\"index, follow, max-snippet:-1, max-image-preview:large, max-video-preview:-1\" \/>\n<link rel=\"canonical\" href=\"https:\/\/www.africa-press.net\/guinee-conakry\/politique\/coupures-intempestives-delectricite-il-ny-a-pas-de-delestages-a-conakry-selon-edg\" \/>\n<meta property=\"og:locale\" content=\"fr_FR\" \/>\n<meta property=\"og:type\" content=\"article\" \/>\n<meta property=\"og:title\" content=\"Coupures intempestives d\u2019\u00e9lectricit\u00e9 : \u2018\u2019il n\u2019y a pas de d\u00e9lestages \u00e0 Conakry\u2019\u2019, selon EDG\" \/>\n<meta property=\"og:description\" content=\"Africa-Press &#8211; Guin\u00e9e. Face aux coupures intempestives d\u2019e\u0301lectricite\u0301 qui deviennent de plus en plus re\u0301currentes dans les foyers a\u0300 Conakry, le directeur ge\u0301ne\u0301ral adjoint de l\u2019E\u0301lectricite\u0301 de Guine\u0301e (EDG) e\u0301tait devant les e\u0301lus et les citoyens de la commune de Matoto pour tenter d\u2019expliquer les causes. La rencontre a eu lieu le mardi 12 de\u0301cembre [&hellip;]\" \/>\n<meta property=\"og:url\" content=\"https:\/\/www.africa-press.net\/guinee-conakry\/politique\/coupures-intempestives-delectricite-il-ny-a-pas-de-delestages-a-conakry-selon-edg\" \/>\n<meta property=\"og:site_name\" content=\"guinee Conakry\" \/>\n<meta property=\"article:published_time\" content=\"2023-12-14T20:19:00+00:00\" \/>\n<meta name=\"author\" content=\"cfeditorfr\" \/>\n<meta name=\"twitter:card\" content=\"summary_large_image\" \/>\n<meta name=\"twitter:label1\" content=\"\u00c9crit par\" \/>\n\t<meta name=\"twitter:data1\" content=\"cfeditorfr\" \/>\n\t<meta name=\"twitter:label2\" content=\"Dur\u00e9e de lecture estim\u00e9e\" \/>\n\t<meta name=\"twitter:data2\" content=\"2 minutes\" \/>\n<script type=\"application\/ld+json\" class=\"yoast-schema-graph\">{\"@context\":\"https:\/\/schema.org\",\"@graph\":[{\"@type\":\"Article\",\"@id\":\"https:\/\/www.africa-press.net\/guinee-conakry\/politique\/coupures-intempestives-delectricite-il-ny-a-pas-de-delestages-a-conakry-selon-edg#article\",\"isPartOf\":{\"@id\":\"https:\/\/www.africa-press.net\/guinee-conakry\/politique\/coupures-intempestives-delectricite-il-ny-a-pas-de-delestages-a-conakry-selon-edg\"},\"author\":{\"name\":\"cfeditorfr\",\"@id\":\"https:\/\/www.africa-press.net\/guinee-conakry\/#\/schema\/person\/2b1cf3cd81a31e3cd26889ca66d677f1\"},\"headline\":\"Coupures intempestives d\u2019\u00e9lectricit\u00e9 : \u2018\u2019il n\u2019y a pas de d\u00e9lestages \u00e0 Conakry\u2019\u2019, selon EDG\",\"datePublished\":\"2023-12-14T20:19:00+00:00\",\"mainEntityOfPage\":{\"@id\":\"https:\/\/www.africa-press.net\/guinee-conakry\/politique\/coupures-intempestives-delectricite-il-ny-a-pas-de-delestages-a-conakry-selon-edg\"},\"wordCount\":415,\"commentCount\":0,\"image\":{\"@id\":\"https:\/\/www.africa-press.net\/guinee-conakry\/politique\/coupures-intempestives-delectricite-il-ny-a-pas-de-delestages-a-conakry-selon-edg#primaryimage\"},\"thumbnailUrl\":\"https:\/\/static.africa-press.net\/conakry\/sites\/63\/2023\/12\/Jokar1702572578.013249.jpg\",\"keywords\":[\"Africa Press\",\"Africa Press-Guin\u00e9e\",\"Guin\u00e9e\"],\"articleSection\":[\"Communaut\u00e9\",\"Toutes les actualit\u00e9s\"],\"inLanguage\":\"fr-FR\",\"potentialAction\":[{\"@type\":\"CommentAction\",\"name\":\"Comment\",\"target\":[\"https:\/\/www.africa-press.net\/guinee-conakry\/politique\/coupures-intempestives-delectricite-il-ny-a-pas-de-delestages-a-conakry-selon-edg#respond\"]}]},{\"@type\":\"WebPage\",\"@id\":\"https:\/\/www.africa-press.net\/guinee-conakry\/politique\/coupures-intempestives-delectricite-il-ny-a-pas-de-delestages-a-conakry-selon-edg\",\"url\":\"https:\/\/www.africa-press.net\/guinee-conakry\/politique\/coupures-intempestives-delectricite-il-ny-a-pas-de-delestages-a-conakry-selon-edg\",\"name\":\"Coupures intempestives d\u2019\u00e9lectricit\u00e9 : \u2018\u2019il n\u2019y a pas de d\u00e9lestages \u00e0 Conakry\u2019\u2019, selon EDG - guinee Conakry\",\"isPartOf\":{\"@id\":\"https:\/\/www.africa-press.net\/guinee-conakry\/#website\"},\"primaryImageOfPage\":{\"@id\":\"https:\/\/www.africa-press.net\/guinee-conakry\/politique\/coupures-intempestives-delectricite-il-ny-a-pas-de-delestages-a-conakry-selon-edg#primaryimage\"},\"image\":{\"@id\":\"https:\/\/www.africa-press.net\/guinee-conakry\/politique\/coupures-intempestives-delectricite-il-ny-a-pas-de-delestages-a-conakry-selon-edg#primaryimage\"},\"thumbnailUrl\":\"https:\/\/static.africa-press.net\/conakry\/sites\/63\/2023\/12\/Jokar1702572578.013249.jpg\",\"datePublished\":\"2023-12-14T20:19:00+00:00\",\"author\":{\"@id\":\"https:\/\/www.africa-press.net\/guinee-conakry\/#\/schema\/person\/2b1cf3cd81a31e3cd26889ca66d677f1\"},\"breadcrumb\":{\"@id\":\"https:\/\/www.africa-press.net\/guinee-conakry\/politique\/coupures-intempestives-delectricite-il-ny-a-pas-de-delestages-a-conakry-selon-edg#breadcrumb\"},\"inLanguage\":\"fr-FR\",\"potentialAction\":[{\"@type\":\"ReadAction\",\"target\":[\"https:\/\/www.africa-press.net\/guinee-conakry\/politique\/coupures-intempestives-delectricite-il-ny-a-pas-de-delestages-a-conakry-selon-edg\"]}]},{\"@type\":\"ImageObject\",\"inLanguage\":\"fr-FR\",\"@id\":\"https:\/\/www.africa-press.net\/guinee-conakry\/politique\/coupures-intempestives-delectricite-il-ny-a-pas-de-delestages-a-conakry-selon-edg#primaryimage\",\"url\":\"https:\/\/static.africa-press.net\/conakry\/sites\/63\/2023\/12\/Jokar1702572578.013249.jpg\",\"contentUrl\":\"https:\/\/static.africa-press.net\/conakry\/sites\/63\/2023\/12\/Jokar1702572578.013249.jpg\",\"width\":1024,\"height\":768,\"caption\":\"Coupures intempestives d\u2019\u00e9lectricit\u00e9 : \u2018\u2019il n\u2019y a pas de d\u00e9lestages \u00e0 Conakry\u2019\u2019, selon EDG\"},{\"@type\":\"BreadcrumbList\",\"@id\":\"https:\/\/www.africa-press.net\/guinee-conakry\/politique\/coupures-intempestives-delectricite-il-ny-a-pas-de-delestages-a-conakry-selon-edg#breadcrumb\",\"itemListElement\":[{\"@type\":\"ListItem\",\"position\":1,\"name\":\"Accueil\",\"item\":\"https:\/\/www.africa-press.net\/guinee-conakry\/\"},{\"@type\":\"ListItem\",\"position\":2,\"name\":\"Coupures intempestives d\u2019\u00e9lectricit\u00e9 : \u2018\u2019il n\u2019y a pas de d\u00e9lestages \u00e0 Conakry\u2019\u2019, selon EDG\"}]},{\"@type\":\"WebSite\",\"@id\":\"https:\/\/www.africa-press.net\/guinee-conakry\/#website\",\"url\":\"https:\/\/www.africa-press.net\/guinee-conakry\/\",\"name\":\"guinee Conakry\",\"description\":\"Just another Africa News Agency Sites site\",\"potentialAction\":[{\"@type\":\"SearchAction\",\"target\":{\"@type\":\"EntryPoint\",\"urlTemplate\":\"https:\/\/www.africa-press.net\/guinee-conakry\/?s={search_term_string}\"},\"query-input\":{\"@type\":\"PropertyValueSpecification\",\"valueRequired\":true,\"valueName\":\"search_term_string\"}}],\"inLanguage\":\"fr-FR\"},{\"@type\":\"Person\",\"@id\":\"https:\/\/www.africa-press.net\/guinee-conakry\/#\/schema\/person\/2b1cf3cd81a31e3cd26889ca66d677f1\",\"name\":\"cfeditorfr\"}]}<\/script>\n<!-- \/ Yoast SEO Premium plugin. -->","yoast_head_json":{"title":"Coupures intempestives d\u2019\u00e9lectricit\u00e9 : \u2018\u2019il n\u2019y a pas de d\u00e9lestages \u00e0 Conakry\u2019\u2019, selon EDG - guinee Conakry","robots":{"index":"index","follow":"follow","max-snippet":"max-snippet:-1","max-image-preview":"max-image-preview:large","max-video-preview":"max-video-preview:-1"},"canonical":"https:\/\/www.africa-press.net\/guinee-conakry\/politique\/coupures-intempestives-delectricite-il-ny-a-pas-de-delestages-a-conakry-selon-edg","og_locale":"fr_FR","og_type":"article","og_title":"Coupures intempestives d\u2019\u00e9lectricit\u00e9 : \u2018\u2019il n\u2019y a pas de d\u00e9lestages \u00e0 Conakry\u2019\u2019, selon EDG","og_description":"Africa-Press &#8211; Guin\u00e9e. Face aux coupures intempestives d\u2019e\u0301lectricite\u0301 qui deviennent de plus en plus re\u0301currentes dans les foyers a\u0300 Conakry, le directeur ge\u0301ne\u0301ral adjoint de l\u2019E\u0301lectricite\u0301 de Guine\u0301e (EDG) e\u0301tait devant les e\u0301lus et les citoyens de la commune de Matoto pour tenter d\u2019expliquer les causes. La rencontre a eu lieu le mardi 12 de\u0301cembre [&hellip;]","og_url":"https:\/\/www.africa-press.net\/guinee-conakry\/politique\/coupures-intempestives-delectricite-il-ny-a-pas-de-delestages-a-conakry-selon-edg","og_site_name":"guinee Conakry","article_published_time":"2023-12-14T20:19:00+00:00","author":"cfeditorfr","twitter_card":"summary_large_image","twitter_misc":{"\u00c9crit par":"cfeditorfr","Dur\u00e9e de lecture estim\u00e9e":"2 minutes"},"schema":{"@context":"https:\/\/schema.org","@graph":[{"@type":"Article","@id":"https:\/\/www.africa-press.net\/guinee-conakry\/politique\/coupures-intempestives-delectricite-il-ny-a-pas-de-delestages-a-conakry-selon-edg#article","isPartOf":{"@id":"https:\/\/www.africa-press.net\/guinee-conakry\/politique\/coupures-intempestives-delectricite-il-ny-a-pas-de-delestages-a-conakry-selon-edg"},"author":{"name":"cfeditorfr","@id":"https:\/\/www.africa-press.net\/guinee-conakry\/#\/schema\/person\/2b1cf3cd81a31e3cd26889ca66d677f1"},"headline":"Coupures intempestives d\u2019\u00e9lectricit\u00e9 : \u2018\u2019il n\u2019y a pas de d\u00e9lestages \u00e0 Conakry\u2019\u2019, selon EDG","datePublished":"2023-12-14T20:19:00+00:00","mainEntityOfPage":{"@id":"https:\/\/www.africa-press.net\/guinee-conakry\/politique\/coupures-intempestives-delectricite-il-ny-a-pas-de-delestages-a-conakry-selon-edg"},"wordCount":415,"commentCount":0,"image":{"@id":"https:\/\/www.africa-press.net\/guinee-conakry\/politique\/coupures-intempestives-delectricite-il-ny-a-pas-de-delestages-a-conakry-selon-edg#primaryimage"},"thumbnailUrl":"https:\/\/static.africa-press.net\/conakry\/sites\/63\/2023\/12\/Jokar1702572578.013249.jpg","keywords":["Africa Press","Africa Press-Guin\u00e9e","Guin\u00e9e"],"articleSection":["Communaut\u00e9","Toutes les actualit\u00e9s"],"inLanguage":"fr-FR","potentialAction":[{"@type":"CommentAction","name":"Comment","target":["https:\/\/www.africa-press.net\/guinee-conakry\/politique\/coupures-intempestives-delectricite-il-ny-a-pas-de-delestages-a-conakry-selon-edg#respond"]}]},{"@type":"WebPage","@id":"https:\/\/www.africa-press.net\/guinee-conakry\/politique\/coupures-intempestives-delectricite-il-ny-a-pas-de-delestages-a-conakry-selon-edg","url":"https:\/\/www.africa-press.net\/guinee-conakry\/politique\/coupures-intempestives-delectricite-il-ny-a-pas-de-delestages-a-conakry-selon-edg","name":"Coupures intempestives d\u2019\u00e9lectricit\u00e9 : \u2018\u2019il n\u2019y a pas de d\u00e9lestages \u00e0 Conakry\u2019\u2019, selon EDG - guinee Conakry","isPartOf":{"@id":"https:\/\/www.africa-press.net\/guinee-conakry\/#website"},"primaryImageOfPage":{"@id":"https:\/\/www.africa-press.net\/guinee-conakry\/politique\/coupures-intempestives-delectricite-il-ny-a-pas-de-delestages-a-conakry-selon-edg#primaryimage"},"image":{"@id":"https:\/\/www.africa-press.net\/guinee-conakry\/politique\/coupures-intempestives-delectricite-il-ny-a-pas-de-delestages-a-conakry-selon-edg#primaryimage"},"thumbnailUrl":"https:\/\/static.africa-press.net\/conakry\/sites\/63\/2023\/12\/Jokar1702572578.013249.jpg","datePublished":"2023-12-14T20:19:00+00:00","author":{"@id":"https:\/\/www.africa-press.net\/guinee-conakry\/#\/schema\/person\/2b1cf3cd81a31e3cd26889ca66d677f1"},"breadcrumb":{"@id":"https:\/\/www.africa-press.net\/guinee-conakry\/politique\/coupures-intempestives-delectricite-il-ny-a-pas-de-delestages-a-conakry-selon-edg#breadcrumb"},"inLanguage":"fr-FR","potentialAction":[{"@type":"ReadAction","target":["https:\/\/www.africa-press.net\/guinee-conakry\/politique\/coupures-intempestives-delectricite-il-ny-a-pas-de-delestages-a-conakry-selon-edg"]}]},{"@type":"ImageObject","inLanguage":"fr-FR","@id":"https:\/\/www.africa-press.net\/guinee-conakry\/politique\/coupures-intempestives-delectricite-il-ny-a-pas-de-delestages-a-conakry-selon-edg#primaryimage","url":"https:\/\/static.africa-press.net\/conakry\/sites\/63\/2023\/12\/Jokar1702572578.013249.jpg","contentUrl":"https:\/\/static.africa-press.net\/conakry\/sites\/63\/2023\/12\/Jokar1702572578.013249.jpg","width":1024,"height":768,"caption":"Coupures intempestives d\u2019\u00e9lectricit\u00e9 : \u2018\u2019il n\u2019y a pas de d\u00e9lestages \u00e0 Conakry\u2019\u2019, selon EDG"},{"@type":"BreadcrumbList","@id":"https:\/\/www.africa-press.net\/guinee-conakry\/politique\/coupures-intempestives-delectricite-il-ny-a-pas-de-delestages-a-conakry-selon-edg#breadcrumb","itemListElement":[{"@type":"ListItem","position":1,"name":"Accueil","item":"https:\/\/www.africa-press.net\/guinee-conakry\/"},{"@type":"ListItem","position":2,"name":"Coupures intempestives d\u2019\u00e9lectricit\u00e9 : \u2018\u2019il n\u2019y a pas de d\u00e9lestages \u00e0 Conakry\u2019\u2019, selon EDG"}]},{"@type":"WebSite","@id":"https:\/\/www.africa-press.net\/guinee-conakry\/#website","url":"https:\/\/www.africa-press.net\/guinee-conakry\/","name":"guinee Conakry","description":"Just another Africa News Agency Sites site","potentialAction":[{"@type":"SearchAction","target":{"@type":"EntryPoint","urlTemplate":"https:\/\/www.africa-press.net\/guinee-conakry\/?s={search_term_string}"},"query-input":{"@type":"PropertyValueSpecification","valueRequired":true,"valueName":"search_term_string"}}],"inLanguage":"fr-FR"},{"@type":"Person","@id":"https:\/\/www.africa-press.net\/guinee-conakry\/#\/schema\/person\/2b1cf3cd81a31e3cd26889ca66d677f1","name":"cfeditorfr"}]}},"_links":{"self":[{"href":"https:\/\/www.africa-press.net\/guinee-conakry\/wp-json\/wp\/v2\/posts\/17834","targetHints":{"allow":["GET"]}}],"collection":[{"href":"https:\/\/www.africa-press.net\/guinee-conakry\/wp-json\/wp\/v2\/posts"}],"about":[{"href":"https:\/\/www.africa-press.net\/guinee-conakry\/wp-json\/wp\/v2\/types\/post"}],"author":[{"embeddable":true,"href":"https:\/\/www.africa-press.net\/guinee-conakry\/wp-json\/wp\/v2\/users\/82"}],"replies":[{"embeddable":true,"href":"https:\/\/www.africa-press.net\/guinee-conakry\/wp-json\/wp\/v2\/comments?post=17834"}],"version-history":[{"count":0,"href":"https:\/\/www.africa-press.net\/guinee-conakry\/wp-json\/wp\/v2\/posts\/17834\/revisions"}],"wp:featuredmedia":[{"embeddable":true,"href":"https:\/\/www.africa-press.net\/guinee-conakry\/wp-json\/wp\/v2\/media\/17833"}],"wp:attachment":[{"href":"https:\/\/www.africa-press.net\/guinee-conakry\/wp-json\/wp\/v2\/media?parent=17834"}],"wp:term":[{"taxonomy":"category","embeddable":true,"href":"https:\/\/www.africa-press.net\/guinee-conakry\/wp-json\/wp\/v2\/categories?post=17834"},{"taxonomy":"post_tag","embeddable":true,"href":"https:\/\/www.africa-press.net\/guinee-conakry\/wp-json\/wp\/v2\/tags?post=17834"}],"curies":[{"name":"wp","href":"https:\/\/api.w.org\/{rel}","templated":true}]}}