{"id":17845,"date":"2023-12-14T20:30:00","date_gmt":"2023-12-14T20:30:00","guid":{"rendered":"https:\/\/www.africa-press.net\/guinee-conakry\/politique\/ladapt-au-chevet-des-transitions-africaines-en-2025-une-initiative-de-washington-qui-suscite-le-tolle-en-guinee"},"modified":"2023-12-14T20:30:00","modified_gmt":"2023-12-14T20:30:00","slug":"ladapt-au-chevet-des-transitions-africaines-en-2025-une-initiative-de-washington-qui-suscite-le-tolle-en-guinee","status":"publish","type":"post","link":"https:\/\/www.africa-press.net\/guinee-conakry\/politique\/ladapt-au-chevet-des-transitions-africaines-en-2025-une-initiative-de-washington-qui-suscite-le-tolle-en-guinee","title":{"rendered":"L\u2019ADAPT au chevet des transitions africaines en 2025: une initiative de Washington qui suscite le toll\u00e9 en Guin\u00e9e"},"content":{"rendered":"<p><span style=\"color: #ff6600\"><strong>Africa-Press &#8211; Guin\u00e9e. <\/strong><\/span>L\u2019Administration Biden a annonce\u0301 le lancement pour le 1er janvier 2025 d\u2019un programme pilote en Guine\u0301e appele\u0301 \u00ab African Democratic and Political Initiative \u00bb, en abre\u0301ge\u0301 (ADAPT). Son objectif est d\u2019assister la junte guine\u0301enne pendant cette pe\u0301riode transitoire politique en lui apportant un soutien technique a\u0300 la re\u0301daction d\u2019une nouvelle constitution et en appuyant le processus e\u0301lectoral.<\/p>\n<p><b>Apport d\u2019experts ame\u0301ricains a\u0300 l\u2019e\u0301laboration d\u2019une constitution en 2025 : Quid du chronogramme qui fixe la fin de la transition a\u0300 2024 ?<\/b><\/p>\n<p>Suite a\u0300 l\u2019annonce initiale faite le 8 novembre dernier concernant ce programme en Guine\u0301e, un observateur de la vie politique africaine en Europe, consulte\u0301 par Guine\u0301enews, a\u0300 cet effet, estime que la date de lancement de cette initiative, le 1er janvier 2025, est lointaine et n\u2019encourage pas un de\u0301part imme\u0301diat des militaires du pouvoir en Guine\u0301e.<\/p>\n<p><b>Bilan des relations E\u0301tats-Unis-Afrique : promesses, re\u0301alisations et de\u0301fis<\/b><\/p>\n<p>Un an apre\u0300s le sommet E\u0301tats-Unis-Afrique qui s\u2019est tenu a\u0300 Washington du 13 au 15 de\u0301cembre 2022, le De\u0301partement d\u2019E\u0301tat ame\u0301ricain a dresse\u0301 un bilan des re\u0301alisations effectue\u0301es en Afrique depuis cette rencontre, la deuxie\u0300me du genre et a\u0300 laquelle ont participe\u0301 49 chefs d\u2019E\u0301tat et de gouvernement. Hormis les 4 pays bannis en raison de coups d\u2019E\u0301tat (la Guine\u0301e, le Mali, le Burkina Faso et la Centrafrique), toute l\u2019Afrique y e\u0301tait repre\u0301sente\u0301e.<\/p>\n<p>Pour un meilleur suivi des de\u0301cisions et du chronogramme, un envoye\u0301 spe\u0301cial du pre\u0301sident avait e\u0301te\u0301 nomme\u0301 en la personne de Johnnie Carson, ancien diplomate retraite\u0301 spe\u0301cialiste des questions africaines dans diffe\u0301rentes administrations de\u0301mocrates.<\/p>\n<p><b>Crise au Niger : les E\u0301tats-Unis face a\u0300 un nouveau de\u0301fi diplomatique en Afrique de l\u2019Ouest<\/b><\/p>\n<p>Le Niger, n\u2019ayant pas connu de putsch a\u0300 l\u2019e\u0301poque, avait e\u0301te\u0301 repre\u0301sente\u0301 par le pre\u0301sident Mohamed Bazoum, himself. Mais quelques mois plus tard, celui-ci, a\u0300 son tour, devrait faire face a\u0300 un coup d\u2019Etat qui a renverse\u0301 son re\u0301gime. Une situation qui a cre\u0301e\u0301 un sentiment anti-franc\u0327ais ayant provoque\u0301 le de\u0301part de Silvain Itte\u0301, l\u2019ambassadeur franc\u0327ais et des 1500 militaires de l\u2019arme\u0301e franc\u0327aise qui e\u0301taient base\u0301s a\u0300 Niamey. Pendant ce temps, la diplomatie ame\u0301ricaine, apre\u0300s des mois d\u2019he\u0301sitation, s\u2019est finalement re\u0301solue a\u0300 reconnaitre le nouveau re\u0301gime nige\u0301rien dirige\u0301 par des miliaires.<\/p>\n<p>Pour l\u2019anne\u0301e 2023, en plus du coup d\u2019E\u0301tat du Niger, il faut citer le putsch perpe\u0301tre\u0301 en e\u0301te\u0301 dernier au Gabon. Les officiels du De\u0301partement d\u2019E\u0301tat ont rappele\u0301 le ro\u0302le de l\u2019ex-pre\u0301sident Georges Oppong Weah dans la transition sans heurts au Liberia.<\/p>\n<p>Le Niger abritant de petites unite\u0301s militaires avec une importante base de drones ame\u0301ricains, a connu un putsch qui a bouleverse\u0301 les e\u0301quilibres et inquie\u0301te\u0301 notamment les E\u0301tats-Unis.<\/p>\n<p>Un intense ballet diplomatique a donc pre\u0301ce\u0301de\u0301 la rencontre de Washington de fin 2022, avec des visites en Afrique du Secre\u0301taire d\u2019Etat Anthony Blinken, de la Vice-pre\u0301sidente Kamala Harris. Dix-sept officiels de haut niveau de l\u2019Administration ame\u0301ricaine ont visite\u0301 26 pays du continent, et de nombreuses promesses ont e\u0301te\u0301 faites dont des investissements majeurs de 55 milliards de dollars dans divers secteurs en Afrique.<\/p>\n<p>Le pre\u0301sident Biden, bien qu\u2019a\u0302ge\u0301, a promis de visiter le continent en 2023. A\u0300 ce jour, sur les 350 millions de dollars promis pour le de\u0301veloppement du nume\u0301rique sur trois ans, a\u0300 partir de 2022, 82 millions de dollars ont e\u0301te\u0301 de\u0301caisse\u0301s en 2023. La fondation Bill et Melinda Gates est e\u0301galement implique\u0301e dans ce projet avec la possibilite\u0301 de construire des centres de donne\u0301es au Ghana et au Kenya.<\/p>\n<p>Le point de presse a e\u0301te\u0301 coanime\u0301 par M. Jonathan Pratt, sous-secre\u0301taire d\u2019E\u0301tat charge\u0301 des affaires africaines, M. Judd Devermont de la division Afrique du Conseil National de Se\u0301curite\u0301 et par Mme. Prosper Robinson, Coordinatrice de Prosper Africa, une initiative pre\u0301sidentielle visant a\u0300 renforcer les liens entre l\u2019Afrique et les E\u0301tats-Unis.<\/p>\n<p>Bien que certains observateurs reconnaissent l\u2019insuffisance de l\u2019engagement ame\u0301ricain et le bilan mitige\u0301 de la coope\u0301ration ame\u0301ricaine sur le continent, ces confe\u0301renciers croient en un certain progre\u0300s. L\u2019ambassadeur Jonathan Pratt affirme que 40% des 55 milliards de dollars promis sur trois ans ont de\u0301ja\u0300 e\u0301te\u0301 engage\u0301s.<\/p>\n<p>Il faut noter que, malgre\u0301 la guerre en Ukraine qui se de\u0301roulait pendant la rencontre et le conflit israe\u0301lo-palestinien depuis le 8 mars 2023, l\u2019Afrique n\u2019a pas e\u0301te\u0301 une priorite\u0301, bien que ces sujets n\u2019aient pas e\u0301te\u0301 aborde\u0301s.<\/p>\n<p>L\u2019US-Africa Business Forum tenu a\u0300 Gaborone au Botswana a retenu l\u2019attention des officiels ame\u0301ricains. Tenu en juillet de cette anne\u0301e, ce forum a re\u0301uni de nombreux hommes d\u2019affaires des deux co\u0302te\u0301s pour e\u0301changer sur les opportunite\u0301s d\u2019investissement et de financement.<\/p>\n<p><b>La diaspora africaine et les enjeux migratoires : un comite\u0301 consultatif a\u0300 Washington<\/b><\/p>\n<p>Bien que la crise migratoire n\u2019ait pas e\u0301te\u0301 abondamment aborde\u0301e, il est a\u0300 souligner que de nombreux migrants, y compris des migrants africains, sont arrive\u0301s sur le sol ame\u0301ricain. Le gouvernement ame\u0301ricain mise beaucoup sur le bon fonctionnement d\u2019un comite\u0301 consultatif de la diaspora africaine a\u0300 Washington pour renforcer les liens avec l\u2019Afrique. Les jeunes africains continuent a\u0300 fuir les \u2018\u2019perse\u0301cutions, le manque d\u2019emplois et de perspectives\u2019\u2019 pour se rendre aux E\u0301tats-Unis via le Nicaragua, le Bre\u0301sil et l\u2019Ame\u0301rique latine.<\/p>\n<p>Selon l\u2019ambassadeur Pratt, la diaspora africaine a transfe\u0301re\u0301 l\u2019e\u0301quivalent de 96 milliards de dollars en Afrique, de\u0301passant de loin toute forme d\u2019aide publique au de\u0301veloppement.<\/p>\n<p>Reconnaissant le ro\u0302le majeur que l\u2019Afrique jouera dans les de\u0301cennies a\u0300 venir, avec une population jeune et des matie\u0300res premie\u0300res abondantes, il a rappele\u0301 que 47 millions de personnes en Ame\u0301rique sont d\u2019origine africaine.<\/p>\n<p>Les autres points de discorde entre l\u2019Afrique et les E\u0301tats-Unis au cours de cette anne\u0301e, qui n\u2019ont pas e\u0301te\u0301 mentionne\u0301s lors du point de presse, sont lie\u0301s a\u0300 l\u2019interdiction de l\u2019homosexualite\u0301 en Ouganda, au ro\u0302le de l\u2019Afrique du Sud pour abriter le sommet des BRICS et au non-alignement des pays africains dans la guerre en Ukraine.<\/p>\n<p><b>Les E\u0301tats-Unis et le corridor Lobito en Angola : nouveaux horizons e\u0301conomiques ou un stratage\u0300me pour contenir la monte\u0301e spectaculaire de la Chine en Afrique?<\/b><\/p>\n<p>Pour revenir au plan e\u0301conomique et financier, les E\u0301tats-Unis comptent jouer un ro\u0302le tre\u0300s important sur le corridor Lobito en Angola. Ce corridor partira du port de Lobito, traversera la Re\u0301publique De\u0301mocratique du Congo jusqu\u2019en Zambie, et a\u0300 long terme, jusqu\u2019a\u0300 l\u2019oce\u0301an Indien, impliquant des investissements dans les chemins de fer, les ports, selon M. Devermont du Conseil National de Se\u0301curite\u0301. L\u2019Angola, riche en pe\u0301trole, a toujours e\u0301te\u0301 la convoitise des grandes puissances. D\u2019ailleurs, le pre\u0301sident Biden a rec\u0327u a\u0300 la Maison Blanche le pre\u0301sident angolais Joa\u0302o Lourenco pour discuter de ce projet ambitieux. Contrairement aux Chinois, qui avaient lourdement investi dans les chemins de fer et les infrastructures, les E\u0301tats-Unis e\u0301taient absents. Gra\u0302ce a\u0300 un chemin de fer reliant Lobito a\u0300 l\u2019oce\u0301an Indien, ils comptent de\u0301sormais e\u0302tre pre\u0301sents.<\/p>\n<p>Un autre fait marquant de la vie e\u0301conomique entre les E\u0301tats-Unis et la Guine\u0301e, cette fois en Afrique de l\u2019Ouest, qui n\u2019a pas e\u0301te\u0301 discute\u0301, est la ce\u0301le\u0301bration du 60e anniversaire de la cre\u0301ation de la Compagnie des Bauxites de Guine\u0301e (CBG). La CBG, initialement lance\u0301e comme une coentreprise entre le groupe ame\u0301ricain ALCOA et le canadien AlCAN, a exporte\u0301 des milliards de tonnes de bauxite. Une fois transforme\u0301e en alumine et en aluminium, le monde entier l\u2019utilise dans la fabrication des ustensiles de cuisine, la fabrication des avions, automobiles, la construction, bref, dans tout ce qui nous entoure quotidiennement. Malheureusement, le pays exportateur, la Guine\u0301e, n\u2019a pas pu profiter de ses ressources, et aujourd\u2019hui, avec la pre\u0301sence de nombreuses entreprises minie\u0300res e\u0301trange\u0300res, le sort du guine\u0301en n\u2019est toujours pas enviable.<\/p>\n<p>En ce qui concerne le port de Lobito, le financement sur ce corridor est estime\u0301 a\u0300 1,5 milliard de dollars sur les 600 milliards de dollars que comptent de\u0301penser les Ame\u0301ricains dans le gigantesque projet du Partnership for Global Infrastructure and Investment (PGII), un projet appuye\u0301 par le G7 et quelque peu semblable a\u0300 la Nouvelle Route de la soie chinoise, bien qu\u2019avec une envergure limite\u0301e.<\/p>\n<p><strong>Pour plus d&rsquo;informations et d&rsquo;analyses sur la <a href=\"https:\/\/www.africa-press.net\/guinee-conakry\">Guin\u00e9e<\/a>, suivez <a href=\"https:\/\/www.africa-press.net\/\">Africa-Press<\/a><\/strong><\/p>\n","protected":false},"excerpt":{"rendered":"<p>Africa-Press &#8211; Guin\u00e9e. L\u2019Administration Biden a annonce\u0301 le lancement pour le 1er janvier 2025 d\u2019un programme pilote en Guine\u0301e appele\u0301 \u00ab African Democratic and Political Initiative \u00bb, en abre\u0301ge\u0301 (ADAPT). Son objectif est d\u2019assister la junte guine\u0301enne pendant cette pe\u0301riode transitoire politique en lui apportant un soutien technique a\u0300 la re\u0301daction d\u2019une nouvelle constitution et [&hellip;]<\/p>\n","protected":false},"author":82,"featured_media":17844,"comment_status":"open","ping_status":"closed","sticky":false,"template":"","format":"standard","meta":{"footnotes":""},"categories":[2,10],"tags":[36,57,58],"class_list":["post-17845","post","type-post","status-publish","format-standard","has-post-thumbnail","hentry","category-politique","category-toutes-les-actualites","tag-africa-press","tag-africa-press-guinee","tag-guinee"],"yoast_head":"<!-- This site is optimized with the Yoast SEO Premium plugin v26.1 (Yoast SEO v27.0) - https:\/\/yoast.com\/product\/yoast-seo-premium-wordpress\/ -->\n<title>L\u2019ADAPT au chevet des transitions africaines en 2025: une initiative de Washington qui suscite le toll\u00e9 en Guin\u00e9e - guinee Conakry<\/title>\n<meta name=\"robots\" content=\"index, follow, max-snippet:-1, max-image-preview:large, max-video-preview:-1\" \/>\n<link rel=\"canonical\" href=\"https:\/\/www.africa-press.net\/guinee-conakry\/politique\/ladapt-au-chevet-des-transitions-africaines-en-2025-une-initiative-de-washington-qui-suscite-le-tolle-en-guinee\" \/>\n<meta property=\"og:locale\" content=\"fr_FR\" \/>\n<meta property=\"og:type\" content=\"article\" \/>\n<meta property=\"og:title\" content=\"L\u2019ADAPT au chevet des transitions africaines en 2025: une initiative de Washington qui suscite le toll\u00e9 en Guin\u00e9e\" \/>\n<meta property=\"og:description\" content=\"Africa-Press &#8211; Guin\u00e9e. L\u2019Administration Biden a annonce\u0301 le lancement pour le 1er janvier 2025 d\u2019un programme pilote en Guine\u0301e appele\u0301 \u00ab African Democratic and Political Initiative \u00bb, en abre\u0301ge\u0301 (ADAPT). Son objectif est d\u2019assister la junte guine\u0301enne pendant cette pe\u0301riode transitoire politique en lui apportant un soutien technique a\u0300 la re\u0301daction d\u2019une nouvelle constitution et [&hellip;]\" \/>\n<meta property=\"og:url\" content=\"https:\/\/www.africa-press.net\/guinee-conakry\/politique\/ladapt-au-chevet-des-transitions-africaines-en-2025-une-initiative-de-washington-qui-suscite-le-tolle-en-guinee\" \/>\n<meta property=\"og:site_name\" content=\"guinee Conakry\" \/>\n<meta property=\"article:published_time\" content=\"2023-12-14T20:30:00+00:00\" \/>\n<meta name=\"author\" content=\"cfeditorfr\" \/>\n<meta name=\"twitter:card\" content=\"summary_large_image\" \/>\n<meta name=\"twitter:label1\" content=\"\u00c9crit par\" \/>\n\t<meta name=\"twitter:data1\" content=\"cfeditorfr\" \/>\n\t<meta name=\"twitter:label2\" content=\"Dur\u00e9e de lecture estim\u00e9e\" \/>\n\t<meta name=\"twitter:data2\" content=\"8 minutes\" \/>\n<script type=\"application\/ld+json\" class=\"yoast-schema-graph\">{\"@context\":\"https:\/\/schema.org\",\"@graph\":[{\"@type\":\"Article\",\"@id\":\"https:\/\/www.africa-press.net\/guinee-conakry\/politique\/ladapt-au-chevet-des-transitions-africaines-en-2025-une-initiative-de-washington-qui-suscite-le-tolle-en-guinee#article\",\"isPartOf\":{\"@id\":\"https:\/\/www.africa-press.net\/guinee-conakry\/politique\/ladapt-au-chevet-des-transitions-africaines-en-2025-une-initiative-de-washington-qui-suscite-le-tolle-en-guinee\"},\"author\":{\"name\":\"cfeditorfr\",\"@id\":\"https:\/\/www.africa-press.net\/guinee-conakry\/#\/schema\/person\/2b1cf3cd81a31e3cd26889ca66d677f1\"},\"headline\":\"L\u2019ADAPT au chevet des transitions africaines en 2025: une initiative de Washington qui suscite le toll\u00e9 en Guin\u00e9e\",\"datePublished\":\"2023-12-14T20:30:00+00:00\",\"mainEntityOfPage\":{\"@id\":\"https:\/\/www.africa-press.net\/guinee-conakry\/politique\/ladapt-au-chevet-des-transitions-africaines-en-2025-une-initiative-de-washington-qui-suscite-le-tolle-en-guinee\"},\"wordCount\":1549,\"commentCount\":0,\"image\":{\"@id\":\"https:\/\/www.africa-press.net\/guinee-conakry\/politique\/ladapt-au-chevet-des-transitions-africaines-en-2025-une-initiative-de-washington-qui-suscite-le-tolle-en-guinee#primaryimage\"},\"thumbnailUrl\":\"https:\/\/static.africa-press.net\/conakry\/sites\/63\/2023\/12\/Jokar1702573251.023047.jpg\",\"keywords\":[\"Africa Press\",\"Africa Press-Guin\u00e9e\",\"Guin\u00e9e\"],\"articleSection\":[\"Politique\",\"Toutes les actualit\u00e9s\"],\"inLanguage\":\"fr-FR\",\"potentialAction\":[{\"@type\":\"CommentAction\",\"name\":\"Comment\",\"target\":[\"https:\/\/www.africa-press.net\/guinee-conakry\/politique\/ladapt-au-chevet-des-transitions-africaines-en-2025-une-initiative-de-washington-qui-suscite-le-tolle-en-guinee#respond\"]}]},{\"@type\":\"WebPage\",\"@id\":\"https:\/\/www.africa-press.net\/guinee-conakry\/politique\/ladapt-au-chevet-des-transitions-africaines-en-2025-une-initiative-de-washington-qui-suscite-le-tolle-en-guinee\",\"url\":\"https:\/\/www.africa-press.net\/guinee-conakry\/politique\/ladapt-au-chevet-des-transitions-africaines-en-2025-une-initiative-de-washington-qui-suscite-le-tolle-en-guinee\",\"name\":\"L\u2019ADAPT au chevet des transitions africaines en 2025: une initiative de Washington qui suscite le toll\u00e9 en Guin\u00e9e - guinee Conakry\",\"isPartOf\":{\"@id\":\"https:\/\/www.africa-press.net\/guinee-conakry\/#website\"},\"primaryImageOfPage\":{\"@id\":\"https:\/\/www.africa-press.net\/guinee-conakry\/politique\/ladapt-au-chevet-des-transitions-africaines-en-2025-une-initiative-de-washington-qui-suscite-le-tolle-en-guinee#primaryimage\"},\"image\":{\"@id\":\"https:\/\/www.africa-press.net\/guinee-conakry\/politique\/ladapt-au-chevet-des-transitions-africaines-en-2025-une-initiative-de-washington-qui-suscite-le-tolle-en-guinee#primaryimage\"},\"thumbnailUrl\":\"https:\/\/static.africa-press.net\/conakry\/sites\/63\/2023\/12\/Jokar1702573251.023047.jpg\",\"datePublished\":\"2023-12-14T20:30:00+00:00\",\"author\":{\"@id\":\"https:\/\/www.africa-press.net\/guinee-conakry\/#\/schema\/person\/2b1cf3cd81a31e3cd26889ca66d677f1\"},\"breadcrumb\":{\"@id\":\"https:\/\/www.africa-press.net\/guinee-conakry\/politique\/ladapt-au-chevet-des-transitions-africaines-en-2025-une-initiative-de-washington-qui-suscite-le-tolle-en-guinee#breadcrumb\"},\"inLanguage\":\"fr-FR\",\"potentialAction\":[{\"@type\":\"ReadAction\",\"target\":[\"https:\/\/www.africa-press.net\/guinee-conakry\/politique\/ladapt-au-chevet-des-transitions-africaines-en-2025-une-initiative-de-washington-qui-suscite-le-tolle-en-guinee\"]}]},{\"@type\":\"ImageObject\",\"inLanguage\":\"fr-FR\",\"@id\":\"https:\/\/www.africa-press.net\/guinee-conakry\/politique\/ladapt-au-chevet-des-transitions-africaines-en-2025-une-initiative-de-washington-qui-suscite-le-tolle-en-guinee#primaryimage\",\"url\":\"https:\/\/static.africa-press.net\/conakry\/sites\/63\/2023\/12\/Jokar1702573251.023047.jpg\",\"contentUrl\":\"https:\/\/static.africa-press.net\/conakry\/sites\/63\/2023\/12\/Jokar1702573251.023047.jpg\",\"width\":1440,\"height\":954,\"caption\":\"L\u2019ADAPT au chevet des transitions africaines en 2025: une initiative de Washington qui suscite le toll\u00e9 en Guin\u00e9e\"},{\"@type\":\"BreadcrumbList\",\"@id\":\"https:\/\/www.africa-press.net\/guinee-conakry\/politique\/ladapt-au-chevet-des-transitions-africaines-en-2025-une-initiative-de-washington-qui-suscite-le-tolle-en-guinee#breadcrumb\",\"itemListElement\":[{\"@type\":\"ListItem\",\"position\":1,\"name\":\"Accueil\",\"item\":\"https:\/\/www.africa-press.net\/guinee-conakry\/\"},{\"@type\":\"ListItem\",\"position\":2,\"name\":\"L\u2019ADAPT au chevet des transitions africaines en 2025: une initiative de Washington qui suscite le toll\u00e9 en Guin\u00e9e\"}]},{\"@type\":\"WebSite\",\"@id\":\"https:\/\/www.africa-press.net\/guinee-conakry\/#website\",\"url\":\"https:\/\/www.africa-press.net\/guinee-conakry\/\",\"name\":\"guinee Conakry\",\"description\":\"Just another Africa News Agency Sites site\",\"potentialAction\":[{\"@type\":\"SearchAction\",\"target\":{\"@type\":\"EntryPoint\",\"urlTemplate\":\"https:\/\/www.africa-press.net\/guinee-conakry\/?s={search_term_string}\"},\"query-input\":{\"@type\":\"PropertyValueSpecification\",\"valueRequired\":true,\"valueName\":\"search_term_string\"}}],\"inLanguage\":\"fr-FR\"},{\"@type\":\"Person\",\"@id\":\"https:\/\/www.africa-press.net\/guinee-conakry\/#\/schema\/person\/2b1cf3cd81a31e3cd26889ca66d677f1\",\"name\":\"cfeditorfr\"}]}<\/script>\n<!-- \/ Yoast SEO Premium plugin. -->","yoast_head_json":{"title":"L\u2019ADAPT au chevet des transitions africaines en 2025: une initiative de Washington qui suscite le toll\u00e9 en Guin\u00e9e - guinee Conakry","robots":{"index":"index","follow":"follow","max-snippet":"max-snippet:-1","max-image-preview":"max-image-preview:large","max-video-preview":"max-video-preview:-1"},"canonical":"https:\/\/www.africa-press.net\/guinee-conakry\/politique\/ladapt-au-chevet-des-transitions-africaines-en-2025-une-initiative-de-washington-qui-suscite-le-tolle-en-guinee","og_locale":"fr_FR","og_type":"article","og_title":"L\u2019ADAPT au chevet des transitions africaines en 2025: une initiative de Washington qui suscite le toll\u00e9 en Guin\u00e9e","og_description":"Africa-Press &#8211; Guin\u00e9e. L\u2019Administration Biden a annonce\u0301 le lancement pour le 1er janvier 2025 d\u2019un programme pilote en Guine\u0301e appele\u0301 \u00ab African Democratic and Political Initiative \u00bb, en abre\u0301ge\u0301 (ADAPT). Son objectif est d\u2019assister la junte guine\u0301enne pendant cette pe\u0301riode transitoire politique en lui apportant un soutien technique a\u0300 la re\u0301daction d\u2019une nouvelle constitution et [&hellip;]","og_url":"https:\/\/www.africa-press.net\/guinee-conakry\/politique\/ladapt-au-chevet-des-transitions-africaines-en-2025-une-initiative-de-washington-qui-suscite-le-tolle-en-guinee","og_site_name":"guinee Conakry","article_published_time":"2023-12-14T20:30:00+00:00","author":"cfeditorfr","twitter_card":"summary_large_image","twitter_misc":{"\u00c9crit par":"cfeditorfr","Dur\u00e9e de lecture estim\u00e9e":"8 minutes"},"schema":{"@context":"https:\/\/schema.org","@graph":[{"@type":"Article","@id":"https:\/\/www.africa-press.net\/guinee-conakry\/politique\/ladapt-au-chevet-des-transitions-africaines-en-2025-une-initiative-de-washington-qui-suscite-le-tolle-en-guinee#article","isPartOf":{"@id":"https:\/\/www.africa-press.net\/guinee-conakry\/politique\/ladapt-au-chevet-des-transitions-africaines-en-2025-une-initiative-de-washington-qui-suscite-le-tolle-en-guinee"},"author":{"name":"cfeditorfr","@id":"https:\/\/www.africa-press.net\/guinee-conakry\/#\/schema\/person\/2b1cf3cd81a31e3cd26889ca66d677f1"},"headline":"L\u2019ADAPT au chevet des transitions africaines en 2025: une initiative de Washington qui suscite le toll\u00e9 en Guin\u00e9e","datePublished":"2023-12-14T20:30:00+00:00","mainEntityOfPage":{"@id":"https:\/\/www.africa-press.net\/guinee-conakry\/politique\/ladapt-au-chevet-des-transitions-africaines-en-2025-une-initiative-de-washington-qui-suscite-le-tolle-en-guinee"},"wordCount":1549,"commentCount":0,"image":{"@id":"https:\/\/www.africa-press.net\/guinee-conakry\/politique\/ladapt-au-chevet-des-transitions-africaines-en-2025-une-initiative-de-washington-qui-suscite-le-tolle-en-guinee#primaryimage"},"thumbnailUrl":"https:\/\/static.africa-press.net\/conakry\/sites\/63\/2023\/12\/Jokar1702573251.023047.jpg","keywords":["Africa Press","Africa Press-Guin\u00e9e","Guin\u00e9e"],"articleSection":["Politique","Toutes les actualit\u00e9s"],"inLanguage":"fr-FR","potentialAction":[{"@type":"CommentAction","name":"Comment","target":["https:\/\/www.africa-press.net\/guinee-conakry\/politique\/ladapt-au-chevet-des-transitions-africaines-en-2025-une-initiative-de-washington-qui-suscite-le-tolle-en-guinee#respond"]}]},{"@type":"WebPage","@id":"https:\/\/www.africa-press.net\/guinee-conakry\/politique\/ladapt-au-chevet-des-transitions-africaines-en-2025-une-initiative-de-washington-qui-suscite-le-tolle-en-guinee","url":"https:\/\/www.africa-press.net\/guinee-conakry\/politique\/ladapt-au-chevet-des-transitions-africaines-en-2025-une-initiative-de-washington-qui-suscite-le-tolle-en-guinee","name":"L\u2019ADAPT au chevet des transitions africaines en 2025: une initiative de Washington qui suscite le toll\u00e9 en Guin\u00e9e - guinee Conakry","isPartOf":{"@id":"https:\/\/www.africa-press.net\/guinee-conakry\/#website"},"primaryImageOfPage":{"@id":"https:\/\/www.africa-press.net\/guinee-conakry\/politique\/ladapt-au-chevet-des-transitions-africaines-en-2025-une-initiative-de-washington-qui-suscite-le-tolle-en-guinee#primaryimage"},"image":{"@id":"https:\/\/www.africa-press.net\/guinee-conakry\/politique\/ladapt-au-chevet-des-transitions-africaines-en-2025-une-initiative-de-washington-qui-suscite-le-tolle-en-guinee#primaryimage"},"thumbnailUrl":"https:\/\/static.africa-press.net\/conakry\/sites\/63\/2023\/12\/Jokar1702573251.023047.jpg","datePublished":"2023-12-14T20:30:00+00:00","author":{"@id":"https:\/\/www.africa-press.net\/guinee-conakry\/#\/schema\/person\/2b1cf3cd81a31e3cd26889ca66d677f1"},"breadcrumb":{"@id":"https:\/\/www.africa-press.net\/guinee-conakry\/politique\/ladapt-au-chevet-des-transitions-africaines-en-2025-une-initiative-de-washington-qui-suscite-le-tolle-en-guinee#breadcrumb"},"inLanguage":"fr-FR","potentialAction":[{"@type":"ReadAction","target":["https:\/\/www.africa-press.net\/guinee-conakry\/politique\/ladapt-au-chevet-des-transitions-africaines-en-2025-une-initiative-de-washington-qui-suscite-le-tolle-en-guinee"]}]},{"@type":"ImageObject","inLanguage":"fr-FR","@id":"https:\/\/www.africa-press.net\/guinee-conakry\/politique\/ladapt-au-chevet-des-transitions-africaines-en-2025-une-initiative-de-washington-qui-suscite-le-tolle-en-guinee#primaryimage","url":"https:\/\/static.africa-press.net\/conakry\/sites\/63\/2023\/12\/Jokar1702573251.023047.jpg","contentUrl":"https:\/\/static.africa-press.net\/conakry\/sites\/63\/2023\/12\/Jokar1702573251.023047.jpg","width":1440,"height":954,"caption":"L\u2019ADAPT au chevet des transitions africaines en 2025: une initiative de Washington qui suscite le toll\u00e9 en Guin\u00e9e"},{"@type":"BreadcrumbList","@id":"https:\/\/www.africa-press.net\/guinee-conakry\/politique\/ladapt-au-chevet-des-transitions-africaines-en-2025-une-initiative-de-washington-qui-suscite-le-tolle-en-guinee#breadcrumb","itemListElement":[{"@type":"ListItem","position":1,"name":"Accueil","item":"https:\/\/www.africa-press.net\/guinee-conakry\/"},{"@type":"ListItem","position":2,"name":"L\u2019ADAPT au chevet des transitions africaines en 2025: une initiative de Washington qui suscite le toll\u00e9 en Guin\u00e9e"}]},{"@type":"WebSite","@id":"https:\/\/www.africa-press.net\/guinee-conakry\/#website","url":"https:\/\/www.africa-press.net\/guinee-conakry\/","name":"guinee Conakry","description":"Just another Africa News Agency Sites site","potentialAction":[{"@type":"SearchAction","target":{"@type":"EntryPoint","urlTemplate":"https:\/\/www.africa-press.net\/guinee-conakry\/?s={search_term_string}"},"query-input":{"@type":"PropertyValueSpecification","valueRequired":true,"valueName":"search_term_string"}}],"inLanguage":"fr-FR"},{"@type":"Person","@id":"https:\/\/www.africa-press.net\/guinee-conakry\/#\/schema\/person\/2b1cf3cd81a31e3cd26889ca66d677f1","name":"cfeditorfr"}]}},"_links":{"self":[{"href":"https:\/\/www.africa-press.net\/guinee-conakry\/wp-json\/wp\/v2\/posts\/17845","targetHints":{"allow":["GET"]}}],"collection":[{"href":"https:\/\/www.africa-press.net\/guinee-conakry\/wp-json\/wp\/v2\/posts"}],"about":[{"href":"https:\/\/www.africa-press.net\/guinee-conakry\/wp-json\/wp\/v2\/types\/post"}],"author":[{"embeddable":true,"href":"https:\/\/www.africa-press.net\/guinee-conakry\/wp-json\/wp\/v2\/users\/82"}],"replies":[{"embeddable":true,"href":"https:\/\/www.africa-press.net\/guinee-conakry\/wp-json\/wp\/v2\/comments?post=17845"}],"version-history":[{"count":0,"href":"https:\/\/www.africa-press.net\/guinee-conakry\/wp-json\/wp\/v2\/posts\/17845\/revisions"}],"wp:featuredmedia":[{"embeddable":true,"href":"https:\/\/www.africa-press.net\/guinee-conakry\/wp-json\/wp\/v2\/media\/17844"}],"wp:attachment":[{"href":"https:\/\/www.africa-press.net\/guinee-conakry\/wp-json\/wp\/v2\/media?parent=17845"}],"wp:term":[{"taxonomy":"category","embeddable":true,"href":"https:\/\/www.africa-press.net\/guinee-conakry\/wp-json\/wp\/v2\/categories?post=17845"},{"taxonomy":"post_tag","embeddable":true,"href":"https:\/\/www.africa-press.net\/guinee-conakry\/wp-json\/wp\/v2\/tags?post=17845"}],"curies":[{"name":"wp","href":"https:\/\/api.w.org\/{rel}","templated":true}]}}