{"id":17853,"date":"2023-12-16T17:06:00","date_gmt":"2023-12-16T17:06:00","guid":{"rendered":"https:\/\/www.africa-press.net\/guinee-conakry\/politique\/le-ministre-bea-diallo-pourquoi-jetais-un-gamin-violent-et-revolte-avec-beaucoup-de-haine"},"modified":"2023-12-16T17:06:00","modified_gmt":"2023-12-16T17:06:00","slug":"le-ministre-bea-diallo-pourquoi-jetais-un-gamin-violent-et-revolte-avec-beaucoup-de-haine","status":"publish","type":"post","link":"https:\/\/www.africa-press.net\/guinee-conakry\/politique\/le-ministre-bea-diallo-pourquoi-jetais-un-gamin-violent-et-revolte-avec-beaucoup-de-haine","title":{"rendered":"Le ministre Bea Diallo\u00a0: \u2018\u2019Pourquoi j\u2019\u00e9tais un gamin violent et r\u00e9volt\u00e9 avec beaucoup de haine\u2026\u2019\u2019"},"content":{"rendered":"<p><span style=\"color: #ff6600\"><strong>Africa-Press &#8211; Guin\u00e9e. <\/strong><\/span>Avant de devenir champion de boxe, le ministre de la jeunesse et des sports assure qu\u2019il a passe\u0301 une partie de son enfance dans la re\u0301volte en Europe. Pour Lansana Be\u0301a Diallo, derrie\u0300re l\u2019homme qu\u2019il est devenu aujourd\u2019hui se cache un justicier.<\/p>\n<p>\u2018\u2019Aujourd\u2019hui, tout le monde me voit tre\u0300s gentil (&#8230;). J\u2019e\u0301tais tellement violent, re\u0301volte\u0301 quand j\u2019e\u0301tais jeune. On m\u2019appelait le justicier parce que je de\u0301testais l\u2019injustice. Quand je savais qu\u2019il n\u2019y avait pas de justice, j\u2019essaye de re\u0301agir\u2019\u2019, indique le ministre de la jeunesse et de sports.<\/p>\n<p>Et d\u2019expliquer : \u2018\u2019Ce n\u2019est pas parce que la vie n\u2019a pas e\u0301te\u0301 rose pour moi. J\u2019ai grandi a\u0300 Paris dans les anne\u0301es 80. Un jour, je revenais d\u2019un concert ou\u0300 on avait e\u0301te\u0301 soutenus. A l\u2019e\u0301poque, c\u2019e\u0301tait SOS Racisme avec des jeunes. Avec des amis tous diversifie\u0301s, on s\u2019est fait rattraper par des jeunes sur une rue comple\u0300tement cloisonne\u0301e. Moi j\u2019ai re\u0301ussi a\u0300 m\u2019en sortir avec quelques amis. Un de nos meilleurs amis s\u2019est retrouve\u0301 a\u0300 l\u2019ho\u0302pital paralyse\u0301. Quand vous avez 11 a\u0300 12 ans et que vous voyez c\u0327a, c\u2019est terrible comme image. Parce que vous devenez un re\u0301volte\u0301 violent. Je ne pouvais plus m\u2019exprimer avec mes parents. Voila\u0300 pourquoi j\u2019e\u0301tais devenu un gamin re\u0301volte\u0301 avec beaucoup de haine vis-a\u0300-vis des autres qui e\u0301taient des blancs parce que je trouvais qu\u2019ils s\u2019en prenaient a\u0300 nous parce qu\u2019on avait une couleur diffe\u0301rente\u2019\u2019.<\/p>\n<p>Selon Bea Diallo qui s\u2019exprimait dans \u00ab Le gouvernement vous e\u0301coute \u00bb, \u2018\u2019cette violence, j\u2019ai re\u0301ussi a\u0300 la positiver. Parce que j\u2019ai re\u0301ussi a\u0300 faire la boxe. On s\u2019est rendu compte que dans la boxe, il y avait des re\u0300gles. Quand tu es dans la rue, le plus souvent, ce n\u2019est pas le plus fort qui gagne. C\u2019est le plus la\u0302che parce que tu peux e\u0302tre frappe\u0301 par n\u2019importe quoi. Et dans la boxe, si tu ne t\u2019entraines pas, c\u2019est tant pis pour toi \u2019\u2019.<\/p>\n<p>Le patron du de\u0301partement de la jeunesse affirrme qu\u2019il continue de donner de l\u2019espoir aux jeunes. \u2018\u2019Aujourd\u2019hui, avec nos EPA, je re\u0301ussis a\u0300 faire quelque chose. Parce que derrie\u0300re l\u2019espoir, il y a le concret. On a aujourd\u2019hui du concret avec des jeunes qui re\u0301ussissent a\u0300 s\u2019inse\u0301rer, a\u0300 retourner a\u0300 l\u2019e\u0301cole. Aujourd\u2019hui, on a des milliers de jeunes qui sont accompagne\u0301s, forme\u0301s et qui ont cre\u0301e\u0301 leurs propres entreprises\u2019\u2019, assure M. Diallo.<\/p>\n<p>Boussouriou Doumba<\/p>\n<p><strong>Pour plus d&rsquo;informations et d&rsquo;analyses sur la <a href=\"https:\/\/www.africa-press.net\/guinee-conakry\">Guin\u00e9e<\/a>, suivez <a href=\"https:\/\/www.africa-press.net\/\">Africa-Press<\/a><\/strong><\/p>\n","protected":false},"excerpt":{"rendered":"<p>Africa-Press &#8211; Guin\u00e9e. Avant de devenir champion de boxe, le ministre de la jeunesse et des sports assure qu\u2019il a passe\u0301 une partie de son enfance dans la re\u0301volte en Europe. Pour Lansana Be\u0301a Diallo, derrie\u0300re l\u2019homme qu\u2019il est devenu aujourd\u2019hui se cache un justicier. \u2018\u2019Aujourd\u2019hui, tout le monde me voit tre\u0300s gentil (&#8230;). J\u2019e\u0301tais [&hellip;]<\/p>\n","protected":false},"author":82,"featured_media":17852,"comment_status":"open","ping_status":"closed","sticky":false,"template":"","format":"standard","meta":{"footnotes":""},"categories":[2,10],"tags":[36,57,58],"class_list":["post-17853","post","type-post","status-publish","format-standard","has-post-thumbnail","hentry","category-politique","category-toutes-les-actualites","tag-africa-press","tag-africa-press-guinee","tag-guinee"],"yoast_head":"<!-- This site is optimized with the Yoast SEO Premium plugin v26.1 (Yoast SEO v27.0) - https:\/\/yoast.com\/product\/yoast-seo-premium-wordpress\/ -->\n<title>Le ministre Bea Diallo\u00a0: \u2018\u2019Pourquoi j\u2019\u00e9tais un gamin violent et r\u00e9volt\u00e9 avec beaucoup de haine\u2026\u2019\u2019 - guinee Conakry<\/title>\n<meta name=\"robots\" content=\"index, follow, max-snippet:-1, max-image-preview:large, max-video-preview:-1\" \/>\n<link rel=\"canonical\" href=\"https:\/\/www.africa-press.net\/guinee-conakry\/politique\/le-ministre-bea-diallo-pourquoi-jetais-un-gamin-violent-et-revolte-avec-beaucoup-de-haine\" \/>\n<meta property=\"og:locale\" content=\"fr_FR\" \/>\n<meta property=\"og:type\" content=\"article\" \/>\n<meta property=\"og:title\" content=\"Le ministre Bea Diallo\u00a0: \u2018\u2019Pourquoi j\u2019\u00e9tais un gamin violent et r\u00e9volt\u00e9 avec beaucoup de haine\u2026\u2019\u2019\" \/>\n<meta property=\"og:description\" content=\"Africa-Press &#8211; Guin\u00e9e. Avant de devenir champion de boxe, le ministre de la jeunesse et des sports assure qu\u2019il a passe\u0301 une partie de son enfance dans la re\u0301volte en Europe. Pour Lansana Be\u0301a Diallo, derrie\u0300re l\u2019homme qu\u2019il est devenu aujourd\u2019hui se cache un justicier. \u2018\u2019Aujourd\u2019hui, tout le monde me voit tre\u0300s gentil (&#8230;). J\u2019e\u0301tais [&hellip;]\" \/>\n<meta property=\"og:url\" content=\"https:\/\/www.africa-press.net\/guinee-conakry\/politique\/le-ministre-bea-diallo-pourquoi-jetais-un-gamin-violent-et-revolte-avec-beaucoup-de-haine\" \/>\n<meta property=\"og:site_name\" content=\"guinee Conakry\" \/>\n<meta property=\"article:published_time\" content=\"2023-12-16T17:06:00+00:00\" \/>\n<meta name=\"author\" content=\"cfeditorfr\" \/>\n<meta name=\"twitter:card\" content=\"summary_large_image\" \/>\n<meta name=\"twitter:label1\" content=\"\u00c9crit par\" \/>\n\t<meta name=\"twitter:data1\" content=\"cfeditorfr\" \/>\n\t<meta name=\"twitter:label2\" content=\"Dur\u00e9e de lecture estim\u00e9e\" \/>\n\t<meta name=\"twitter:data2\" content=\"2 minutes\" \/>\n<script type=\"application\/ld+json\" class=\"yoast-schema-graph\">{\"@context\":\"https:\/\/schema.org\",\"@graph\":[{\"@type\":\"Article\",\"@id\":\"https:\/\/www.africa-press.net\/guinee-conakry\/politique\/le-ministre-bea-diallo-pourquoi-jetais-un-gamin-violent-et-revolte-avec-beaucoup-de-haine#article\",\"isPartOf\":{\"@id\":\"https:\/\/www.africa-press.net\/guinee-conakry\/politique\/le-ministre-bea-diallo-pourquoi-jetais-un-gamin-violent-et-revolte-avec-beaucoup-de-haine\"},\"author\":{\"name\":\"cfeditorfr\",\"@id\":\"https:\/\/www.africa-press.net\/guinee-conakry\/#\/schema\/person\/2b1cf3cd81a31e3cd26889ca66d677f1\"},\"headline\":\"Le ministre Bea Diallo\u00a0: \u2018\u2019Pourquoi j\u2019\u00e9tais un gamin violent et r\u00e9volt\u00e9 avec beaucoup de haine\u2026\u2019\u2019\",\"datePublished\":\"2023-12-16T17:06:00+00:00\",\"mainEntityOfPage\":{\"@id\":\"https:\/\/www.africa-press.net\/guinee-conakry\/politique\/le-ministre-bea-diallo-pourquoi-jetais-un-gamin-violent-et-revolte-avec-beaucoup-de-haine\"},\"wordCount\":504,\"commentCount\":0,\"image\":{\"@id\":\"https:\/\/www.africa-press.net\/guinee-conakry\/politique\/le-ministre-bea-diallo-pourquoi-jetais-un-gamin-violent-et-revolte-avec-beaucoup-de-haine#primaryimage\"},\"thumbnailUrl\":\"https:\/\/static.africa-press.net\/conakry\/sites\/63\/2023\/12\/Jokar1702733803.96901.jpg\",\"keywords\":[\"Africa Press\",\"Africa Press-Guin\u00e9e\",\"Guin\u00e9e\"],\"articleSection\":[\"Politique\",\"Toutes les actualit\u00e9s\"],\"inLanguage\":\"fr-FR\",\"potentialAction\":[{\"@type\":\"CommentAction\",\"name\":\"Comment\",\"target\":[\"https:\/\/www.africa-press.net\/guinee-conakry\/politique\/le-ministre-bea-diallo-pourquoi-jetais-un-gamin-violent-et-revolte-avec-beaucoup-de-haine#respond\"]}]},{\"@type\":\"WebPage\",\"@id\":\"https:\/\/www.africa-press.net\/guinee-conakry\/politique\/le-ministre-bea-diallo-pourquoi-jetais-un-gamin-violent-et-revolte-avec-beaucoup-de-haine\",\"url\":\"https:\/\/www.africa-press.net\/guinee-conakry\/politique\/le-ministre-bea-diallo-pourquoi-jetais-un-gamin-violent-et-revolte-avec-beaucoup-de-haine\",\"name\":\"Le ministre Bea Diallo\u00a0: \u2018\u2019Pourquoi j\u2019\u00e9tais un gamin violent et r\u00e9volt\u00e9 avec beaucoup de haine\u2026\u2019\u2019 - guinee Conakry\",\"isPartOf\":{\"@id\":\"https:\/\/www.africa-press.net\/guinee-conakry\/#website\"},\"primaryImageOfPage\":{\"@id\":\"https:\/\/www.africa-press.net\/guinee-conakry\/politique\/le-ministre-bea-diallo-pourquoi-jetais-un-gamin-violent-et-revolte-avec-beaucoup-de-haine#primaryimage\"},\"image\":{\"@id\":\"https:\/\/www.africa-press.net\/guinee-conakry\/politique\/le-ministre-bea-diallo-pourquoi-jetais-un-gamin-violent-et-revolte-avec-beaucoup-de-haine#primaryimage\"},\"thumbnailUrl\":\"https:\/\/static.africa-press.net\/conakry\/sites\/63\/2023\/12\/Jokar1702733803.96901.jpg\",\"datePublished\":\"2023-12-16T17:06:00+00:00\",\"author\":{\"@id\":\"https:\/\/www.africa-press.net\/guinee-conakry\/#\/schema\/person\/2b1cf3cd81a31e3cd26889ca66d677f1\"},\"breadcrumb\":{\"@id\":\"https:\/\/www.africa-press.net\/guinee-conakry\/politique\/le-ministre-bea-diallo-pourquoi-jetais-un-gamin-violent-et-revolte-avec-beaucoup-de-haine#breadcrumb\"},\"inLanguage\":\"fr-FR\",\"potentialAction\":[{\"@type\":\"ReadAction\",\"target\":[\"https:\/\/www.africa-press.net\/guinee-conakry\/politique\/le-ministre-bea-diallo-pourquoi-jetais-un-gamin-violent-et-revolte-avec-beaucoup-de-haine\"]}]},{\"@type\":\"ImageObject\",\"inLanguage\":\"fr-FR\",\"@id\":\"https:\/\/www.africa-press.net\/guinee-conakry\/politique\/le-ministre-bea-diallo-pourquoi-jetais-un-gamin-violent-et-revolte-avec-beaucoup-de-haine#primaryimage\",\"url\":\"https:\/\/static.africa-press.net\/conakry\/sites\/63\/2023\/12\/Jokar1702733803.96901.jpg\",\"contentUrl\":\"https:\/\/static.africa-press.net\/conakry\/sites\/63\/2023\/12\/Jokar1702733803.96901.jpg\",\"width\":719,\"height\":439,\"caption\":\"Le ministre Bea Diallo\u00a0: \u2018\u2019Pourquoi j\u2019\u00e9tais un gamin violent et r\u00e9volt\u00e9 avec beaucoup de haine\u2026\u2019\u2019\"},{\"@type\":\"BreadcrumbList\",\"@id\":\"https:\/\/www.africa-press.net\/guinee-conakry\/politique\/le-ministre-bea-diallo-pourquoi-jetais-un-gamin-violent-et-revolte-avec-beaucoup-de-haine#breadcrumb\",\"itemListElement\":[{\"@type\":\"ListItem\",\"position\":1,\"name\":\"Accueil\",\"item\":\"https:\/\/www.africa-press.net\/guinee-conakry\/\"},{\"@type\":\"ListItem\",\"position\":2,\"name\":\"Le ministre Bea Diallo\u00a0: \u2018\u2019Pourquoi j\u2019\u00e9tais un gamin violent et r\u00e9volt\u00e9 avec beaucoup de haine\u2026\u2019\u2019\"}]},{\"@type\":\"WebSite\",\"@id\":\"https:\/\/www.africa-press.net\/guinee-conakry\/#website\",\"url\":\"https:\/\/www.africa-press.net\/guinee-conakry\/\",\"name\":\"guinee Conakry\",\"description\":\"Just another Africa News Agency Sites site\",\"potentialAction\":[{\"@type\":\"SearchAction\",\"target\":{\"@type\":\"EntryPoint\",\"urlTemplate\":\"https:\/\/www.africa-press.net\/guinee-conakry\/?s={search_term_string}\"},\"query-input\":{\"@type\":\"PropertyValueSpecification\",\"valueRequired\":true,\"valueName\":\"search_term_string\"}}],\"inLanguage\":\"fr-FR\"},{\"@type\":\"Person\",\"@id\":\"https:\/\/www.africa-press.net\/guinee-conakry\/#\/schema\/person\/2b1cf3cd81a31e3cd26889ca66d677f1\",\"name\":\"cfeditorfr\"}]}<\/script>\n<!-- \/ Yoast SEO Premium plugin. -->","yoast_head_json":{"title":"Le ministre Bea Diallo\u00a0: \u2018\u2019Pourquoi j\u2019\u00e9tais un gamin violent et r\u00e9volt\u00e9 avec beaucoup de haine\u2026\u2019\u2019 - guinee Conakry","robots":{"index":"index","follow":"follow","max-snippet":"max-snippet:-1","max-image-preview":"max-image-preview:large","max-video-preview":"max-video-preview:-1"},"canonical":"https:\/\/www.africa-press.net\/guinee-conakry\/politique\/le-ministre-bea-diallo-pourquoi-jetais-un-gamin-violent-et-revolte-avec-beaucoup-de-haine","og_locale":"fr_FR","og_type":"article","og_title":"Le ministre Bea Diallo\u00a0: \u2018\u2019Pourquoi j\u2019\u00e9tais un gamin violent et r\u00e9volt\u00e9 avec beaucoup de haine\u2026\u2019\u2019","og_description":"Africa-Press &#8211; Guin\u00e9e. Avant de devenir champion de boxe, le ministre de la jeunesse et des sports assure qu\u2019il a passe\u0301 une partie de son enfance dans la re\u0301volte en Europe. Pour Lansana Be\u0301a Diallo, derrie\u0300re l\u2019homme qu\u2019il est devenu aujourd\u2019hui se cache un justicier. \u2018\u2019Aujourd\u2019hui, tout le monde me voit tre\u0300s gentil (&#8230;). J\u2019e\u0301tais [&hellip;]","og_url":"https:\/\/www.africa-press.net\/guinee-conakry\/politique\/le-ministre-bea-diallo-pourquoi-jetais-un-gamin-violent-et-revolte-avec-beaucoup-de-haine","og_site_name":"guinee Conakry","article_published_time":"2023-12-16T17:06:00+00:00","author":"cfeditorfr","twitter_card":"summary_large_image","twitter_misc":{"\u00c9crit par":"cfeditorfr","Dur\u00e9e de lecture estim\u00e9e":"2 minutes"},"schema":{"@context":"https:\/\/schema.org","@graph":[{"@type":"Article","@id":"https:\/\/www.africa-press.net\/guinee-conakry\/politique\/le-ministre-bea-diallo-pourquoi-jetais-un-gamin-violent-et-revolte-avec-beaucoup-de-haine#article","isPartOf":{"@id":"https:\/\/www.africa-press.net\/guinee-conakry\/politique\/le-ministre-bea-diallo-pourquoi-jetais-un-gamin-violent-et-revolte-avec-beaucoup-de-haine"},"author":{"name":"cfeditorfr","@id":"https:\/\/www.africa-press.net\/guinee-conakry\/#\/schema\/person\/2b1cf3cd81a31e3cd26889ca66d677f1"},"headline":"Le ministre Bea Diallo\u00a0: \u2018\u2019Pourquoi j\u2019\u00e9tais un gamin violent et r\u00e9volt\u00e9 avec beaucoup de haine\u2026\u2019\u2019","datePublished":"2023-12-16T17:06:00+00:00","mainEntityOfPage":{"@id":"https:\/\/www.africa-press.net\/guinee-conakry\/politique\/le-ministre-bea-diallo-pourquoi-jetais-un-gamin-violent-et-revolte-avec-beaucoup-de-haine"},"wordCount":504,"commentCount":0,"image":{"@id":"https:\/\/www.africa-press.net\/guinee-conakry\/politique\/le-ministre-bea-diallo-pourquoi-jetais-un-gamin-violent-et-revolte-avec-beaucoup-de-haine#primaryimage"},"thumbnailUrl":"https:\/\/static.africa-press.net\/conakry\/sites\/63\/2023\/12\/Jokar1702733803.96901.jpg","keywords":["Africa Press","Africa Press-Guin\u00e9e","Guin\u00e9e"],"articleSection":["Politique","Toutes les actualit\u00e9s"],"inLanguage":"fr-FR","potentialAction":[{"@type":"CommentAction","name":"Comment","target":["https:\/\/www.africa-press.net\/guinee-conakry\/politique\/le-ministre-bea-diallo-pourquoi-jetais-un-gamin-violent-et-revolte-avec-beaucoup-de-haine#respond"]}]},{"@type":"WebPage","@id":"https:\/\/www.africa-press.net\/guinee-conakry\/politique\/le-ministre-bea-diallo-pourquoi-jetais-un-gamin-violent-et-revolte-avec-beaucoup-de-haine","url":"https:\/\/www.africa-press.net\/guinee-conakry\/politique\/le-ministre-bea-diallo-pourquoi-jetais-un-gamin-violent-et-revolte-avec-beaucoup-de-haine","name":"Le ministre Bea Diallo\u00a0: \u2018\u2019Pourquoi j\u2019\u00e9tais un gamin violent et r\u00e9volt\u00e9 avec beaucoup de haine\u2026\u2019\u2019 - guinee Conakry","isPartOf":{"@id":"https:\/\/www.africa-press.net\/guinee-conakry\/#website"},"primaryImageOfPage":{"@id":"https:\/\/www.africa-press.net\/guinee-conakry\/politique\/le-ministre-bea-diallo-pourquoi-jetais-un-gamin-violent-et-revolte-avec-beaucoup-de-haine#primaryimage"},"image":{"@id":"https:\/\/www.africa-press.net\/guinee-conakry\/politique\/le-ministre-bea-diallo-pourquoi-jetais-un-gamin-violent-et-revolte-avec-beaucoup-de-haine#primaryimage"},"thumbnailUrl":"https:\/\/static.africa-press.net\/conakry\/sites\/63\/2023\/12\/Jokar1702733803.96901.jpg","datePublished":"2023-12-16T17:06:00+00:00","author":{"@id":"https:\/\/www.africa-press.net\/guinee-conakry\/#\/schema\/person\/2b1cf3cd81a31e3cd26889ca66d677f1"},"breadcrumb":{"@id":"https:\/\/www.africa-press.net\/guinee-conakry\/politique\/le-ministre-bea-diallo-pourquoi-jetais-un-gamin-violent-et-revolte-avec-beaucoup-de-haine#breadcrumb"},"inLanguage":"fr-FR","potentialAction":[{"@type":"ReadAction","target":["https:\/\/www.africa-press.net\/guinee-conakry\/politique\/le-ministre-bea-diallo-pourquoi-jetais-un-gamin-violent-et-revolte-avec-beaucoup-de-haine"]}]},{"@type":"ImageObject","inLanguage":"fr-FR","@id":"https:\/\/www.africa-press.net\/guinee-conakry\/politique\/le-ministre-bea-diallo-pourquoi-jetais-un-gamin-violent-et-revolte-avec-beaucoup-de-haine#primaryimage","url":"https:\/\/static.africa-press.net\/conakry\/sites\/63\/2023\/12\/Jokar1702733803.96901.jpg","contentUrl":"https:\/\/static.africa-press.net\/conakry\/sites\/63\/2023\/12\/Jokar1702733803.96901.jpg","width":719,"height":439,"caption":"Le ministre Bea Diallo\u00a0: \u2018\u2019Pourquoi j\u2019\u00e9tais un gamin violent et r\u00e9volt\u00e9 avec beaucoup de haine\u2026\u2019\u2019"},{"@type":"BreadcrumbList","@id":"https:\/\/www.africa-press.net\/guinee-conakry\/politique\/le-ministre-bea-diallo-pourquoi-jetais-un-gamin-violent-et-revolte-avec-beaucoup-de-haine#breadcrumb","itemListElement":[{"@type":"ListItem","position":1,"name":"Accueil","item":"https:\/\/www.africa-press.net\/guinee-conakry\/"},{"@type":"ListItem","position":2,"name":"Le ministre Bea Diallo\u00a0: \u2018\u2019Pourquoi j\u2019\u00e9tais un gamin violent et r\u00e9volt\u00e9 avec beaucoup de haine\u2026\u2019\u2019"}]},{"@type":"WebSite","@id":"https:\/\/www.africa-press.net\/guinee-conakry\/#website","url":"https:\/\/www.africa-press.net\/guinee-conakry\/","name":"guinee Conakry","description":"Just another Africa News Agency Sites site","potentialAction":[{"@type":"SearchAction","target":{"@type":"EntryPoint","urlTemplate":"https:\/\/www.africa-press.net\/guinee-conakry\/?s={search_term_string}"},"query-input":{"@type":"PropertyValueSpecification","valueRequired":true,"valueName":"search_term_string"}}],"inLanguage":"fr-FR"},{"@type":"Person","@id":"https:\/\/www.africa-press.net\/guinee-conakry\/#\/schema\/person\/2b1cf3cd81a31e3cd26889ca66d677f1","name":"cfeditorfr"}]}},"_links":{"self":[{"href":"https:\/\/www.africa-press.net\/guinee-conakry\/wp-json\/wp\/v2\/posts\/17853","targetHints":{"allow":["GET"]}}],"collection":[{"href":"https:\/\/www.africa-press.net\/guinee-conakry\/wp-json\/wp\/v2\/posts"}],"about":[{"href":"https:\/\/www.africa-press.net\/guinee-conakry\/wp-json\/wp\/v2\/types\/post"}],"author":[{"embeddable":true,"href":"https:\/\/www.africa-press.net\/guinee-conakry\/wp-json\/wp\/v2\/users\/82"}],"replies":[{"embeddable":true,"href":"https:\/\/www.africa-press.net\/guinee-conakry\/wp-json\/wp\/v2\/comments?post=17853"}],"version-history":[{"count":0,"href":"https:\/\/www.africa-press.net\/guinee-conakry\/wp-json\/wp\/v2\/posts\/17853\/revisions"}],"wp:featuredmedia":[{"embeddable":true,"href":"https:\/\/www.africa-press.net\/guinee-conakry\/wp-json\/wp\/v2\/media\/17852"}],"wp:attachment":[{"href":"https:\/\/www.africa-press.net\/guinee-conakry\/wp-json\/wp\/v2\/media?parent=17853"}],"wp:term":[{"taxonomy":"category","embeddable":true,"href":"https:\/\/www.africa-press.net\/guinee-conakry\/wp-json\/wp\/v2\/categories?post=17853"},{"taxonomy":"post_tag","embeddable":true,"href":"https:\/\/www.africa-press.net\/guinee-conakry\/wp-json\/wp\/v2\/tags?post=17853"}],"curies":[{"name":"wp","href":"https:\/\/api.w.org\/{rel}","templated":true}]}}