{"id":17859,"date":"2023-12-17T03:23:00","date_gmt":"2023-12-17T03:23:00","guid":{"rendered":"https:\/\/www.africa-press.net\/guinee-conakry\/politique\/le-camp-de-dalein-a-mory-conde-nous-ne-sommes-pas-la-pour-recevoir-des-ordres-ni-les-diktas-dun-ministre"},"modified":"2023-12-17T03:23:00","modified_gmt":"2023-12-17T03:23:00","slug":"le-camp-de-dalein-a-mory-conde-nous-ne-sommes-pas-la-pour-recevoir-des-ordres-ni-les-diktas-dun-ministre","status":"publish","type":"post","link":"https:\/\/www.africa-press.net\/guinee-conakry\/politique\/le-camp-de-dalein-a-mory-conde-nous-ne-sommes-pas-la-pour-recevoir-des-ordres-ni-les-diktas-dun-ministre","title":{"rendered":"Le camp de Dalein \u00e0 Mory Cond\u00e9\u00a0: \u2018\u2019Nous ne sommes pas l\u00e0 pour recevoir des ordres, ni les\u00a0diktas\u00a0d\u2019un ministre\u2019\u2019"},"content":{"rendered":"<p><span style=\"color: #ff6600\"><strong>Africa-Press &#8211; Guin\u00e9e. <\/strong><\/span>En annonc\u0327ant qu\u2019aucune formation politique ne prendra part aux futures e\u0301che\u0301ances e\u0301lectorales sans passer par un congre\u0300s supervise\u0301 par le ministe\u0300re de l\u2019administration du territoire et de la de\u0301centralisation, Mory Conde\u0301 de\u0301clenche l\u2019ire de l\u2019Union des forces de\u0301mocratiques de Guine\u0301e (UFDG). Pour le vice-pre\u0301sident de la formation politique dirige\u0301e par Cellou Dalein Diallo, son parti n\u2019est pas subordonne\u0301 a\u0300 un de\u0301partement ministe\u0301riel.<\/p>\n<p>\u2018\u2019Le ministre Mory Conde\u0301 doit comprendre qu\u2019il a toute la vie devant lui. Il est venu encore pour provoquer les partis politiques. Tout le monde sait qu\u2019un parti, pour pre\u0301senter un candidat, cela est connu de tous. On sait qu\u2019il faut une se\u0301ance d\u2019investiture du candidat. Mais nous ne sommes pas des subordonne\u0301s du ministe\u0300re de l\u2019administration de la territoriale\u2019\u2019, a clarifie\u0301 Kalemodou Yansane\u0301 ce samedi au cours de l\u2019assemble\u0301e ge\u0301ne\u0301rale de l\u2019UFDG.<\/p>\n<p>Ce proche de Dalein rappelle que la junte n\u2019est pas dans la le\u0301galite\u0301. \u2018\u2019Lorsqu\u2019on est venu de\u0301poser une assemble\u0301e re\u0301gulie\u0300rement e\u0301lue pour mettre des dames et des messieurs a\u0300 leurs places pour les appeler des conseillers nationaux, puis on vient un beau matin pour de\u0301poser un pre\u0301sident e\u0301lu qui n\u2019est pas en fin de mandat, au lieu de re\u0301gler ces proble\u0300mes dans le consensus, c\u2019est autre chose. On n\u2019est pas dans une Re\u0301publique aujourd\u2019hui. Nous sommes dans un E\u0301tat. On n\u2019a pas de constitution et tout doit se re\u0301gler dans le consensus. Le pouvoir actuel doit e\u0302tre tire\u0301 d\u2019un consensus, mais pas le dicta, il faut qu\u2019ils comprennent c\u0327a. Dans tout c\u0327a, vous voulez capitaliser les partis politiques. Quel est le financement que vous apportez aux partis politiques ? Rien du tout\u2019\u2019, de\u0301plore le vice-pre\u0301sident de l\u2019UFDG.<\/p>\n<p>Au ministre Mory Conde\u0301, il rappelle qu\u2019a\u0300 \u2018\u2019chaque fois qu\u2019on a eu besoin d\u2019organiser un congre\u0300s, une investiture, nous avons re\u0301gulie\u0300rement invite\u0301 les autorite\u0301s du ministe\u0300re de l\u2019administration du territoire et de la de\u0301centralisation parce que c\u2019est la tutelle des partis politiques. Mais nous ne sommes pas la\u0300 pour recevoir des ordres, ni les diktas du ministre. Il faut qu\u2019il le sache et que les provocations cessent\u2019\u2019.<\/p>\n<p>Il soutient que le ministre Mory Conde\u0301 avait demande\u0301 aux \u2018\u2019Coalitions d\u2019envoyer les statuts des partis politiques alors que c\u2019est dans son ministe\u0300re qu\u2019on signe ces statuts. Ce sont les Coalitions qui auraient demande\u0301 au ministe\u0300re de nous envoyer les copies de tels ou tels autres statuts. Ce n\u2019est pas au ministre de demander c\u0327a\u2019\u2019.<\/p>\n<p>Salimatou BALDE<\/p>\n<p><strong>Pour plus d&rsquo;informations et d&rsquo;analyses sur la <a href=\"https:\/\/www.africa-press.net\/guinee-conakry\">Guin\u00e9e<\/a>, suivez <a href=\"https:\/\/www.africa-press.net\/\">Africa-Press<\/a><\/strong><\/p>\n","protected":false},"excerpt":{"rendered":"<p>Africa-Press &#8211; Guin\u00e9e. En annonc\u0327ant qu\u2019aucune formation politique ne prendra part aux futures e\u0301che\u0301ances e\u0301lectorales sans passer par un congre\u0300s supervise\u0301 par le ministe\u0300re de l\u2019administration du territoire et de la de\u0301centralisation, Mory Conde\u0301 de\u0301clenche l\u2019ire de l\u2019Union des forces de\u0301mocratiques de Guine\u0301e (UFDG). Pour le vice-pre\u0301sident de la formation politique dirige\u0301e par Cellou Dalein [&hellip;]<\/p>\n","protected":false},"author":82,"featured_media":17858,"comment_status":"open","ping_status":"closed","sticky":false,"template":"","format":"standard","meta":{"footnotes":""},"categories":[2,10],"tags":[36,57,58],"class_list":["post-17859","post","type-post","status-publish","format-standard","has-post-thumbnail","hentry","category-politique","category-toutes-les-actualites","tag-africa-press","tag-africa-press-guinee","tag-guinee"],"yoast_head":"<!-- This site is optimized with the Yoast SEO Premium plugin v26.1 (Yoast SEO v27.0) - https:\/\/yoast.com\/product\/yoast-seo-premium-wordpress\/ -->\n<title>Le camp de Dalein \u00e0 Mory Cond\u00e9\u00a0: \u2018\u2019Nous ne sommes pas l\u00e0 pour recevoir des ordres, ni les\u00a0diktas\u00a0d\u2019un ministre\u2019\u2019 - guinee Conakry<\/title>\n<meta name=\"robots\" content=\"index, follow, max-snippet:-1, max-image-preview:large, max-video-preview:-1\" \/>\n<link rel=\"canonical\" href=\"https:\/\/www.africa-press.net\/guinee-conakry\/politique\/le-camp-de-dalein-a-mory-conde-nous-ne-sommes-pas-la-pour-recevoir-des-ordres-ni-les-diktas-dun-ministre\" \/>\n<meta property=\"og:locale\" content=\"fr_FR\" \/>\n<meta property=\"og:type\" content=\"article\" \/>\n<meta property=\"og:title\" content=\"Le camp de Dalein \u00e0 Mory Cond\u00e9\u00a0: \u2018\u2019Nous ne sommes pas l\u00e0 pour recevoir des ordres, ni les\u00a0diktas\u00a0d\u2019un ministre\u2019\u2019\" \/>\n<meta property=\"og:description\" content=\"Africa-Press &#8211; Guin\u00e9e. En annonc\u0327ant qu\u2019aucune formation politique ne prendra part aux futures e\u0301che\u0301ances e\u0301lectorales sans passer par un congre\u0300s supervise\u0301 par le ministe\u0300re de l\u2019administration du territoire et de la de\u0301centralisation, Mory Conde\u0301 de\u0301clenche l\u2019ire de l\u2019Union des forces de\u0301mocratiques de Guine\u0301e (UFDG). Pour le vice-pre\u0301sident de la formation politique dirige\u0301e par Cellou Dalein [&hellip;]\" \/>\n<meta property=\"og:url\" content=\"https:\/\/www.africa-press.net\/guinee-conakry\/politique\/le-camp-de-dalein-a-mory-conde-nous-ne-sommes-pas-la-pour-recevoir-des-ordres-ni-les-diktas-dun-ministre\" \/>\n<meta property=\"og:site_name\" content=\"guinee Conakry\" \/>\n<meta property=\"article:published_time\" content=\"2023-12-17T03:23:00+00:00\" \/>\n<meta name=\"author\" content=\"cfeditorfr\" \/>\n<meta name=\"twitter:card\" content=\"summary_large_image\" \/>\n<meta name=\"twitter:label1\" content=\"\u00c9crit par\" \/>\n\t<meta name=\"twitter:data1\" content=\"cfeditorfr\" \/>\n\t<meta name=\"twitter:label2\" content=\"Dur\u00e9e de lecture estim\u00e9e\" \/>\n\t<meta name=\"twitter:data2\" content=\"2 minutes\" \/>\n<script type=\"application\/ld+json\" class=\"yoast-schema-graph\">{\"@context\":\"https:\/\/schema.org\",\"@graph\":[{\"@type\":\"Article\",\"@id\":\"https:\/\/www.africa-press.net\/guinee-conakry\/politique\/le-camp-de-dalein-a-mory-conde-nous-ne-sommes-pas-la-pour-recevoir-des-ordres-ni-les-diktas-dun-ministre#article\",\"isPartOf\":{\"@id\":\"https:\/\/www.africa-press.net\/guinee-conakry\/politique\/le-camp-de-dalein-a-mory-conde-nous-ne-sommes-pas-la-pour-recevoir-des-ordres-ni-les-diktas-dun-ministre\"},\"author\":{\"name\":\"cfeditorfr\",\"@id\":\"https:\/\/www.africa-press.net\/guinee-conakry\/#\/schema\/person\/2b1cf3cd81a31e3cd26889ca66d677f1\"},\"headline\":\"Le camp de Dalein \u00e0 Mory Cond\u00e9\u00a0: \u2018\u2019Nous ne sommes pas l\u00e0 pour recevoir des ordres, ni les\u00a0diktas\u00a0d\u2019un ministre\u2019\u2019\",\"datePublished\":\"2023-12-17T03:23:00+00:00\",\"mainEntityOfPage\":{\"@id\":\"https:\/\/www.africa-press.net\/guinee-conakry\/politique\/le-camp-de-dalein-a-mory-conde-nous-ne-sommes-pas-la-pour-recevoir-des-ordres-ni-les-diktas-dun-ministre\"},\"wordCount\":514,\"commentCount\":0,\"image\":{\"@id\":\"https:\/\/www.africa-press.net\/guinee-conakry\/politique\/le-camp-de-dalein-a-mory-conde-nous-ne-sommes-pas-la-pour-recevoir-des-ordres-ni-les-diktas-dun-ministre#primaryimage\"},\"thumbnailUrl\":\"https:\/\/static.africa-press.net\/conakry\/sites\/63\/2023\/12\/Jokar1702770802.022433.jpg\",\"keywords\":[\"Africa Press\",\"Africa Press-Guin\u00e9e\",\"Guin\u00e9e\"],\"articleSection\":[\"Politique\",\"Toutes les actualit\u00e9s\"],\"inLanguage\":\"fr-FR\",\"potentialAction\":[{\"@type\":\"CommentAction\",\"name\":\"Comment\",\"target\":[\"https:\/\/www.africa-press.net\/guinee-conakry\/politique\/le-camp-de-dalein-a-mory-conde-nous-ne-sommes-pas-la-pour-recevoir-des-ordres-ni-les-diktas-dun-ministre#respond\"]}]},{\"@type\":\"WebPage\",\"@id\":\"https:\/\/www.africa-press.net\/guinee-conakry\/politique\/le-camp-de-dalein-a-mory-conde-nous-ne-sommes-pas-la-pour-recevoir-des-ordres-ni-les-diktas-dun-ministre\",\"url\":\"https:\/\/www.africa-press.net\/guinee-conakry\/politique\/le-camp-de-dalein-a-mory-conde-nous-ne-sommes-pas-la-pour-recevoir-des-ordres-ni-les-diktas-dun-ministre\",\"name\":\"Le camp de Dalein \u00e0 Mory Cond\u00e9\u00a0: \u2018\u2019Nous ne sommes pas l\u00e0 pour recevoir des ordres, ni les\u00a0diktas\u00a0d\u2019un ministre\u2019\u2019 - guinee Conakry\",\"isPartOf\":{\"@id\":\"https:\/\/www.africa-press.net\/guinee-conakry\/#website\"},\"primaryImageOfPage\":{\"@id\":\"https:\/\/www.africa-press.net\/guinee-conakry\/politique\/le-camp-de-dalein-a-mory-conde-nous-ne-sommes-pas-la-pour-recevoir-des-ordres-ni-les-diktas-dun-ministre#primaryimage\"},\"image\":{\"@id\":\"https:\/\/www.africa-press.net\/guinee-conakry\/politique\/le-camp-de-dalein-a-mory-conde-nous-ne-sommes-pas-la-pour-recevoir-des-ordres-ni-les-diktas-dun-ministre#primaryimage\"},\"thumbnailUrl\":\"https:\/\/static.africa-press.net\/conakry\/sites\/63\/2023\/12\/Jokar1702770802.022433.jpg\",\"datePublished\":\"2023-12-17T03:23:00+00:00\",\"author\":{\"@id\":\"https:\/\/www.africa-press.net\/guinee-conakry\/#\/schema\/person\/2b1cf3cd81a31e3cd26889ca66d677f1\"},\"breadcrumb\":{\"@id\":\"https:\/\/www.africa-press.net\/guinee-conakry\/politique\/le-camp-de-dalein-a-mory-conde-nous-ne-sommes-pas-la-pour-recevoir-des-ordres-ni-les-diktas-dun-ministre#breadcrumb\"},\"inLanguage\":\"fr-FR\",\"potentialAction\":[{\"@type\":\"ReadAction\",\"target\":[\"https:\/\/www.africa-press.net\/guinee-conakry\/politique\/le-camp-de-dalein-a-mory-conde-nous-ne-sommes-pas-la-pour-recevoir-des-ordres-ni-les-diktas-dun-ministre\"]}]},{\"@type\":\"ImageObject\",\"inLanguage\":\"fr-FR\",\"@id\":\"https:\/\/www.africa-press.net\/guinee-conakry\/politique\/le-camp-de-dalein-a-mory-conde-nous-ne-sommes-pas-la-pour-recevoir-des-ordres-ni-les-diktas-dun-ministre#primaryimage\",\"url\":\"https:\/\/static.africa-press.net\/conakry\/sites\/63\/2023\/12\/Jokar1702770802.022433.jpg\",\"contentUrl\":\"https:\/\/static.africa-press.net\/conakry\/sites\/63\/2023\/12\/Jokar1702770802.022433.jpg\",\"width\":1024,\"height\":683,\"caption\":\"Le camp de Dalein \u00e0 Mory Cond\u00e9\u00a0: \u2018\u2019Nous ne sommes pas l\u00e0 pour recevoir des ordres, ni les\u00a0diktas\u00a0d\u2019un ministre\u2019\u2019\"},{\"@type\":\"BreadcrumbList\",\"@id\":\"https:\/\/www.africa-press.net\/guinee-conakry\/politique\/le-camp-de-dalein-a-mory-conde-nous-ne-sommes-pas-la-pour-recevoir-des-ordres-ni-les-diktas-dun-ministre#breadcrumb\",\"itemListElement\":[{\"@type\":\"ListItem\",\"position\":1,\"name\":\"Accueil\",\"item\":\"https:\/\/www.africa-press.net\/guinee-conakry\/\"},{\"@type\":\"ListItem\",\"position\":2,\"name\":\"Le camp de Dalein \u00e0 Mory Cond\u00e9\u00a0: \u2018\u2019Nous ne sommes pas l\u00e0 pour recevoir des ordres, ni les\u00a0diktas\u00a0d\u2019un ministre\u2019\u2019\"}]},{\"@type\":\"WebSite\",\"@id\":\"https:\/\/www.africa-press.net\/guinee-conakry\/#website\",\"url\":\"https:\/\/www.africa-press.net\/guinee-conakry\/\",\"name\":\"guinee Conakry\",\"description\":\"Just another Africa News Agency Sites site\",\"potentialAction\":[{\"@type\":\"SearchAction\",\"target\":{\"@type\":\"EntryPoint\",\"urlTemplate\":\"https:\/\/www.africa-press.net\/guinee-conakry\/?s={search_term_string}\"},\"query-input\":{\"@type\":\"PropertyValueSpecification\",\"valueRequired\":true,\"valueName\":\"search_term_string\"}}],\"inLanguage\":\"fr-FR\"},{\"@type\":\"Person\",\"@id\":\"https:\/\/www.africa-press.net\/guinee-conakry\/#\/schema\/person\/2b1cf3cd81a31e3cd26889ca66d677f1\",\"name\":\"cfeditorfr\"}]}<\/script>\n<!-- \/ Yoast SEO Premium plugin. -->","yoast_head_json":{"title":"Le camp de Dalein \u00e0 Mory Cond\u00e9\u00a0: \u2018\u2019Nous ne sommes pas l\u00e0 pour recevoir des ordres, ni les\u00a0diktas\u00a0d\u2019un ministre\u2019\u2019 - guinee Conakry","robots":{"index":"index","follow":"follow","max-snippet":"max-snippet:-1","max-image-preview":"max-image-preview:large","max-video-preview":"max-video-preview:-1"},"canonical":"https:\/\/www.africa-press.net\/guinee-conakry\/politique\/le-camp-de-dalein-a-mory-conde-nous-ne-sommes-pas-la-pour-recevoir-des-ordres-ni-les-diktas-dun-ministre","og_locale":"fr_FR","og_type":"article","og_title":"Le camp de Dalein \u00e0 Mory Cond\u00e9\u00a0: \u2018\u2019Nous ne sommes pas l\u00e0 pour recevoir des ordres, ni les\u00a0diktas\u00a0d\u2019un ministre\u2019\u2019","og_description":"Africa-Press &#8211; Guin\u00e9e. En annonc\u0327ant qu\u2019aucune formation politique ne prendra part aux futures e\u0301che\u0301ances e\u0301lectorales sans passer par un congre\u0300s supervise\u0301 par le ministe\u0300re de l\u2019administration du territoire et de la de\u0301centralisation, Mory Conde\u0301 de\u0301clenche l\u2019ire de l\u2019Union des forces de\u0301mocratiques de Guine\u0301e (UFDG). Pour le vice-pre\u0301sident de la formation politique dirige\u0301e par Cellou Dalein [&hellip;]","og_url":"https:\/\/www.africa-press.net\/guinee-conakry\/politique\/le-camp-de-dalein-a-mory-conde-nous-ne-sommes-pas-la-pour-recevoir-des-ordres-ni-les-diktas-dun-ministre","og_site_name":"guinee Conakry","article_published_time":"2023-12-17T03:23:00+00:00","author":"cfeditorfr","twitter_card":"summary_large_image","twitter_misc":{"\u00c9crit par":"cfeditorfr","Dur\u00e9e de lecture estim\u00e9e":"2 minutes"},"schema":{"@context":"https:\/\/schema.org","@graph":[{"@type":"Article","@id":"https:\/\/www.africa-press.net\/guinee-conakry\/politique\/le-camp-de-dalein-a-mory-conde-nous-ne-sommes-pas-la-pour-recevoir-des-ordres-ni-les-diktas-dun-ministre#article","isPartOf":{"@id":"https:\/\/www.africa-press.net\/guinee-conakry\/politique\/le-camp-de-dalein-a-mory-conde-nous-ne-sommes-pas-la-pour-recevoir-des-ordres-ni-les-diktas-dun-ministre"},"author":{"name":"cfeditorfr","@id":"https:\/\/www.africa-press.net\/guinee-conakry\/#\/schema\/person\/2b1cf3cd81a31e3cd26889ca66d677f1"},"headline":"Le camp de Dalein \u00e0 Mory Cond\u00e9\u00a0: \u2018\u2019Nous ne sommes pas l\u00e0 pour recevoir des ordres, ni les\u00a0diktas\u00a0d\u2019un ministre\u2019\u2019","datePublished":"2023-12-17T03:23:00+00:00","mainEntityOfPage":{"@id":"https:\/\/www.africa-press.net\/guinee-conakry\/politique\/le-camp-de-dalein-a-mory-conde-nous-ne-sommes-pas-la-pour-recevoir-des-ordres-ni-les-diktas-dun-ministre"},"wordCount":514,"commentCount":0,"image":{"@id":"https:\/\/www.africa-press.net\/guinee-conakry\/politique\/le-camp-de-dalein-a-mory-conde-nous-ne-sommes-pas-la-pour-recevoir-des-ordres-ni-les-diktas-dun-ministre#primaryimage"},"thumbnailUrl":"https:\/\/static.africa-press.net\/conakry\/sites\/63\/2023\/12\/Jokar1702770802.022433.jpg","keywords":["Africa Press","Africa Press-Guin\u00e9e","Guin\u00e9e"],"articleSection":["Politique","Toutes les actualit\u00e9s"],"inLanguage":"fr-FR","potentialAction":[{"@type":"CommentAction","name":"Comment","target":["https:\/\/www.africa-press.net\/guinee-conakry\/politique\/le-camp-de-dalein-a-mory-conde-nous-ne-sommes-pas-la-pour-recevoir-des-ordres-ni-les-diktas-dun-ministre#respond"]}]},{"@type":"WebPage","@id":"https:\/\/www.africa-press.net\/guinee-conakry\/politique\/le-camp-de-dalein-a-mory-conde-nous-ne-sommes-pas-la-pour-recevoir-des-ordres-ni-les-diktas-dun-ministre","url":"https:\/\/www.africa-press.net\/guinee-conakry\/politique\/le-camp-de-dalein-a-mory-conde-nous-ne-sommes-pas-la-pour-recevoir-des-ordres-ni-les-diktas-dun-ministre","name":"Le camp de Dalein \u00e0 Mory Cond\u00e9\u00a0: \u2018\u2019Nous ne sommes pas l\u00e0 pour recevoir des ordres, ni les\u00a0diktas\u00a0d\u2019un ministre\u2019\u2019 - guinee Conakry","isPartOf":{"@id":"https:\/\/www.africa-press.net\/guinee-conakry\/#website"},"primaryImageOfPage":{"@id":"https:\/\/www.africa-press.net\/guinee-conakry\/politique\/le-camp-de-dalein-a-mory-conde-nous-ne-sommes-pas-la-pour-recevoir-des-ordres-ni-les-diktas-dun-ministre#primaryimage"},"image":{"@id":"https:\/\/www.africa-press.net\/guinee-conakry\/politique\/le-camp-de-dalein-a-mory-conde-nous-ne-sommes-pas-la-pour-recevoir-des-ordres-ni-les-diktas-dun-ministre#primaryimage"},"thumbnailUrl":"https:\/\/static.africa-press.net\/conakry\/sites\/63\/2023\/12\/Jokar1702770802.022433.jpg","datePublished":"2023-12-17T03:23:00+00:00","author":{"@id":"https:\/\/www.africa-press.net\/guinee-conakry\/#\/schema\/person\/2b1cf3cd81a31e3cd26889ca66d677f1"},"breadcrumb":{"@id":"https:\/\/www.africa-press.net\/guinee-conakry\/politique\/le-camp-de-dalein-a-mory-conde-nous-ne-sommes-pas-la-pour-recevoir-des-ordres-ni-les-diktas-dun-ministre#breadcrumb"},"inLanguage":"fr-FR","potentialAction":[{"@type":"ReadAction","target":["https:\/\/www.africa-press.net\/guinee-conakry\/politique\/le-camp-de-dalein-a-mory-conde-nous-ne-sommes-pas-la-pour-recevoir-des-ordres-ni-les-diktas-dun-ministre"]}]},{"@type":"ImageObject","inLanguage":"fr-FR","@id":"https:\/\/www.africa-press.net\/guinee-conakry\/politique\/le-camp-de-dalein-a-mory-conde-nous-ne-sommes-pas-la-pour-recevoir-des-ordres-ni-les-diktas-dun-ministre#primaryimage","url":"https:\/\/static.africa-press.net\/conakry\/sites\/63\/2023\/12\/Jokar1702770802.022433.jpg","contentUrl":"https:\/\/static.africa-press.net\/conakry\/sites\/63\/2023\/12\/Jokar1702770802.022433.jpg","width":1024,"height":683,"caption":"Le camp de Dalein \u00e0 Mory Cond\u00e9\u00a0: \u2018\u2019Nous ne sommes pas l\u00e0 pour recevoir des ordres, ni les\u00a0diktas\u00a0d\u2019un ministre\u2019\u2019"},{"@type":"BreadcrumbList","@id":"https:\/\/www.africa-press.net\/guinee-conakry\/politique\/le-camp-de-dalein-a-mory-conde-nous-ne-sommes-pas-la-pour-recevoir-des-ordres-ni-les-diktas-dun-ministre#breadcrumb","itemListElement":[{"@type":"ListItem","position":1,"name":"Accueil","item":"https:\/\/www.africa-press.net\/guinee-conakry\/"},{"@type":"ListItem","position":2,"name":"Le camp de Dalein \u00e0 Mory Cond\u00e9\u00a0: \u2018\u2019Nous ne sommes pas l\u00e0 pour recevoir des ordres, ni les\u00a0diktas\u00a0d\u2019un ministre\u2019\u2019"}]},{"@type":"WebSite","@id":"https:\/\/www.africa-press.net\/guinee-conakry\/#website","url":"https:\/\/www.africa-press.net\/guinee-conakry\/","name":"guinee Conakry","description":"Just another Africa News Agency Sites site","potentialAction":[{"@type":"SearchAction","target":{"@type":"EntryPoint","urlTemplate":"https:\/\/www.africa-press.net\/guinee-conakry\/?s={search_term_string}"},"query-input":{"@type":"PropertyValueSpecification","valueRequired":true,"valueName":"search_term_string"}}],"inLanguage":"fr-FR"},{"@type":"Person","@id":"https:\/\/www.africa-press.net\/guinee-conakry\/#\/schema\/person\/2b1cf3cd81a31e3cd26889ca66d677f1","name":"cfeditorfr"}]}},"_links":{"self":[{"href":"https:\/\/www.africa-press.net\/guinee-conakry\/wp-json\/wp\/v2\/posts\/17859","targetHints":{"allow":["GET"]}}],"collection":[{"href":"https:\/\/www.africa-press.net\/guinee-conakry\/wp-json\/wp\/v2\/posts"}],"about":[{"href":"https:\/\/www.africa-press.net\/guinee-conakry\/wp-json\/wp\/v2\/types\/post"}],"author":[{"embeddable":true,"href":"https:\/\/www.africa-press.net\/guinee-conakry\/wp-json\/wp\/v2\/users\/82"}],"replies":[{"embeddable":true,"href":"https:\/\/www.africa-press.net\/guinee-conakry\/wp-json\/wp\/v2\/comments?post=17859"}],"version-history":[{"count":0,"href":"https:\/\/www.africa-press.net\/guinee-conakry\/wp-json\/wp\/v2\/posts\/17859\/revisions"}],"wp:featuredmedia":[{"embeddable":true,"href":"https:\/\/www.africa-press.net\/guinee-conakry\/wp-json\/wp\/v2\/media\/17858"}],"wp:attachment":[{"href":"https:\/\/www.africa-press.net\/guinee-conakry\/wp-json\/wp\/v2\/media?parent=17859"}],"wp:term":[{"taxonomy":"category","embeddable":true,"href":"https:\/\/www.africa-press.net\/guinee-conakry\/wp-json\/wp\/v2\/categories?post=17859"},{"taxonomy":"post_tag","embeddable":true,"href":"https:\/\/www.africa-press.net\/guinee-conakry\/wp-json\/wp\/v2\/tags?post=17859"}],"curies":[{"name":"wp","href":"https:\/\/api.w.org\/{rel}","templated":true}]}}