{"id":17867,"date":"2023-12-18T05:57:00","date_gmt":"2023-12-18T05:57:00","guid":{"rendered":"https:\/\/www.africa-press.net\/guinee-conakry\/politique\/gala-de-boxe-international-plusieurs-boxeurs-dont-le-petit-fils-de-mohammed-ali-a-conakry"},"modified":"2023-12-18T05:57:00","modified_gmt":"2023-12-18T05:57:00","slug":"gala-de-boxe-international-plusieurs-boxeurs-dont-le-petit-fils-de-mohammed-ali-a-conakry","status":"publish","type":"post","link":"https:\/\/www.africa-press.net\/guinee-conakry\/sports\/gala-de-boxe-international-plusieurs-boxeurs-dont-le-petit-fils-de-mohammed-ali-a-conakry","title":{"rendered":"Gala de boxe international : Plusieurs boxeurs dont le petit-fils de Mohammed Ali \u00e0 Conakry"},"content":{"rendered":"<p><span style=\"color: #ff6600\"><strong>Africa-Press &#8211; Guin\u00e9e. <\/strong><\/span>Une ple\u0301iade de boxeurs internationaux dont le petit-fils de la le\u0301gende Mohammed Ali, ont foule\u0301 le sol guine\u0301en pour participer au gala de boxe international qui se tiendra a\u0300 Conakry les 16 et 17 de\u0301cembre a\u0300 l\u2019esplanade du Palais du peuple.<\/p>\n<p>A la veille de cet e\u0301ve\u0300nement d\u2019envergure internationale de\u0301nomme\u0301e Fight for Africa qui sera organise\u0301 en Guine\u0301e par Diamond Holding, en collaboration avec le ministe\u0300re des sports et le Branding national, plusieurs boxeurs ont de\u0301ja\u0300 rallie\u0301 la capitale Conakry.<\/p>\n<p>Au cours d\u2019une confe\u0301rence de presse organise\u0301e, ce vendredi 15 de\u0301cembre, plusieurs boxeurs venus d\u2019Afrique, de la France et des Etats-unis ont e\u0301te\u0301 pre\u0301sente\u0301s a\u0300 la presse. C\u2019est le cas de Ali Walsh, le burkinabe\u0301 Cheick Ahmed Al hassan Sanou alias Iron Be\u0301be\u0301 et l\u2019international guine\u0301en Ibrahima Be\u0301a Diallo qui vont livrer des combats a\u0300 l\u2019esplanade du Palais du peuple.<\/p>\n<p>A cette occasion, ces boxeurs internationaux n\u2019ont pas livre\u0301 leurs impressions sur ce gala international de boxe.<\/p>\n<p>\u2018\u2019Nous sommes la\u0300 pour ce combat pour accompagner la Guine\u0301e. C\u2019est sa premie\u0300re fois d\u2019organiser ce genre d\u2019e\u0301ve\u0301nements. C\u0327a va e\u0302tre un grand combat. La Guine\u0301e est un pays merveilleux. L\u2019accueil a e\u0301te\u0301 chaleureux. Nous ne voulons pas que ce soit une dernie\u0300re. Je suis vraiment content d\u2019e\u0302tre la\u0300. Je ne veux pas que cette visite soit la dernie\u0300re en Guine\u0301e. Je veux apporter mon soutien aux projets comme c\u0327a pour soutenir les africains, mais aussi la Guine\u0301e\u2019\u2019, a indique\u0301 Ali Walsh, petit-fils de Mohammed Ali.<\/p>\n<p>\u2018\u2019Je suis venu assister au gala de boxe international. Pour moi, c\u2019est un devoir en tant que sportif de haut de venir soutenir le mouvement. Je tiens a\u0300 fe\u0301liciter le ministe\u0300re des sports d\u2019avoir organise\u0301 un tel grand e\u0301ve\u0301nement. C\u0327a motive la jeunesse africaine. Cela montre que la Guine\u0301e est puissante. C\u2019est ma deuxie\u0300me fois en Guine\u0301e. L\u2019accueil a toujours e\u0301te\u0301 chaleureux. Pour nous en Afrique, c\u2019est l\u2019union qui compte. Je suis quelqu\u2019un qui lutte toujours pour l\u2019union africaine. C\u2019est le moment entre fre\u0300res d\u2019avancer ensemble\u2019\u2019, a poursuivi Iron Be\u0301be\u0301.<\/p>\n<p>Pour sa part, Ibrahima Bea Diallo a affiche\u0301 sa de\u0301termination a\u0300 honorer la Guine\u0301e dans ce gala de boxe international en remportant le combat contre son challenger sud-africain Emile Brits.<\/p>\n<p>\u2018\u2019Je pense que demain, on aura un beau spectacle. Je me suis pre\u0301pare\u0301 pour c\u0327a. Et maintenant, je vais me concentrer sur mon combat et ramener cette victoire pour le pays. Je me sens d\u2019attaque. Soyez-la\u0300 demain, c\u0327a risque d\u2019e\u0302tre explosif et rapide, incha Allah\u2019\u2019, a-t-il rassure\u0301.<\/p>\n<p>Pathe\u0301 BAH<\/p>\n<p><strong>Pour plus d&rsquo;informations et d&rsquo;analyses sur la <a href=\"https:\/\/www.africa-press.net\/guinee-conakry\">Guin\u00e9e<\/a>, suivez <a href=\"https:\/\/www.africa-press.net\/\">Africa-Press<\/a><\/strong><\/p>\n","protected":false},"excerpt":{"rendered":"<p>Africa-Press &#8211; Guin\u00e9e. Une ple\u0301iade de boxeurs internationaux dont le petit-fils de la le\u0301gende Mohammed Ali, ont foule\u0301 le sol guine\u0301en pour participer au gala de boxe international qui se tiendra a\u0300 Conakry les 16 et 17 de\u0301cembre a\u0300 l\u2019esplanade du Palais du peuple. A la veille de cet e\u0301ve\u0300nement d\u2019envergure internationale de\u0301nomme\u0301e Fight for [&hellip;]<\/p>\n","protected":false},"author":82,"featured_media":17866,"comment_status":"open","ping_status":"closed","sticky":false,"template":"","format":"standard","meta":{"footnotes":""},"categories":[6,56,10],"tags":[36,57,58],"class_list":["post-17867","post","type-post","status-publish","format-standard","has-post-thumbnail","hentry","category-sports","category-to-homepage","category-toutes-les-actualites","tag-africa-press","tag-africa-press-guinee","tag-guinee"],"yoast_head":"<!-- This site is optimized with the Yoast SEO Premium plugin v26.1 (Yoast SEO v27.0) - https:\/\/yoast.com\/product\/yoast-seo-premium-wordpress\/ -->\n<title>Gala de boxe international : Plusieurs boxeurs dont le petit-fils de Mohammed Ali \u00e0 Conakry - guinee Conakry<\/title>\n<meta name=\"robots\" content=\"index, follow, max-snippet:-1, max-image-preview:large, max-video-preview:-1\" \/>\n<link rel=\"canonical\" href=\"https:\/\/www.africa-press.net\/guinee-conakry\/politique\/gala-de-boxe-international-plusieurs-boxeurs-dont-le-petit-fils-de-mohammed-ali-a-conakry\" \/>\n<meta property=\"og:locale\" content=\"fr_FR\" \/>\n<meta property=\"og:type\" content=\"article\" \/>\n<meta property=\"og:title\" content=\"Gala de boxe international : Plusieurs boxeurs dont le petit-fils de Mohammed Ali \u00e0 Conakry\" \/>\n<meta property=\"og:description\" content=\"Africa-Press &#8211; Guin\u00e9e. Une ple\u0301iade de boxeurs internationaux dont le petit-fils de la le\u0301gende Mohammed Ali, ont foule\u0301 le sol guine\u0301en pour participer au gala de boxe international qui se tiendra a\u0300 Conakry les 16 et 17 de\u0301cembre a\u0300 l\u2019esplanade du Palais du peuple. A la veille de cet e\u0301ve\u0300nement d\u2019envergure internationale de\u0301nomme\u0301e Fight for [&hellip;]\" \/>\n<meta property=\"og:url\" content=\"https:\/\/www.africa-press.net\/guinee-conakry\/politique\/gala-de-boxe-international-plusieurs-boxeurs-dont-le-petit-fils-de-mohammed-ali-a-conakry\" \/>\n<meta property=\"og:site_name\" content=\"guinee Conakry\" \/>\n<meta property=\"article:published_time\" content=\"2023-12-18T05:57:00+00:00\" \/>\n<meta name=\"author\" content=\"cfeditorfr\" \/>\n<meta name=\"twitter:card\" content=\"summary_large_image\" \/>\n<meta name=\"twitter:label1\" content=\"\u00c9crit par\" \/>\n\t<meta name=\"twitter:data1\" content=\"cfeditorfr\" \/>\n\t<meta name=\"twitter:label2\" content=\"Dur\u00e9e de lecture estim\u00e9e\" \/>\n\t<meta name=\"twitter:data2\" content=\"3 minutes\" \/>\n<script type=\"application\/ld+json\" class=\"yoast-schema-graph\">{\"@context\":\"https:\/\/schema.org\",\"@graph\":[{\"@type\":\"Article\",\"@id\":\"https:\/\/www.africa-press.net\/guinee-conakry\/politique\/gala-de-boxe-international-plusieurs-boxeurs-dont-le-petit-fils-de-mohammed-ali-a-conakry#article\",\"isPartOf\":{\"@id\":\"https:\/\/www.africa-press.net\/guinee-conakry\/politique\/gala-de-boxe-international-plusieurs-boxeurs-dont-le-petit-fils-de-mohammed-ali-a-conakry\"},\"author\":{\"name\":\"cfeditorfr\",\"@id\":\"https:\/\/www.africa-press.net\/guinee-conakry\/#\/schema\/person\/2b1cf3cd81a31e3cd26889ca66d677f1\"},\"headline\":\"Gala de boxe international : Plusieurs boxeurs dont le petit-fils de Mohammed Ali \u00e0 Conakry\",\"datePublished\":\"2023-12-18T05:57:00+00:00\",\"mainEntityOfPage\":{\"@id\":\"https:\/\/www.africa-press.net\/guinee-conakry\/politique\/gala-de-boxe-international-plusieurs-boxeurs-dont-le-petit-fils-de-mohammed-ali-a-conakry\"},\"wordCount\":515,\"commentCount\":0,\"image\":{\"@id\":\"https:\/\/www.africa-press.net\/guinee-conakry\/politique\/gala-de-boxe-international-plusieurs-boxeurs-dont-le-petit-fils-de-mohammed-ali-a-conakry#primaryimage\"},\"thumbnailUrl\":\"https:\/\/static.africa-press.net\/conakry\/sites\/63\/2023\/12\/Jokar1702866478.48922.jpg\",\"keywords\":[\"Africa Press\",\"Africa Press-Guin\u00e9e\",\"Guin\u00e9e\"],\"articleSection\":[\"Sports\",\"to-homepage\",\"Toutes les actualit\u00e9s\"],\"inLanguage\":\"fr-FR\",\"potentialAction\":[{\"@type\":\"CommentAction\",\"name\":\"Comment\",\"target\":[\"https:\/\/www.africa-press.net\/guinee-conakry\/politique\/gala-de-boxe-international-plusieurs-boxeurs-dont-le-petit-fils-de-mohammed-ali-a-conakry#respond\"]}]},{\"@type\":\"WebPage\",\"@id\":\"https:\/\/www.africa-press.net\/guinee-conakry\/politique\/gala-de-boxe-international-plusieurs-boxeurs-dont-le-petit-fils-de-mohammed-ali-a-conakry\",\"url\":\"https:\/\/www.africa-press.net\/guinee-conakry\/politique\/gala-de-boxe-international-plusieurs-boxeurs-dont-le-petit-fils-de-mohammed-ali-a-conakry\",\"name\":\"Gala de boxe international : Plusieurs boxeurs dont le petit-fils de Mohammed Ali \u00e0 Conakry - guinee Conakry\",\"isPartOf\":{\"@id\":\"https:\/\/www.africa-press.net\/guinee-conakry\/#website\"},\"primaryImageOfPage\":{\"@id\":\"https:\/\/www.africa-press.net\/guinee-conakry\/politique\/gala-de-boxe-international-plusieurs-boxeurs-dont-le-petit-fils-de-mohammed-ali-a-conakry#primaryimage\"},\"image\":{\"@id\":\"https:\/\/www.africa-press.net\/guinee-conakry\/politique\/gala-de-boxe-international-plusieurs-boxeurs-dont-le-petit-fils-de-mohammed-ali-a-conakry#primaryimage\"},\"thumbnailUrl\":\"https:\/\/static.africa-press.net\/conakry\/sites\/63\/2023\/12\/Jokar1702866478.48922.jpg\",\"datePublished\":\"2023-12-18T05:57:00+00:00\",\"author\":{\"@id\":\"https:\/\/www.africa-press.net\/guinee-conakry\/#\/schema\/person\/2b1cf3cd81a31e3cd26889ca66d677f1\"},\"breadcrumb\":{\"@id\":\"https:\/\/www.africa-press.net\/guinee-conakry\/politique\/gala-de-boxe-international-plusieurs-boxeurs-dont-le-petit-fils-de-mohammed-ali-a-conakry#breadcrumb\"},\"inLanguage\":\"fr-FR\",\"potentialAction\":[{\"@type\":\"ReadAction\",\"target\":[\"https:\/\/www.africa-press.net\/guinee-conakry\/politique\/gala-de-boxe-international-plusieurs-boxeurs-dont-le-petit-fils-de-mohammed-ali-a-conakry\"]}]},{\"@type\":\"ImageObject\",\"inLanguage\":\"fr-FR\",\"@id\":\"https:\/\/www.africa-press.net\/guinee-conakry\/politique\/gala-de-boxe-international-plusieurs-boxeurs-dont-le-petit-fils-de-mohammed-ali-a-conakry#primaryimage\",\"url\":\"https:\/\/static.africa-press.net\/conakry\/sites\/63\/2023\/12\/Jokar1702866478.48922.jpg\",\"contentUrl\":\"https:\/\/static.africa-press.net\/conakry\/sites\/63\/2023\/12\/Jokar1702866478.48922.jpg\",\"width\":1024,\"height\":799,\"caption\":\"Gala de boxe international : Plusieurs boxeurs dont le petit-fils de Mohammed Ali \u00e0 Conakry\"},{\"@type\":\"BreadcrumbList\",\"@id\":\"https:\/\/www.africa-press.net\/guinee-conakry\/politique\/gala-de-boxe-international-plusieurs-boxeurs-dont-le-petit-fils-de-mohammed-ali-a-conakry#breadcrumb\",\"itemListElement\":[{\"@type\":\"ListItem\",\"position\":1,\"name\":\"Accueil\",\"item\":\"https:\/\/www.africa-press.net\/guinee-conakry\/\"},{\"@type\":\"ListItem\",\"position\":2,\"name\":\"Gala de boxe international : Plusieurs boxeurs dont le petit-fils de Mohammed Ali \u00e0 Conakry\"}]},{\"@type\":\"WebSite\",\"@id\":\"https:\/\/www.africa-press.net\/guinee-conakry\/#website\",\"url\":\"https:\/\/www.africa-press.net\/guinee-conakry\/\",\"name\":\"guinee Conakry\",\"description\":\"Just another Africa News Agency Sites site\",\"potentialAction\":[{\"@type\":\"SearchAction\",\"target\":{\"@type\":\"EntryPoint\",\"urlTemplate\":\"https:\/\/www.africa-press.net\/guinee-conakry\/?s={search_term_string}\"},\"query-input\":{\"@type\":\"PropertyValueSpecification\",\"valueRequired\":true,\"valueName\":\"search_term_string\"}}],\"inLanguage\":\"fr-FR\"},{\"@type\":\"Person\",\"@id\":\"https:\/\/www.africa-press.net\/guinee-conakry\/#\/schema\/person\/2b1cf3cd81a31e3cd26889ca66d677f1\",\"name\":\"cfeditorfr\"}]}<\/script>\n<!-- \/ Yoast SEO Premium plugin. -->","yoast_head_json":{"title":"Gala de boxe international : Plusieurs boxeurs dont le petit-fils de Mohammed Ali \u00e0 Conakry - guinee Conakry","robots":{"index":"index","follow":"follow","max-snippet":"max-snippet:-1","max-image-preview":"max-image-preview:large","max-video-preview":"max-video-preview:-1"},"canonical":"https:\/\/www.africa-press.net\/guinee-conakry\/politique\/gala-de-boxe-international-plusieurs-boxeurs-dont-le-petit-fils-de-mohammed-ali-a-conakry","og_locale":"fr_FR","og_type":"article","og_title":"Gala de boxe international : Plusieurs boxeurs dont le petit-fils de Mohammed Ali \u00e0 Conakry","og_description":"Africa-Press &#8211; Guin\u00e9e. Une ple\u0301iade de boxeurs internationaux dont le petit-fils de la le\u0301gende Mohammed Ali, ont foule\u0301 le sol guine\u0301en pour participer au gala de boxe international qui se tiendra a\u0300 Conakry les 16 et 17 de\u0301cembre a\u0300 l\u2019esplanade du Palais du peuple. A la veille de cet e\u0301ve\u0300nement d\u2019envergure internationale de\u0301nomme\u0301e Fight for [&hellip;]","og_url":"https:\/\/www.africa-press.net\/guinee-conakry\/politique\/gala-de-boxe-international-plusieurs-boxeurs-dont-le-petit-fils-de-mohammed-ali-a-conakry","og_site_name":"guinee Conakry","article_published_time":"2023-12-18T05:57:00+00:00","author":"cfeditorfr","twitter_card":"summary_large_image","twitter_misc":{"\u00c9crit par":"cfeditorfr","Dur\u00e9e de lecture estim\u00e9e":"3 minutes"},"schema":{"@context":"https:\/\/schema.org","@graph":[{"@type":"Article","@id":"https:\/\/www.africa-press.net\/guinee-conakry\/politique\/gala-de-boxe-international-plusieurs-boxeurs-dont-le-petit-fils-de-mohammed-ali-a-conakry#article","isPartOf":{"@id":"https:\/\/www.africa-press.net\/guinee-conakry\/politique\/gala-de-boxe-international-plusieurs-boxeurs-dont-le-petit-fils-de-mohammed-ali-a-conakry"},"author":{"name":"cfeditorfr","@id":"https:\/\/www.africa-press.net\/guinee-conakry\/#\/schema\/person\/2b1cf3cd81a31e3cd26889ca66d677f1"},"headline":"Gala de boxe international : Plusieurs boxeurs dont le petit-fils de Mohammed Ali \u00e0 Conakry","datePublished":"2023-12-18T05:57:00+00:00","mainEntityOfPage":{"@id":"https:\/\/www.africa-press.net\/guinee-conakry\/politique\/gala-de-boxe-international-plusieurs-boxeurs-dont-le-petit-fils-de-mohammed-ali-a-conakry"},"wordCount":515,"commentCount":0,"image":{"@id":"https:\/\/www.africa-press.net\/guinee-conakry\/politique\/gala-de-boxe-international-plusieurs-boxeurs-dont-le-petit-fils-de-mohammed-ali-a-conakry#primaryimage"},"thumbnailUrl":"https:\/\/static.africa-press.net\/conakry\/sites\/63\/2023\/12\/Jokar1702866478.48922.jpg","keywords":["Africa Press","Africa Press-Guin\u00e9e","Guin\u00e9e"],"articleSection":["Sports","to-homepage","Toutes les actualit\u00e9s"],"inLanguage":"fr-FR","potentialAction":[{"@type":"CommentAction","name":"Comment","target":["https:\/\/www.africa-press.net\/guinee-conakry\/politique\/gala-de-boxe-international-plusieurs-boxeurs-dont-le-petit-fils-de-mohammed-ali-a-conakry#respond"]}]},{"@type":"WebPage","@id":"https:\/\/www.africa-press.net\/guinee-conakry\/politique\/gala-de-boxe-international-plusieurs-boxeurs-dont-le-petit-fils-de-mohammed-ali-a-conakry","url":"https:\/\/www.africa-press.net\/guinee-conakry\/politique\/gala-de-boxe-international-plusieurs-boxeurs-dont-le-petit-fils-de-mohammed-ali-a-conakry","name":"Gala de boxe international : Plusieurs boxeurs dont le petit-fils de Mohammed Ali \u00e0 Conakry - guinee Conakry","isPartOf":{"@id":"https:\/\/www.africa-press.net\/guinee-conakry\/#website"},"primaryImageOfPage":{"@id":"https:\/\/www.africa-press.net\/guinee-conakry\/politique\/gala-de-boxe-international-plusieurs-boxeurs-dont-le-petit-fils-de-mohammed-ali-a-conakry#primaryimage"},"image":{"@id":"https:\/\/www.africa-press.net\/guinee-conakry\/politique\/gala-de-boxe-international-plusieurs-boxeurs-dont-le-petit-fils-de-mohammed-ali-a-conakry#primaryimage"},"thumbnailUrl":"https:\/\/static.africa-press.net\/conakry\/sites\/63\/2023\/12\/Jokar1702866478.48922.jpg","datePublished":"2023-12-18T05:57:00+00:00","author":{"@id":"https:\/\/www.africa-press.net\/guinee-conakry\/#\/schema\/person\/2b1cf3cd81a31e3cd26889ca66d677f1"},"breadcrumb":{"@id":"https:\/\/www.africa-press.net\/guinee-conakry\/politique\/gala-de-boxe-international-plusieurs-boxeurs-dont-le-petit-fils-de-mohammed-ali-a-conakry#breadcrumb"},"inLanguage":"fr-FR","potentialAction":[{"@type":"ReadAction","target":["https:\/\/www.africa-press.net\/guinee-conakry\/politique\/gala-de-boxe-international-plusieurs-boxeurs-dont-le-petit-fils-de-mohammed-ali-a-conakry"]}]},{"@type":"ImageObject","inLanguage":"fr-FR","@id":"https:\/\/www.africa-press.net\/guinee-conakry\/politique\/gala-de-boxe-international-plusieurs-boxeurs-dont-le-petit-fils-de-mohammed-ali-a-conakry#primaryimage","url":"https:\/\/static.africa-press.net\/conakry\/sites\/63\/2023\/12\/Jokar1702866478.48922.jpg","contentUrl":"https:\/\/static.africa-press.net\/conakry\/sites\/63\/2023\/12\/Jokar1702866478.48922.jpg","width":1024,"height":799,"caption":"Gala de boxe international : Plusieurs boxeurs dont le petit-fils de Mohammed Ali \u00e0 Conakry"},{"@type":"BreadcrumbList","@id":"https:\/\/www.africa-press.net\/guinee-conakry\/politique\/gala-de-boxe-international-plusieurs-boxeurs-dont-le-petit-fils-de-mohammed-ali-a-conakry#breadcrumb","itemListElement":[{"@type":"ListItem","position":1,"name":"Accueil","item":"https:\/\/www.africa-press.net\/guinee-conakry\/"},{"@type":"ListItem","position":2,"name":"Gala de boxe international : Plusieurs boxeurs dont le petit-fils de Mohammed Ali \u00e0 Conakry"}]},{"@type":"WebSite","@id":"https:\/\/www.africa-press.net\/guinee-conakry\/#website","url":"https:\/\/www.africa-press.net\/guinee-conakry\/","name":"guinee Conakry","description":"Just another Africa News Agency Sites site","potentialAction":[{"@type":"SearchAction","target":{"@type":"EntryPoint","urlTemplate":"https:\/\/www.africa-press.net\/guinee-conakry\/?s={search_term_string}"},"query-input":{"@type":"PropertyValueSpecification","valueRequired":true,"valueName":"search_term_string"}}],"inLanguage":"fr-FR"},{"@type":"Person","@id":"https:\/\/www.africa-press.net\/guinee-conakry\/#\/schema\/person\/2b1cf3cd81a31e3cd26889ca66d677f1","name":"cfeditorfr"}]}},"_links":{"self":[{"href":"https:\/\/www.africa-press.net\/guinee-conakry\/wp-json\/wp\/v2\/posts\/17867","targetHints":{"allow":["GET"]}}],"collection":[{"href":"https:\/\/www.africa-press.net\/guinee-conakry\/wp-json\/wp\/v2\/posts"}],"about":[{"href":"https:\/\/www.africa-press.net\/guinee-conakry\/wp-json\/wp\/v2\/types\/post"}],"author":[{"embeddable":true,"href":"https:\/\/www.africa-press.net\/guinee-conakry\/wp-json\/wp\/v2\/users\/82"}],"replies":[{"embeddable":true,"href":"https:\/\/www.africa-press.net\/guinee-conakry\/wp-json\/wp\/v2\/comments?post=17867"}],"version-history":[{"count":0,"href":"https:\/\/www.africa-press.net\/guinee-conakry\/wp-json\/wp\/v2\/posts\/17867\/revisions"}],"wp:featuredmedia":[{"embeddable":true,"href":"https:\/\/www.africa-press.net\/guinee-conakry\/wp-json\/wp\/v2\/media\/17866"}],"wp:attachment":[{"href":"https:\/\/www.africa-press.net\/guinee-conakry\/wp-json\/wp\/v2\/media?parent=17867"}],"wp:term":[{"taxonomy":"category","embeddable":true,"href":"https:\/\/www.africa-press.net\/guinee-conakry\/wp-json\/wp\/v2\/categories?post=17867"},{"taxonomy":"post_tag","embeddable":true,"href":"https:\/\/www.africa-press.net\/guinee-conakry\/wp-json\/wp\/v2\/tags?post=17867"}],"curies":[{"name":"wp","href":"https:\/\/api.w.org\/{rel}","templated":true}]}}