{"id":17885,"date":"2023-12-19T19:36:00","date_gmt":"2023-12-19T19:36:00","guid":{"rendered":"https:\/\/www.africa-press.net\/guinee-conakry\/politique\/sur-sa-gestion-le-ministre-bea-diallo-ne-craint-rien-si-demain-je-dois-me-justifier-devant-la-crief-jirais-2"},"modified":"2023-12-19T19:36:00","modified_gmt":"2023-12-19T19:36:00","slug":"sur-sa-gestion-le-ministre-bea-diallo-ne-craint-rien-si-demain-je-dois-me-justifier-devant-la-crief-jirais-2","status":"publish","type":"post","link":"https:\/\/www.africa-press.net\/guinee-conakry\/toutes-les-actualites\/sur-sa-gestion-le-ministre-bea-diallo-ne-craint-rien-si-demain-je-dois-me-justifier-devant-la-crief-jirais-2","title":{"rendered":"Sur sa gestion, le ministre B\u00e9a Diallo ne craint rien\u00a0: \u2018\u2019Si demain, je dois me justifier devant la CRIEF, j\u2019irais\u2019\u2019"},"content":{"rendered":"<p><span style=\"color: #ff6600\"><strong>Africa-Press &#8211; Guin\u00e9e. <\/strong><\/span><b>A la te\u0302te du de\u0301partement de la jeunesse et des sports, Lansana Be\u0301a Diallo continue d\u2019essuyer des critiques sur sa gestion. Soupc\u0327onne\u0301 d\u2019avoir surfacture\u0301 des budgets de participation de la Guine\u0301e a\u0300 des compe\u0301titions internationales, l\u2019ancien champion de boxe assure qu\u2019il ne se reproche de rien. <\/b><\/p>\n<p>\u2018\u2019Si aujourd\u2019hui, il y a des surfacturations qui sont mises a\u0300 disposition, bien entendu, on sera a\u0300 la disposition de la CRIEF. Je fais partie des personnes qui ont dit qu\u2019il fallait mettre en place la CRIEF. Si demain, je dois me justifier devant la CRIEF, j\u2019irais. Je n\u2019ai rien a\u0300 craindre. Je ne signe aucun document qui m\u2019engage a\u0300 e\u0302tre devant la CRIEF\u2019\u2019, indique le ministre de la jeunesse et de sports.<\/p>\n<p>Sur le retard de l\u2019exe\u0301cution de son budget, Bea Diallo dira : \u2018\u2019On met un budget a\u0300 disposition. Ce budget, tu l\u2019engages. Une fois que l\u2019engagement est fait, il y a tout un processus qui est lie\u0301 a\u0300 c\u0327a. Pendant 7 mois, on a eu un blocage lie\u0301 aux proble\u0300mes de codage au niveau du ministe\u0300re du budget. On a du\u0302 refaire tout un processus. Et cela nous a pris 7 mois pour engager notre budget. C\u2019est pour cela que nous avons eu un taux d\u2019absorption qui e\u0301tait beaucoup moins fort\u2019\u2019.<\/p>\n<p>Amene\u0301 a\u0300 s\u2019expliquer sur la gestion de la participation du Syli U23 a\u0300 la coupe d\u2019Afrique des Nations, le patron du de\u0301partement en charge des sports affirme que \u2018\u2019mon ministe\u0300re est super endette\u0301. Regardez toutes les compe\u0301titions que nous faisons. Au fur et a\u0300 mesure, il y a les ho\u0302tels, les voyages. Tout c\u0327a demande beaucoup d\u2019argent (&#8230;). Au de\u0301part, on devait partir avec 150 supporters pour accompagner l\u2019e\u0301quipe. Apre\u0300s, on a dit 50 supporters (&#8230;). Et il y avait 4 matches pre\u0301vus dans 4 endroits diffe\u0301rents. C\u0327a veut dire que les joueurs devaient faire 4 voyages diffe\u0301rents. Finalement, dans les discussions, on a dit qu\u2019on va faire un seul voyage. Le montant n\u2019est plus le me\u0302me. Les gens peuvent pole\u0301miquer mais ce qui est su\u0302r, c\u2019est qu\u2019il n\u2019y a pas eu de surfacturation\u2019\u2019.<\/p>\n<p>Dans l\u2019e\u0301mission \u00ab On refait le monde \u00bb, il affirme que \u2018\u2019je ne fais du mal a\u0300 personne. Ceux qui sont envie de me faire du mal peuvent essayer de le faire. C\u2019est possible que des gens essayent de le faire. Je vois beaucoup de choses (&#8230;)\u2019\u2019.<\/p>\n<p>Apre\u0300s l\u2019e\u0301valuation des ministres, des rumeurs faisant e\u0301tat de l\u2019obtention de la plus faible note par Bea Diallo ont e\u0301te\u0301 distille\u0301es sur la toile. Ce que de\u0301menti avec force l\u2019ancien boxeur. \u2018\u2019Ce sont des mensonges. C\u2019est la premie\u0300re fois de ma vie que je vois qu\u2019on e\u0301value un ministre. Je n\u2019ai jamais vu un pays ou\u0300 on e\u0301value des ministres. On joue le jeu. L\u2019e\u0301valuation n\u2019est pas quelque chose de mauvais (&#8230;). Je trouve que c\u2019est quelque chose de bien parce qu\u2019on a pu discuter, e\u0301changer (&#8230;). J\u2019e\u0301tais au-dessus de la note de 50. Je vous l\u2019assure\u2019\u2019, re\u0301agit-il.<\/p>\n<p>Il estime qu\u2019il \u2018\u2019y a peut-e\u0302tre des gens qui cherchent a\u0300 me nuire. Mais c\u0327a ne me de\u0301range pas. les coups, j\u2019en ai l\u2019habitude\u2019\u2019.<\/p>\n<p><b>Boussouriou Doumba<\/b><\/p>\n<p><strong>Pour plus d&rsquo;informations et d&rsquo;analyses sur la <a href=\"https:\/\/www.africa-press.net\/guinee-conakry\">Guin\u00e9e<\/a>, suivez <a href=\"https:\/\/www.africa-press.net\/\">Africa-Press<\/a><\/strong><\/p>\n","protected":false},"excerpt":{"rendered":"<p>Africa-Press &#8211; Guin\u00e9e. A la te\u0302te du de\u0301partement de la jeunesse et des sports, Lansana Be\u0301a Diallo continue d\u2019essuyer des critiques sur sa gestion. Soupc\u0327onne\u0301 d\u2019avoir surfacture\u0301 des budgets de participation de la Guine\u0301e a\u0300 des compe\u0301titions internationales, l\u2019ancien champion de boxe assure qu\u2019il ne se reproche de rien. \u2018\u2019Si aujourd\u2019hui, il y a des [&hellip;]<\/p>\n","protected":false},"author":82,"featured_media":17884,"comment_status":"open","ping_status":"closed","sticky":false,"template":"","format":"standard","meta":{"footnotes":""},"categories":[21,56,10],"tags":[36,57,58],"class_list":["post-17885","post","type-post","status-publish","format-standard","has-post-thumbnail","hentry","category-communaute","category-to-homepage","category-toutes-les-actualites","tag-africa-press","tag-africa-press-guinee","tag-guinee"],"yoast_head":"<!-- This site is optimized with the Yoast SEO Premium plugin v26.1 (Yoast SEO v27.0) - https:\/\/yoast.com\/product\/yoast-seo-premium-wordpress\/ -->\n<title>Sur sa gestion, le ministre B\u00e9a Diallo ne craint rien\u00a0: \u2018\u2019Si demain, je dois me justifier devant la CRIEF, j\u2019irais\u2019\u2019 - guinee Conakry<\/title>\n<meta name=\"robots\" content=\"index, follow, max-snippet:-1, max-image-preview:large, max-video-preview:-1\" \/>\n<link rel=\"canonical\" href=\"https:\/\/www.africa-press.net\/guinee-conakry\/politique\/sur-sa-gestion-le-ministre-bea-diallo-ne-craint-rien-si-demain-je-dois-me-justifier-devant-la-crief-jirais-2\" \/>\n<meta property=\"og:locale\" content=\"fr_FR\" \/>\n<meta property=\"og:type\" content=\"article\" \/>\n<meta property=\"og:title\" content=\"Sur sa gestion, le ministre B\u00e9a Diallo ne craint rien\u00a0: \u2018\u2019Si demain, je dois me justifier devant la CRIEF, j\u2019irais\u2019\u2019\" \/>\n<meta property=\"og:description\" content=\"Africa-Press &#8211; Guin\u00e9e. A la te\u0302te du de\u0301partement de la jeunesse et des sports, Lansana Be\u0301a Diallo continue d\u2019essuyer des critiques sur sa gestion. Soupc\u0327onne\u0301 d\u2019avoir surfacture\u0301 des budgets de participation de la Guine\u0301e a\u0300 des compe\u0301titions internationales, l\u2019ancien champion de boxe assure qu\u2019il ne se reproche de rien. \u2018\u2019Si aujourd\u2019hui, il y a des [&hellip;]\" \/>\n<meta property=\"og:url\" content=\"https:\/\/www.africa-press.net\/guinee-conakry\/politique\/sur-sa-gestion-le-ministre-bea-diallo-ne-craint-rien-si-demain-je-dois-me-justifier-devant-la-crief-jirais-2\" \/>\n<meta property=\"og:site_name\" content=\"guinee Conakry\" \/>\n<meta property=\"article:published_time\" content=\"2023-12-19T19:36:00+00:00\" \/>\n<meta name=\"author\" content=\"cfeditorfr\" \/>\n<meta name=\"twitter:card\" content=\"summary_large_image\" \/>\n<meta name=\"twitter:label1\" content=\"\u00c9crit par\" \/>\n\t<meta name=\"twitter:data1\" content=\"cfeditorfr\" \/>\n\t<meta name=\"twitter:label2\" content=\"Dur\u00e9e de lecture estim\u00e9e\" \/>\n\t<meta name=\"twitter:data2\" content=\"3 minutes\" \/>\n<script type=\"application\/ld+json\" class=\"yoast-schema-graph\">{\"@context\":\"https:\/\/schema.org\",\"@graph\":[{\"@type\":\"Article\",\"@id\":\"https:\/\/www.africa-press.net\/guinee-conakry\/politique\/sur-sa-gestion-le-ministre-bea-diallo-ne-craint-rien-si-demain-je-dois-me-justifier-devant-la-crief-jirais-2#article\",\"isPartOf\":{\"@id\":\"https:\/\/www.africa-press.net\/guinee-conakry\/politique\/sur-sa-gestion-le-ministre-bea-diallo-ne-craint-rien-si-demain-je-dois-me-justifier-devant-la-crief-jirais-2\"},\"author\":{\"name\":\"cfeditorfr\",\"@id\":\"https:\/\/www.africa-press.net\/guinee-conakry\/#\/schema\/person\/2b1cf3cd81a31e3cd26889ca66d677f1\"},\"headline\":\"Sur sa gestion, le ministre B\u00e9a Diallo ne craint rien\u00a0: \u2018\u2019Si demain, je dois me justifier devant la CRIEF, j\u2019irais\u2019\u2019\",\"datePublished\":\"2023-12-19T19:36:00+00:00\",\"mainEntityOfPage\":{\"@id\":\"https:\/\/www.africa-press.net\/guinee-conakry\/politique\/sur-sa-gestion-le-ministre-bea-diallo-ne-craint-rien-si-demain-je-dois-me-justifier-devant-la-crief-jirais-2\"},\"wordCount\":622,\"commentCount\":0,\"image\":{\"@id\":\"https:\/\/www.africa-press.net\/guinee-conakry\/politique\/sur-sa-gestion-le-ministre-bea-diallo-ne-craint-rien-si-demain-je-dois-me-justifier-devant-la-crief-jirais-2#primaryimage\"},\"thumbnailUrl\":\"https:\/\/static.africa-press.net\/conakry\/sites\/63\/2023\/12\/Jokar1703001970.603693.jpg\",\"keywords\":[\"Africa Press\",\"Africa Press-Guin\u00e9e\",\"Guin\u00e9e\"],\"articleSection\":[\"Communaut\u00e9\",\"to-homepage\",\"Toutes les actualit\u00e9s\"],\"inLanguage\":\"fr-FR\",\"potentialAction\":[{\"@type\":\"CommentAction\",\"name\":\"Comment\",\"target\":[\"https:\/\/www.africa-press.net\/guinee-conakry\/politique\/sur-sa-gestion-le-ministre-bea-diallo-ne-craint-rien-si-demain-je-dois-me-justifier-devant-la-crief-jirais-2#respond\"]}]},{\"@type\":\"WebPage\",\"@id\":\"https:\/\/www.africa-press.net\/guinee-conakry\/politique\/sur-sa-gestion-le-ministre-bea-diallo-ne-craint-rien-si-demain-je-dois-me-justifier-devant-la-crief-jirais-2\",\"url\":\"https:\/\/www.africa-press.net\/guinee-conakry\/politique\/sur-sa-gestion-le-ministre-bea-diallo-ne-craint-rien-si-demain-je-dois-me-justifier-devant-la-crief-jirais-2\",\"name\":\"Sur sa gestion, le ministre B\u00e9a Diallo ne craint rien\u00a0: \u2018\u2019Si demain, je dois me justifier devant la CRIEF, j\u2019irais\u2019\u2019 - guinee Conakry\",\"isPartOf\":{\"@id\":\"https:\/\/www.africa-press.net\/guinee-conakry\/#website\"},\"primaryImageOfPage\":{\"@id\":\"https:\/\/www.africa-press.net\/guinee-conakry\/politique\/sur-sa-gestion-le-ministre-bea-diallo-ne-craint-rien-si-demain-je-dois-me-justifier-devant-la-crief-jirais-2#primaryimage\"},\"image\":{\"@id\":\"https:\/\/www.africa-press.net\/guinee-conakry\/politique\/sur-sa-gestion-le-ministre-bea-diallo-ne-craint-rien-si-demain-je-dois-me-justifier-devant-la-crief-jirais-2#primaryimage\"},\"thumbnailUrl\":\"https:\/\/static.africa-press.net\/conakry\/sites\/63\/2023\/12\/Jokar1703001970.603693.jpg\",\"datePublished\":\"2023-12-19T19:36:00+00:00\",\"author\":{\"@id\":\"https:\/\/www.africa-press.net\/guinee-conakry\/#\/schema\/person\/2b1cf3cd81a31e3cd26889ca66d677f1\"},\"breadcrumb\":{\"@id\":\"https:\/\/www.africa-press.net\/guinee-conakry\/politique\/sur-sa-gestion-le-ministre-bea-diallo-ne-craint-rien-si-demain-je-dois-me-justifier-devant-la-crief-jirais-2#breadcrumb\"},\"inLanguage\":\"fr-FR\",\"potentialAction\":[{\"@type\":\"ReadAction\",\"target\":[\"https:\/\/www.africa-press.net\/guinee-conakry\/politique\/sur-sa-gestion-le-ministre-bea-diallo-ne-craint-rien-si-demain-je-dois-me-justifier-devant-la-crief-jirais-2\"]}]},{\"@type\":\"ImageObject\",\"inLanguage\":\"fr-FR\",\"@id\":\"https:\/\/www.africa-press.net\/guinee-conakry\/politique\/sur-sa-gestion-le-ministre-bea-diallo-ne-craint-rien-si-demain-je-dois-me-justifier-devant-la-crief-jirais-2#primaryimage\",\"url\":\"https:\/\/static.africa-press.net\/conakry\/sites\/63\/2023\/12\/Jokar1703001970.603693.jpg\",\"contentUrl\":\"https:\/\/static.africa-press.net\/conakry\/sites\/63\/2023\/12\/Jokar1703001970.603693.jpg\",\"width\":480,\"height\":387,\"caption\":\"Sur sa gestion, le ministre B\u00e9a Diallo ne craint rien\u00a0: \u2018\u2019Si demain, je dois me justifier devant la CRIEF, j\u2019irais\u2019\u2019\"},{\"@type\":\"BreadcrumbList\",\"@id\":\"https:\/\/www.africa-press.net\/guinee-conakry\/politique\/sur-sa-gestion-le-ministre-bea-diallo-ne-craint-rien-si-demain-je-dois-me-justifier-devant-la-crief-jirais-2#breadcrumb\",\"itemListElement\":[{\"@type\":\"ListItem\",\"position\":1,\"name\":\"Accueil\",\"item\":\"https:\/\/www.africa-press.net\/guinee-conakry\/\"},{\"@type\":\"ListItem\",\"position\":2,\"name\":\"Sur sa gestion, le ministre B\u00e9a Diallo ne craint rien\u00a0: \u2018\u2019Si demain, je dois me justifier devant la CRIEF, j\u2019irais\u2019\u2019\"}]},{\"@type\":\"WebSite\",\"@id\":\"https:\/\/www.africa-press.net\/guinee-conakry\/#website\",\"url\":\"https:\/\/www.africa-press.net\/guinee-conakry\/\",\"name\":\"guinee Conakry\",\"description\":\"Just another Africa News Agency Sites site\",\"potentialAction\":[{\"@type\":\"SearchAction\",\"target\":{\"@type\":\"EntryPoint\",\"urlTemplate\":\"https:\/\/www.africa-press.net\/guinee-conakry\/?s={search_term_string}\"},\"query-input\":{\"@type\":\"PropertyValueSpecification\",\"valueRequired\":true,\"valueName\":\"search_term_string\"}}],\"inLanguage\":\"fr-FR\"},{\"@type\":\"Person\",\"@id\":\"https:\/\/www.africa-press.net\/guinee-conakry\/#\/schema\/person\/2b1cf3cd81a31e3cd26889ca66d677f1\",\"name\":\"cfeditorfr\"}]}<\/script>\n<!-- \/ Yoast SEO Premium plugin. -->","yoast_head_json":{"title":"Sur sa gestion, le ministre B\u00e9a Diallo ne craint rien\u00a0: \u2018\u2019Si demain, je dois me justifier devant la CRIEF, j\u2019irais\u2019\u2019 - guinee Conakry","robots":{"index":"index","follow":"follow","max-snippet":"max-snippet:-1","max-image-preview":"max-image-preview:large","max-video-preview":"max-video-preview:-1"},"canonical":"https:\/\/www.africa-press.net\/guinee-conakry\/politique\/sur-sa-gestion-le-ministre-bea-diallo-ne-craint-rien-si-demain-je-dois-me-justifier-devant-la-crief-jirais-2","og_locale":"fr_FR","og_type":"article","og_title":"Sur sa gestion, le ministre B\u00e9a Diallo ne craint rien\u00a0: \u2018\u2019Si demain, je dois me justifier devant la CRIEF, j\u2019irais\u2019\u2019","og_description":"Africa-Press &#8211; Guin\u00e9e. A la te\u0302te du de\u0301partement de la jeunesse et des sports, Lansana Be\u0301a Diallo continue d\u2019essuyer des critiques sur sa gestion. Soupc\u0327onne\u0301 d\u2019avoir surfacture\u0301 des budgets de participation de la Guine\u0301e a\u0300 des compe\u0301titions internationales, l\u2019ancien champion de boxe assure qu\u2019il ne se reproche de rien. \u2018\u2019Si aujourd\u2019hui, il y a des [&hellip;]","og_url":"https:\/\/www.africa-press.net\/guinee-conakry\/politique\/sur-sa-gestion-le-ministre-bea-diallo-ne-craint-rien-si-demain-je-dois-me-justifier-devant-la-crief-jirais-2","og_site_name":"guinee Conakry","article_published_time":"2023-12-19T19:36:00+00:00","author":"cfeditorfr","twitter_card":"summary_large_image","twitter_misc":{"\u00c9crit par":"cfeditorfr","Dur\u00e9e de lecture estim\u00e9e":"3 minutes"},"schema":{"@context":"https:\/\/schema.org","@graph":[{"@type":"Article","@id":"https:\/\/www.africa-press.net\/guinee-conakry\/politique\/sur-sa-gestion-le-ministre-bea-diallo-ne-craint-rien-si-demain-je-dois-me-justifier-devant-la-crief-jirais-2#article","isPartOf":{"@id":"https:\/\/www.africa-press.net\/guinee-conakry\/politique\/sur-sa-gestion-le-ministre-bea-diallo-ne-craint-rien-si-demain-je-dois-me-justifier-devant-la-crief-jirais-2"},"author":{"name":"cfeditorfr","@id":"https:\/\/www.africa-press.net\/guinee-conakry\/#\/schema\/person\/2b1cf3cd81a31e3cd26889ca66d677f1"},"headline":"Sur sa gestion, le ministre B\u00e9a Diallo ne craint rien\u00a0: \u2018\u2019Si demain, je dois me justifier devant la CRIEF, j\u2019irais\u2019\u2019","datePublished":"2023-12-19T19:36:00+00:00","mainEntityOfPage":{"@id":"https:\/\/www.africa-press.net\/guinee-conakry\/politique\/sur-sa-gestion-le-ministre-bea-diallo-ne-craint-rien-si-demain-je-dois-me-justifier-devant-la-crief-jirais-2"},"wordCount":622,"commentCount":0,"image":{"@id":"https:\/\/www.africa-press.net\/guinee-conakry\/politique\/sur-sa-gestion-le-ministre-bea-diallo-ne-craint-rien-si-demain-je-dois-me-justifier-devant-la-crief-jirais-2#primaryimage"},"thumbnailUrl":"https:\/\/static.africa-press.net\/conakry\/sites\/63\/2023\/12\/Jokar1703001970.603693.jpg","keywords":["Africa Press","Africa Press-Guin\u00e9e","Guin\u00e9e"],"articleSection":["Communaut\u00e9","to-homepage","Toutes les actualit\u00e9s"],"inLanguage":"fr-FR","potentialAction":[{"@type":"CommentAction","name":"Comment","target":["https:\/\/www.africa-press.net\/guinee-conakry\/politique\/sur-sa-gestion-le-ministre-bea-diallo-ne-craint-rien-si-demain-je-dois-me-justifier-devant-la-crief-jirais-2#respond"]}]},{"@type":"WebPage","@id":"https:\/\/www.africa-press.net\/guinee-conakry\/politique\/sur-sa-gestion-le-ministre-bea-diallo-ne-craint-rien-si-demain-je-dois-me-justifier-devant-la-crief-jirais-2","url":"https:\/\/www.africa-press.net\/guinee-conakry\/politique\/sur-sa-gestion-le-ministre-bea-diallo-ne-craint-rien-si-demain-je-dois-me-justifier-devant-la-crief-jirais-2","name":"Sur sa gestion, le ministre B\u00e9a Diallo ne craint rien\u00a0: \u2018\u2019Si demain, je dois me justifier devant la CRIEF, j\u2019irais\u2019\u2019 - guinee Conakry","isPartOf":{"@id":"https:\/\/www.africa-press.net\/guinee-conakry\/#website"},"primaryImageOfPage":{"@id":"https:\/\/www.africa-press.net\/guinee-conakry\/politique\/sur-sa-gestion-le-ministre-bea-diallo-ne-craint-rien-si-demain-je-dois-me-justifier-devant-la-crief-jirais-2#primaryimage"},"image":{"@id":"https:\/\/www.africa-press.net\/guinee-conakry\/politique\/sur-sa-gestion-le-ministre-bea-diallo-ne-craint-rien-si-demain-je-dois-me-justifier-devant-la-crief-jirais-2#primaryimage"},"thumbnailUrl":"https:\/\/static.africa-press.net\/conakry\/sites\/63\/2023\/12\/Jokar1703001970.603693.jpg","datePublished":"2023-12-19T19:36:00+00:00","author":{"@id":"https:\/\/www.africa-press.net\/guinee-conakry\/#\/schema\/person\/2b1cf3cd81a31e3cd26889ca66d677f1"},"breadcrumb":{"@id":"https:\/\/www.africa-press.net\/guinee-conakry\/politique\/sur-sa-gestion-le-ministre-bea-diallo-ne-craint-rien-si-demain-je-dois-me-justifier-devant-la-crief-jirais-2#breadcrumb"},"inLanguage":"fr-FR","potentialAction":[{"@type":"ReadAction","target":["https:\/\/www.africa-press.net\/guinee-conakry\/politique\/sur-sa-gestion-le-ministre-bea-diallo-ne-craint-rien-si-demain-je-dois-me-justifier-devant-la-crief-jirais-2"]}]},{"@type":"ImageObject","inLanguage":"fr-FR","@id":"https:\/\/www.africa-press.net\/guinee-conakry\/politique\/sur-sa-gestion-le-ministre-bea-diallo-ne-craint-rien-si-demain-je-dois-me-justifier-devant-la-crief-jirais-2#primaryimage","url":"https:\/\/static.africa-press.net\/conakry\/sites\/63\/2023\/12\/Jokar1703001970.603693.jpg","contentUrl":"https:\/\/static.africa-press.net\/conakry\/sites\/63\/2023\/12\/Jokar1703001970.603693.jpg","width":480,"height":387,"caption":"Sur sa gestion, le ministre B\u00e9a Diallo ne craint rien\u00a0: \u2018\u2019Si demain, je dois me justifier devant la CRIEF, j\u2019irais\u2019\u2019"},{"@type":"BreadcrumbList","@id":"https:\/\/www.africa-press.net\/guinee-conakry\/politique\/sur-sa-gestion-le-ministre-bea-diallo-ne-craint-rien-si-demain-je-dois-me-justifier-devant-la-crief-jirais-2#breadcrumb","itemListElement":[{"@type":"ListItem","position":1,"name":"Accueil","item":"https:\/\/www.africa-press.net\/guinee-conakry\/"},{"@type":"ListItem","position":2,"name":"Sur sa gestion, le ministre B\u00e9a Diallo ne craint rien\u00a0: \u2018\u2019Si demain, je dois me justifier devant la CRIEF, j\u2019irais\u2019\u2019"}]},{"@type":"WebSite","@id":"https:\/\/www.africa-press.net\/guinee-conakry\/#website","url":"https:\/\/www.africa-press.net\/guinee-conakry\/","name":"guinee Conakry","description":"Just another Africa News Agency Sites site","potentialAction":[{"@type":"SearchAction","target":{"@type":"EntryPoint","urlTemplate":"https:\/\/www.africa-press.net\/guinee-conakry\/?s={search_term_string}"},"query-input":{"@type":"PropertyValueSpecification","valueRequired":true,"valueName":"search_term_string"}}],"inLanguage":"fr-FR"},{"@type":"Person","@id":"https:\/\/www.africa-press.net\/guinee-conakry\/#\/schema\/person\/2b1cf3cd81a31e3cd26889ca66d677f1","name":"cfeditorfr"}]}},"_links":{"self":[{"href":"https:\/\/www.africa-press.net\/guinee-conakry\/wp-json\/wp\/v2\/posts\/17885","targetHints":{"allow":["GET"]}}],"collection":[{"href":"https:\/\/www.africa-press.net\/guinee-conakry\/wp-json\/wp\/v2\/posts"}],"about":[{"href":"https:\/\/www.africa-press.net\/guinee-conakry\/wp-json\/wp\/v2\/types\/post"}],"author":[{"embeddable":true,"href":"https:\/\/www.africa-press.net\/guinee-conakry\/wp-json\/wp\/v2\/users\/82"}],"replies":[{"embeddable":true,"href":"https:\/\/www.africa-press.net\/guinee-conakry\/wp-json\/wp\/v2\/comments?post=17885"}],"version-history":[{"count":0,"href":"https:\/\/www.africa-press.net\/guinee-conakry\/wp-json\/wp\/v2\/posts\/17885\/revisions"}],"wp:featuredmedia":[{"embeddable":true,"href":"https:\/\/www.africa-press.net\/guinee-conakry\/wp-json\/wp\/v2\/media\/17884"}],"wp:attachment":[{"href":"https:\/\/www.africa-press.net\/guinee-conakry\/wp-json\/wp\/v2\/media?parent=17885"}],"wp:term":[{"taxonomy":"category","embeddable":true,"href":"https:\/\/www.africa-press.net\/guinee-conakry\/wp-json\/wp\/v2\/categories?post=17885"},{"taxonomy":"post_tag","embeddable":true,"href":"https:\/\/www.africa-press.net\/guinee-conakry\/wp-json\/wp\/v2\/tags?post=17885"}],"curies":[{"name":"wp","href":"https:\/\/api.w.org\/{rel}","templated":true}]}}