{"id":17892,"date":"2023-12-20T19:05:00","date_gmt":"2023-12-20T19:05:00","guid":{"rendered":"https:\/\/www.africa-press.net\/guinee-conakry\/politique\/une-approche-integree-pour-renforcer-la-securite-sanitaire-en-afrique-de-louest-et-du-centre"},"modified":"2023-12-20T19:05:00","modified_gmt":"2023-12-20T19:05:00","slug":"une-approche-integree-pour-renforcer-la-securite-sanitaire-en-afrique-de-louest-et-du-centre","status":"publish","type":"post","link":"https:\/\/www.africa-press.net\/guinee-conakry\/economie\/une-approche-integree-pour-renforcer-la-securite-sanitaire-en-afrique-de-louest-et-du-centre","title":{"rendered":"Une approche int\u00e9gr\u00e9e pour renforcer la s\u00e9curit\u00e9 sanitaire en Afrique de l\u2019Ouest et du Centre"},"content":{"rendered":"<p><span style=\"color: #ff6600\"><strong>Africa-Press &#8211; Guin\u00e9e. <\/strong><\/span><b>WASHINGTON, le 19 de\u0301cembre 2023 \u2013<\/b> La Banque mondiale a approuve\u0301 ce jour le <b>Programme de se\u0301curite\u0301 sanitaire pour l\u2019Afrique de l\u2019Ouest et du Centre<\/b> afin de renforcer la se\u0301curite\u0301 sanitaire dans la sous-re\u0301gion. Au cours de sa premie\u0300re phase, cette ope\u0301ration \u2013 a\u0300 phases multiples \u2013 de 500 millions de dollars finance\u0301e par l\u2019IDA* impliquera le Cap Vert, la Guine\u0301e, le Libe\u0301ria et la Communaute\u0301 e\u0301conomique des E\u0301tats de l\u2019Afrique de l\u2019Ouest (CEDEAO) pour accroi\u0302tre la collaboration et ame\u0301liorer la capacite\u0301 des syste\u0300mes de sante\u0301 a\u0300 pre\u0301venir, de\u0301tecter et re\u0301pondre aux situations d\u2019urgence sanitaire dans la re\u0301gion.<\/p>\n<p>Le programme mobilisera e\u0301galement des fonds d\u2019autres partenaires, a\u0300 savoir le <b>Me\u0301canisme de financement mondial pour les femmes, les enfants et les adolescents<\/b><b> <\/b>et le<b> <\/b><b>Fonds de lutte contre les pande\u0301mies<\/b>.<\/p>\n<p>Le nouveau programme re\u0301gional vise a\u0300 renforcer les capacite\u0301s multisectorielles pour mieux re\u0301pondre aux urgences sanitaires, en s\u2019appuyant sur l\u2019approche \u00ab One health \u00bb \u2013 une approche unique pour la sante\u0301 \u2013 qui inte\u0300gre la sante\u0301 des personnes, des animaux et des e\u0301cosyste\u0300mes. Les interventions en matie\u0300re de se\u0301curite\u0301 sanitaire visent a\u0300 re\u0301pondre a\u0300 des pande\u0301mies qui s\u2019entreme\u0302lent, la re\u0301sistance aux antimicrobiens et aux de\u0301fis lie\u0301s au climat qui persistent dans la re\u0301gion, tout en accordant la priorite\u0301 a\u0300 l\u2019e\u0301quite\u0301 et aux risques lie\u0301s au genre.<\/p>\n<p>Ainsi, le programme se concentre sur le renforcement des syste\u0300mes interconnecte\u0301s essentiels pour ame\u0301liorer la se\u0301curite\u0301 sanitaire d\u2019environ 627 millions de personnes, en ciblant les groupes vulne\u0301rables tels que les nourrissons et les enfants, les adolescents, les me\u0300res, et les personnes a\u0302ge\u0301es qui sont les plus vulne\u0301rables aux risques sanitaires. Avec l\u2019approche \u00ab One health \u00bb, les e\u0301leveurs de be\u0301tail et la population en ge\u0301ne\u0301ral seront moins expose\u0301s aux maladies zoonotiques.<\/p>\n<p>Par ailleurs, pour renforcer les re\u0301seaux nationaux et les programmes de sante\u0301 re\u0301gionaux, le programme aidera la CEDEAO a\u0300 renforcer les capacite\u0301s et les efforts institutionnels dans la re\u0301gion. En outre, pour ame\u0301liorer la gouvernance re\u0301gionale en matie\u0300re de se\u0301curite\u0301 sanitaire, des re\u0301glementations seront e\u0301tablies pour soutenir la manipulation et le transfert du mate\u0301riel biologique, le partage des donne\u0301es et informations, ainsi que la coordination des principales activite\u0301s de pre\u0301vention et de de\u0301tection des maladies. Ces efforts seront facilite\u0301s aux niveaux, re\u0301gional, transfrontalier et national.<\/p>\n<p>\u00ab En investissant dans la collaboration re\u0301gionale et en renforc\u0327ant les capacite\u0301s des syste\u0300mes de sante\u0301, le nouveau programme re\u0301gional garantira la re\u0301silience et la re\u0301activite\u0301 des syste\u0300mes de sante\u0301 face aux urgences sanitaires en Afrique de l\u2019Ouest et du Centre \u00bb, a de\u0301clare\u0301 <b>Boutheina Guermazi, directrice de la Banque mondiale pour l\u2019inte\u0301gration re\u0301gionale en Afrique et au Moyen-Orient<\/b>. \u00ab Les efforts visant a\u0300 empe\u0302cher les foyers de devenir des e\u0301pide\u0301mies ou des pande\u0301mies seront soutenus et renforce\u0301s. La priorite\u0301 sera donne\u0301e a\u0300 la pre\u0301vention, la de\u0301tection des urgences sanitaires et a\u0300 des re\u0301ponses efficaces aux niveaux communautaire, national et re\u0301gional, tout en garantissant une approche rapide et coordonne\u0301e. \u00bb<\/p>\n<p>* L\u2019Association internationale de de\u0301veloppement (IDA) est l\u2019institution de la Banque mondiale qui aide les pays les plus pauvres de la plane\u0300te. Fonde\u0301e en 1960, elle accorde des dons et des pre\u0302ts a\u0300 taux faible ou nul pour financer des projets et des programmes de nature a\u0300 stimuler la croissance e\u0301conomique, re\u0301duire la pauvrete\u0301 et ame\u0301liorer la vie des plus de\u0301munis. L\u2019IDA est l\u2019une des principales sources d\u2019aide pour les 76 pays les plus pauvres du monde, dont 39 se trouvent en Afrique. Ses ressources be\u0301ne\u0301ficient concre\u0300tement a\u0300 1,6 milliard de personnes. Depuis sa cre\u0301ation, l\u2019IDA a soutenu des activite\u0301s de de\u0301veloppement dans 113 pays. Le volume annuel de ses engagements est en constante augmentation et s\u2019est e\u0301leve\u0301 en moyenne a\u0300 21 milliards de dollars au cours des trois dernie\u0300res anne\u0301es, 61 % environ de ce montant e\u0301tant destine\u0301s a\u0300 l\u2019Afrique.<\/p>\n<p><strong>Pour plus d&rsquo;informations et d&rsquo;analyses sur la <a href=\"https:\/\/www.africa-press.net\/guinee-conakry\">Guin\u00e9e<\/a>, suivez <a href=\"https:\/\/www.africa-press.net\/\">Africa-Press<\/a><\/strong><\/p>\n","protected":false},"excerpt":{"rendered":"<p>Africa-Press &#8211; Guin\u00e9e. WASHINGTON, le 19 de\u0301cembre 2023 \u2013 La Banque mondiale a approuve\u0301 ce jour le Programme de se\u0301curite\u0301 sanitaire pour l\u2019Afrique de l\u2019Ouest et du Centre afin de renforcer la se\u0301curite\u0301 sanitaire dans la sous-re\u0301gion. Au cours de sa premie\u0300re phase, cette ope\u0301ration \u2013 a\u0300 phases multiples \u2013 de 500 millions de dollars [&hellip;]<\/p>\n","protected":false},"author":82,"featured_media":17891,"comment_status":"open","ping_status":"closed","sticky":false,"template":"","format":"standard","meta":{"footnotes":""},"categories":[3,56,10],"tags":[36,57,58],"class_list":["post-17892","post","type-post","status-publish","format-standard","has-post-thumbnail","hentry","category-economie","category-to-homepage","category-toutes-les-actualites","tag-africa-press","tag-africa-press-guinee","tag-guinee"],"yoast_head":"<!-- This site is optimized with the Yoast SEO Premium plugin v26.1 (Yoast SEO v27.0) - https:\/\/yoast.com\/product\/yoast-seo-premium-wordpress\/ -->\n<title>Une approche int\u00e9gr\u00e9e pour renforcer la s\u00e9curit\u00e9 sanitaire en Afrique de l\u2019Ouest et du Centre - guinee Conakry<\/title>\n<meta name=\"robots\" content=\"index, follow, max-snippet:-1, max-image-preview:large, max-video-preview:-1\" \/>\n<link rel=\"canonical\" href=\"https:\/\/www.africa-press.net\/guinee-conakry\/politique\/une-approche-integree-pour-renforcer-la-securite-sanitaire-en-afrique-de-louest-et-du-centre\" \/>\n<meta property=\"og:locale\" content=\"fr_FR\" \/>\n<meta property=\"og:type\" content=\"article\" \/>\n<meta property=\"og:title\" content=\"Une approche int\u00e9gr\u00e9e pour renforcer la s\u00e9curit\u00e9 sanitaire en Afrique de l\u2019Ouest et du Centre\" \/>\n<meta property=\"og:description\" content=\"Africa-Press &#8211; Guin\u00e9e. WASHINGTON, le 19 de\u0301cembre 2023 \u2013 La Banque mondiale a approuve\u0301 ce jour le Programme de se\u0301curite\u0301 sanitaire pour l\u2019Afrique de l\u2019Ouest et du Centre afin de renforcer la se\u0301curite\u0301 sanitaire dans la sous-re\u0301gion. Au cours de sa premie\u0300re phase, cette ope\u0301ration \u2013 a\u0300 phases multiples \u2013 de 500 millions de dollars [&hellip;]\" \/>\n<meta property=\"og:url\" content=\"https:\/\/www.africa-press.net\/guinee-conakry\/politique\/une-approche-integree-pour-renforcer-la-securite-sanitaire-en-afrique-de-louest-et-du-centre\" \/>\n<meta property=\"og:site_name\" content=\"guinee Conakry\" \/>\n<meta property=\"article:published_time\" content=\"2023-12-20T19:05:00+00:00\" \/>\n<meta name=\"author\" content=\"cfeditorfr\" \/>\n<meta name=\"twitter:card\" content=\"summary_large_image\" \/>\n<meta name=\"twitter:label1\" content=\"\u00c9crit par\" \/>\n\t<meta name=\"twitter:data1\" content=\"cfeditorfr\" \/>\n\t<meta name=\"twitter:label2\" content=\"Dur\u00e9e de lecture estim\u00e9e\" \/>\n\t<meta name=\"twitter:data2\" content=\"4 minutes\" \/>\n<script type=\"application\/ld+json\" class=\"yoast-schema-graph\">{\"@context\":\"https:\/\/schema.org\",\"@graph\":[{\"@type\":\"Article\",\"@id\":\"https:\/\/www.africa-press.net\/guinee-conakry\/politique\/une-approche-integree-pour-renforcer-la-securite-sanitaire-en-afrique-de-louest-et-du-centre#article\",\"isPartOf\":{\"@id\":\"https:\/\/www.africa-press.net\/guinee-conakry\/politique\/une-approche-integree-pour-renforcer-la-securite-sanitaire-en-afrique-de-louest-et-du-centre\"},\"author\":{\"name\":\"cfeditorfr\",\"@id\":\"https:\/\/www.africa-press.net\/guinee-conakry\/#\/schema\/person\/2b1cf3cd81a31e3cd26889ca66d677f1\"},\"headline\":\"Une approche int\u00e9gr\u00e9e pour renforcer la s\u00e9curit\u00e9 sanitaire en Afrique de l\u2019Ouest et du Centre\",\"datePublished\":\"2023-12-20T19:05:00+00:00\",\"mainEntityOfPage\":{\"@id\":\"https:\/\/www.africa-press.net\/guinee-conakry\/politique\/une-approche-integree-pour-renforcer-la-securite-sanitaire-en-afrique-de-louest-et-du-centre\"},\"wordCount\":765,\"commentCount\":0,\"image\":{\"@id\":\"https:\/\/www.africa-press.net\/guinee-conakry\/politique\/une-approche-integree-pour-renforcer-la-securite-sanitaire-en-afrique-de-louest-et-du-centre#primaryimage\"},\"thumbnailUrl\":\"https:\/\/static.africa-press.net\/conakry\/sites\/63\/2023\/12\/Jokar1703086513.789185.jpg\",\"keywords\":[\"Africa Press\",\"Africa Press-Guin\u00e9e\",\"Guin\u00e9e\"],\"articleSection\":[\"\u00c9conomie\",\"to-homepage\",\"Toutes les actualit\u00e9s\"],\"inLanguage\":\"fr-FR\",\"potentialAction\":[{\"@type\":\"CommentAction\",\"name\":\"Comment\",\"target\":[\"https:\/\/www.africa-press.net\/guinee-conakry\/politique\/une-approche-integree-pour-renforcer-la-securite-sanitaire-en-afrique-de-louest-et-du-centre#respond\"]}]},{\"@type\":\"WebPage\",\"@id\":\"https:\/\/www.africa-press.net\/guinee-conakry\/politique\/une-approche-integree-pour-renforcer-la-securite-sanitaire-en-afrique-de-louest-et-du-centre\",\"url\":\"https:\/\/www.africa-press.net\/guinee-conakry\/politique\/une-approche-integree-pour-renforcer-la-securite-sanitaire-en-afrique-de-louest-et-du-centre\",\"name\":\"Une approche int\u00e9gr\u00e9e pour renforcer la s\u00e9curit\u00e9 sanitaire en Afrique de l\u2019Ouest et du Centre - guinee Conakry\",\"isPartOf\":{\"@id\":\"https:\/\/www.africa-press.net\/guinee-conakry\/#website\"},\"primaryImageOfPage\":{\"@id\":\"https:\/\/www.africa-press.net\/guinee-conakry\/politique\/une-approche-integree-pour-renforcer-la-securite-sanitaire-en-afrique-de-louest-et-du-centre#primaryimage\"},\"image\":{\"@id\":\"https:\/\/www.africa-press.net\/guinee-conakry\/politique\/une-approche-integree-pour-renforcer-la-securite-sanitaire-en-afrique-de-louest-et-du-centre#primaryimage\"},\"thumbnailUrl\":\"https:\/\/static.africa-press.net\/conakry\/sites\/63\/2023\/12\/Jokar1703086513.789185.jpg\",\"datePublished\":\"2023-12-20T19:05:00+00:00\",\"author\":{\"@id\":\"https:\/\/www.africa-press.net\/guinee-conakry\/#\/schema\/person\/2b1cf3cd81a31e3cd26889ca66d677f1\"},\"breadcrumb\":{\"@id\":\"https:\/\/www.africa-press.net\/guinee-conakry\/politique\/une-approche-integree-pour-renforcer-la-securite-sanitaire-en-afrique-de-louest-et-du-centre#breadcrumb\"},\"inLanguage\":\"fr-FR\",\"potentialAction\":[{\"@type\":\"ReadAction\",\"target\":[\"https:\/\/www.africa-press.net\/guinee-conakry\/politique\/une-approche-integree-pour-renforcer-la-securite-sanitaire-en-afrique-de-louest-et-du-centre\"]}]},{\"@type\":\"ImageObject\",\"inLanguage\":\"fr-FR\",\"@id\":\"https:\/\/www.africa-press.net\/guinee-conakry\/politique\/une-approche-integree-pour-renforcer-la-securite-sanitaire-en-afrique-de-louest-et-du-centre#primaryimage\",\"url\":\"https:\/\/static.africa-press.net\/conakry\/sites\/63\/2023\/12\/Jokar1703086513.789185.jpg\",\"contentUrl\":\"https:\/\/static.africa-press.net\/conakry\/sites\/63\/2023\/12\/Jokar1703086513.789185.jpg\",\"width\":1024,\"height\":819,\"caption\":\"Une approche int\u00e9gr\u00e9e pour renforcer la s\u00e9curit\u00e9 sanitaire en Afrique de l\u2019Ouest et du Centre\"},{\"@type\":\"BreadcrumbList\",\"@id\":\"https:\/\/www.africa-press.net\/guinee-conakry\/politique\/une-approche-integree-pour-renforcer-la-securite-sanitaire-en-afrique-de-louest-et-du-centre#breadcrumb\",\"itemListElement\":[{\"@type\":\"ListItem\",\"position\":1,\"name\":\"Accueil\",\"item\":\"https:\/\/www.africa-press.net\/guinee-conakry\/\"},{\"@type\":\"ListItem\",\"position\":2,\"name\":\"Une approche int\u00e9gr\u00e9e pour renforcer la s\u00e9curit\u00e9 sanitaire en Afrique de l\u2019Ouest et du Centre\"}]},{\"@type\":\"WebSite\",\"@id\":\"https:\/\/www.africa-press.net\/guinee-conakry\/#website\",\"url\":\"https:\/\/www.africa-press.net\/guinee-conakry\/\",\"name\":\"guinee Conakry\",\"description\":\"Just another Africa News Agency Sites site\",\"potentialAction\":[{\"@type\":\"SearchAction\",\"target\":{\"@type\":\"EntryPoint\",\"urlTemplate\":\"https:\/\/www.africa-press.net\/guinee-conakry\/?s={search_term_string}\"},\"query-input\":{\"@type\":\"PropertyValueSpecification\",\"valueRequired\":true,\"valueName\":\"search_term_string\"}}],\"inLanguage\":\"fr-FR\"},{\"@type\":\"Person\",\"@id\":\"https:\/\/www.africa-press.net\/guinee-conakry\/#\/schema\/person\/2b1cf3cd81a31e3cd26889ca66d677f1\",\"name\":\"cfeditorfr\"}]}<\/script>\n<!-- \/ Yoast SEO Premium plugin. -->","yoast_head_json":{"title":"Une approche int\u00e9gr\u00e9e pour renforcer la s\u00e9curit\u00e9 sanitaire en Afrique de l\u2019Ouest et du Centre - guinee Conakry","robots":{"index":"index","follow":"follow","max-snippet":"max-snippet:-1","max-image-preview":"max-image-preview:large","max-video-preview":"max-video-preview:-1"},"canonical":"https:\/\/www.africa-press.net\/guinee-conakry\/politique\/une-approche-integree-pour-renforcer-la-securite-sanitaire-en-afrique-de-louest-et-du-centre","og_locale":"fr_FR","og_type":"article","og_title":"Une approche int\u00e9gr\u00e9e pour renforcer la s\u00e9curit\u00e9 sanitaire en Afrique de l\u2019Ouest et du Centre","og_description":"Africa-Press &#8211; Guin\u00e9e. WASHINGTON, le 19 de\u0301cembre 2023 \u2013 La Banque mondiale a approuve\u0301 ce jour le Programme de se\u0301curite\u0301 sanitaire pour l\u2019Afrique de l\u2019Ouest et du Centre afin de renforcer la se\u0301curite\u0301 sanitaire dans la sous-re\u0301gion. Au cours de sa premie\u0300re phase, cette ope\u0301ration \u2013 a\u0300 phases multiples \u2013 de 500 millions de dollars [&hellip;]","og_url":"https:\/\/www.africa-press.net\/guinee-conakry\/politique\/une-approche-integree-pour-renforcer-la-securite-sanitaire-en-afrique-de-louest-et-du-centre","og_site_name":"guinee Conakry","article_published_time":"2023-12-20T19:05:00+00:00","author":"cfeditorfr","twitter_card":"summary_large_image","twitter_misc":{"\u00c9crit par":"cfeditorfr","Dur\u00e9e de lecture estim\u00e9e":"4 minutes"},"schema":{"@context":"https:\/\/schema.org","@graph":[{"@type":"Article","@id":"https:\/\/www.africa-press.net\/guinee-conakry\/politique\/une-approche-integree-pour-renforcer-la-securite-sanitaire-en-afrique-de-louest-et-du-centre#article","isPartOf":{"@id":"https:\/\/www.africa-press.net\/guinee-conakry\/politique\/une-approche-integree-pour-renforcer-la-securite-sanitaire-en-afrique-de-louest-et-du-centre"},"author":{"name":"cfeditorfr","@id":"https:\/\/www.africa-press.net\/guinee-conakry\/#\/schema\/person\/2b1cf3cd81a31e3cd26889ca66d677f1"},"headline":"Une approche int\u00e9gr\u00e9e pour renforcer la s\u00e9curit\u00e9 sanitaire en Afrique de l\u2019Ouest et du Centre","datePublished":"2023-12-20T19:05:00+00:00","mainEntityOfPage":{"@id":"https:\/\/www.africa-press.net\/guinee-conakry\/politique\/une-approche-integree-pour-renforcer-la-securite-sanitaire-en-afrique-de-louest-et-du-centre"},"wordCount":765,"commentCount":0,"image":{"@id":"https:\/\/www.africa-press.net\/guinee-conakry\/politique\/une-approche-integree-pour-renforcer-la-securite-sanitaire-en-afrique-de-louest-et-du-centre#primaryimage"},"thumbnailUrl":"https:\/\/static.africa-press.net\/conakry\/sites\/63\/2023\/12\/Jokar1703086513.789185.jpg","keywords":["Africa Press","Africa Press-Guin\u00e9e","Guin\u00e9e"],"articleSection":["\u00c9conomie","to-homepage","Toutes les actualit\u00e9s"],"inLanguage":"fr-FR","potentialAction":[{"@type":"CommentAction","name":"Comment","target":["https:\/\/www.africa-press.net\/guinee-conakry\/politique\/une-approche-integree-pour-renforcer-la-securite-sanitaire-en-afrique-de-louest-et-du-centre#respond"]}]},{"@type":"WebPage","@id":"https:\/\/www.africa-press.net\/guinee-conakry\/politique\/une-approche-integree-pour-renforcer-la-securite-sanitaire-en-afrique-de-louest-et-du-centre","url":"https:\/\/www.africa-press.net\/guinee-conakry\/politique\/une-approche-integree-pour-renforcer-la-securite-sanitaire-en-afrique-de-louest-et-du-centre","name":"Une approche int\u00e9gr\u00e9e pour renforcer la s\u00e9curit\u00e9 sanitaire en Afrique de l\u2019Ouest et du Centre - guinee Conakry","isPartOf":{"@id":"https:\/\/www.africa-press.net\/guinee-conakry\/#website"},"primaryImageOfPage":{"@id":"https:\/\/www.africa-press.net\/guinee-conakry\/politique\/une-approche-integree-pour-renforcer-la-securite-sanitaire-en-afrique-de-louest-et-du-centre#primaryimage"},"image":{"@id":"https:\/\/www.africa-press.net\/guinee-conakry\/politique\/une-approche-integree-pour-renforcer-la-securite-sanitaire-en-afrique-de-louest-et-du-centre#primaryimage"},"thumbnailUrl":"https:\/\/static.africa-press.net\/conakry\/sites\/63\/2023\/12\/Jokar1703086513.789185.jpg","datePublished":"2023-12-20T19:05:00+00:00","author":{"@id":"https:\/\/www.africa-press.net\/guinee-conakry\/#\/schema\/person\/2b1cf3cd81a31e3cd26889ca66d677f1"},"breadcrumb":{"@id":"https:\/\/www.africa-press.net\/guinee-conakry\/politique\/une-approche-integree-pour-renforcer-la-securite-sanitaire-en-afrique-de-louest-et-du-centre#breadcrumb"},"inLanguage":"fr-FR","potentialAction":[{"@type":"ReadAction","target":["https:\/\/www.africa-press.net\/guinee-conakry\/politique\/une-approche-integree-pour-renforcer-la-securite-sanitaire-en-afrique-de-louest-et-du-centre"]}]},{"@type":"ImageObject","inLanguage":"fr-FR","@id":"https:\/\/www.africa-press.net\/guinee-conakry\/politique\/une-approche-integree-pour-renforcer-la-securite-sanitaire-en-afrique-de-louest-et-du-centre#primaryimage","url":"https:\/\/static.africa-press.net\/conakry\/sites\/63\/2023\/12\/Jokar1703086513.789185.jpg","contentUrl":"https:\/\/static.africa-press.net\/conakry\/sites\/63\/2023\/12\/Jokar1703086513.789185.jpg","width":1024,"height":819,"caption":"Une approche int\u00e9gr\u00e9e pour renforcer la s\u00e9curit\u00e9 sanitaire en Afrique de l\u2019Ouest et du Centre"},{"@type":"BreadcrumbList","@id":"https:\/\/www.africa-press.net\/guinee-conakry\/politique\/une-approche-integree-pour-renforcer-la-securite-sanitaire-en-afrique-de-louest-et-du-centre#breadcrumb","itemListElement":[{"@type":"ListItem","position":1,"name":"Accueil","item":"https:\/\/www.africa-press.net\/guinee-conakry\/"},{"@type":"ListItem","position":2,"name":"Une approche int\u00e9gr\u00e9e pour renforcer la s\u00e9curit\u00e9 sanitaire en Afrique de l\u2019Ouest et du Centre"}]},{"@type":"WebSite","@id":"https:\/\/www.africa-press.net\/guinee-conakry\/#website","url":"https:\/\/www.africa-press.net\/guinee-conakry\/","name":"guinee Conakry","description":"Just another Africa News Agency Sites site","potentialAction":[{"@type":"SearchAction","target":{"@type":"EntryPoint","urlTemplate":"https:\/\/www.africa-press.net\/guinee-conakry\/?s={search_term_string}"},"query-input":{"@type":"PropertyValueSpecification","valueRequired":true,"valueName":"search_term_string"}}],"inLanguage":"fr-FR"},{"@type":"Person","@id":"https:\/\/www.africa-press.net\/guinee-conakry\/#\/schema\/person\/2b1cf3cd81a31e3cd26889ca66d677f1","name":"cfeditorfr"}]}},"_links":{"self":[{"href":"https:\/\/www.africa-press.net\/guinee-conakry\/wp-json\/wp\/v2\/posts\/17892","targetHints":{"allow":["GET"]}}],"collection":[{"href":"https:\/\/www.africa-press.net\/guinee-conakry\/wp-json\/wp\/v2\/posts"}],"about":[{"href":"https:\/\/www.africa-press.net\/guinee-conakry\/wp-json\/wp\/v2\/types\/post"}],"author":[{"embeddable":true,"href":"https:\/\/www.africa-press.net\/guinee-conakry\/wp-json\/wp\/v2\/users\/82"}],"replies":[{"embeddable":true,"href":"https:\/\/www.africa-press.net\/guinee-conakry\/wp-json\/wp\/v2\/comments?post=17892"}],"version-history":[{"count":0,"href":"https:\/\/www.africa-press.net\/guinee-conakry\/wp-json\/wp\/v2\/posts\/17892\/revisions"}],"wp:featuredmedia":[{"embeddable":true,"href":"https:\/\/www.africa-press.net\/guinee-conakry\/wp-json\/wp\/v2\/media\/17891"}],"wp:attachment":[{"href":"https:\/\/www.africa-press.net\/guinee-conakry\/wp-json\/wp\/v2\/media?parent=17892"}],"wp:term":[{"taxonomy":"category","embeddable":true,"href":"https:\/\/www.africa-press.net\/guinee-conakry\/wp-json\/wp\/v2\/categories?post=17892"},{"taxonomy":"post_tag","embeddable":true,"href":"https:\/\/www.africa-press.net\/guinee-conakry\/wp-json\/wp\/v2\/tags?post=17892"}],"curies":[{"name":"wp","href":"https:\/\/api.w.org\/{rel}","templated":true}]}}