{"id":17894,"date":"2023-12-20T19:24:00","date_gmt":"2023-12-20T19:24:00","guid":{"rendered":"https:\/\/www.africa-press.net\/guinee-conakry\/politique\/la-liberte-dexpression-menacee-par-la-transition"},"modified":"2023-12-20T19:24:00","modified_gmt":"2023-12-20T19:24:00","slug":"la-liberte-dexpression-menacee-par-la-transition","status":"publish","type":"post","link":"https:\/\/www.africa-press.net\/guinee-conakry\/politique\/la-liberte-dexpression-menacee-par-la-transition","title":{"rendered":"la libert\u00e9 d\u2019expression menac\u00e9e par la transition\u2026"},"content":{"rendered":"<p><span style=\"color: #ff6600\"><strong>Africa-Press &#8211; Guin\u00e9e. <\/strong><\/span><b>La multiplication et la banalisation des violations du droit a\u0300 la liberte\u0301 d\u2019expression et a\u0300 l\u2019acce\u0300s a\u0300 l\u2019information par les autorite\u0301s de transition perpe\u0301tuent et aggravent une situation a\u0300 laquelle le Comite\u0301 national du rassemblement pour le de\u0301veloppement (CNRD) affirmait vouloir reme\u0301dier lors de sa prise de pouvoir, alors me\u0302me que la Cour de justice de la Ce\u0301de\u0301ao a re\u0301cemment juge\u0301 que la Guine\u0301e avait viole\u0301 ces droits en 2020, a de\u0301clare\u0301 Amnesty International.<\/b><\/p>\n<p>\u00ab Les violations du droit a\u0300 la liberte\u0301 d\u2019expression sont de\u0301sormais permanentes, et s\u2019ajoutent a\u0300 celles du droit de re\u0301union pacifique entre autres. Les autorite\u0301s guine\u0301ennes ont choisi de tourner le dos aux droits les plus e\u0301le\u0301mentaires garantis par le droit international, que la charte de la transition signe\u0301e le 27 septembre 2021 par le chef de l\u2019E\u0301tat pre\u0301tendait pourtant de\u0301fendre \u00bb, a de\u0301clare\u0301 Samira Daoud , Directrice re\u0301gionale du bureau d\u2019Amnesty International pour l\u2019Afrique de l\u2019Ouest et du Centre.<\/p>\n<p>\u00ab Ces pratiques sont d\u2019autant plus choquantes qu\u2019elles ignorent un jugement de la Cour de justice de la Ce\u0301de\u0301ao du 31 octobre 2023 rendu public ces derniers jours. La Cour estime que la Guine\u0301e a viole\u0301 le droit a\u0300 la liberte\u0301 d\u2019expression et le droit a\u0300 l\u2019information en restreignant l\u2019acce\u0300s a\u0300 internet et\/ou aux re\u0301seaux sociaux en 2020, quand Alpha Conde\u0301 e\u0301tait chef de l\u2019E\u0301tat. \u00bb<\/p>\n<p>Depuis le de\u0301but d\u2019anne\u0301e, l\u2019acce\u0300s a\u0300 internet et\/ou aux re\u0301seaux sociaux a e\u0301te\u0301 restreint a\u0300 plusieurs reprises, des sites d\u2019information en ligne ont e\u0301te\u0301 inaccessibles, des radios ont e\u0301te\u0301 rendues inaudibles et retire\u0301es de l\u2019offre de certaines plateformes de diffusion.<\/p>\n<p>A la date du 20 de\u0301cembre, la restriction d\u2019acce\u0300s aux re\u0301seaux sociaux constate\u0301e depuis le 24 novembre e\u0301tait toujours effective, en de\u0301pit d\u2019appels de la socie\u0301te\u0301 civile a\u0300 mettre fin a\u0300 cette restriction dans le contexte de la grave explosion survenue dans un de\u0301po\u0302t d\u2019hydrocarbures dans la nuit du 17 au 18 de\u0301cembre ayant fait de nombreux morts et blesse\u0301s.<\/p>\n<p>Pre\u0301sident de l\u2019Association des blogueurs de Guine\u0301e (Ablogui) co-de\u0301positaire de la plainte aupre\u0300s de la Cour de justice de la Ce\u0301de\u0301ao, Alfa Diallo a de\u0301clare\u0301 a\u0300 Amnesty International : \u00ab Nous constatons que les autorite\u0301s sont en train d\u2019instaurer une censure durable et permanente d\u2019internet et des me\u0301dias. Cette situation nous inquie\u0300te d\u2019autant plus que la de\u0301cision de la Cour rappelant a\u0300 l\u2019E\u0301tat guine\u0301en l\u2019ille\u0301galite\u0301 de couper internet ou de bloquer les re\u0301seaux sociaux semble ne pas avoir e\u0301te\u0301 pris en compte. \u00bb<\/p>\n<p>La Haute Autorite\u0301 de la Communication (HAC) a e\u0301crit au directeur ge\u0301ne\u0301ral de Canal+ Guine\u0301e les 6 et 9 de\u0301cembre pour lui demander en des termes vagues de stopper la diffusion des me\u0301dias guine\u0301ens Djoma FM et TV, Espace FM et TV, E\u0301vasion FM et TV, sur son bouquet pour des \u00ab impe\u0301ratifs de se\u0301curite\u0301 nationale \u00bb. Le 12 de\u0301cembre, un autre distributeur, StarTimes, a annonce\u0301 le retrait de Djoma TV, Espace TV et E\u0301vasion TV pour les me\u0302mes motifs.<\/p>\n<p>Dans une publication sur le re\u0301seau social X le 9 de\u0301cembre, le ministre des Postes, des Te\u0301le\u0301communications et de l\u2019E\u0301conomie nume\u0301rique, Ousmane Gaoual Diallo, e\u0301galement porte-parole du gouvernement, a annonce\u0301 que \u00ab les mesures prises (&#8230;) repre\u0301sentent une re\u0301ponse imme\u0301diate face a\u0300 des pratiques telles que l\u2019apologie de la haine communautaire, l\u2019accentuation des tensions sociales et politiques, et la propagation de discours divisifs \u00bb, sans pre\u0301ciser les dits propos. Les me\u0301dias incrimine\u0301s par les autorite\u0301s sont connus pour diffuser des programmes parfois critiques sur l\u2019exercice du pouvoir par les autorite\u0301s actuelles.<\/p>\n<p>Le signal de FIM FM, une autre radio parmi les plus e\u0301coute\u0301es, est la cible de brouillages depuis plusieurs mois. Le directeur ge\u0301ne\u0301ral de la radio a indique\u0301 a\u0300 Amnesty International qu\u2019au 4 de\u0301cembre, cette situation perdurait depuis huit jours. \u00ab En lieu et place de nos contenus, c\u2019est du vent et parfois de la musique en hommage a\u0300 l\u2019arme\u0301e guine\u0301enne qui sont diffuse\u0301s sur nos antennes \u00bb, a-t-il de\u0301clare\u0301 a\u0300 l\u2019organisation. Il ajoute qu\u2019une dizaine d\u2019autres ope\u0301rations de brouillages sont intervenues depuis le 19 mai 2023. Aucune suite n\u2019a e\u0301te\u0301 donne\u0301e aux interpellations e\u0301crites et verbales adresse\u0301es par la direction de la radio a\u0300 l\u2019Autorite\u0301 de re\u0301gulation des postes et te\u0301le\u0301communications (ARPT) et a\u0300 la HAC, selon le directeur ge\u0301ne\u0301ral.<\/p>\n<p>Ces mesures re\u0301centes s\u2019inscrivent dans une suite d\u2019atteintes a\u0300 la liberte\u0301 d\u2019expression depuis plusieurs mois, dont les autorite\u0301s ont nie\u0301 la responsabilite\u0301 sans pour autant prendre d\u2019initiatives pour y reme\u0301dier.<\/p>\n<p>En mai puis en novembre, l\u2019Association des blogueurs de Guine\u0301e (Ablogui) a de\u0301nonce\u0301 des restrictions d\u2019acce\u0300s a\u0300 certains re\u0301seaux sociaux et sites d\u2019informations guine\u0301ens. Les organisations spe\u0301cialise\u0301es Netblocks et Ooni avaient confirme\u0301 ces blocages. En mai, les blocages avaient coi\u0308ncide\u0301 avec un appel a\u0300 manifester des Forces vives de Guine\u0301e (coalition de partis politiques et d\u2019organisations de la socie\u0301te\u0301 civile) pour la journe\u0301e du 17 mai dans le but de de\u0301noncer la conduite de la transition par le CNRD. Le 18 mai, le ministre Ousmane Gaoual Diallo avait attribue\u0301 ces proble\u0300mes au dysfonctionnement d\u2019un \u00ab ca\u0302ble sous-marin \u00bb. Cette justification a e\u0301te\u0301 contredite par diffe\u0301rents observateurs et experts et par la Fe\u0301de\u0301ration syndicale autonome des te\u0301le\u0301communications (Fesatel), qui avait constate\u0301 qu\u2019 \u00ab aucun ope\u0301rateur n\u2019a fait une communication d\u2019un e\u0301ventuel souci technique dans son re\u0301seau \u00bb, selon une lettre adresse\u0301e au ministre le 23 mai.<\/p>\n<p>Le 22 mai, les organisations professionnelles de presse avaient de\u0301cide\u0301 de plusieurs actions dont une \u00ab journe\u0301e sans presse \u00bb, en re\u0301action au \u00ab de\u0301mante\u0300lement par effraction des e\u0301metteurs du Groupe de presse AfricVision, au brouillage des ondes des radios FIM FM et Djoma FM, [a\u0300] la restriction des sites d\u2019informations guine\u0301ens et des re\u0301seaux sociaux, et en re\u0301action aux menaces profe\u0301re\u0301es contre la presse par le ministre porte-parole du gouvernement, Ousmane Gaoual Diallo \u00bb.<\/p>\n<p>Le site d\u2019information Guine\u0301ematin a e\u0301te\u0301 inaccessible du 15 aou\u0302t au 4 novembre 2023, sans aucune explication des autorite\u0301s. Un rassemblement pacifique organise\u0301 le 16 octobre a\u0300 Conakry pour demander la leve\u0301e des restrictions d\u2019acce\u0300s a\u0300 ce site a e\u0301te\u0301 violemment re\u0301prime\u0301 par les forces de se\u0301curite\u0301. Treize journalistes ont e\u0301te\u0301 arre\u0302te\u0301s arbitrairement au cours de cette manifestation et trois journalistes ont e\u0301te\u0301 blesse\u0301s par les forces de l\u2019ordre.<\/p>\n<p>\u00ab La volonte\u0301 des autorite\u0301s de persister dans le contro\u0302le de l\u2019information et de limiter l\u2019expression des opinions critiques est un signal alarmant, alors que la Guine\u0301e est engage\u0301e dans un processus qui doit conduire en 2024 a\u0300 plusieurs scrutins et a\u0300 la fin du processus de transition, selon le chronogramme de\u0301cide\u0301 en accord avec la Ce\u0301de\u0301ao \u00bb, a de\u0301clare\u0301 Samira Daoud, Directrice re\u0301gionale du bureau d\u2019Amnesty International pour l\u2019Afrique de l\u2019Ouest et du Centre.<\/p>\n<p><strong>Pour plus d&rsquo;informations et d&rsquo;analyses sur la <a href=\"https:\/\/www.africa-press.net\/guinee-conakry\">Guin\u00e9e<\/a>, suivez <a href=\"https:\/\/www.africa-press.net\/\">Africa-Press<\/a><\/strong><\/p>\n","protected":false},"excerpt":{"rendered":"<p>Africa-Press &#8211; Guin\u00e9e. La multiplication et la banalisation des violations du droit a\u0300 la liberte\u0301 d\u2019expression et a\u0300 l\u2019acce\u0300s a\u0300 l\u2019information par les autorite\u0301s de transition perpe\u0301tuent et aggravent une situation a\u0300 laquelle le Comite\u0301 national du rassemblement pour le de\u0301veloppement (CNRD) affirmait vouloir reme\u0301dier lors de sa prise de pouvoir, alors me\u0302me que la [&hellip;]<\/p>\n","protected":false},"author":82,"featured_media":17893,"comment_status":"open","ping_status":"closed","sticky":false,"template":"","format":"standard","meta":{"footnotes":""},"categories":[2,56,10],"tags":[36,57,58],"class_list":["post-17894","post","type-post","status-publish","format-standard","has-post-thumbnail","hentry","category-politique","category-to-homepage","category-toutes-les-actualites","tag-africa-press","tag-africa-press-guinee","tag-guinee"],"yoast_head":"<!-- This site is optimized with the Yoast SEO Premium plugin v26.1 (Yoast SEO v27.0) - https:\/\/yoast.com\/product\/yoast-seo-premium-wordpress\/ -->\n<title>la libert\u00e9 d\u2019expression menac\u00e9e par la transition\u2026 - guinee Conakry<\/title>\n<meta name=\"robots\" content=\"index, follow, max-snippet:-1, max-image-preview:large, max-video-preview:-1\" \/>\n<link rel=\"canonical\" href=\"https:\/\/www.africa-press.net\/guinee-conakry\/politique\/la-liberte-dexpression-menacee-par-la-transition\" \/>\n<meta property=\"og:locale\" content=\"fr_FR\" \/>\n<meta property=\"og:type\" content=\"article\" \/>\n<meta property=\"og:title\" content=\"la libert\u00e9 d\u2019expression menac\u00e9e par la transition\u2026\" \/>\n<meta property=\"og:description\" content=\"Africa-Press &#8211; Guin\u00e9e. La multiplication et la banalisation des violations du droit a\u0300 la liberte\u0301 d\u2019expression et a\u0300 l\u2019acce\u0300s a\u0300 l\u2019information par les autorite\u0301s de transition perpe\u0301tuent et aggravent une situation a\u0300 laquelle le Comite\u0301 national du rassemblement pour le de\u0301veloppement (CNRD) affirmait vouloir reme\u0301dier lors de sa prise de pouvoir, alors me\u0302me que la [&hellip;]\" \/>\n<meta property=\"og:url\" content=\"https:\/\/www.africa-press.net\/guinee-conakry\/politique\/la-liberte-dexpression-menacee-par-la-transition\" \/>\n<meta property=\"og:site_name\" content=\"guinee Conakry\" \/>\n<meta property=\"article:published_time\" content=\"2023-12-20T19:24:00+00:00\" \/>\n<meta name=\"author\" content=\"cfeditorfr\" \/>\n<meta name=\"twitter:card\" content=\"summary_large_image\" \/>\n<meta name=\"twitter:label1\" content=\"\u00c9crit par\" \/>\n\t<meta name=\"twitter:data1\" content=\"cfeditorfr\" \/>\n\t<meta name=\"twitter:label2\" content=\"Dur\u00e9e de lecture estim\u00e9e\" \/>\n\t<meta name=\"twitter:data2\" content=\"6 minutes\" \/>\n<script type=\"application\/ld+json\" class=\"yoast-schema-graph\">{\"@context\":\"https:\/\/schema.org\",\"@graph\":[{\"@type\":\"Article\",\"@id\":\"https:\/\/www.africa-press.net\/guinee-conakry\/politique\/la-liberte-dexpression-menacee-par-la-transition#article\",\"isPartOf\":{\"@id\":\"https:\/\/www.africa-press.net\/guinee-conakry\/politique\/la-liberte-dexpression-menacee-par-la-transition\"},\"author\":{\"name\":\"cfeditorfr\",\"@id\":\"https:\/\/www.africa-press.net\/guinee-conakry\/#\/schema\/person\/2b1cf3cd81a31e3cd26889ca66d677f1\"},\"headline\":\"la libert\u00e9 d\u2019expression menac\u00e9e par la transition\u2026\",\"datePublished\":\"2023-12-20T19:24:00+00:00\",\"mainEntityOfPage\":{\"@id\":\"https:\/\/www.africa-press.net\/guinee-conakry\/politique\/la-liberte-dexpression-menacee-par-la-transition\"},\"wordCount\":1299,\"commentCount\":0,\"image\":{\"@id\":\"https:\/\/www.africa-press.net\/guinee-conakry\/politique\/la-liberte-dexpression-menacee-par-la-transition#primaryimage\"},\"thumbnailUrl\":\"https:\/\/static.africa-press.net\/conakry\/sites\/63\/2023\/12\/Jokar1703087655.288941.jpg\",\"keywords\":[\"Africa Press\",\"Africa Press-Guin\u00e9e\",\"Guin\u00e9e\"],\"articleSection\":[\"Politique\",\"to-homepage\",\"Toutes les actualit\u00e9s\"],\"inLanguage\":\"fr-FR\",\"potentialAction\":[{\"@type\":\"CommentAction\",\"name\":\"Comment\",\"target\":[\"https:\/\/www.africa-press.net\/guinee-conakry\/politique\/la-liberte-dexpression-menacee-par-la-transition#respond\"]}]},{\"@type\":\"WebPage\",\"@id\":\"https:\/\/www.africa-press.net\/guinee-conakry\/politique\/la-liberte-dexpression-menacee-par-la-transition\",\"url\":\"https:\/\/www.africa-press.net\/guinee-conakry\/politique\/la-liberte-dexpression-menacee-par-la-transition\",\"name\":\"la libert\u00e9 d\u2019expression menac\u00e9e par la transition\u2026 - guinee Conakry\",\"isPartOf\":{\"@id\":\"https:\/\/www.africa-press.net\/guinee-conakry\/#website\"},\"primaryImageOfPage\":{\"@id\":\"https:\/\/www.africa-press.net\/guinee-conakry\/politique\/la-liberte-dexpression-menacee-par-la-transition#primaryimage\"},\"image\":{\"@id\":\"https:\/\/www.africa-press.net\/guinee-conakry\/politique\/la-liberte-dexpression-menacee-par-la-transition#primaryimage\"},\"thumbnailUrl\":\"https:\/\/static.africa-press.net\/conakry\/sites\/63\/2023\/12\/Jokar1703087655.288941.jpg\",\"datePublished\":\"2023-12-20T19:24:00+00:00\",\"author\":{\"@id\":\"https:\/\/www.africa-press.net\/guinee-conakry\/#\/schema\/person\/2b1cf3cd81a31e3cd26889ca66d677f1\"},\"breadcrumb\":{\"@id\":\"https:\/\/www.africa-press.net\/guinee-conakry\/politique\/la-liberte-dexpression-menacee-par-la-transition#breadcrumb\"},\"inLanguage\":\"fr-FR\",\"potentialAction\":[{\"@type\":\"ReadAction\",\"target\":[\"https:\/\/www.africa-press.net\/guinee-conakry\/politique\/la-liberte-dexpression-menacee-par-la-transition\"]}]},{\"@type\":\"ImageObject\",\"inLanguage\":\"fr-FR\",\"@id\":\"https:\/\/www.africa-press.net\/guinee-conakry\/politique\/la-liberte-dexpression-menacee-par-la-transition#primaryimage\",\"url\":\"https:\/\/static.africa-press.net\/conakry\/sites\/63\/2023\/12\/Jokar1703087655.288941.jpg\",\"contentUrl\":\"https:\/\/static.africa-press.net\/conakry\/sites\/63\/2023\/12\/Jokar1703087655.288941.jpg\",\"width\":1024,\"height\":768,\"caption\":\"la libert\u00e9 d\u2019expression menac\u00e9e par la transition\u2026\"},{\"@type\":\"BreadcrumbList\",\"@id\":\"https:\/\/www.africa-press.net\/guinee-conakry\/politique\/la-liberte-dexpression-menacee-par-la-transition#breadcrumb\",\"itemListElement\":[{\"@type\":\"ListItem\",\"position\":1,\"name\":\"Accueil\",\"item\":\"https:\/\/www.africa-press.net\/guinee-conakry\/\"},{\"@type\":\"ListItem\",\"position\":2,\"name\":\"la libert\u00e9 d\u2019expression menac\u00e9e par la transition\u2026\"}]},{\"@type\":\"WebSite\",\"@id\":\"https:\/\/www.africa-press.net\/guinee-conakry\/#website\",\"url\":\"https:\/\/www.africa-press.net\/guinee-conakry\/\",\"name\":\"guinee Conakry\",\"description\":\"Just another Africa News Agency Sites site\",\"potentialAction\":[{\"@type\":\"SearchAction\",\"target\":{\"@type\":\"EntryPoint\",\"urlTemplate\":\"https:\/\/www.africa-press.net\/guinee-conakry\/?s={search_term_string}\"},\"query-input\":{\"@type\":\"PropertyValueSpecification\",\"valueRequired\":true,\"valueName\":\"search_term_string\"}}],\"inLanguage\":\"fr-FR\"},{\"@type\":\"Person\",\"@id\":\"https:\/\/www.africa-press.net\/guinee-conakry\/#\/schema\/person\/2b1cf3cd81a31e3cd26889ca66d677f1\",\"name\":\"cfeditorfr\"}]}<\/script>\n<!-- \/ Yoast SEO Premium plugin. -->","yoast_head_json":{"title":"la libert\u00e9 d\u2019expression menac\u00e9e par la transition\u2026 - guinee Conakry","robots":{"index":"index","follow":"follow","max-snippet":"max-snippet:-1","max-image-preview":"max-image-preview:large","max-video-preview":"max-video-preview:-1"},"canonical":"https:\/\/www.africa-press.net\/guinee-conakry\/politique\/la-liberte-dexpression-menacee-par-la-transition","og_locale":"fr_FR","og_type":"article","og_title":"la libert\u00e9 d\u2019expression menac\u00e9e par la transition\u2026","og_description":"Africa-Press &#8211; Guin\u00e9e. La multiplication et la banalisation des violations du droit a\u0300 la liberte\u0301 d\u2019expression et a\u0300 l\u2019acce\u0300s a\u0300 l\u2019information par les autorite\u0301s de transition perpe\u0301tuent et aggravent une situation a\u0300 laquelle le Comite\u0301 national du rassemblement pour le de\u0301veloppement (CNRD) affirmait vouloir reme\u0301dier lors de sa prise de pouvoir, alors me\u0302me que la [&hellip;]","og_url":"https:\/\/www.africa-press.net\/guinee-conakry\/politique\/la-liberte-dexpression-menacee-par-la-transition","og_site_name":"guinee Conakry","article_published_time":"2023-12-20T19:24:00+00:00","author":"cfeditorfr","twitter_card":"summary_large_image","twitter_misc":{"\u00c9crit par":"cfeditorfr","Dur\u00e9e de lecture estim\u00e9e":"6 minutes"},"schema":{"@context":"https:\/\/schema.org","@graph":[{"@type":"Article","@id":"https:\/\/www.africa-press.net\/guinee-conakry\/politique\/la-liberte-dexpression-menacee-par-la-transition#article","isPartOf":{"@id":"https:\/\/www.africa-press.net\/guinee-conakry\/politique\/la-liberte-dexpression-menacee-par-la-transition"},"author":{"name":"cfeditorfr","@id":"https:\/\/www.africa-press.net\/guinee-conakry\/#\/schema\/person\/2b1cf3cd81a31e3cd26889ca66d677f1"},"headline":"la libert\u00e9 d\u2019expression menac\u00e9e par la transition\u2026","datePublished":"2023-12-20T19:24:00+00:00","mainEntityOfPage":{"@id":"https:\/\/www.africa-press.net\/guinee-conakry\/politique\/la-liberte-dexpression-menacee-par-la-transition"},"wordCount":1299,"commentCount":0,"image":{"@id":"https:\/\/www.africa-press.net\/guinee-conakry\/politique\/la-liberte-dexpression-menacee-par-la-transition#primaryimage"},"thumbnailUrl":"https:\/\/static.africa-press.net\/conakry\/sites\/63\/2023\/12\/Jokar1703087655.288941.jpg","keywords":["Africa Press","Africa Press-Guin\u00e9e","Guin\u00e9e"],"articleSection":["Politique","to-homepage","Toutes les actualit\u00e9s"],"inLanguage":"fr-FR","potentialAction":[{"@type":"CommentAction","name":"Comment","target":["https:\/\/www.africa-press.net\/guinee-conakry\/politique\/la-liberte-dexpression-menacee-par-la-transition#respond"]}]},{"@type":"WebPage","@id":"https:\/\/www.africa-press.net\/guinee-conakry\/politique\/la-liberte-dexpression-menacee-par-la-transition","url":"https:\/\/www.africa-press.net\/guinee-conakry\/politique\/la-liberte-dexpression-menacee-par-la-transition","name":"la libert\u00e9 d\u2019expression menac\u00e9e par la transition\u2026 - guinee Conakry","isPartOf":{"@id":"https:\/\/www.africa-press.net\/guinee-conakry\/#website"},"primaryImageOfPage":{"@id":"https:\/\/www.africa-press.net\/guinee-conakry\/politique\/la-liberte-dexpression-menacee-par-la-transition#primaryimage"},"image":{"@id":"https:\/\/www.africa-press.net\/guinee-conakry\/politique\/la-liberte-dexpression-menacee-par-la-transition#primaryimage"},"thumbnailUrl":"https:\/\/static.africa-press.net\/conakry\/sites\/63\/2023\/12\/Jokar1703087655.288941.jpg","datePublished":"2023-12-20T19:24:00+00:00","author":{"@id":"https:\/\/www.africa-press.net\/guinee-conakry\/#\/schema\/person\/2b1cf3cd81a31e3cd26889ca66d677f1"},"breadcrumb":{"@id":"https:\/\/www.africa-press.net\/guinee-conakry\/politique\/la-liberte-dexpression-menacee-par-la-transition#breadcrumb"},"inLanguage":"fr-FR","potentialAction":[{"@type":"ReadAction","target":["https:\/\/www.africa-press.net\/guinee-conakry\/politique\/la-liberte-dexpression-menacee-par-la-transition"]}]},{"@type":"ImageObject","inLanguage":"fr-FR","@id":"https:\/\/www.africa-press.net\/guinee-conakry\/politique\/la-liberte-dexpression-menacee-par-la-transition#primaryimage","url":"https:\/\/static.africa-press.net\/conakry\/sites\/63\/2023\/12\/Jokar1703087655.288941.jpg","contentUrl":"https:\/\/static.africa-press.net\/conakry\/sites\/63\/2023\/12\/Jokar1703087655.288941.jpg","width":1024,"height":768,"caption":"la libert\u00e9 d\u2019expression menac\u00e9e par la transition\u2026"},{"@type":"BreadcrumbList","@id":"https:\/\/www.africa-press.net\/guinee-conakry\/politique\/la-liberte-dexpression-menacee-par-la-transition#breadcrumb","itemListElement":[{"@type":"ListItem","position":1,"name":"Accueil","item":"https:\/\/www.africa-press.net\/guinee-conakry\/"},{"@type":"ListItem","position":2,"name":"la libert\u00e9 d\u2019expression menac\u00e9e par la transition\u2026"}]},{"@type":"WebSite","@id":"https:\/\/www.africa-press.net\/guinee-conakry\/#website","url":"https:\/\/www.africa-press.net\/guinee-conakry\/","name":"guinee Conakry","description":"Just another Africa News Agency Sites site","potentialAction":[{"@type":"SearchAction","target":{"@type":"EntryPoint","urlTemplate":"https:\/\/www.africa-press.net\/guinee-conakry\/?s={search_term_string}"},"query-input":{"@type":"PropertyValueSpecification","valueRequired":true,"valueName":"search_term_string"}}],"inLanguage":"fr-FR"},{"@type":"Person","@id":"https:\/\/www.africa-press.net\/guinee-conakry\/#\/schema\/person\/2b1cf3cd81a31e3cd26889ca66d677f1","name":"cfeditorfr"}]}},"_links":{"self":[{"href":"https:\/\/www.africa-press.net\/guinee-conakry\/wp-json\/wp\/v2\/posts\/17894","targetHints":{"allow":["GET"]}}],"collection":[{"href":"https:\/\/www.africa-press.net\/guinee-conakry\/wp-json\/wp\/v2\/posts"}],"about":[{"href":"https:\/\/www.africa-press.net\/guinee-conakry\/wp-json\/wp\/v2\/types\/post"}],"author":[{"embeddable":true,"href":"https:\/\/www.africa-press.net\/guinee-conakry\/wp-json\/wp\/v2\/users\/82"}],"replies":[{"embeddable":true,"href":"https:\/\/www.africa-press.net\/guinee-conakry\/wp-json\/wp\/v2\/comments?post=17894"}],"version-history":[{"count":0,"href":"https:\/\/www.africa-press.net\/guinee-conakry\/wp-json\/wp\/v2\/posts\/17894\/revisions"}],"wp:featuredmedia":[{"embeddable":true,"href":"https:\/\/www.africa-press.net\/guinee-conakry\/wp-json\/wp\/v2\/media\/17893"}],"wp:attachment":[{"href":"https:\/\/www.africa-press.net\/guinee-conakry\/wp-json\/wp\/v2\/media?parent=17894"}],"wp:term":[{"taxonomy":"category","embeddable":true,"href":"https:\/\/www.africa-press.net\/guinee-conakry\/wp-json\/wp\/v2\/categories?post=17894"},{"taxonomy":"post_tag","embeddable":true,"href":"https:\/\/www.africa-press.net\/guinee-conakry\/wp-json\/wp\/v2\/tags?post=17894"}],"curies":[{"name":"wp","href":"https:\/\/api.w.org\/{rel}","templated":true}]}}