{"id":17898,"date":"2023-12-20T19:26:00","date_gmt":"2023-12-20T19:26:00","guid":{"rendered":"https:\/\/www.africa-press.net\/guinee-conakry\/politique\/face-aux-colonels-la-cedeao-recule-pour-mieux-sauter"},"modified":"2023-12-20T19:26:00","modified_gmt":"2023-12-20T19:26:00","slug":"face-aux-colonels-la-cedeao-recule-pour-mieux-sauter","status":"publish","type":"post","link":"https:\/\/www.africa-press.net\/guinee-conakry\/politique\/face-aux-colonels-la-cedeao-recule-pour-mieux-sauter","title":{"rendered":"Face aux colonels, la C\u00e9d\u00e9ao recule pour mieux sauter"},"content":{"rendered":"<p><span style=\"color: #ff6600\"><strong>Africa-Press &#8211; Guin\u00e9e. <\/strong><\/span><b>La Ce\u0301de\u0301ao fait face au statu quo impose\u0301 par les re\u0301gimes des colonels et leurs suppo\u0302ts. Elle se bat comme elle peut pour circonscrire les risques de contagion kaki dans le reste de la sous-re\u0301gion.<\/b><\/p>\n<p>C\u2019est pourquoi, en pre\u0301lude a\u0300 la 64e session ordinaire des chefs d\u2019Etat et de gouvernement tenue ce 10 de\u0301cembre a\u0300 Abuja, la Ce\u0301de\u0301ao a organise\u0301 la 51e session de son Conseil de me\u0301diation et de se\u0301curite\u0301 le 6 de\u0301cembre 2023.<\/p>\n<p>L\u2019objectif e\u0301tait de mieux cerner et comprendre la situation des transitions politiques au Burkina, au Mali, et en Guine\u0301e. Ainsi que des multiples tentatives de de\u0301stabilisation des re\u0301gimes fragiles issus de la ve\u0301rite\u0301 des urnes en Sierra Le\u0301one et en Guine\u0301e Bissau. Et comment e\u0301viter la chute des bourgeons de la de\u0301mocratie e\u0301lectorale dans l\u2019espace Ce\u0301de\u0301ao pendant et apre\u0300s la pre\u0301sidentielle pre\u0301vue ce mois de fe\u0301vrier au Se\u0301ne\u0301gal et en de\u0301cembre prochain au Ghana.<\/p>\n<p>Une des choses e\u0301videntes que le rapport du Conseil ne mentionne pas est que le bloc re\u0301gional a du pain sur la planche. Sa main tendue aux juntes militaires s\u2019explique par le fait qu\u2019elle a pe\u0301che\u0301 pour n\u2019avoir pu reconstituer sa force anti-re\u0301bellion, Ecomog, qui aurait pu mettre fin au djihadisme dans les pays sahe\u0301lo-sahe\u0301liens, porter le casque anti-putsch et assurer un environnement stable et su\u0302r pour le respect du chronogramme de la transition dans les pays dirige\u0301s par les colonels Goita, Doumbouya et Traore\u0301, et le Ge\u0301ne\u0301ral Tiani.<\/p>\n<p>Dans un tel contexte, il devient tre\u0300s difficile de se faire respecter si le lion Ce\u0301de\u0301aoen ne se dote pas d\u2019une approche cohe\u0301rente pour re\u0301duire la menace pose\u0301e par les cervide\u0301s putschistes sur son territoire.<\/p>\n<p><b>Par Alpha Abdoulaye in Le Populaire du lundi 18 de\u0301cembre 2023<\/b><\/p>\n<p><strong>Pour plus d&rsquo;informations et d&rsquo;analyses sur la <a href=\"https:\/\/www.africa-press.net\/guinee-conakry\">Guin\u00e9e<\/a>, suivez <a href=\"https:\/\/www.africa-press.net\/\">Africa-Press<\/a><\/strong><\/p>\n","protected":false},"excerpt":{"rendered":"<p>Africa-Press &#8211; Guin\u00e9e. La Ce\u0301de\u0301ao fait face au statu quo impose\u0301 par les re\u0301gimes des colonels et leurs suppo\u0302ts. Elle se bat comme elle peut pour circonscrire les risques de contagion kaki dans le reste de la sous-re\u0301gion. C\u2019est pourquoi, en pre\u0301lude a\u0300 la 64e session ordinaire des chefs d\u2019Etat et de gouvernement tenue ce [&hellip;]<\/p>\n","protected":false},"author":82,"featured_media":17897,"comment_status":"open","ping_status":"closed","sticky":false,"template":"","format":"standard","meta":{"footnotes":""},"categories":[2,10],"tags":[36,57,58],"class_list":["post-17898","post","type-post","status-publish","format-standard","has-post-thumbnail","hentry","category-politique","category-toutes-les-actualites","tag-africa-press","tag-africa-press-guinee","tag-guinee"],"yoast_head":"<!-- This site is optimized with the Yoast SEO Premium plugin v26.1 (Yoast SEO v27.0) - https:\/\/yoast.com\/product\/yoast-seo-premium-wordpress\/ -->\n<title>Face aux colonels, la C\u00e9d\u00e9ao recule pour mieux sauter - guinee Conakry<\/title>\n<meta name=\"robots\" content=\"index, follow, max-snippet:-1, max-image-preview:large, max-video-preview:-1\" \/>\n<link rel=\"canonical\" href=\"https:\/\/www.africa-press.net\/guinee-conakry\/politique\/face-aux-colonels-la-cedeao-recule-pour-mieux-sauter\" \/>\n<meta property=\"og:locale\" content=\"fr_FR\" \/>\n<meta property=\"og:type\" content=\"article\" \/>\n<meta property=\"og:title\" content=\"Face aux colonels, la C\u00e9d\u00e9ao recule pour mieux sauter\" \/>\n<meta property=\"og:description\" content=\"Africa-Press &#8211; Guin\u00e9e. La Ce\u0301de\u0301ao fait face au statu quo impose\u0301 par les re\u0301gimes des colonels et leurs suppo\u0302ts. Elle se bat comme elle peut pour circonscrire les risques de contagion kaki dans le reste de la sous-re\u0301gion. C\u2019est pourquoi, en pre\u0301lude a\u0300 la 64e session ordinaire des chefs d\u2019Etat et de gouvernement tenue ce [&hellip;]\" \/>\n<meta property=\"og:url\" content=\"https:\/\/www.africa-press.net\/guinee-conakry\/politique\/face-aux-colonels-la-cedeao-recule-pour-mieux-sauter\" \/>\n<meta property=\"og:site_name\" content=\"guinee Conakry\" \/>\n<meta property=\"article:published_time\" content=\"2023-12-20T19:26:00+00:00\" \/>\n<meta name=\"author\" content=\"cfeditorfr\" \/>\n<meta name=\"twitter:card\" content=\"summary_large_image\" \/>\n<meta name=\"twitter:label1\" content=\"\u00c9crit par\" \/>\n\t<meta name=\"twitter:data1\" content=\"cfeditorfr\" \/>\n\t<meta name=\"twitter:label2\" content=\"Dur\u00e9e de lecture estim\u00e9e\" \/>\n\t<meta name=\"twitter:data2\" content=\"2 minutes\" \/>\n<script type=\"application\/ld+json\" class=\"yoast-schema-graph\">{\"@context\":\"https:\/\/schema.org\",\"@graph\":[{\"@type\":\"Article\",\"@id\":\"https:\/\/www.africa-press.net\/guinee-conakry\/politique\/face-aux-colonels-la-cedeao-recule-pour-mieux-sauter#article\",\"isPartOf\":{\"@id\":\"https:\/\/www.africa-press.net\/guinee-conakry\/politique\/face-aux-colonels-la-cedeao-recule-pour-mieux-sauter\"},\"author\":{\"name\":\"cfeditorfr\",\"@id\":\"https:\/\/www.africa-press.net\/guinee-conakry\/#\/schema\/person\/2b1cf3cd81a31e3cd26889ca66d677f1\"},\"headline\":\"Face aux colonels, la C\u00e9d\u00e9ao recule pour mieux sauter\",\"datePublished\":\"2023-12-20T19:26:00+00:00\",\"mainEntityOfPage\":{\"@id\":\"https:\/\/www.africa-press.net\/guinee-conakry\/politique\/face-aux-colonels-la-cedeao-recule-pour-mieux-sauter\"},\"wordCount\":364,\"commentCount\":0,\"image\":{\"@id\":\"https:\/\/www.africa-press.net\/guinee-conakry\/politique\/face-aux-colonels-la-cedeao-recule-pour-mieux-sauter#primaryimage\"},\"thumbnailUrl\":\"https:\/\/static.africa-press.net\/conakry\/sites\/63\/2023\/12\/Jokar1703087799.15899.jpg\",\"keywords\":[\"Africa Press\",\"Africa Press-Guin\u00e9e\",\"Guin\u00e9e\"],\"articleSection\":[\"Politique\",\"Toutes les actualit\u00e9s\"],\"inLanguage\":\"fr-FR\",\"potentialAction\":[{\"@type\":\"CommentAction\",\"name\":\"Comment\",\"target\":[\"https:\/\/www.africa-press.net\/guinee-conakry\/politique\/face-aux-colonels-la-cedeao-recule-pour-mieux-sauter#respond\"]}]},{\"@type\":\"WebPage\",\"@id\":\"https:\/\/www.africa-press.net\/guinee-conakry\/politique\/face-aux-colonels-la-cedeao-recule-pour-mieux-sauter\",\"url\":\"https:\/\/www.africa-press.net\/guinee-conakry\/politique\/face-aux-colonels-la-cedeao-recule-pour-mieux-sauter\",\"name\":\"Face aux colonels, la C\u00e9d\u00e9ao recule pour mieux sauter - guinee Conakry\",\"isPartOf\":{\"@id\":\"https:\/\/www.africa-press.net\/guinee-conakry\/#website\"},\"primaryImageOfPage\":{\"@id\":\"https:\/\/www.africa-press.net\/guinee-conakry\/politique\/face-aux-colonels-la-cedeao-recule-pour-mieux-sauter#primaryimage\"},\"image\":{\"@id\":\"https:\/\/www.africa-press.net\/guinee-conakry\/politique\/face-aux-colonels-la-cedeao-recule-pour-mieux-sauter#primaryimage\"},\"thumbnailUrl\":\"https:\/\/static.africa-press.net\/conakry\/sites\/63\/2023\/12\/Jokar1703087799.15899.jpg\",\"datePublished\":\"2023-12-20T19:26:00+00:00\",\"author\":{\"@id\":\"https:\/\/www.africa-press.net\/guinee-conakry\/#\/schema\/person\/2b1cf3cd81a31e3cd26889ca66d677f1\"},\"breadcrumb\":{\"@id\":\"https:\/\/www.africa-press.net\/guinee-conakry\/politique\/face-aux-colonels-la-cedeao-recule-pour-mieux-sauter#breadcrumb\"},\"inLanguage\":\"fr-FR\",\"potentialAction\":[{\"@type\":\"ReadAction\",\"target\":[\"https:\/\/www.africa-press.net\/guinee-conakry\/politique\/face-aux-colonels-la-cedeao-recule-pour-mieux-sauter\"]}]},{\"@type\":\"ImageObject\",\"inLanguage\":\"fr-FR\",\"@id\":\"https:\/\/www.africa-press.net\/guinee-conakry\/politique\/face-aux-colonels-la-cedeao-recule-pour-mieux-sauter#primaryimage\",\"url\":\"https:\/\/static.africa-press.net\/conakry\/sites\/63\/2023\/12\/Jokar1703087799.15899.jpg\",\"contentUrl\":\"https:\/\/static.africa-press.net\/conakry\/sites\/63\/2023\/12\/Jokar1703087799.15899.jpg\",\"width\":720,\"height\":480,\"caption\":\"Face aux colonels, la C\u00e9d\u00e9ao recule pour mieux sauter\"},{\"@type\":\"BreadcrumbList\",\"@id\":\"https:\/\/www.africa-press.net\/guinee-conakry\/politique\/face-aux-colonels-la-cedeao-recule-pour-mieux-sauter#breadcrumb\",\"itemListElement\":[{\"@type\":\"ListItem\",\"position\":1,\"name\":\"Accueil\",\"item\":\"https:\/\/www.africa-press.net\/guinee-conakry\/\"},{\"@type\":\"ListItem\",\"position\":2,\"name\":\"Face aux colonels, la C\u00e9d\u00e9ao recule pour mieux sauter\"}]},{\"@type\":\"WebSite\",\"@id\":\"https:\/\/www.africa-press.net\/guinee-conakry\/#website\",\"url\":\"https:\/\/www.africa-press.net\/guinee-conakry\/\",\"name\":\"guinee Conakry\",\"description\":\"Just another Africa News Agency Sites site\",\"potentialAction\":[{\"@type\":\"SearchAction\",\"target\":{\"@type\":\"EntryPoint\",\"urlTemplate\":\"https:\/\/www.africa-press.net\/guinee-conakry\/?s={search_term_string}\"},\"query-input\":{\"@type\":\"PropertyValueSpecification\",\"valueRequired\":true,\"valueName\":\"search_term_string\"}}],\"inLanguage\":\"fr-FR\"},{\"@type\":\"Person\",\"@id\":\"https:\/\/www.africa-press.net\/guinee-conakry\/#\/schema\/person\/2b1cf3cd81a31e3cd26889ca66d677f1\",\"name\":\"cfeditorfr\"}]}<\/script>\n<!-- \/ Yoast SEO Premium plugin. -->","yoast_head_json":{"title":"Face aux colonels, la C\u00e9d\u00e9ao recule pour mieux sauter - guinee Conakry","robots":{"index":"index","follow":"follow","max-snippet":"max-snippet:-1","max-image-preview":"max-image-preview:large","max-video-preview":"max-video-preview:-1"},"canonical":"https:\/\/www.africa-press.net\/guinee-conakry\/politique\/face-aux-colonels-la-cedeao-recule-pour-mieux-sauter","og_locale":"fr_FR","og_type":"article","og_title":"Face aux colonels, la C\u00e9d\u00e9ao recule pour mieux sauter","og_description":"Africa-Press &#8211; Guin\u00e9e. La Ce\u0301de\u0301ao fait face au statu quo impose\u0301 par les re\u0301gimes des colonels et leurs suppo\u0302ts. Elle se bat comme elle peut pour circonscrire les risques de contagion kaki dans le reste de la sous-re\u0301gion. C\u2019est pourquoi, en pre\u0301lude a\u0300 la 64e session ordinaire des chefs d\u2019Etat et de gouvernement tenue ce [&hellip;]","og_url":"https:\/\/www.africa-press.net\/guinee-conakry\/politique\/face-aux-colonels-la-cedeao-recule-pour-mieux-sauter","og_site_name":"guinee Conakry","article_published_time":"2023-12-20T19:26:00+00:00","author":"cfeditorfr","twitter_card":"summary_large_image","twitter_misc":{"\u00c9crit par":"cfeditorfr","Dur\u00e9e de lecture estim\u00e9e":"2 minutes"},"schema":{"@context":"https:\/\/schema.org","@graph":[{"@type":"Article","@id":"https:\/\/www.africa-press.net\/guinee-conakry\/politique\/face-aux-colonels-la-cedeao-recule-pour-mieux-sauter#article","isPartOf":{"@id":"https:\/\/www.africa-press.net\/guinee-conakry\/politique\/face-aux-colonels-la-cedeao-recule-pour-mieux-sauter"},"author":{"name":"cfeditorfr","@id":"https:\/\/www.africa-press.net\/guinee-conakry\/#\/schema\/person\/2b1cf3cd81a31e3cd26889ca66d677f1"},"headline":"Face aux colonels, la C\u00e9d\u00e9ao recule pour mieux sauter","datePublished":"2023-12-20T19:26:00+00:00","mainEntityOfPage":{"@id":"https:\/\/www.africa-press.net\/guinee-conakry\/politique\/face-aux-colonels-la-cedeao-recule-pour-mieux-sauter"},"wordCount":364,"commentCount":0,"image":{"@id":"https:\/\/www.africa-press.net\/guinee-conakry\/politique\/face-aux-colonels-la-cedeao-recule-pour-mieux-sauter#primaryimage"},"thumbnailUrl":"https:\/\/static.africa-press.net\/conakry\/sites\/63\/2023\/12\/Jokar1703087799.15899.jpg","keywords":["Africa Press","Africa Press-Guin\u00e9e","Guin\u00e9e"],"articleSection":["Politique","Toutes les actualit\u00e9s"],"inLanguage":"fr-FR","potentialAction":[{"@type":"CommentAction","name":"Comment","target":["https:\/\/www.africa-press.net\/guinee-conakry\/politique\/face-aux-colonels-la-cedeao-recule-pour-mieux-sauter#respond"]}]},{"@type":"WebPage","@id":"https:\/\/www.africa-press.net\/guinee-conakry\/politique\/face-aux-colonels-la-cedeao-recule-pour-mieux-sauter","url":"https:\/\/www.africa-press.net\/guinee-conakry\/politique\/face-aux-colonels-la-cedeao-recule-pour-mieux-sauter","name":"Face aux colonels, la C\u00e9d\u00e9ao recule pour mieux sauter - guinee Conakry","isPartOf":{"@id":"https:\/\/www.africa-press.net\/guinee-conakry\/#website"},"primaryImageOfPage":{"@id":"https:\/\/www.africa-press.net\/guinee-conakry\/politique\/face-aux-colonels-la-cedeao-recule-pour-mieux-sauter#primaryimage"},"image":{"@id":"https:\/\/www.africa-press.net\/guinee-conakry\/politique\/face-aux-colonels-la-cedeao-recule-pour-mieux-sauter#primaryimage"},"thumbnailUrl":"https:\/\/static.africa-press.net\/conakry\/sites\/63\/2023\/12\/Jokar1703087799.15899.jpg","datePublished":"2023-12-20T19:26:00+00:00","author":{"@id":"https:\/\/www.africa-press.net\/guinee-conakry\/#\/schema\/person\/2b1cf3cd81a31e3cd26889ca66d677f1"},"breadcrumb":{"@id":"https:\/\/www.africa-press.net\/guinee-conakry\/politique\/face-aux-colonels-la-cedeao-recule-pour-mieux-sauter#breadcrumb"},"inLanguage":"fr-FR","potentialAction":[{"@type":"ReadAction","target":["https:\/\/www.africa-press.net\/guinee-conakry\/politique\/face-aux-colonels-la-cedeao-recule-pour-mieux-sauter"]}]},{"@type":"ImageObject","inLanguage":"fr-FR","@id":"https:\/\/www.africa-press.net\/guinee-conakry\/politique\/face-aux-colonels-la-cedeao-recule-pour-mieux-sauter#primaryimage","url":"https:\/\/static.africa-press.net\/conakry\/sites\/63\/2023\/12\/Jokar1703087799.15899.jpg","contentUrl":"https:\/\/static.africa-press.net\/conakry\/sites\/63\/2023\/12\/Jokar1703087799.15899.jpg","width":720,"height":480,"caption":"Face aux colonels, la C\u00e9d\u00e9ao recule pour mieux sauter"},{"@type":"BreadcrumbList","@id":"https:\/\/www.africa-press.net\/guinee-conakry\/politique\/face-aux-colonels-la-cedeao-recule-pour-mieux-sauter#breadcrumb","itemListElement":[{"@type":"ListItem","position":1,"name":"Accueil","item":"https:\/\/www.africa-press.net\/guinee-conakry\/"},{"@type":"ListItem","position":2,"name":"Face aux colonels, la C\u00e9d\u00e9ao recule pour mieux sauter"}]},{"@type":"WebSite","@id":"https:\/\/www.africa-press.net\/guinee-conakry\/#website","url":"https:\/\/www.africa-press.net\/guinee-conakry\/","name":"guinee Conakry","description":"Just another Africa News Agency Sites site","potentialAction":[{"@type":"SearchAction","target":{"@type":"EntryPoint","urlTemplate":"https:\/\/www.africa-press.net\/guinee-conakry\/?s={search_term_string}"},"query-input":{"@type":"PropertyValueSpecification","valueRequired":true,"valueName":"search_term_string"}}],"inLanguage":"fr-FR"},{"@type":"Person","@id":"https:\/\/www.africa-press.net\/guinee-conakry\/#\/schema\/person\/2b1cf3cd81a31e3cd26889ca66d677f1","name":"cfeditorfr"}]}},"_links":{"self":[{"href":"https:\/\/www.africa-press.net\/guinee-conakry\/wp-json\/wp\/v2\/posts\/17898","targetHints":{"allow":["GET"]}}],"collection":[{"href":"https:\/\/www.africa-press.net\/guinee-conakry\/wp-json\/wp\/v2\/posts"}],"about":[{"href":"https:\/\/www.africa-press.net\/guinee-conakry\/wp-json\/wp\/v2\/types\/post"}],"author":[{"embeddable":true,"href":"https:\/\/www.africa-press.net\/guinee-conakry\/wp-json\/wp\/v2\/users\/82"}],"replies":[{"embeddable":true,"href":"https:\/\/www.africa-press.net\/guinee-conakry\/wp-json\/wp\/v2\/comments?post=17898"}],"version-history":[{"count":0,"href":"https:\/\/www.africa-press.net\/guinee-conakry\/wp-json\/wp\/v2\/posts\/17898\/revisions"}],"wp:featuredmedia":[{"embeddable":true,"href":"https:\/\/www.africa-press.net\/guinee-conakry\/wp-json\/wp\/v2\/media\/17897"}],"wp:attachment":[{"href":"https:\/\/www.africa-press.net\/guinee-conakry\/wp-json\/wp\/v2\/media?parent=17898"}],"wp:term":[{"taxonomy":"category","embeddable":true,"href":"https:\/\/www.africa-press.net\/guinee-conakry\/wp-json\/wp\/v2\/categories?post=17898"},{"taxonomy":"post_tag","embeddable":true,"href":"https:\/\/www.africa-press.net\/guinee-conakry\/wp-json\/wp\/v2\/tags?post=17898"}],"curies":[{"name":"wp","href":"https:\/\/api.w.org\/{rel}","templated":true}]}}