{"id":17908,"date":"2023-12-20T19:33:00","date_gmt":"2023-12-20T19:33:00","guid":{"rendered":"https:\/\/www.africa-press.net\/guinee-conakry\/politique\/mohamed-bayo-a-propos-du-syli-on-a-une-bonne-equipe-mais-on-doit-elever-notre-niveau-dengagement"},"modified":"2023-12-20T19:33:00","modified_gmt":"2023-12-20T19:33:00","slug":"mohamed-bayo-a-propos-du-syli-on-a-une-bonne-equipe-mais-on-doit-elever-notre-niveau-dengagement","status":"publish","type":"post","link":"https:\/\/www.africa-press.net\/guinee-conakry\/sports\/mohamed-bayo-a-propos-du-syli-on-a-une-bonne-equipe-mais-on-doit-elever-notre-niveau-dengagement","title":{"rendered":"Mohamed Bayo \u00e0 propos du Syli : \u2018\u2019On a une bonne \u00e9quipe, mais on doit \u00e9lever notre niveau d\u2019engagement\u2019\u2019"},"content":{"rendered":"<p><span style=\"color: #ff6600\"><strong>Africa-Press &#8211; Guin\u00e9e. <\/strong><\/span><b>Dans un entretien accorde\u0301 a\u0300 Foot Mercato, l\u2019international guine\u0301en de 25 ans est revenu sur ses ambitions au Havre, mais aussi sur la se\u0301lection nationale. Pour Mohamed Bayo, le Syli regorge des joueurs talentueux pour faire un parcours remarquable a\u0300 la Coupe d\u2019Afrique des Nations qui se tiendra du 13 janvier au 11 fe\u0301vrier 2024 en Co\u0302te d\u2019ivoire. <\/b><\/p>\n<p>\u2018\u2019La CAN, c\u2019est la partie internationale. Avec la Guine\u0301e, on a une bonne e\u0301quipe mais on doit aussi e\u0301lever notre niveau de jeu, notre niveau d\u2019engagement. Ces rendez-vous ne sont jamais aise\u0301s mais je pense qu\u2019on a les armes pour faire une tre\u0300s belle compe\u0301tition\u2019\u2019, assure l\u2019international qui affiche a\u0300 son compteur 15 se\u0301lections dont 4 buts.<\/p>\n<p>A cette compe\u0301tition, la Guine\u0301e est loge\u0301e dans le groupe C avec le Se\u0301ne\u0301gal, le Cameroun et la Gambie. L\u2019attaquant du Havre pre\u0302te\u0301 par Lille admet que \u2018\u2019c\u2019est une poule complique\u0301e, certes, mais en Afrique, on le voit re\u0301gulie\u0300rement, notamment durant les tre\u0302ves internationales ou\u0300 les se\u0301lections les plus fortes, ce qu\u2019on appelle \u2018les gros\u2019, ils ont eux aussi parfois du mal donc je pense vraiment qu\u2019on a toutes nos chances dans ce groupe. A\u0300 nous maintenant de mettre les ingre\u0301dients ne\u0301cessaires sur le plan collectif et que chacun soit au niveau sur le plan individuel pour espe\u0301rer re\u0301ussir a\u0300 faire de belles choses\u2019\u2019.<\/p>\n<p>A la question de savoir s\u2019il compte rester au Havre, Mohamed Bayo assure que pour l\u2019instant, \u2018\u2019c\u2019est une question a\u0300 laquelle je ne peux pas re\u0301pondre. On est en pleine saison et c\u0327a ne sera qu\u2019a\u0300 la fin du championnat qu\u2019on pourra tirer un bilan et de\u0301cider ce qu\u2019on veut faire. Le plus important pour moi a\u0300 l\u2019heure ou\u0300 je vous parle, c\u2019est d\u2019e\u0302tre pleinement concentre\u0301 avec le HAC, on veut faire du mieux possible cette saison, on veut se maintenir, terminer a\u0300 la meilleure place possible et ce n\u2019est qu\u2019apre\u0300s que viendront ces questions-la\u0300. Pour l\u2019heure, je ne peux pas y re\u0301pondre\u2019\u2019.<\/p>\n<p><b>Boussouriou Doumba<\/b><\/p>\n<p><strong>Pour plus d&rsquo;informations et d&rsquo;analyses sur la <a href=\"https:\/\/www.africa-press.net\/guinee-conakry\">Guin\u00e9e<\/a>, suivez <a href=\"https:\/\/www.africa-press.net\/\">Africa-Press<\/a><\/strong><\/p>\n","protected":false},"excerpt":{"rendered":"<p>Africa-Press &#8211; Guin\u00e9e. Dans un entretien accorde\u0301 a\u0300 Foot Mercato, l\u2019international guine\u0301en de 25 ans est revenu sur ses ambitions au Havre, mais aussi sur la se\u0301lection nationale. Pour Mohamed Bayo, le Syli regorge des joueurs talentueux pour faire un parcours remarquable a\u0300 la Coupe d\u2019Afrique des Nations qui se tiendra du 13 janvier au [&hellip;]<\/p>\n","protected":false},"author":82,"featured_media":17907,"comment_status":"open","ping_status":"closed","sticky":false,"template":"","format":"standard","meta":{"footnotes":""},"categories":[6,56,10],"tags":[36,57,58],"class_list":["post-17908","post","type-post","status-publish","format-standard","has-post-thumbnail","hentry","category-sports","category-to-homepage","category-toutes-les-actualites","tag-africa-press","tag-africa-press-guinee","tag-guinee"],"yoast_head":"<!-- This site is optimized with the Yoast SEO Premium plugin v26.1 (Yoast SEO v27.0) - https:\/\/yoast.com\/product\/yoast-seo-premium-wordpress\/ -->\n<title>Mohamed Bayo \u00e0 propos du Syli : \u2018\u2019On a une bonne \u00e9quipe, mais on doit \u00e9lever notre niveau d\u2019engagement\u2019\u2019 - guinee Conakry<\/title>\n<meta name=\"robots\" content=\"index, follow, max-snippet:-1, max-image-preview:large, max-video-preview:-1\" \/>\n<link rel=\"canonical\" href=\"https:\/\/www.africa-press.net\/guinee-conakry\/politique\/mohamed-bayo-a-propos-du-syli-on-a-une-bonne-equipe-mais-on-doit-elever-notre-niveau-dengagement\" \/>\n<meta property=\"og:locale\" content=\"fr_FR\" \/>\n<meta property=\"og:type\" content=\"article\" \/>\n<meta property=\"og:title\" content=\"Mohamed Bayo \u00e0 propos du Syli : \u2018\u2019On a une bonne \u00e9quipe, mais on doit \u00e9lever notre niveau d\u2019engagement\u2019\u2019\" \/>\n<meta property=\"og:description\" content=\"Africa-Press &#8211; Guin\u00e9e. Dans un entretien accorde\u0301 a\u0300 Foot Mercato, l\u2019international guine\u0301en de 25 ans est revenu sur ses ambitions au Havre, mais aussi sur la se\u0301lection nationale. Pour Mohamed Bayo, le Syli regorge des joueurs talentueux pour faire un parcours remarquable a\u0300 la Coupe d\u2019Afrique des Nations qui se tiendra du 13 janvier au [&hellip;]\" \/>\n<meta property=\"og:url\" content=\"https:\/\/www.africa-press.net\/guinee-conakry\/politique\/mohamed-bayo-a-propos-du-syli-on-a-une-bonne-equipe-mais-on-doit-elever-notre-niveau-dengagement\" \/>\n<meta property=\"og:site_name\" content=\"guinee Conakry\" \/>\n<meta property=\"article:published_time\" content=\"2023-12-20T19:33:00+00:00\" \/>\n<meta name=\"author\" content=\"cfeditorfr\" \/>\n<meta name=\"twitter:card\" content=\"summary_large_image\" \/>\n<meta name=\"twitter:label1\" content=\"\u00c9crit par\" \/>\n\t<meta name=\"twitter:data1\" content=\"cfeditorfr\" \/>\n\t<meta name=\"twitter:label2\" content=\"Dur\u00e9e de lecture estim\u00e9e\" \/>\n\t<meta name=\"twitter:data2\" content=\"2 minutes\" \/>\n<script type=\"application\/ld+json\" class=\"yoast-schema-graph\">{\"@context\":\"https:\/\/schema.org\",\"@graph\":[{\"@type\":\"Article\",\"@id\":\"https:\/\/www.africa-press.net\/guinee-conakry\/politique\/mohamed-bayo-a-propos-du-syli-on-a-une-bonne-equipe-mais-on-doit-elever-notre-niveau-dengagement#article\",\"isPartOf\":{\"@id\":\"https:\/\/www.africa-press.net\/guinee-conakry\/politique\/mohamed-bayo-a-propos-du-syli-on-a-une-bonne-equipe-mais-on-doit-elever-notre-niveau-dengagement\"},\"author\":{\"name\":\"cfeditorfr\",\"@id\":\"https:\/\/www.africa-press.net\/guinee-conakry\/#\/schema\/person\/2b1cf3cd81a31e3cd26889ca66d677f1\"},\"headline\":\"Mohamed Bayo \u00e0 propos du Syli : \u2018\u2019On a une bonne \u00e9quipe, mais on doit \u00e9lever notre niveau d\u2019engagement\u2019\u2019\",\"datePublished\":\"2023-12-20T19:33:00+00:00\",\"mainEntityOfPage\":{\"@id\":\"https:\/\/www.africa-press.net\/guinee-conakry\/politique\/mohamed-bayo-a-propos-du-syli-on-a-une-bonne-equipe-mais-on-doit-elever-notre-niveau-dengagement\"},\"wordCount\":408,\"commentCount\":0,\"image\":{\"@id\":\"https:\/\/www.africa-press.net\/guinee-conakry\/politique\/mohamed-bayo-a-propos-du-syli-on-a-une-bonne-equipe-mais-on-doit-elever-notre-niveau-dengagement#primaryimage\"},\"thumbnailUrl\":\"https:\/\/static.africa-press.net\/conakry\/sites\/63\/2023\/12\/Jokar1703088191.225989.jpg\",\"keywords\":[\"Africa Press\",\"Africa Press-Guin\u00e9e\",\"Guin\u00e9e\"],\"articleSection\":[\"Sports\",\"to-homepage\",\"Toutes les actualit\u00e9s\"],\"inLanguage\":\"fr-FR\",\"potentialAction\":[{\"@type\":\"CommentAction\",\"name\":\"Comment\",\"target\":[\"https:\/\/www.africa-press.net\/guinee-conakry\/politique\/mohamed-bayo-a-propos-du-syli-on-a-une-bonne-equipe-mais-on-doit-elever-notre-niveau-dengagement#respond\"]}]},{\"@type\":\"WebPage\",\"@id\":\"https:\/\/www.africa-press.net\/guinee-conakry\/politique\/mohamed-bayo-a-propos-du-syli-on-a-une-bonne-equipe-mais-on-doit-elever-notre-niveau-dengagement\",\"url\":\"https:\/\/www.africa-press.net\/guinee-conakry\/politique\/mohamed-bayo-a-propos-du-syli-on-a-une-bonne-equipe-mais-on-doit-elever-notre-niveau-dengagement\",\"name\":\"Mohamed Bayo \u00e0 propos du Syli : \u2018\u2019On a une bonne \u00e9quipe, mais on doit \u00e9lever notre niveau d\u2019engagement\u2019\u2019 - guinee Conakry\",\"isPartOf\":{\"@id\":\"https:\/\/www.africa-press.net\/guinee-conakry\/#website\"},\"primaryImageOfPage\":{\"@id\":\"https:\/\/www.africa-press.net\/guinee-conakry\/politique\/mohamed-bayo-a-propos-du-syli-on-a-une-bonne-equipe-mais-on-doit-elever-notre-niveau-dengagement#primaryimage\"},\"image\":{\"@id\":\"https:\/\/www.africa-press.net\/guinee-conakry\/politique\/mohamed-bayo-a-propos-du-syli-on-a-une-bonne-equipe-mais-on-doit-elever-notre-niveau-dengagement#primaryimage\"},\"thumbnailUrl\":\"https:\/\/static.africa-press.net\/conakry\/sites\/63\/2023\/12\/Jokar1703088191.225989.jpg\",\"datePublished\":\"2023-12-20T19:33:00+00:00\",\"author\":{\"@id\":\"https:\/\/www.africa-press.net\/guinee-conakry\/#\/schema\/person\/2b1cf3cd81a31e3cd26889ca66d677f1\"},\"breadcrumb\":{\"@id\":\"https:\/\/www.africa-press.net\/guinee-conakry\/politique\/mohamed-bayo-a-propos-du-syli-on-a-une-bonne-equipe-mais-on-doit-elever-notre-niveau-dengagement#breadcrumb\"},\"inLanguage\":\"fr-FR\",\"potentialAction\":[{\"@type\":\"ReadAction\",\"target\":[\"https:\/\/www.africa-press.net\/guinee-conakry\/politique\/mohamed-bayo-a-propos-du-syli-on-a-une-bonne-equipe-mais-on-doit-elever-notre-niveau-dengagement\"]}]},{\"@type\":\"ImageObject\",\"inLanguage\":\"fr-FR\",\"@id\":\"https:\/\/www.africa-press.net\/guinee-conakry\/politique\/mohamed-bayo-a-propos-du-syli-on-a-une-bonne-equipe-mais-on-doit-elever-notre-niveau-dengagement#primaryimage\",\"url\":\"https:\/\/static.africa-press.net\/conakry\/sites\/63\/2023\/12\/Jokar1703088191.225989.jpg\",\"contentUrl\":\"https:\/\/static.africa-press.net\/conakry\/sites\/63\/2023\/12\/Jokar1703088191.225989.jpg\",\"width\":710,\"height\":473,\"caption\":\"Mohamed Bayo \u00e0 propos du Syli : \u2018\u2019On a une bonne \u00e9quipe, mais on doit \u00e9lever notre niveau d\u2019engagement\u2019\u2019\"},{\"@type\":\"BreadcrumbList\",\"@id\":\"https:\/\/www.africa-press.net\/guinee-conakry\/politique\/mohamed-bayo-a-propos-du-syli-on-a-une-bonne-equipe-mais-on-doit-elever-notre-niveau-dengagement#breadcrumb\",\"itemListElement\":[{\"@type\":\"ListItem\",\"position\":1,\"name\":\"Accueil\",\"item\":\"https:\/\/www.africa-press.net\/guinee-conakry\/\"},{\"@type\":\"ListItem\",\"position\":2,\"name\":\"Mohamed Bayo \u00e0 propos du Syli : \u2018\u2019On a une bonne \u00e9quipe, mais on doit \u00e9lever notre niveau d\u2019engagement\u2019\u2019\"}]},{\"@type\":\"WebSite\",\"@id\":\"https:\/\/www.africa-press.net\/guinee-conakry\/#website\",\"url\":\"https:\/\/www.africa-press.net\/guinee-conakry\/\",\"name\":\"guinee Conakry\",\"description\":\"Just another Africa News Agency Sites site\",\"potentialAction\":[{\"@type\":\"SearchAction\",\"target\":{\"@type\":\"EntryPoint\",\"urlTemplate\":\"https:\/\/www.africa-press.net\/guinee-conakry\/?s={search_term_string}\"},\"query-input\":{\"@type\":\"PropertyValueSpecification\",\"valueRequired\":true,\"valueName\":\"search_term_string\"}}],\"inLanguage\":\"fr-FR\"},{\"@type\":\"Person\",\"@id\":\"https:\/\/www.africa-press.net\/guinee-conakry\/#\/schema\/person\/2b1cf3cd81a31e3cd26889ca66d677f1\",\"name\":\"cfeditorfr\"}]}<\/script>\n<!-- \/ Yoast SEO Premium plugin. -->","yoast_head_json":{"title":"Mohamed Bayo \u00e0 propos du Syli : \u2018\u2019On a une bonne \u00e9quipe, mais on doit \u00e9lever notre niveau d\u2019engagement\u2019\u2019 - guinee Conakry","robots":{"index":"index","follow":"follow","max-snippet":"max-snippet:-1","max-image-preview":"max-image-preview:large","max-video-preview":"max-video-preview:-1"},"canonical":"https:\/\/www.africa-press.net\/guinee-conakry\/politique\/mohamed-bayo-a-propos-du-syli-on-a-une-bonne-equipe-mais-on-doit-elever-notre-niveau-dengagement","og_locale":"fr_FR","og_type":"article","og_title":"Mohamed Bayo \u00e0 propos du Syli : \u2018\u2019On a une bonne \u00e9quipe, mais on doit \u00e9lever notre niveau d\u2019engagement\u2019\u2019","og_description":"Africa-Press &#8211; Guin\u00e9e. Dans un entretien accorde\u0301 a\u0300 Foot Mercato, l\u2019international guine\u0301en de 25 ans est revenu sur ses ambitions au Havre, mais aussi sur la se\u0301lection nationale. Pour Mohamed Bayo, le Syli regorge des joueurs talentueux pour faire un parcours remarquable a\u0300 la Coupe d\u2019Afrique des Nations qui se tiendra du 13 janvier au [&hellip;]","og_url":"https:\/\/www.africa-press.net\/guinee-conakry\/politique\/mohamed-bayo-a-propos-du-syli-on-a-une-bonne-equipe-mais-on-doit-elever-notre-niveau-dengagement","og_site_name":"guinee Conakry","article_published_time":"2023-12-20T19:33:00+00:00","author":"cfeditorfr","twitter_card":"summary_large_image","twitter_misc":{"\u00c9crit par":"cfeditorfr","Dur\u00e9e de lecture estim\u00e9e":"2 minutes"},"schema":{"@context":"https:\/\/schema.org","@graph":[{"@type":"Article","@id":"https:\/\/www.africa-press.net\/guinee-conakry\/politique\/mohamed-bayo-a-propos-du-syli-on-a-une-bonne-equipe-mais-on-doit-elever-notre-niveau-dengagement#article","isPartOf":{"@id":"https:\/\/www.africa-press.net\/guinee-conakry\/politique\/mohamed-bayo-a-propos-du-syli-on-a-une-bonne-equipe-mais-on-doit-elever-notre-niveau-dengagement"},"author":{"name":"cfeditorfr","@id":"https:\/\/www.africa-press.net\/guinee-conakry\/#\/schema\/person\/2b1cf3cd81a31e3cd26889ca66d677f1"},"headline":"Mohamed Bayo \u00e0 propos du Syli : \u2018\u2019On a une bonne \u00e9quipe, mais on doit \u00e9lever notre niveau d\u2019engagement\u2019\u2019","datePublished":"2023-12-20T19:33:00+00:00","mainEntityOfPage":{"@id":"https:\/\/www.africa-press.net\/guinee-conakry\/politique\/mohamed-bayo-a-propos-du-syli-on-a-une-bonne-equipe-mais-on-doit-elever-notre-niveau-dengagement"},"wordCount":408,"commentCount":0,"image":{"@id":"https:\/\/www.africa-press.net\/guinee-conakry\/politique\/mohamed-bayo-a-propos-du-syli-on-a-une-bonne-equipe-mais-on-doit-elever-notre-niveau-dengagement#primaryimage"},"thumbnailUrl":"https:\/\/static.africa-press.net\/conakry\/sites\/63\/2023\/12\/Jokar1703088191.225989.jpg","keywords":["Africa Press","Africa Press-Guin\u00e9e","Guin\u00e9e"],"articleSection":["Sports","to-homepage","Toutes les actualit\u00e9s"],"inLanguage":"fr-FR","potentialAction":[{"@type":"CommentAction","name":"Comment","target":["https:\/\/www.africa-press.net\/guinee-conakry\/politique\/mohamed-bayo-a-propos-du-syli-on-a-une-bonne-equipe-mais-on-doit-elever-notre-niveau-dengagement#respond"]}]},{"@type":"WebPage","@id":"https:\/\/www.africa-press.net\/guinee-conakry\/politique\/mohamed-bayo-a-propos-du-syli-on-a-une-bonne-equipe-mais-on-doit-elever-notre-niveau-dengagement","url":"https:\/\/www.africa-press.net\/guinee-conakry\/politique\/mohamed-bayo-a-propos-du-syli-on-a-une-bonne-equipe-mais-on-doit-elever-notre-niveau-dengagement","name":"Mohamed Bayo \u00e0 propos du Syli : \u2018\u2019On a une bonne \u00e9quipe, mais on doit \u00e9lever notre niveau d\u2019engagement\u2019\u2019 - guinee Conakry","isPartOf":{"@id":"https:\/\/www.africa-press.net\/guinee-conakry\/#website"},"primaryImageOfPage":{"@id":"https:\/\/www.africa-press.net\/guinee-conakry\/politique\/mohamed-bayo-a-propos-du-syli-on-a-une-bonne-equipe-mais-on-doit-elever-notre-niveau-dengagement#primaryimage"},"image":{"@id":"https:\/\/www.africa-press.net\/guinee-conakry\/politique\/mohamed-bayo-a-propos-du-syli-on-a-une-bonne-equipe-mais-on-doit-elever-notre-niveau-dengagement#primaryimage"},"thumbnailUrl":"https:\/\/static.africa-press.net\/conakry\/sites\/63\/2023\/12\/Jokar1703088191.225989.jpg","datePublished":"2023-12-20T19:33:00+00:00","author":{"@id":"https:\/\/www.africa-press.net\/guinee-conakry\/#\/schema\/person\/2b1cf3cd81a31e3cd26889ca66d677f1"},"breadcrumb":{"@id":"https:\/\/www.africa-press.net\/guinee-conakry\/politique\/mohamed-bayo-a-propos-du-syli-on-a-une-bonne-equipe-mais-on-doit-elever-notre-niveau-dengagement#breadcrumb"},"inLanguage":"fr-FR","potentialAction":[{"@type":"ReadAction","target":["https:\/\/www.africa-press.net\/guinee-conakry\/politique\/mohamed-bayo-a-propos-du-syli-on-a-une-bonne-equipe-mais-on-doit-elever-notre-niveau-dengagement"]}]},{"@type":"ImageObject","inLanguage":"fr-FR","@id":"https:\/\/www.africa-press.net\/guinee-conakry\/politique\/mohamed-bayo-a-propos-du-syli-on-a-une-bonne-equipe-mais-on-doit-elever-notre-niveau-dengagement#primaryimage","url":"https:\/\/static.africa-press.net\/conakry\/sites\/63\/2023\/12\/Jokar1703088191.225989.jpg","contentUrl":"https:\/\/static.africa-press.net\/conakry\/sites\/63\/2023\/12\/Jokar1703088191.225989.jpg","width":710,"height":473,"caption":"Mohamed Bayo \u00e0 propos du Syli : \u2018\u2019On a une bonne \u00e9quipe, mais on doit \u00e9lever notre niveau d\u2019engagement\u2019\u2019"},{"@type":"BreadcrumbList","@id":"https:\/\/www.africa-press.net\/guinee-conakry\/politique\/mohamed-bayo-a-propos-du-syli-on-a-une-bonne-equipe-mais-on-doit-elever-notre-niveau-dengagement#breadcrumb","itemListElement":[{"@type":"ListItem","position":1,"name":"Accueil","item":"https:\/\/www.africa-press.net\/guinee-conakry\/"},{"@type":"ListItem","position":2,"name":"Mohamed Bayo \u00e0 propos du Syli : \u2018\u2019On a une bonne \u00e9quipe, mais on doit \u00e9lever notre niveau d\u2019engagement\u2019\u2019"}]},{"@type":"WebSite","@id":"https:\/\/www.africa-press.net\/guinee-conakry\/#website","url":"https:\/\/www.africa-press.net\/guinee-conakry\/","name":"guinee Conakry","description":"Just another Africa News Agency Sites site","potentialAction":[{"@type":"SearchAction","target":{"@type":"EntryPoint","urlTemplate":"https:\/\/www.africa-press.net\/guinee-conakry\/?s={search_term_string}"},"query-input":{"@type":"PropertyValueSpecification","valueRequired":true,"valueName":"search_term_string"}}],"inLanguage":"fr-FR"},{"@type":"Person","@id":"https:\/\/www.africa-press.net\/guinee-conakry\/#\/schema\/person\/2b1cf3cd81a31e3cd26889ca66d677f1","name":"cfeditorfr"}]}},"_links":{"self":[{"href":"https:\/\/www.africa-press.net\/guinee-conakry\/wp-json\/wp\/v2\/posts\/17908","targetHints":{"allow":["GET"]}}],"collection":[{"href":"https:\/\/www.africa-press.net\/guinee-conakry\/wp-json\/wp\/v2\/posts"}],"about":[{"href":"https:\/\/www.africa-press.net\/guinee-conakry\/wp-json\/wp\/v2\/types\/post"}],"author":[{"embeddable":true,"href":"https:\/\/www.africa-press.net\/guinee-conakry\/wp-json\/wp\/v2\/users\/82"}],"replies":[{"embeddable":true,"href":"https:\/\/www.africa-press.net\/guinee-conakry\/wp-json\/wp\/v2\/comments?post=17908"}],"version-history":[{"count":0,"href":"https:\/\/www.africa-press.net\/guinee-conakry\/wp-json\/wp\/v2\/posts\/17908\/revisions"}],"wp:featuredmedia":[{"embeddable":true,"href":"https:\/\/www.africa-press.net\/guinee-conakry\/wp-json\/wp\/v2\/media\/17907"}],"wp:attachment":[{"href":"https:\/\/www.africa-press.net\/guinee-conakry\/wp-json\/wp\/v2\/media?parent=17908"}],"wp:term":[{"taxonomy":"category","embeddable":true,"href":"https:\/\/www.africa-press.net\/guinee-conakry\/wp-json\/wp\/v2\/categories?post=17908"},{"taxonomy":"post_tag","embeddable":true,"href":"https:\/\/www.africa-press.net\/guinee-conakry\/wp-json\/wp\/v2\/tags?post=17908"}],"curies":[{"name":"wp","href":"https:\/\/api.w.org\/{rel}","templated":true}]}}