{"id":17914,"date":"2023-12-20T19:36:00","date_gmt":"2023-12-20T19:36:00","guid":{"rendered":"https:\/\/www.africa-press.net\/guinee-conakry\/politique\/le-guineen-mohamed-bayo-compte-t-il-rebondir-en-angleterre-nimporte-quel-footballeur-a-cette-ambition"},"modified":"2023-12-20T19:36:00","modified_gmt":"2023-12-20T19:36:00","slug":"le-guineen-mohamed-bayo-compte-t-il-rebondir-en-angleterre-nimporte-quel-footballeur-a-cette-ambition","status":"publish","type":"post","link":"https:\/\/www.africa-press.net\/guinee-conakry\/sports\/le-guineen-mohamed-bayo-compte-t-il-rebondir-en-angleterre-nimporte-quel-footballeur-a-cette-ambition","title":{"rendered":"Le guin\u00e9en Mohamed Bayo compte-t-il rebondir en Angleterre\u00a0? \u2018\u2019N\u2019importe quel footballeur a cette ambition\u2019\u2019"},"content":{"rendered":"<p><span style=\"color: #ff6600\"><strong>Africa-Press &#8211; Guin\u00e9e. <\/strong><\/span><b>Arrive\u0301 a\u0300 Havre lors du mercato estival en provenance de Lille, l\u2019international guine\u0301en retrouve de plus en plus sa place devant les buts. Dans un entretien accorde\u0301 a\u0300 Foot Mercato, Mohamed Bayo assure qu\u2019il est se\u0301duit par le projet de son club. <\/b><\/p>\n<p>\u2018\u2019Quand j\u2019ai rec\u0327u l\u2019appel des dirigeants du Havre, j\u2019ai senti que c\u2019e\u0301tait vraiment une e\u0301quipe et un club solidaire. Ils m\u2019ont tout de suite montre\u0301 de l\u2019inte\u0301re\u0302t et je pense que j\u2019avais besoin de c\u0327a pour me relancer et faire une bonne saison. Leur discours, honne\u0302tement, m\u2019a beaucoup plus, le mode de fonctionnement de ce club aussi a e\u0301te\u0301 un e\u0301le\u0301ment, cette proximite\u0301 entre les joueurs, les staffs et la communion avec les supporters, c\u0327a a beaucoup joue\u0301 dans ma de\u0301cision. J\u2019ai appre\u0301cie\u0301 ce feeling, cette ambiance, ce cadre pluto\u0302t familial et je pense que j\u2019avais besoin de retrouver un contexte comme celui du HAC pour retrouver de bonnes sensations et pouvoir bien m\u2019exprimer\u2019\u2019, assure l\u2019attaquant guine\u0301en.<\/p>\n<p>A la question de savoir dans quel esprit il a ve\u0301cu son de\u0301part de Lille pour Havre dans les dernie\u0300res heures du mercato estival, il assure qu\u2019il n\u2019e\u0301tait pas \u2018\u2019en plein doute, chaque chose a sa de\u0301cision, son de\u0301nouement. Je ne me prenais pas la te\u0302te, je savais que c\u0327a allait se faire, que c\u0327a allait e\u0302tre difficile mais que c\u0327a allait se faire donc j\u2019e\u0301tais confiant. J\u2019avais cette se\u0301re\u0301nite\u0301 vis a\u0300 vis du club mais aussi de mon agent donc je n\u2019e\u0301tais pas particulie\u0300rement stresse\u0301 malgre\u0301 ce timing\u2019\u2019.<\/p>\n<p>Au cours de cet entretien, Bayo a assure\u0301 qu\u2019il compte poursuivre un jour sa carrie\u0300re en Angleterre ou en Allemagne. \u2018\u2019Je pense que n\u2019importe quel footballeur a cette ambition de voir l\u2019e\u0301tranger, d\u2019e\u0301voluer dans un autre championnat en Europe ou ailleurs, je pense aussi que c\u2019est important de voir l\u2019e\u0301tranger pour e\u0301largir sa palette, son expe\u0301rience mais pour l\u2019instant je suis au Havre et je suis pleinement concentre\u0301 sur Le Havre, c\u2019est tout ce qui compte. Un championnat ? L\u2019Allemagne avec la Bundesliga et la Premier League, pour moi ce sont les deux championnats les plus inte\u0301ressants\u2019\u2019, fait-il remarquer.<\/p>\n<p><b>Boussouriou Doumba<\/b><\/p>\n<p><strong>Pour plus d&rsquo;informations et d&rsquo;analyses sur la <a href=\"https:\/\/www.africa-press.net\/guinee-conakry\">Guin\u00e9e<\/a>, suivez <a href=\"https:\/\/www.africa-press.net\/\">Africa-Press<\/a><\/strong><\/p>\n","protected":false},"excerpt":{"rendered":"<p>Africa-Press &#8211; Guin\u00e9e. Arrive\u0301 a\u0300 Havre lors du mercato estival en provenance de Lille, l\u2019international guine\u0301en retrouve de plus en plus sa place devant les buts. Dans un entretien accorde\u0301 a\u0300 Foot Mercato, Mohamed Bayo assure qu\u2019il est se\u0301duit par le projet de son club. \u2018\u2019Quand j\u2019ai rec\u0327u l\u2019appel des dirigeants du Havre, j\u2019ai senti [&hellip;]<\/p>\n","protected":false},"author":82,"featured_media":17913,"comment_status":"open","ping_status":"closed","sticky":false,"template":"","format":"standard","meta":{"footnotes":""},"categories":[6,10],"tags":[36,57,58],"class_list":["post-17914","post","type-post","status-publish","format-standard","has-post-thumbnail","hentry","category-sports","category-toutes-les-actualites","tag-africa-press","tag-africa-press-guinee","tag-guinee"],"yoast_head":"<!-- This site is optimized with the Yoast SEO Premium plugin v26.1 (Yoast SEO v27.0) - https:\/\/yoast.com\/product\/yoast-seo-premium-wordpress\/ -->\n<title>Le guin\u00e9en Mohamed Bayo compte-t-il rebondir en Angleterre\u00a0? \u2018\u2019N\u2019importe quel footballeur a cette ambition\u2019\u2019 - guinee Conakry<\/title>\n<meta name=\"robots\" content=\"index, follow, max-snippet:-1, max-image-preview:large, max-video-preview:-1\" \/>\n<link rel=\"canonical\" href=\"https:\/\/www.africa-press.net\/guinee-conakry\/politique\/le-guineen-mohamed-bayo-compte-t-il-rebondir-en-angleterre-nimporte-quel-footballeur-a-cette-ambition\" \/>\n<meta property=\"og:locale\" content=\"fr_FR\" \/>\n<meta property=\"og:type\" content=\"article\" \/>\n<meta property=\"og:title\" content=\"Le guin\u00e9en Mohamed Bayo compte-t-il rebondir en Angleterre\u00a0? \u2018\u2019N\u2019importe quel footballeur a cette ambition\u2019\u2019\" \/>\n<meta property=\"og:description\" content=\"Africa-Press &#8211; Guin\u00e9e. Arrive\u0301 a\u0300 Havre lors du mercato estival en provenance de Lille, l\u2019international guine\u0301en retrouve de plus en plus sa place devant les buts. Dans un entretien accorde\u0301 a\u0300 Foot Mercato, Mohamed Bayo assure qu\u2019il est se\u0301duit par le projet de son club. \u2018\u2019Quand j\u2019ai rec\u0327u l\u2019appel des dirigeants du Havre, j\u2019ai senti [&hellip;]\" \/>\n<meta property=\"og:url\" content=\"https:\/\/www.africa-press.net\/guinee-conakry\/politique\/le-guineen-mohamed-bayo-compte-t-il-rebondir-en-angleterre-nimporte-quel-footballeur-a-cette-ambition\" \/>\n<meta property=\"og:site_name\" content=\"guinee Conakry\" \/>\n<meta property=\"article:published_time\" content=\"2023-12-20T19:36:00+00:00\" \/>\n<meta name=\"author\" content=\"cfeditorfr\" \/>\n<meta name=\"twitter:card\" content=\"summary_large_image\" \/>\n<meta name=\"twitter:label1\" content=\"\u00c9crit par\" \/>\n\t<meta name=\"twitter:data1\" content=\"cfeditorfr\" \/>\n\t<meta name=\"twitter:label2\" content=\"Dur\u00e9e de lecture estim\u00e9e\" \/>\n\t<meta name=\"twitter:data2\" content=\"2 minutes\" \/>\n<script type=\"application\/ld+json\" class=\"yoast-schema-graph\">{\"@context\":\"https:\/\/schema.org\",\"@graph\":[{\"@type\":\"Article\",\"@id\":\"https:\/\/www.africa-press.net\/guinee-conakry\/politique\/le-guineen-mohamed-bayo-compte-t-il-rebondir-en-angleterre-nimporte-quel-footballeur-a-cette-ambition#article\",\"isPartOf\":{\"@id\":\"https:\/\/www.africa-press.net\/guinee-conakry\/politique\/le-guineen-mohamed-bayo-compte-t-il-rebondir-en-angleterre-nimporte-quel-footballeur-a-cette-ambition\"},\"author\":{\"name\":\"cfeditorfr\",\"@id\":\"https:\/\/www.africa-press.net\/guinee-conakry\/#\/schema\/person\/2b1cf3cd81a31e3cd26889ca66d677f1\"},\"headline\":\"Le guin\u00e9en Mohamed Bayo compte-t-il rebondir en Angleterre\u00a0? \u2018\u2019N\u2019importe quel footballeur a cette ambition\u2019\u2019\",\"datePublished\":\"2023-12-20T19:36:00+00:00\",\"mainEntityOfPage\":{\"@id\":\"https:\/\/www.africa-press.net\/guinee-conakry\/politique\/le-guineen-mohamed-bayo-compte-t-il-rebondir-en-angleterre-nimporte-quel-footballeur-a-cette-ambition\"},\"wordCount\":449,\"commentCount\":0,\"image\":{\"@id\":\"https:\/\/www.africa-press.net\/guinee-conakry\/politique\/le-guineen-mohamed-bayo-compte-t-il-rebondir-en-angleterre-nimporte-quel-footballeur-a-cette-ambition#primaryimage\"},\"thumbnailUrl\":\"https:\/\/static.africa-press.net\/conakry\/sites\/63\/2023\/12\/Jokar1703088384.203216.jpg\",\"keywords\":[\"Africa Press\",\"Africa Press-Guin\u00e9e\",\"Guin\u00e9e\"],\"articleSection\":[\"Sports\",\"Toutes les actualit\u00e9s\"],\"inLanguage\":\"fr-FR\",\"potentialAction\":[{\"@type\":\"CommentAction\",\"name\":\"Comment\",\"target\":[\"https:\/\/www.africa-press.net\/guinee-conakry\/politique\/le-guineen-mohamed-bayo-compte-t-il-rebondir-en-angleterre-nimporte-quel-footballeur-a-cette-ambition#respond\"]}]},{\"@type\":\"WebPage\",\"@id\":\"https:\/\/www.africa-press.net\/guinee-conakry\/politique\/le-guineen-mohamed-bayo-compte-t-il-rebondir-en-angleterre-nimporte-quel-footballeur-a-cette-ambition\",\"url\":\"https:\/\/www.africa-press.net\/guinee-conakry\/politique\/le-guineen-mohamed-bayo-compte-t-il-rebondir-en-angleterre-nimporte-quel-footballeur-a-cette-ambition\",\"name\":\"Le guin\u00e9en Mohamed Bayo compte-t-il rebondir en Angleterre\u00a0? \u2018\u2019N\u2019importe quel footballeur a cette ambition\u2019\u2019 - guinee Conakry\",\"isPartOf\":{\"@id\":\"https:\/\/www.africa-press.net\/guinee-conakry\/#website\"},\"primaryImageOfPage\":{\"@id\":\"https:\/\/www.africa-press.net\/guinee-conakry\/politique\/le-guineen-mohamed-bayo-compte-t-il-rebondir-en-angleterre-nimporte-quel-footballeur-a-cette-ambition#primaryimage\"},\"image\":{\"@id\":\"https:\/\/www.africa-press.net\/guinee-conakry\/politique\/le-guineen-mohamed-bayo-compte-t-il-rebondir-en-angleterre-nimporte-quel-footballeur-a-cette-ambition#primaryimage\"},\"thumbnailUrl\":\"https:\/\/static.africa-press.net\/conakry\/sites\/63\/2023\/12\/Jokar1703088384.203216.jpg\",\"datePublished\":\"2023-12-20T19:36:00+00:00\",\"author\":{\"@id\":\"https:\/\/www.africa-press.net\/guinee-conakry\/#\/schema\/person\/2b1cf3cd81a31e3cd26889ca66d677f1\"},\"breadcrumb\":{\"@id\":\"https:\/\/www.africa-press.net\/guinee-conakry\/politique\/le-guineen-mohamed-bayo-compte-t-il-rebondir-en-angleterre-nimporte-quel-footballeur-a-cette-ambition#breadcrumb\"},\"inLanguage\":\"fr-FR\",\"potentialAction\":[{\"@type\":\"ReadAction\",\"target\":[\"https:\/\/www.africa-press.net\/guinee-conakry\/politique\/le-guineen-mohamed-bayo-compte-t-il-rebondir-en-angleterre-nimporte-quel-footballeur-a-cette-ambition\"]}]},{\"@type\":\"ImageObject\",\"inLanguage\":\"fr-FR\",\"@id\":\"https:\/\/www.africa-press.net\/guinee-conakry\/politique\/le-guineen-mohamed-bayo-compte-t-il-rebondir-en-angleterre-nimporte-quel-footballeur-a-cette-ambition#primaryimage\",\"url\":\"https:\/\/static.africa-press.net\/conakry\/sites\/63\/2023\/12\/Jokar1703088384.203216.jpg\",\"contentUrl\":\"https:\/\/static.africa-press.net\/conakry\/sites\/63\/2023\/12\/Jokar1703088384.203216.jpg\",\"width\":900,\"height\":600,\"caption\":\"Le guin\u00e9en Mohamed Bayo compte-t-il rebondir en Angleterre\u00a0? \u2018\u2019N\u2019importe quel footballeur a cette ambition\u2019\u2019\"},{\"@type\":\"BreadcrumbList\",\"@id\":\"https:\/\/www.africa-press.net\/guinee-conakry\/politique\/le-guineen-mohamed-bayo-compte-t-il-rebondir-en-angleterre-nimporte-quel-footballeur-a-cette-ambition#breadcrumb\",\"itemListElement\":[{\"@type\":\"ListItem\",\"position\":1,\"name\":\"Accueil\",\"item\":\"https:\/\/www.africa-press.net\/guinee-conakry\/\"},{\"@type\":\"ListItem\",\"position\":2,\"name\":\"Le guin\u00e9en Mohamed Bayo compte-t-il rebondir en Angleterre\u00a0? \u2018\u2019N\u2019importe quel footballeur a cette ambition\u2019\u2019\"}]},{\"@type\":\"WebSite\",\"@id\":\"https:\/\/www.africa-press.net\/guinee-conakry\/#website\",\"url\":\"https:\/\/www.africa-press.net\/guinee-conakry\/\",\"name\":\"guinee Conakry\",\"description\":\"Just another Africa News Agency Sites site\",\"potentialAction\":[{\"@type\":\"SearchAction\",\"target\":{\"@type\":\"EntryPoint\",\"urlTemplate\":\"https:\/\/www.africa-press.net\/guinee-conakry\/?s={search_term_string}\"},\"query-input\":{\"@type\":\"PropertyValueSpecification\",\"valueRequired\":true,\"valueName\":\"search_term_string\"}}],\"inLanguage\":\"fr-FR\"},{\"@type\":\"Person\",\"@id\":\"https:\/\/www.africa-press.net\/guinee-conakry\/#\/schema\/person\/2b1cf3cd81a31e3cd26889ca66d677f1\",\"name\":\"cfeditorfr\"}]}<\/script>\n<!-- \/ Yoast SEO Premium plugin. -->","yoast_head_json":{"title":"Le guin\u00e9en Mohamed Bayo compte-t-il rebondir en Angleterre\u00a0? \u2018\u2019N\u2019importe quel footballeur a cette ambition\u2019\u2019 - guinee Conakry","robots":{"index":"index","follow":"follow","max-snippet":"max-snippet:-1","max-image-preview":"max-image-preview:large","max-video-preview":"max-video-preview:-1"},"canonical":"https:\/\/www.africa-press.net\/guinee-conakry\/politique\/le-guineen-mohamed-bayo-compte-t-il-rebondir-en-angleterre-nimporte-quel-footballeur-a-cette-ambition","og_locale":"fr_FR","og_type":"article","og_title":"Le guin\u00e9en Mohamed Bayo compte-t-il rebondir en Angleterre\u00a0? \u2018\u2019N\u2019importe quel footballeur a cette ambition\u2019\u2019","og_description":"Africa-Press &#8211; Guin\u00e9e. Arrive\u0301 a\u0300 Havre lors du mercato estival en provenance de Lille, l\u2019international guine\u0301en retrouve de plus en plus sa place devant les buts. Dans un entretien accorde\u0301 a\u0300 Foot Mercato, Mohamed Bayo assure qu\u2019il est se\u0301duit par le projet de son club. \u2018\u2019Quand j\u2019ai rec\u0327u l\u2019appel des dirigeants du Havre, j\u2019ai senti [&hellip;]","og_url":"https:\/\/www.africa-press.net\/guinee-conakry\/politique\/le-guineen-mohamed-bayo-compte-t-il-rebondir-en-angleterre-nimporte-quel-footballeur-a-cette-ambition","og_site_name":"guinee Conakry","article_published_time":"2023-12-20T19:36:00+00:00","author":"cfeditorfr","twitter_card":"summary_large_image","twitter_misc":{"\u00c9crit par":"cfeditorfr","Dur\u00e9e de lecture estim\u00e9e":"2 minutes"},"schema":{"@context":"https:\/\/schema.org","@graph":[{"@type":"Article","@id":"https:\/\/www.africa-press.net\/guinee-conakry\/politique\/le-guineen-mohamed-bayo-compte-t-il-rebondir-en-angleterre-nimporte-quel-footballeur-a-cette-ambition#article","isPartOf":{"@id":"https:\/\/www.africa-press.net\/guinee-conakry\/politique\/le-guineen-mohamed-bayo-compte-t-il-rebondir-en-angleterre-nimporte-quel-footballeur-a-cette-ambition"},"author":{"name":"cfeditorfr","@id":"https:\/\/www.africa-press.net\/guinee-conakry\/#\/schema\/person\/2b1cf3cd81a31e3cd26889ca66d677f1"},"headline":"Le guin\u00e9en Mohamed Bayo compte-t-il rebondir en Angleterre\u00a0? \u2018\u2019N\u2019importe quel footballeur a cette ambition\u2019\u2019","datePublished":"2023-12-20T19:36:00+00:00","mainEntityOfPage":{"@id":"https:\/\/www.africa-press.net\/guinee-conakry\/politique\/le-guineen-mohamed-bayo-compte-t-il-rebondir-en-angleterre-nimporte-quel-footballeur-a-cette-ambition"},"wordCount":449,"commentCount":0,"image":{"@id":"https:\/\/www.africa-press.net\/guinee-conakry\/politique\/le-guineen-mohamed-bayo-compte-t-il-rebondir-en-angleterre-nimporte-quel-footballeur-a-cette-ambition#primaryimage"},"thumbnailUrl":"https:\/\/static.africa-press.net\/conakry\/sites\/63\/2023\/12\/Jokar1703088384.203216.jpg","keywords":["Africa Press","Africa Press-Guin\u00e9e","Guin\u00e9e"],"articleSection":["Sports","Toutes les actualit\u00e9s"],"inLanguage":"fr-FR","potentialAction":[{"@type":"CommentAction","name":"Comment","target":["https:\/\/www.africa-press.net\/guinee-conakry\/politique\/le-guineen-mohamed-bayo-compte-t-il-rebondir-en-angleterre-nimporte-quel-footballeur-a-cette-ambition#respond"]}]},{"@type":"WebPage","@id":"https:\/\/www.africa-press.net\/guinee-conakry\/politique\/le-guineen-mohamed-bayo-compte-t-il-rebondir-en-angleterre-nimporte-quel-footballeur-a-cette-ambition","url":"https:\/\/www.africa-press.net\/guinee-conakry\/politique\/le-guineen-mohamed-bayo-compte-t-il-rebondir-en-angleterre-nimporte-quel-footballeur-a-cette-ambition","name":"Le guin\u00e9en Mohamed Bayo compte-t-il rebondir en Angleterre\u00a0? \u2018\u2019N\u2019importe quel footballeur a cette ambition\u2019\u2019 - guinee Conakry","isPartOf":{"@id":"https:\/\/www.africa-press.net\/guinee-conakry\/#website"},"primaryImageOfPage":{"@id":"https:\/\/www.africa-press.net\/guinee-conakry\/politique\/le-guineen-mohamed-bayo-compte-t-il-rebondir-en-angleterre-nimporte-quel-footballeur-a-cette-ambition#primaryimage"},"image":{"@id":"https:\/\/www.africa-press.net\/guinee-conakry\/politique\/le-guineen-mohamed-bayo-compte-t-il-rebondir-en-angleterre-nimporte-quel-footballeur-a-cette-ambition#primaryimage"},"thumbnailUrl":"https:\/\/static.africa-press.net\/conakry\/sites\/63\/2023\/12\/Jokar1703088384.203216.jpg","datePublished":"2023-12-20T19:36:00+00:00","author":{"@id":"https:\/\/www.africa-press.net\/guinee-conakry\/#\/schema\/person\/2b1cf3cd81a31e3cd26889ca66d677f1"},"breadcrumb":{"@id":"https:\/\/www.africa-press.net\/guinee-conakry\/politique\/le-guineen-mohamed-bayo-compte-t-il-rebondir-en-angleterre-nimporte-quel-footballeur-a-cette-ambition#breadcrumb"},"inLanguage":"fr-FR","potentialAction":[{"@type":"ReadAction","target":["https:\/\/www.africa-press.net\/guinee-conakry\/politique\/le-guineen-mohamed-bayo-compte-t-il-rebondir-en-angleterre-nimporte-quel-footballeur-a-cette-ambition"]}]},{"@type":"ImageObject","inLanguage":"fr-FR","@id":"https:\/\/www.africa-press.net\/guinee-conakry\/politique\/le-guineen-mohamed-bayo-compte-t-il-rebondir-en-angleterre-nimporte-quel-footballeur-a-cette-ambition#primaryimage","url":"https:\/\/static.africa-press.net\/conakry\/sites\/63\/2023\/12\/Jokar1703088384.203216.jpg","contentUrl":"https:\/\/static.africa-press.net\/conakry\/sites\/63\/2023\/12\/Jokar1703088384.203216.jpg","width":900,"height":600,"caption":"Le guin\u00e9en Mohamed Bayo compte-t-il rebondir en Angleterre\u00a0? \u2018\u2019N\u2019importe quel footballeur a cette ambition\u2019\u2019"},{"@type":"BreadcrumbList","@id":"https:\/\/www.africa-press.net\/guinee-conakry\/politique\/le-guineen-mohamed-bayo-compte-t-il-rebondir-en-angleterre-nimporte-quel-footballeur-a-cette-ambition#breadcrumb","itemListElement":[{"@type":"ListItem","position":1,"name":"Accueil","item":"https:\/\/www.africa-press.net\/guinee-conakry\/"},{"@type":"ListItem","position":2,"name":"Le guin\u00e9en Mohamed Bayo compte-t-il rebondir en Angleterre\u00a0? \u2018\u2019N\u2019importe quel footballeur a cette ambition\u2019\u2019"}]},{"@type":"WebSite","@id":"https:\/\/www.africa-press.net\/guinee-conakry\/#website","url":"https:\/\/www.africa-press.net\/guinee-conakry\/","name":"guinee Conakry","description":"Just another Africa News Agency Sites site","potentialAction":[{"@type":"SearchAction","target":{"@type":"EntryPoint","urlTemplate":"https:\/\/www.africa-press.net\/guinee-conakry\/?s={search_term_string}"},"query-input":{"@type":"PropertyValueSpecification","valueRequired":true,"valueName":"search_term_string"}}],"inLanguage":"fr-FR"},{"@type":"Person","@id":"https:\/\/www.africa-press.net\/guinee-conakry\/#\/schema\/person\/2b1cf3cd81a31e3cd26889ca66d677f1","name":"cfeditorfr"}]}},"_links":{"self":[{"href":"https:\/\/www.africa-press.net\/guinee-conakry\/wp-json\/wp\/v2\/posts\/17914","targetHints":{"allow":["GET"]}}],"collection":[{"href":"https:\/\/www.africa-press.net\/guinee-conakry\/wp-json\/wp\/v2\/posts"}],"about":[{"href":"https:\/\/www.africa-press.net\/guinee-conakry\/wp-json\/wp\/v2\/types\/post"}],"author":[{"embeddable":true,"href":"https:\/\/www.africa-press.net\/guinee-conakry\/wp-json\/wp\/v2\/users\/82"}],"replies":[{"embeddable":true,"href":"https:\/\/www.africa-press.net\/guinee-conakry\/wp-json\/wp\/v2\/comments?post=17914"}],"version-history":[{"count":0,"href":"https:\/\/www.africa-press.net\/guinee-conakry\/wp-json\/wp\/v2\/posts\/17914\/revisions"}],"wp:featuredmedia":[{"embeddable":true,"href":"https:\/\/www.africa-press.net\/guinee-conakry\/wp-json\/wp\/v2\/media\/17913"}],"wp:attachment":[{"href":"https:\/\/www.africa-press.net\/guinee-conakry\/wp-json\/wp\/v2\/media?parent=17914"}],"wp:term":[{"taxonomy":"category","embeddable":true,"href":"https:\/\/www.africa-press.net\/guinee-conakry\/wp-json\/wp\/v2\/categories?post=17914"},{"taxonomy":"post_tag","embeddable":true,"href":"https:\/\/www.africa-press.net\/guinee-conakry\/wp-json\/wp\/v2\/tags?post=17914"}],"curies":[{"name":"wp","href":"https:\/\/api.w.org\/{rel}","templated":true}]}}