{"id":17916,"date":"2023-12-20T19:37:00","date_gmt":"2023-12-20T19:37:00","guid":{"rendered":"https:\/\/www.africa-press.net\/guinee-conakry\/politique\/drame-a-kaloum-les-forces-sociales-invitent-le-colonel-doumbouya-a-prendre-la-parole"},"modified":"2023-12-20T19:37:00","modified_gmt":"2023-12-20T19:37:00","slug":"drame-a-kaloum-les-forces-sociales-invitent-le-colonel-doumbouya-a-prendre-la-parole","status":"publish","type":"post","link":"https:\/\/www.africa-press.net\/guinee-conakry\/dossiers\/drame-a-kaloum-les-forces-sociales-invitent-le-colonel-doumbouya-a-prendre-la-parole","title":{"rendered":"Drame \u00e0 Kaloum : les Forces sociales invitent le colonel Doumbouya \u00e0 prendre la parole"},"content":{"rendered":"<p><span style=\"color: #ff6600\"><strong>Africa-Press &#8211; Guin\u00e9e. <\/strong><\/span><b>Face a\u0300 la trage\u0301die que vie les Guine\u0301ens, en particulier les habitants de la presqu\u2019i\u0302le de Kaloum, a\u0300 la suite du regrettable incendie, survenu au De\u0301po\u0302t Central des Hydrocarbures de Guine\u0301e dans la nuit du 17\/12\/23, dont les causes demeurent non e\u0301lucide\u0301es, les Forces sociales de Guine\u0301e resteront mobilise\u0301es volontairement dans toute leur possibilite\u0301, aussi longtemps que cela ne\u0301cessitera.<\/b><\/p>\n<p>Cette situation dramatique, ayant entrai\u0302ne\u0301 des pertes en vies humaines, des blesse\u0301s et de nombreux de\u0301ga\u0302ts (mate\u0301riels, financiers, infrastructurels&#8230;) et qui a connu la mobilisation volontaire de l\u2019ensemble des Guine\u0301ens (autorite\u0301s, ONG, leaders religieux, artistes, me\u0301dia, Diaspora, politiques&#8230;) et partenaires de la Guine\u0301e, en appui aux victimes et d\u2019accompagnement aux services Etatiques dans la gestion de la crise, vient donner du sens re\u0301el a\u0300 la troisie\u0300me dimension de notre devise, qui est la \u00ab solidarite\u0301 \u00bb.<\/p>\n<p>En conse\u0301quence, en re\u0301ite\u0301rant leur volonte\u0301 de contribuer a\u0300 l\u2019accueil des sinistre\u0301s et d\u2019apporter leur appui de fac\u0327on multidimensionnelle dans les limites du possible, <b>les Forces Sociales de Guine\u0301e<\/b> invitent les autorite\u0301s dans une communication cordonne\u0301e et harmonise\u0301e a\u0300 :<\/p>\n<p><b>Donner plus de contenu social, e\u0301conomique et se\u0301curitaire a\u0300 leur volonte\u0301 d\u2019e\u0301viter la spe\u0301culation dans la gestion du stock de carburant disponible a\u0300 travers le pays et re\u0301duire les effets d\u2019une e\u0301ventuelle pe\u0301nurie de carburant en<\/b>:<\/p>\n<p>Sollicitant aupre\u0300s des multi nationales et autres gros consommateurs leur contribution a\u0300 la solidarite\u0301 nationale par la fourniture de carburant a\u0300 travers leurs e\u0301ventuelles re\u0301serves de consommation ;<\/p>\n<p>Proce\u0301dant a\u0300 l\u2019ouverture des stations de services pour la vente des stocks disponibles au prix officiel ;<\/p>\n<p>Fixant la quantite\u0301 de litres a\u0300 servir a\u0300 la pompe aux consommateurs par jour et par cate\u0301gorie;<\/p>\n<p>Immobilisant les engins et ve\u0301hicules administratifs a\u0300 haute consommation et non ne\u0301cessaires, jusqu\u2019a\u0300 l\u2019e\u0301tablissement d\u2019un plan d\u2019importation, avec les fournisseurs et si possible aupre\u0300s des pays voisins;<\/p>\n<p>Maintenir les sinistre\u0301s dans des centres d\u2019accueil jusqu\u2019a\u0300 la publication des re\u0301sultats sur l\u2019analyse des impacts sanitaires (toxicite\u0301), environnementaux et infrastructurels dans tout le pe\u0301rime\u0300tre affecte\u0301 par le drame;<\/p>\n<p>Libe\u0301rer imme\u0301diatement les me\u0301dias et l\u2019internet, pour libe\u0301rer la population de la terreur des rumeurs et permettre l\u2019effectivite\u0301 de la solidarite\u0301 par une communication objective et la circulation responsable de l\u2019information;<\/p>\n<p>Elucider de toute urgence, par une enque\u0302te nationale et si ne\u0301cessaire internationale ou mixte, les origines de ce drame, dont la piste criminelle doit e\u0302tre explore\u0301e en priorite\u0301, au regard des doutes qui s\u2019installent a\u0300 tort ou raison dans les e\u0301changes entre Guine\u0301ens de tout bord.<\/p>\n<p>Par ailleurs, les Forces sociales de Guine\u0301e invitent l\u2019ensemble des Guine\u0301ens et les partenaires de la Guine\u0301e a\u0300 renforcer de fac\u0327on structure\u0301e et coordonne\u0301e cet e\u0301lan de solidarite\u0301 en faveur des victimes d\u2019une part et d\u2019autre part, pour la gestion globale de cette crise ine\u0301dite dans l\u2019Histoire du pays.<\/p>\n<p>Enfin, les Forces sociales de Guine\u0301e invitent le Pre\u0301sident de la Transition, face a\u0300 l\u2019ampleur du drame et les doutes qui s\u2019installent autour des origines de l\u2019incendie, a\u0300 s\u2019adresser imme\u0301diatement a\u0300 la nation, afin de rassurer sur leur volonte\u0301 a\u0300 situer les responsabilite\u0301s et respecter leurs diffe\u0301rents engagements, dont le retour a\u0300 l\u2019ordre constitutionnel avant 31 de\u0301cembre 2024.<\/p>\n<p><b>Conakry, le 19 de\u0301cembre 2023<\/b><\/p>\n<p><b>La Coordination du FFSG<\/b><\/p>\n<p><strong>Pour plus d&rsquo;informations et d&rsquo;analyses sur la <a href=\"https:\/\/www.africa-press.net\/guinee-conakry\">Guin\u00e9e<\/a>, suivez <a href=\"https:\/\/www.africa-press.net\/\">Africa-Press<\/a><\/strong><\/p>\n","protected":false},"excerpt":{"rendered":"<p>Africa-Press &#8211; Guin\u00e9e. Face a\u0300 la trage\u0301die que vie les Guine\u0301ens, en particulier les habitants de la presqu\u2019i\u0302le de Kaloum, a\u0300 la suite du regrettable incendie, survenu au De\u0301po\u0302t Central des Hydrocarbures de Guine\u0301e dans la nuit du 17\/12\/23, dont les causes demeurent non e\u0301lucide\u0301es, les Forces sociales de Guine\u0301e resteront mobilise\u0301es volontairement dans toute [&hellip;]<\/p>\n","protected":false},"author":82,"featured_media":17915,"comment_status":"open","ping_status":"closed","sticky":false,"template":"","format":"standard","meta":{"footnotes":""},"categories":[7,10],"tags":[36,57,58],"class_list":["post-17916","post","type-post","status-publish","format-standard","has-post-thumbnail","hentry","category-dossiers","category-toutes-les-actualites","tag-africa-press","tag-africa-press-guinee","tag-guinee"],"yoast_head":"<!-- This site is optimized with the Yoast SEO Premium plugin v26.1 (Yoast SEO v27.0) - https:\/\/yoast.com\/product\/yoast-seo-premium-wordpress\/ -->\n<title>Drame \u00e0 Kaloum : les Forces sociales invitent le colonel Doumbouya \u00e0 prendre la parole - guinee Conakry<\/title>\n<meta name=\"robots\" content=\"index, follow, max-snippet:-1, max-image-preview:large, max-video-preview:-1\" \/>\n<link rel=\"canonical\" href=\"https:\/\/www.africa-press.net\/guinee-conakry\/politique\/drame-a-kaloum-les-forces-sociales-invitent-le-colonel-doumbouya-a-prendre-la-parole\" \/>\n<meta property=\"og:locale\" content=\"fr_FR\" \/>\n<meta property=\"og:type\" content=\"article\" \/>\n<meta property=\"og:title\" content=\"Drame \u00e0 Kaloum : les Forces sociales invitent le colonel Doumbouya \u00e0 prendre la parole\" \/>\n<meta property=\"og:description\" content=\"Africa-Press &#8211; Guin\u00e9e. Face a\u0300 la trage\u0301die que vie les Guine\u0301ens, en particulier les habitants de la presqu\u2019i\u0302le de Kaloum, a\u0300 la suite du regrettable incendie, survenu au De\u0301po\u0302t Central des Hydrocarbures de Guine\u0301e dans la nuit du 17\/12\/23, dont les causes demeurent non e\u0301lucide\u0301es, les Forces sociales de Guine\u0301e resteront mobilise\u0301es volontairement dans toute [&hellip;]\" \/>\n<meta property=\"og:url\" content=\"https:\/\/www.africa-press.net\/guinee-conakry\/politique\/drame-a-kaloum-les-forces-sociales-invitent-le-colonel-doumbouya-a-prendre-la-parole\" \/>\n<meta property=\"og:site_name\" content=\"guinee Conakry\" \/>\n<meta property=\"article:published_time\" content=\"2023-12-20T19:37:00+00:00\" \/>\n<meta name=\"author\" content=\"cfeditorfr\" \/>\n<meta name=\"twitter:card\" content=\"summary_large_image\" \/>\n<meta name=\"twitter:label1\" content=\"\u00c9crit par\" \/>\n\t<meta name=\"twitter:data1\" content=\"cfeditorfr\" \/>\n\t<meta name=\"twitter:label2\" content=\"Dur\u00e9e de lecture estim\u00e9e\" \/>\n\t<meta name=\"twitter:data2\" content=\"3 minutes\" \/>\n<script type=\"application\/ld+json\" class=\"yoast-schema-graph\">{\"@context\":\"https:\/\/schema.org\",\"@graph\":[{\"@type\":\"Article\",\"@id\":\"https:\/\/www.africa-press.net\/guinee-conakry\/politique\/drame-a-kaloum-les-forces-sociales-invitent-le-colonel-doumbouya-a-prendre-la-parole#article\",\"isPartOf\":{\"@id\":\"https:\/\/www.africa-press.net\/guinee-conakry\/politique\/drame-a-kaloum-les-forces-sociales-invitent-le-colonel-doumbouya-a-prendre-la-parole\"},\"author\":{\"name\":\"cfeditorfr\",\"@id\":\"https:\/\/www.africa-press.net\/guinee-conakry\/#\/schema\/person\/2b1cf3cd81a31e3cd26889ca66d677f1\"},\"headline\":\"Drame \u00e0 Kaloum : les Forces sociales invitent le colonel Doumbouya \u00e0 prendre la parole\",\"datePublished\":\"2023-12-20T19:37:00+00:00\",\"mainEntityOfPage\":{\"@id\":\"https:\/\/www.africa-press.net\/guinee-conakry\/politique\/drame-a-kaloum-les-forces-sociales-invitent-le-colonel-doumbouya-a-prendre-la-parole\"},\"wordCount\":645,\"commentCount\":0,\"image\":{\"@id\":\"https:\/\/www.africa-press.net\/guinee-conakry\/politique\/drame-a-kaloum-les-forces-sociales-invitent-le-colonel-doumbouya-a-prendre-la-parole#primaryimage\"},\"thumbnailUrl\":\"https:\/\/static.africa-press.net\/conakry\/sites\/63\/2023\/12\/Jokar1703088464.26416.jpg\",\"keywords\":[\"Africa Press\",\"Africa Press-Guin\u00e9e\",\"Guin\u00e9e\"],\"articleSection\":[\"Dossiers\",\"Toutes les actualit\u00e9s\"],\"inLanguage\":\"fr-FR\",\"potentialAction\":[{\"@type\":\"CommentAction\",\"name\":\"Comment\",\"target\":[\"https:\/\/www.africa-press.net\/guinee-conakry\/politique\/drame-a-kaloum-les-forces-sociales-invitent-le-colonel-doumbouya-a-prendre-la-parole#respond\"]}]},{\"@type\":\"WebPage\",\"@id\":\"https:\/\/www.africa-press.net\/guinee-conakry\/politique\/drame-a-kaloum-les-forces-sociales-invitent-le-colonel-doumbouya-a-prendre-la-parole\",\"url\":\"https:\/\/www.africa-press.net\/guinee-conakry\/politique\/drame-a-kaloum-les-forces-sociales-invitent-le-colonel-doumbouya-a-prendre-la-parole\",\"name\":\"Drame \u00e0 Kaloum : les Forces sociales invitent le colonel Doumbouya \u00e0 prendre la parole - guinee Conakry\",\"isPartOf\":{\"@id\":\"https:\/\/www.africa-press.net\/guinee-conakry\/#website\"},\"primaryImageOfPage\":{\"@id\":\"https:\/\/www.africa-press.net\/guinee-conakry\/politique\/drame-a-kaloum-les-forces-sociales-invitent-le-colonel-doumbouya-a-prendre-la-parole#primaryimage\"},\"image\":{\"@id\":\"https:\/\/www.africa-press.net\/guinee-conakry\/politique\/drame-a-kaloum-les-forces-sociales-invitent-le-colonel-doumbouya-a-prendre-la-parole#primaryimage\"},\"thumbnailUrl\":\"https:\/\/static.africa-press.net\/conakry\/sites\/63\/2023\/12\/Jokar1703088464.26416.jpg\",\"datePublished\":\"2023-12-20T19:37:00+00:00\",\"author\":{\"@id\":\"https:\/\/www.africa-press.net\/guinee-conakry\/#\/schema\/person\/2b1cf3cd81a31e3cd26889ca66d677f1\"},\"breadcrumb\":{\"@id\":\"https:\/\/www.africa-press.net\/guinee-conakry\/politique\/drame-a-kaloum-les-forces-sociales-invitent-le-colonel-doumbouya-a-prendre-la-parole#breadcrumb\"},\"inLanguage\":\"fr-FR\",\"potentialAction\":[{\"@type\":\"ReadAction\",\"target\":[\"https:\/\/www.africa-press.net\/guinee-conakry\/politique\/drame-a-kaloum-les-forces-sociales-invitent-le-colonel-doumbouya-a-prendre-la-parole\"]}]},{\"@type\":\"ImageObject\",\"inLanguage\":\"fr-FR\",\"@id\":\"https:\/\/www.africa-press.net\/guinee-conakry\/politique\/drame-a-kaloum-les-forces-sociales-invitent-le-colonel-doumbouya-a-prendre-la-parole#primaryimage\",\"url\":\"https:\/\/static.africa-press.net\/conakry\/sites\/63\/2023\/12\/Jokar1703088464.26416.jpg\",\"contentUrl\":\"https:\/\/static.africa-press.net\/conakry\/sites\/63\/2023\/12\/Jokar1703088464.26416.jpg\",\"width\":767,\"height\":533,\"caption\":\"Drame \u00e0 Kaloum : les Forces sociales invitent le colonel Doumbouya \u00e0 prendre la parole\"},{\"@type\":\"BreadcrumbList\",\"@id\":\"https:\/\/www.africa-press.net\/guinee-conakry\/politique\/drame-a-kaloum-les-forces-sociales-invitent-le-colonel-doumbouya-a-prendre-la-parole#breadcrumb\",\"itemListElement\":[{\"@type\":\"ListItem\",\"position\":1,\"name\":\"Accueil\",\"item\":\"https:\/\/www.africa-press.net\/guinee-conakry\/\"},{\"@type\":\"ListItem\",\"position\":2,\"name\":\"Drame \u00e0 Kaloum : les Forces sociales invitent le colonel Doumbouya \u00e0 prendre la parole\"}]},{\"@type\":\"WebSite\",\"@id\":\"https:\/\/www.africa-press.net\/guinee-conakry\/#website\",\"url\":\"https:\/\/www.africa-press.net\/guinee-conakry\/\",\"name\":\"guinee Conakry\",\"description\":\"Just another Africa News Agency Sites site\",\"potentialAction\":[{\"@type\":\"SearchAction\",\"target\":{\"@type\":\"EntryPoint\",\"urlTemplate\":\"https:\/\/www.africa-press.net\/guinee-conakry\/?s={search_term_string}\"},\"query-input\":{\"@type\":\"PropertyValueSpecification\",\"valueRequired\":true,\"valueName\":\"search_term_string\"}}],\"inLanguage\":\"fr-FR\"},{\"@type\":\"Person\",\"@id\":\"https:\/\/www.africa-press.net\/guinee-conakry\/#\/schema\/person\/2b1cf3cd81a31e3cd26889ca66d677f1\",\"name\":\"cfeditorfr\"}]}<\/script>\n<!-- \/ Yoast SEO Premium plugin. -->","yoast_head_json":{"title":"Drame \u00e0 Kaloum : les Forces sociales invitent le colonel Doumbouya \u00e0 prendre la parole - guinee Conakry","robots":{"index":"index","follow":"follow","max-snippet":"max-snippet:-1","max-image-preview":"max-image-preview:large","max-video-preview":"max-video-preview:-1"},"canonical":"https:\/\/www.africa-press.net\/guinee-conakry\/politique\/drame-a-kaloum-les-forces-sociales-invitent-le-colonel-doumbouya-a-prendre-la-parole","og_locale":"fr_FR","og_type":"article","og_title":"Drame \u00e0 Kaloum : les Forces sociales invitent le colonel Doumbouya \u00e0 prendre la parole","og_description":"Africa-Press &#8211; Guin\u00e9e. Face a\u0300 la trage\u0301die que vie les Guine\u0301ens, en particulier les habitants de la presqu\u2019i\u0302le de Kaloum, a\u0300 la suite du regrettable incendie, survenu au De\u0301po\u0302t Central des Hydrocarbures de Guine\u0301e dans la nuit du 17\/12\/23, dont les causes demeurent non e\u0301lucide\u0301es, les Forces sociales de Guine\u0301e resteront mobilise\u0301es volontairement dans toute [&hellip;]","og_url":"https:\/\/www.africa-press.net\/guinee-conakry\/politique\/drame-a-kaloum-les-forces-sociales-invitent-le-colonel-doumbouya-a-prendre-la-parole","og_site_name":"guinee Conakry","article_published_time":"2023-12-20T19:37:00+00:00","author":"cfeditorfr","twitter_card":"summary_large_image","twitter_misc":{"\u00c9crit par":"cfeditorfr","Dur\u00e9e de lecture estim\u00e9e":"3 minutes"},"schema":{"@context":"https:\/\/schema.org","@graph":[{"@type":"Article","@id":"https:\/\/www.africa-press.net\/guinee-conakry\/politique\/drame-a-kaloum-les-forces-sociales-invitent-le-colonel-doumbouya-a-prendre-la-parole#article","isPartOf":{"@id":"https:\/\/www.africa-press.net\/guinee-conakry\/politique\/drame-a-kaloum-les-forces-sociales-invitent-le-colonel-doumbouya-a-prendre-la-parole"},"author":{"name":"cfeditorfr","@id":"https:\/\/www.africa-press.net\/guinee-conakry\/#\/schema\/person\/2b1cf3cd81a31e3cd26889ca66d677f1"},"headline":"Drame \u00e0 Kaloum : les Forces sociales invitent le colonel Doumbouya \u00e0 prendre la parole","datePublished":"2023-12-20T19:37:00+00:00","mainEntityOfPage":{"@id":"https:\/\/www.africa-press.net\/guinee-conakry\/politique\/drame-a-kaloum-les-forces-sociales-invitent-le-colonel-doumbouya-a-prendre-la-parole"},"wordCount":645,"commentCount":0,"image":{"@id":"https:\/\/www.africa-press.net\/guinee-conakry\/politique\/drame-a-kaloum-les-forces-sociales-invitent-le-colonel-doumbouya-a-prendre-la-parole#primaryimage"},"thumbnailUrl":"https:\/\/static.africa-press.net\/conakry\/sites\/63\/2023\/12\/Jokar1703088464.26416.jpg","keywords":["Africa Press","Africa Press-Guin\u00e9e","Guin\u00e9e"],"articleSection":["Dossiers","Toutes les actualit\u00e9s"],"inLanguage":"fr-FR","potentialAction":[{"@type":"CommentAction","name":"Comment","target":["https:\/\/www.africa-press.net\/guinee-conakry\/politique\/drame-a-kaloum-les-forces-sociales-invitent-le-colonel-doumbouya-a-prendre-la-parole#respond"]}]},{"@type":"WebPage","@id":"https:\/\/www.africa-press.net\/guinee-conakry\/politique\/drame-a-kaloum-les-forces-sociales-invitent-le-colonel-doumbouya-a-prendre-la-parole","url":"https:\/\/www.africa-press.net\/guinee-conakry\/politique\/drame-a-kaloum-les-forces-sociales-invitent-le-colonel-doumbouya-a-prendre-la-parole","name":"Drame \u00e0 Kaloum : les Forces sociales invitent le colonel Doumbouya \u00e0 prendre la parole - guinee Conakry","isPartOf":{"@id":"https:\/\/www.africa-press.net\/guinee-conakry\/#website"},"primaryImageOfPage":{"@id":"https:\/\/www.africa-press.net\/guinee-conakry\/politique\/drame-a-kaloum-les-forces-sociales-invitent-le-colonel-doumbouya-a-prendre-la-parole#primaryimage"},"image":{"@id":"https:\/\/www.africa-press.net\/guinee-conakry\/politique\/drame-a-kaloum-les-forces-sociales-invitent-le-colonel-doumbouya-a-prendre-la-parole#primaryimage"},"thumbnailUrl":"https:\/\/static.africa-press.net\/conakry\/sites\/63\/2023\/12\/Jokar1703088464.26416.jpg","datePublished":"2023-12-20T19:37:00+00:00","author":{"@id":"https:\/\/www.africa-press.net\/guinee-conakry\/#\/schema\/person\/2b1cf3cd81a31e3cd26889ca66d677f1"},"breadcrumb":{"@id":"https:\/\/www.africa-press.net\/guinee-conakry\/politique\/drame-a-kaloum-les-forces-sociales-invitent-le-colonel-doumbouya-a-prendre-la-parole#breadcrumb"},"inLanguage":"fr-FR","potentialAction":[{"@type":"ReadAction","target":["https:\/\/www.africa-press.net\/guinee-conakry\/politique\/drame-a-kaloum-les-forces-sociales-invitent-le-colonel-doumbouya-a-prendre-la-parole"]}]},{"@type":"ImageObject","inLanguage":"fr-FR","@id":"https:\/\/www.africa-press.net\/guinee-conakry\/politique\/drame-a-kaloum-les-forces-sociales-invitent-le-colonel-doumbouya-a-prendre-la-parole#primaryimage","url":"https:\/\/static.africa-press.net\/conakry\/sites\/63\/2023\/12\/Jokar1703088464.26416.jpg","contentUrl":"https:\/\/static.africa-press.net\/conakry\/sites\/63\/2023\/12\/Jokar1703088464.26416.jpg","width":767,"height":533,"caption":"Drame \u00e0 Kaloum : les Forces sociales invitent le colonel Doumbouya \u00e0 prendre la parole"},{"@type":"BreadcrumbList","@id":"https:\/\/www.africa-press.net\/guinee-conakry\/politique\/drame-a-kaloum-les-forces-sociales-invitent-le-colonel-doumbouya-a-prendre-la-parole#breadcrumb","itemListElement":[{"@type":"ListItem","position":1,"name":"Accueil","item":"https:\/\/www.africa-press.net\/guinee-conakry\/"},{"@type":"ListItem","position":2,"name":"Drame \u00e0 Kaloum : les Forces sociales invitent le colonel Doumbouya \u00e0 prendre la parole"}]},{"@type":"WebSite","@id":"https:\/\/www.africa-press.net\/guinee-conakry\/#website","url":"https:\/\/www.africa-press.net\/guinee-conakry\/","name":"guinee Conakry","description":"Just another Africa News Agency Sites site","potentialAction":[{"@type":"SearchAction","target":{"@type":"EntryPoint","urlTemplate":"https:\/\/www.africa-press.net\/guinee-conakry\/?s={search_term_string}"},"query-input":{"@type":"PropertyValueSpecification","valueRequired":true,"valueName":"search_term_string"}}],"inLanguage":"fr-FR"},{"@type":"Person","@id":"https:\/\/www.africa-press.net\/guinee-conakry\/#\/schema\/person\/2b1cf3cd81a31e3cd26889ca66d677f1","name":"cfeditorfr"}]}},"_links":{"self":[{"href":"https:\/\/www.africa-press.net\/guinee-conakry\/wp-json\/wp\/v2\/posts\/17916","targetHints":{"allow":["GET"]}}],"collection":[{"href":"https:\/\/www.africa-press.net\/guinee-conakry\/wp-json\/wp\/v2\/posts"}],"about":[{"href":"https:\/\/www.africa-press.net\/guinee-conakry\/wp-json\/wp\/v2\/types\/post"}],"author":[{"embeddable":true,"href":"https:\/\/www.africa-press.net\/guinee-conakry\/wp-json\/wp\/v2\/users\/82"}],"replies":[{"embeddable":true,"href":"https:\/\/www.africa-press.net\/guinee-conakry\/wp-json\/wp\/v2\/comments?post=17916"}],"version-history":[{"count":0,"href":"https:\/\/www.africa-press.net\/guinee-conakry\/wp-json\/wp\/v2\/posts\/17916\/revisions"}],"wp:featuredmedia":[{"embeddable":true,"href":"https:\/\/www.africa-press.net\/guinee-conakry\/wp-json\/wp\/v2\/media\/17915"}],"wp:attachment":[{"href":"https:\/\/www.africa-press.net\/guinee-conakry\/wp-json\/wp\/v2\/media?parent=17916"}],"wp:term":[{"taxonomy":"category","embeddable":true,"href":"https:\/\/www.africa-press.net\/guinee-conakry\/wp-json\/wp\/v2\/categories?post=17916"},{"taxonomy":"post_tag","embeddable":true,"href":"https:\/\/www.africa-press.net\/guinee-conakry\/wp-json\/wp\/v2\/tags?post=17916"}],"curies":[{"name":"wp","href":"https:\/\/api.w.org\/{rel}","templated":true}]}}